{"id":4764,"date":"2025-12-01T15:56:47","date_gmt":"2025-12-01T14:56:47","guid":{"rendered":"https:\/\/www.manutan.hu\/blog\/?p=4764"},"modified":"2025-12-01T15:56:48","modified_gmt":"2025-12-01T14:56:48","slug":"korlat-magassag-szabalyai","status":"publish","type":"post","link":"https:\/\/www.manutan.hu\/blog\/korlat-magassag-szabalyai\/","title":{"rendered":"Korl\u00e1t magass\u00e1g\u00e1ra vonatkoz\u00f3 szabv\u00e1nyok, tippek"},"content":{"rendered":"\n<p>A l\u00e9pcs\u0151korl\u00e1t \u00e9s a l\u00e9pcs\u0151kapaszkod\u00f3 olyan \u00e9p\u00fcletelemek, amelyekre a legt\u00f6bb haszn\u00e1l\u00f3 csak akkor figyel fel, ha hi\u00e1nyoznak, vagy nem megfelel\u0151en m\u0171k\u00f6dnek. Egy \u00fczemeltet\u0151 sz\u00e1m\u00e1ra azonban ezek a biztons\u00e1got befoly\u00e1sol\u00f3 szerkezeti elemek k\u00f6z\u00e9 tartoznak. A nem megfelel\u0151en kialak\u00edtott korl\u00e1t vagy kapaszkod\u00f3 balesetekhez, felel\u0151ss\u00e9gi k\u00e9rd\u00e9sekhez \u00e9s komoly k\u00f6lts\u00e9gekhez vezethet. \u00c9ppen ez\u00e9rt fontos az el\u0151\u00edr\u00e1sok pontos ismerete \u00e9s az azoknak megfelel\u0151 gyakorlat kialak\u00edt\u00e1sa.&nbsp;<\/p>\n\n\n\n<p>Az al\u00e1bbi \u00fatmutat\u00f3 \u00f6sszefoglalja az alkalmazand\u00f3 l\u00e9pcs\u0151korl\u00e1t-magass\u00e1g szab\u00e1lyokat, a kapaszkod\u00f3k elhelyez\u00e9s\u00e9nek k\u00f6vetelm\u00e9nyeit, \u00e9s gyakorlati tan\u00e1csokat ad az \u00fczemeltet\u0151knek, hogy az \u00e9p\u00fcletek megfeleljenek a biztons\u00e1gi \u00e9s k\u00e9nyelmi elv\u00e1r\u00e1soknak.&nbsp;<\/p>\n\n\n\n<h2><strong>Jogszab\u00e1lyi h\u00e1tt\u00e9r, korl\u00e1t magass\u00e1g szabv\u00e1ny<\/strong>&nbsp;<\/h2>\n\n\n\n<p><strong>Hol \u00e9s hogyan van szab\u00e1lyozva a l\u00e9pcs\u0151korl\u00e1tok \u00e9s az egy\u00e9b biztons\u00e1gi korl\u00e1tok kialak\u00edt\u00e1sa?<\/strong>&nbsp;<\/p>\n\n\n\n<p>A l\u00e9pcs\u0151korl\u00e1tokkal kapcsolatos legfontosabb jogszab\u00e1ly a <a href=\"https:\/\/net.jogtar.hu\/jogszabaly?docid=A2400280.KOR\" target=\"_blank\" rel=\"noreferrer noopener\">T\u00c9KA, vagyis a 280\/2024. (IX. 30.) Korm. rendelet<\/a>, amely a telep\u00fcl\u00e9srendez\u00e9si \u00e9s \u00e9p\u00edt\u00e9si k\u00f6vetelm\u00e9nyek alapszab\u00e1lyzat\u00e1r\u00f3l sz\u00f3l. E jogszab\u00e1ly 91. \u00a7-a alapvet\u0151 k\u00f6vetelm\u00e9nyeket fogalmaz meg a korl\u00e1tokr\u00f3l \u00e9s mellv\u00e9dfalakr\u00f3l.&nbsp;<\/p>\n\n\n\n<h2><strong>A f\u0151bb el\u0151\u00edr\u00e1sok: a l\u00e9pcs\u0151 kapaszkod\u00f3 magass\u00e1ga, a korl\u00e1tok kialak\u00edt\u00e1sa<\/strong>&nbsp;<\/h2>\n\n\n\n<ul><li>Ha a j\u00e1r\u00f3fel\u00fcletet szintje a csatlakoz\u00f3 terepszintn\u00e9l 0,80 m\u00e9tern\u00e9l magasabban van, akkor <strong>minimum 0,95 m\u00e9ter magas kies\u00e9st, lees\u00e9st g\u00e1tl\u00f3 korl\u00e1ttal,<\/strong> mellv\u00e9dfallal vagy egy\u00e9b m\u0171szaki megold\u00e1ssal kell hat\u00e1rolni.&nbsp;&nbsp;<\/li><\/ul>\n\n\n\n<ul><li>A magass\u00e1g 0,80 m\u00e9terre cs\u00f6kkenthet\u0151, ha a korl\u00e1t vagy a mellv\u00e9dfal fels\u0151 v\u00edzszintes lez\u00e1r\u00e1sa legal\u00e1bb 0,30 m\u00e9ter sz\u00e9les.&nbsp;<\/li><\/ul>\n\n\n\n<ul><li>Szint\u00e9n <strong>0,80 m\u00e9terre cs\u00f6kkenthet\u0151 a korl\u00e1t magass\u00e1ga, ha<\/strong> az el\u0151z\u0151 ponttal megegyez\u0151 (vagy legal\u00e1bb ilyen) biztons\u00e1got ny\u00fajt\u00f3, m\u00e1s megold\u00e1s\u00fa stabil szerkezet ker\u00fcl kialak\u00edt\u00e1sra.&nbsp;&nbsp;<\/li><\/ul>\n\n\n\n<ul><li>Fontos tudni, hogy a korl\u00e1t \u00e9s a mellv\u00e9d magass\u00e1g\u00e1t m\u00e1s jogszab\u00e1ly meghat\u00e1rozott esetre vonatkoz\u00f3an elt\u00e9r\u0151en is meghat\u00e1rozhatja.&nbsp;&nbsp;<\/li><\/ul>\n\n\n\n<ul><li>A korl\u00e1tot \u00fagy kell kialak\u00edtani, hogy a ny\u00edl\u00e1sain egy 120 millim\u00e9ter \u00e1tm\u00e9r\u0151j\u0171 t\u00e1rgy ne f\u00e9rjen \u00e1t, illetve ne tartalmazzon felm\u00e1sz\u00e1st el\u0151seg\u00edt\u0151, fell\u00e9p\u0151k\u00e9nt szolg\u00e1l\u00f3 elemeket.&nbsp;&nbsp;<\/li><\/ul>\n\n\n\n<ul><li>Ha a korl\u00e1t \u00fcvegez\u00e9ssel k\u00e9sz\u00fcl, akkor kiz\u00e1r\u00f3lag ragasztott biztons\u00e1gi \u00fcvegez\u00e9s alkalmazhat\u00f3 a kivitelez\u00e9s sor\u00e1n.&nbsp;<\/li><\/ul>\n\n\n\n<ul><li>Ha a korl\u00e1t \u00fczemi berendez\u00e9s megk\u00f6zel\u00edt\u00e9s\u00e9re szolg\u00e1l\u00f3 l\u00e9pcs\u0151 vagy szervizj\u00e1rda mellett tal\u00e1lhat\u00f3, akkor azt egyedi m\u00e9retez\u00e9s alapj\u00e1n kell kivitelezni, vagyis az ilyen korl\u00e1tokra az \u00e1ltal\u00e1nos \u00e9rv\u00e9ny\u0171 szab\u00e1lyok nem alkalmazhat\u00f3ak.&nbsp;<\/li><\/ul>\n\n\n\n<ul><li>A gyalogos k\u00f6zleked\u00e9s c\u00e9lj\u00e1ra szolg\u00e1l\u00f3, 1,0 m\u00e9tern\u00e9l hosszabb v\u00edzszintes vet\u00fclet\u0171 l\u00e9pcs\u0151t \u00e9s lejt\u0151t k\u00f6telez\u0151 kapaszkod\u00f3val ell\u00e1tni.&nbsp;&nbsp;<\/li><\/ul>\n\n\n\n<ul><li>A 2,0 m\u00e9tern\u00e9l sz\u00e9lesebb l\u00e9pcs\u0151k (t\u00f6megtart\u00f3zkod\u00e1s c\u00e9lj\u00e1ra szolg\u00e1l\u00f3 \u00e9p\u00edtm\u00e9nyben) eset\u00e9n mindk\u00e9t oldalon ki kell alak\u00edtani l\u00e9pcs\u0151 kapaszkod\u00f3t.&nbsp;<\/li><\/ul>\n\n\n\n<h2><strong>Lejt\u0151 \u00e9s l\u00e9pcs\u0151 kapaszkod\u00f3 magass\u00e1ga<\/strong>&nbsp;<\/h2>\n\n\n\n<p>A fenti el\u0151\u00edr\u00e1sokon t\u00fal meg kell eml\u00edteni a lejt\u0151kre vonatkoz\u00f3 szab\u00e1lyokat. E szerint a legal\u00e1bb 5 sz\u00e1zal\u00e9kos lejt\u0151h\u00f6z k\u00e9t kapaszkod\u00f3t kell biztos\u00edtani \u00fagy, hogy a j\u00e1r\u00f3fel\u00fclett\u0151l m\u00e9rt <strong>fels\u0151 s\u00edkja 0,60\u20130,75 m\u00e9ter \u00e9s 0,85\u20131,00 m\u00e9ter magass\u00e1gban legyen. <\/strong>Az 1,50 m\u00e9tern\u00e9l sz\u00e9lesebb j\u00e1r\u00f3fel\u00fclet\u0171 lejt\u0151n\u00e9l mindk\u00e9t oldalon kapaszkod\u00f3t kell elhelyezni, \u00e9s a pihen\u0151k ment\u00e9n megszak\u00edt\u00e1s n\u00e9lk\u00fcl kell tov\u00e1bbvezetni.&nbsp;<\/p>\n\n\n\n<h2><strong>Korl\u00e1tmagass\u00e1g szabv\u00e1ny szerint<\/strong>&nbsp;<\/h2>\n\n\n\n<p>A l\u00e9pcs\u0151korl\u00e1tokra \u00e9s egy\u00e9b lees\u00e9s elleni korl\u00e1tokra az <a href=\"https:\/\/eurocodes.jrc.ec.europa.eu\/EN-Eurocodes\/eurocode-1-actions-structures\" target=\"_blank\" rel=\"noreferrer noopener\">Eurocode 1<\/a> szabv\u00e1nysorozat r\u00e9sz\u00e9t k\u00e9pez\u0151&nbsp; MSZ EN 1991-1-1:2002\/A1:2006 szabv\u00e1ny el\u0151\u00edr\u00e1sait kell alkalmazni. Az ebben foglaltak \u00e9rv\u00e9nyes\u00edt\u00e9s\u00e9t szolg\u00e1lja egy\u00e9bk\u00e9nt a fenti korm\u00e1nyrendelet is.&nbsp;<\/p>\n\n\n\n<p>A szabv\u00e1ny r\u00e9szletes el\u0151\u00edr\u00e1sokat tartalmaz a l\u00e9pcs\u0151korl\u00e1tok tervez\u00e9s\u00e9re \u00e9s kivitelez\u00e9s\u00e9re vonatkoz\u00f3an, mint p\u00e9ld\u00e1ul:&nbsp;<\/p>\n\n\n\n<ul><li>a korl\u00e1tokra \u00e9bred\u0151 v\u00edzszintes terhek m\u00e9retez\u00e9se (pl. emberi megterhel\u00e9s),&nbsp;<\/li><\/ul>\n\n\n\n<ul><li>k\u00fcl\u00f6nb\u00f6z\u0151 \u00e9p\u00fclett\u00edpusokhoz tartoz\u00f3 terhel\u00e9si kateg\u00f3ri\u00e1k,&nbsp;<\/li><\/ul>\n\n\n\n<ul><li>akn\u00e1k, platformszintek \u00e9s hozz\u00e1f\u00e9r\u00e9si ter\u00fcletek korl\u00e1tmagass\u00e1ga,&nbsp;<\/li><\/ul>\n\n\n\n<ul><li>l\u00e9pcs\u0151k kialak\u00edt\u00e1sa,&nbsp;<\/li><\/ul>\n\n\n\n<ul><li>kapaszkod\u00f3k form\u00e1ja,&nbsp;<\/li><\/ul>\n\n\n\n<ul><li>kontrasztos jel\u00f6l\u00e9sek.&nbsp;<\/li><\/ul>\n\n\n\n<h2><strong>Egy\u00e9b biztons\u00e1gi el\u0151\u00edr\u00e1sok a l\u00e9pcs\u0151korl\u00e1tokkal kapcsolatban<\/strong>&nbsp;<\/h2>\n\n\n\n<p>Biztons\u00e1gi szempontb\u00f3l fontos m\u00e9g megeml\u00edteni az <a href=\"https:\/\/net.jogtar.hu\/jogszabaly?docid=A1400054.BM\" target=\"_blank\" rel=\"noreferrer noopener\">54\/2014. (XII. 5.) BM rendeletet<\/a>&nbsp;<\/p>\n\n\n\n<p>az Orsz\u00e1gos T\u0171zv\u00e9delmi Szab\u00e1lyzatr\u00f3l (OTSZ), amely a menek\u00fcl\u0151 \u00fatvonalak kialak\u00edt\u00e1s\u00e1t \u00e9rint\u0151en a k\u00f6vetkez\u0151 el\u00edr\u00e1st tartalmazza: <em>\u201eA t\u00f6megtart\u00f3zkod\u00e1sra szolg\u00e1l\u00f3 \u00e9p\u00edtm\u00e9ny menek\u00fcl\u00e9si \u00fatvonal\u00e1t k\u00e9pez\u0151, 4 m\u00e9tern\u00e9l sz\u00e9lesebb l\u00e9pcs\u0151karokat korl\u00e1ttal kell felosztani olyan m\u00f3don, hogy a l\u00e9pcs\u0151kar egym\u00e1st\u00f3l elv\u00e1lasztott r\u00e9szeinek szabad sz\u00e9less\u00e9ge a biztons\u00e1gos ki\u00fcr\u00edt\u00e9st biztos\u00edtsa.\u201d<\/em>&nbsp;<\/p>\n\n\n\n<p>\u00c1ltal\u00e1noss\u00e1gban elmondhat\u00f3 teh\u00e1t, hogy a mindenkori magyar \u00e9p\u00edt\u00e9si el\u0151\u00edr\u00e1sok meghat\u00e1rozz\u00e1k, hogy minden olyan helyen, ahol a lees\u00e9s vesz\u00e9lye fenn\u00e1ll, k\u00f6telez\u0151 korl\u00e1tot vagy mellv\u00e9det alkalmazni. \u00c1ltal\u00e1nos szab\u00e1ly, hogy ha egy j\u00e1r\u00f3fel\u00fclet vagy l\u00e9pcs\u0151kar t\u00f6bb mint 80 cm szintk\u00fcl\u00f6nbs\u00e9get jelent a csatlakoz\u00f3 t\u00e9rszinthez k\u00e9pest, akkor a korl\u00e1t telep\u00edt\u00e9se elengedhetetlen. Ez lak\u00f3\u00e9p\u00fcletekre, k\u00f6z\u00e9p\u00fcletekre \u00e9s ipari l\u00e9tes\u00edtm\u00e9nyekre egyar\u00e1nt \u00e9rv\u00e9nyes.&nbsp;<\/p>\n\n\n\n<p>Fontos megjegyezni, hogy a korl\u00e1t nem csup\u00e1n \u201elees\u00e9sg\u00e1tl\u00f3\u201d elem, hanem a l\u00e9pcs\u0151 biztons\u00e1gos haszn\u00e1lat\u00e1nak szerves r\u00e9sze. Ez\u00e9rt nem elegend\u0151 egy mellv\u00e9dszer\u0171 fal vagy egy alacsony perem: a korl\u00e1tnak el kell \u00e9rnie azt a magass\u00e1got \u00e9s stabilit\u00e1st, amely garant\u00e1lja a biztons\u00e1gos k\u00f6zleked\u00e9st.&nbsp;<\/p>\n\n\n\n<p>A korl\u00e1t magass\u00e1g\u00e1t mindig a l\u00e9pcs\u0151 j\u00e1r\u00f3fel\u00fclet\u00e9t\u0151l \u00e9l\u00e9t\u0151l kell m\u00e9rni. Ha a l\u00e9pcs\u0151 mellett burkolt perem tal\u00e1lhat\u00f3, a m\u00e9r\u00e9s nem err\u0151l, hanem a t\u00e9nyleges j\u00e1r\u00f3fel\u00fclet sz\u00e9l\u00e9t\u0151l t\u00f6rt\u00e9nik. A megfelel\u0151 magass\u00e1g csak egy r\u00e9sze a k\u00f6vetelm\u00e9nyeknek. A korl\u00e1t legyen stabil, merev, \u00e9s nagy terhel\u00e9sre se mozduljon el. Munkahelyi k\u00f6rnyezetben, k\u00fcl\u00f6n\u00f6sen ipari ter\u00fcleten, illetve gyermekek \u00e1ltal haszn\u00e1lt t\u00e9rben a k\u00e9tkapaszkod\u00f3s kialak\u00edt\u00e1s er\u0151sen aj\u00e1nlott, mert cs\u00f6kkenti a baleseti kock\u00e1zatot \u00e9s jobban megfelel a munkav\u00e9delmi alapelveknek.&nbsp;<\/p>\n\n\n\n<p>A kapaszkod\u00f3 legyen folyamatos, azaz ne t\u00f6rj\u00f6n meg, \u00e9s ne szakadjon meg a pihen\u0151kn\u00e9l sem. A l\u00e9pcs\u0151kar elej\u00e9n \u00e9s v\u00e9g\u00e9n legal\u00e1bb 30 cm t\u00fal kell ny\u00falnia, hogy a fell\u00e9p\u00e9s \u00e9s lel\u00e9p\u00e9s biztons\u00e1gos legyen. A kapaszkod\u00f3 \u00e9s a fal k\u00f6z\u00f6tt legyen legal\u00e1bb 4 cm szabad t\u00e9r a k\u00e9z sz\u00e1m\u00e1ra. A kapaszkod\u00f3 keresztmetszete legyen k\u00e9zzel j\u00f3l megfoghat\u00f3; a k\u00f6r keresztmetszet 30\u201350 mm \u00e1tm\u00e9r\u0151je a legk\u00e9nyelmesebb. Fontos tov\u00e1bb\u00e1, hogy a fel\u00fclet ne legyen cs\u00fasz\u00f3s, k\u00fcl\u00f6n\u00f6sen k\u00fclt\u00e9ren vagy nagy forgalm\u00fa, poros, nedves k\u00f6rnyezetben.&nbsp;<\/p>\n\n\n\n<p>A szabv\u00e1nyok \u00e9s a jogszab\u00e1lyok ismerete \u00f6nmag\u00e1ban nem el\u00e9g: a l\u00e9pcs\u0151 \u00e9s korl\u00e1t karbantart\u00e1sa, \u00e1llapot\u00e1nak rendszeres ellen\u0151rz\u00e9se ugyanolyan fontos feladat. Az \u00e9p\u00fclet tulajdonosai \u00e9s \u00fczemeltet\u0151i ez\u00e9rt rendszeresen ellen\u0151rizz\u00e9k a korl\u00e1tok \u00e9s kapaszkod\u00f3k m\u0171szaki \u00e1llapot\u00e1t, k\u00fcl\u00f6n\u00f6s tekintettel az illeszt\u00e9sekre, a fel\u00fcleti kop\u00e1sokra, s\u00e9r\u00fcl\u00e9sekre. Reped\u00e9s, rozsd\u00e1sod\u00e1s, vagy meglazult, l\u00f6ty\u00f6g\u0151 szerkezeti elemek eset\u00e9n halad\u00e9ktalanul gondoskodni kell a jav\u00edt\u00e1sr\u00f3l, cser\u00e9r\u0151l.&nbsp;<\/p>\n\n\n\n<p>A megfelel\u0151en kialak\u00edtott l\u00e9pcs\u0151korl\u00e1t \u00e9s kapaszkod\u00f3 nemcsak a jogi megfelel\u00e9s miatt fontos, hanem val\u00f3di biztons\u00e1got teremt a mindennapi haszn\u00e1lat sor\u00e1n. Ha az el\u0151\u00edr\u00e1sokat k\u00f6vetkezetesen betartjuk, az \u00e9p\u00fclet haszn\u00e1l\u00f3i \u00e9s az \u00fczemeltet\u0151k egyar\u00e1nt nyugodtak lehetnek.&nbsp;<\/p>\n","protected":false},"excerpt":{"rendered":"<p>A megfelel\u0151en kialak\u00edtott l\u00e9pcs\u0151korl\u00e1t \u00e9s kapaszkod\u00f3 nemcsak a jogi megfelel\u00e9s miatt fontos, hanem val\u00f3di biztons\u00e1got teremt.<\/p>\n","protected":false},"author":3,"featured_media":0,"comment_status":"closed","ping_status":"closed","sticky":false,"template":"","format":"standard","meta":[],"categories":[5],"tags":[],"jetpack_featured_media_url":"","_links":{"self":[{"href":"https:\/\/www.manutan.hu\/blog\/wp-json\/wp\/v2\/posts\/4764"}],"collection":[{"href":"https:\/\/www.manutan.hu\/blog\/wp-json\/wp\/v2\/posts"}],"about":[{"href":"https:\/\/www.manutan.hu\/blog\/wp-json\/wp\/v2\/types\/post"}],"author":[{"embeddable":true,"href":"https:\/\/www.manutan.hu\/blog\/wp-json\/wp\/v2\/users\/3"}],"replies":[{"embeddable":true,"href":"https:\/\/www.manutan.hu\/blog\/wp-json\/wp\/v2\/comments?post=4764"}],"version-history":[{"count":2,"href":"https:\/\/www.manutan.hu\/blog\/wp-json\/wp\/v2\/posts\/4764\/revisions"}],"predecessor-version":[{"id":4766,"href":"https:\/\/www.manutan.hu\/blog\/wp-json\/wp\/v2\/posts\/4764\/revisions\/4766"}],"wp:attachment":[{"href":"https:\/\/www.manutan.hu\/blog\/wp-json\/wp\/v2\/media?parent=4764"}],"wp:term":[{"taxonomy":"category","embeddable":true,"href":"https:\/\/www.manutan.hu\/blog\/wp-json\/wp\/v2\/categories?post=4764"},{"taxonomy":"post_tag","embeddable":true,"href":"https:\/\/www.manutan.hu\/blog\/wp-json\/wp\/v2\/tags?post=4764"}],"curies":[{"name":"wp","href":"https:\/\/api.w.org\/{rel}","templated":true}]}}