{"id":4650,"date":"2025-10-09T15:56:48","date_gmt":"2025-10-09T13:56:48","guid":{"rendered":"https:\/\/www.manutan.hu\/blog\/?p=4650"},"modified":"2025-10-09T15:56:49","modified_gmt":"2025-10-09T13:56:49","slug":"ha-koltozik-az-iroda-teljes-koru-utmutato-a-tervezestol-a-kommunikacioig","status":"publish","type":"post","link":"https:\/\/www.manutan.hu\/blog\/ha-koltozik-az-iroda-teljes-koru-utmutato-a-tervezestol-a-kommunikacioig\/","title":{"rendered":"Ha k\u00f6lt\u00f6zik az iroda: Teljes k\u00f6r\u0171 \u00fatmutat\u00f3 a tervez\u00e9st\u0151l a kommunik\u00e1ci\u00f3ig"},"content":{"rendered":"\n<figure class=\"wp-block-image size-large\"><img loading=\"lazy\" width=\"1024\" height=\"540\" src=\"https:\/\/www.manutan.hu\/blog\/wp-content\/uploads\/2025\/10\/koltozes-I00040AP1-min-1024x540.jpeg\" alt=\"Irodak\u00f6lt\u00f6ztet\u00e9s\" class=\"wp-image-4653\" srcset=\"https:\/\/www.manutan.hu\/blog\/wp-content\/uploads\/2025\/10\/koltozes-I00040AP1-min-1024x540.jpeg 1024w, https:\/\/www.manutan.hu\/blog\/wp-content\/uploads\/2025\/10\/koltozes-I00040AP1-min-300x158.jpeg 300w, https:\/\/www.manutan.hu\/blog\/wp-content\/uploads\/2025\/10\/koltozes-I00040AP1-min-768x405.jpeg 768w, https:\/\/www.manutan.hu\/blog\/wp-content\/uploads\/2025\/10\/koltozes-I00040AP1-min-1536x810.jpeg 1536w, https:\/\/www.manutan.hu\/blog\/wp-content\/uploads\/2025\/10\/koltozes-I00040AP1-min.jpeg 1920w\" sizes=\"(max-width: 1024px) 100vw, 1024px\" \/><\/figure>\n\n\n\n<p>Egy v\u00e1llalat k\u00f6lt\u00f6ztet\u00e9se mindig jelent\u0151s projekt, amely el\u0151rel\u00e1t\u00e1st, precizit\u00e1st \u00e9s tervez\u00e9st ig\u00e9nyel. Annak \u00e9rdek\u00e9ben, hogy ne felejtsen el semmit, \u00e9s az irodak\u00f6lt\u00f6ztet\u00e9s min\u00e9l g\u00f6rd\u00fcl\u00e9kenyebb legyen, elengedhetetlen egy vil\u00e1gos ellen\u0151rz\u0151lista. <\/p>\n\n\n\n<h2><strong>K\u00f6lt\u00f6z\u00e9s el\u0151tt: El\u0151rel\u00e1t\u00e1s, tervez\u00e9s, szervez\u00e9s<\/strong><\/h2>\n\n\n\n<p>Ak\u00e1r az \u00faj munkater\u00fclet-haszn\u00e1lati trendek miatt, ak\u00e1r b\u00e1rmilyen m\u00e1s okb\u00f3l k\u00f6lt\u00f6zik m\u00e1sik irod\u00e1ba, a j\u00f3 szervez\u00e9s az els\u0151dleges garancia a stresszmentes \u00e9s sikeres irodak\u00f6lt\u00f6ztet\u00e9sre.<\/p>\n\n\n\n<h3><strong>Vil\u00e1gos \u00e9s re\u00e1lis irodak\u00f6lt\u00f6ztet\u00e9si csekklista l\u00e9trehoz\u00e1sa<\/strong><\/h3>\n\n\n\n<p>Amint a k\u00f6lt\u00f6ztet\u00e9si projekt meger\u0151s\u00edt\u00e9st nyert, az egyik els\u0151 teend\u0151 egy re\u00e1lis d\u00e1tum kit\u0171z\u00e9se az irodak\u00f6lt\u00f6ztet\u00e9sre, figyelembe v\u00e9ve mind a bels\u0151, mind a k\u00fcls\u0151 korl\u00e1tokat. Ezut\u00e1n alak\u00edtson ki egy k\u00f6lt\u00f6ztet\u0151 csapatot, amely a legfontosabb szakaszok koordin\u00e1l\u00e1s\u00e1\u00e9rt felel\u0151s:<\/p>\n\n\n\n<ul><li>Logisztikai el\u0151k\u00e9sz\u00edt\u00e9s;<\/li><li>Kommunik\u00e1ci\u00f3;<\/li><li>Adminisztrat\u00edv formas\u00e1gok;<\/li><li>Partnermenedzsment.<\/li><\/ul>\n\n\n\n<p>Annak \u00e9rdek\u00e9ben, hogy semmi se maradjon ki, elengedhetetlen egy struktur\u00e1lt irodak\u00f6lt\u00f6ztet\u00e9si csekklista l\u00e9trehoz\u00e1sa r\u00e9szletes \u00fctemtervvel. Ez tartalmazza az \u00f6sszes sz\u00fcks\u00e9ges l\u00e9p\u00e9st:<\/p>\n\n\n\n<ul><li>B\u00e9rleti \u00e9s egy\u00e9b szerz\u0151d\u00e9sek megsz\u00fcntet\u00e9se vagy \u00e1truh\u00e1z\u00e1sa;<\/li><li>K\u00f6lt\u00f6ztet\u0151 szolg\u00e1ltat\u00f3k kiv\u00e1laszt\u00e1sa;<\/li><li>Lehets\u00e9ges munk\u00e1k a j\u00f6v\u0151beli irod\u00e1kban;<\/li><li>Csomagol\u00f3anyagok beszerz\u00e9se;<\/li><li>K\u00fcls\u0151 \u00e9s bels\u0151 kommunik\u00e1ci\u00f3;<\/li><li>A holmik \u00f6sszecsomagol\u00e1sa;<\/li><li>A t\u00e9nyleges k\u00f6lt\u00f6ztet\u00e9s levez\u00e9nyl\u00e9se;<\/li><li>Berendezked\u00e9s az \u00faj helyen stb.<\/li><\/ul>\n\n\n\n<p>Az egyese r\u00e9szter\u00fcletekhez tartoz\u00f3 csekklist\u00e1t \u00fagy \u00e1ll\u00edtsa \u00f6ssze, hogy egy\u00e9rtelm\u0171 legyen a felel\u0151s, a hat\u00e1rid\u0151, az elv\u00e9gzend\u0151 feladat, illetve legyen nyomon k\u00f6vetkez\u0151 a feladat st\u00e1tusza.<\/p>\n\n\n\n<h3><strong>Az \u00faj ingatlan r\u00e9szletes felm\u00e9r\u00e9se<\/strong><\/h3>\n\n\n\n<p>A k\u00f6lt\u00f6z\u00e9s el\u0151tt elengedhetetlen az \u00faj irodater\u00fclet alapos vizsg\u00e1lata. Ellen\u0151rizze a k\u00f6vetkez\u0151 elemeket:<\/p>\n\n\n\n<ul><li>Akad\u00e1lymentes\u00edt\u00e9s;<\/li><li>\u00c9p\u00edt\u00e9si ig\u00e9nyek (fel\u00faj\u00edt\u00e1s, \u00e1talak\u00edt\u00e1s);<\/li><li>IT infrastrukt\u00fara csatlakoztathat\u00f3s\u00e1ga;<\/li><li>Biztons\u00e1gi el\u0151\u00edr\u00e1sok betart\u00e1sa;<\/li><li>Takar\u00edt\u00e1ssal, hullad\u00e9kkezel\u00e9ssel kapcsolatos ig\u00e9nyek.<\/li><\/ul>\n\n\n\n<p>Ez ismerete lehet\u0151v\u00e9 teszi a megfelel\u0151 elrendez\u00e9st, seg\u00edt optimaliz\u00e1lni a munka\u00e1llom\u00e1sokra ker\u00fcl\u0151 berendez\u00e9seket, \u00e9s fontos t\u00e1mpont akkor is, ha \u00faj b\u00fatorokat, eszk\u00f6z\u00f6ket kell beszerezni. A j\u00f3l megtervezett irodai berendez\u00e9s el\u0151seg\u00edti az alkalmazottak j\u00f3l\u00e9t\u00e9t \u00e9s termel\u00e9kenys\u00e9g\u00e9t.<\/p>\n\n\n\n<h3><strong>Szerz\u0151d\u00e9sek \u00e9s adminisztrat\u00edv formas\u00e1gok kezel\u00e9se<\/strong><\/h3>\n\n\n\n<p>Az \u00e1tk\u00f6lt\u00f6ztet\u00e9si folyamat sz\u00e1mos adminisztrat\u00edv formas\u00e1got foglal mag\u00e1ban. Gondosan ellen\u0151rizze jelenlegi b\u00e9rleti szerz\u0151d\u00e9s\u00e9nek felt\u00e9teleit, hogy felk\u00e9sz\u00fclhessen a megfelel\u0151 t\u00e1voz\u00e1sra. A c\u00edmv\u00e1ltoz\u00e1sr\u00f3l \u00e9rtes\u00edtsen minden \u00e9rintettet:<\/p>\n\n\n\n<ul><li>\u00dcgyfelek;<\/li><li>Szolg\u00e1ltat\u00f3k;<\/li><li>Hat\u00f3s\u00e1gok (c\u00e9gb\u00edr\u00f3s\u00e1g, NAV, helyi \u00f6nkorm\u00e1nyzat, bankok stb.);<\/li><li>Besz\u00e1ll\u00edt\u00f3k stb.<\/li><\/ul>\n\n\n\n<p>Haszn\u00e1lja ki ezt a lehet\u0151s\u00e9get, hogy \u00e1ttekintse megl\u00e9v\u0151 szerz\u0151d\u00e9seit, \u00e9s fontolja meg azok optimaliz\u00e1l\u00e1s\u00e1t. Az iroda k\u00f6lt\u00f6ztet\u00e9se lehet\u0151s\u00e9get k\u00edn\u00e1l \u00fczleti tev\u00e9kenys\u00e9g\u00e9nek \u00e1tszervez\u00e9s\u00e9re is.<\/p>\n\n\n\n<h2><strong>K\u00f6lt\u00f6z\u00e9s k\u00f6zben<\/strong><\/h2>\n\n\n\n<p>Minden l\u00e9p\u00e9s sz\u00e1m\u00edt a z\u00f6kken\u0151mentes \u00e9s meglepet\u00e9smentes k\u00f6lt\u00f6ztet\u00e9s \u00e9rdek\u00e9ben. Gondosan k\u00f6vesse az ellen\u0151rz\u0151list\u00e1j\u00e1t, hogy hat\u00e9konyan tudja koordin\u00e1lni ne csak a koll\u00e9g\u00e1it, hanem az irodai felszerel\u00e9seit \u00e9s az inform\u00e1ci\u00f3kat is. Legyen minden r\u00e9szfeladatnak felel\u0151se \u00e9s hat\u00e1rideje.<\/p>\n\n\n\n<h3><strong>A megfelel\u0151 k\u00f6lt\u00f6ztet\u0151 c\u00e9g kiv\u00e1laszt\u00e1sa<\/strong><\/h3>\n\n\n\n<p>A z\u00f6kken\u0151mentes k\u00f6lt\u00f6z\u00e9shez elengedhetetlen olyan c\u00e9g kiv\u00e1laszt\u00e1sa, amely profi k\u00f6lt\u00f6ztet\u0151ket alkalmaz, akik hozz\u00e1szoktak a v\u00e1llalkoz\u00e1sok saj\u00e1tos korl\u00e1taihoz. Szak\u00e9rtelm\u00fck lehet\u0151v\u00e9 teszi a logisztika optimaliz\u00e1l\u00e1s\u00e1t, a dobozok mennyis\u00e9g\u00e9nek kezel\u00e9s\u00e9t \u00e9s a berendez\u00e9sek \u00e9ps\u00e9g\u00e9nek meg\u0151rz\u00e9s\u00e9t.<\/p>\n\n\n\n<p>Minden dobozt c\u00e9lszer\u0171 sz\u00e1mozni \u00e9s azonos\u00edtani r\u00e9szleg vagy tartalomt\u00edpus szerint, az irodai k\u00f6lt\u00f6ztet\u00e9si ellen\u0151rz\u0151list\u00e1val \u00f6sszhangban. Ez a rendszer megakad\u00e1lyozza a vesztes\u00e9geket, megk\u00f6nny\u00edti a kicsomagol\u00e1st \u00e9s felgyors\u00edtja a tev\u00e9kenys\u00e9g folytat\u00e1s\u00e1t az \u00faj irodahelysz\u00ednen.<\/p>\n\n\n\n<figure class=\"wp-block-image size-large\"><img loading=\"lazy\" width=\"1024\" height=\"683\" src=\"https:\/\/www.manutan.hu\/blog\/wp-content\/uploads\/2025\/10\/koltozes-I00040AP2-min-1024x683.jpeg\" alt=\"Kartondoboz irodak\u00f6lt\u00f6ztet\u00e9shez, k\u00f6lt\u00f6ztet\u0151dobozok beszerz\u00e9se\" class=\"wp-image-4652\" srcset=\"https:\/\/www.manutan.hu\/blog\/wp-content\/uploads\/2025\/10\/koltozes-I00040AP2-min-1024x683.jpeg 1024w, https:\/\/www.manutan.hu\/blog\/wp-content\/uploads\/2025\/10\/koltozes-I00040AP2-min-300x200.jpeg 300w, https:\/\/www.manutan.hu\/blog\/wp-content\/uploads\/2025\/10\/koltozes-I00040AP2-min-768x512.jpeg 768w, https:\/\/www.manutan.hu\/blog\/wp-content\/uploads\/2025\/10\/koltozes-I00040AP2-min-1536x1024.jpeg 1536w, https:\/\/www.manutan.hu\/blog\/wp-content\/uploads\/2025\/10\/koltozes-I00040AP2-min.jpeg 1920w\" sizes=\"(max-width: 1024px) 100vw, 1024px\" \/><\/figure>\n\n\n\n<blockquote class=\"wp-block-quote\"><p><strong>TIPP: <\/strong>Ahhoz, hogy megfelel\u0151en felk\u00e9sz\u00fclj\u00f6n erre a f\u00e1zisra, ne felejtsen el el\u0151re gondoskodni <a href=\"https:\/\/www.manutan.hu\/hu\/mhu\/karton-es-fadobozok\" data-type=\"URL\" data-id=\"https:\/\/www.manutan.hu\/hu\/mhu\/karton-es-fadobozok\" target=\"_blank\" rel=\"noreferrer noopener\">kartondobozokr\u00f3l vagy l\u00e1d\u00e1kr\u00f3l<\/a>, jel\u00f6l\u0151c\u00edmk\u00e9kr\u0151l \u00e9s ragaszt\u00f3szalagokr\u00f3l.<\/p><\/blockquote>\n\n\n\n<h3><strong>Adatok \u00e9s informatikai rendszerek biztons\u00e1ga<\/strong><\/h3>\n\n\n\n<p>Az informatikai infrastrukt\u00fara kiemelt fontoss\u00e1g\u00fa az irodai k\u00f6lt\u00f6ztet\u00e9s sor\u00e1n. C\u00e9lszer\u0171 az \u00e1thelyez\u00e9s\u00e9t az informatikai r\u00e9szleggel vagy az informatikai vezet\u0151vel egy\u00fcttm\u0171k\u00f6dve megtervezni. Indul\u00e1s el\u0151tt k\u00e9sz\u00edtsen teljes biztons\u00e1gi ment\u00e9st az \u00e9rz\u00e9keny adatair\u00f3l, hogy elker\u00fclje az esetleges vesztes\u00e9geket.<\/p>\n\n\n\n<p>Haszn\u00e1lja ki ezt a lehet\u0151s\u00e9get, hogy felm\u00e9rje hardvereit, \u00e9s fontolja meg a meg\u00faj\u00edt\u00e1st vagy az \u00e1thelyez\u00e9st a j\u00f6v\u0151beli irod\u00e1kban, az \u00faj haszn\u00e1lati szok\u00e1soknak megfelel\u0151en. A fizikai \u00e9s az informatikai biztons\u00e1got sem szabad elhanyagolni: minden k\u00e1belt, k\u00e9perny\u0151t, k\u00f6zponti egys\u00e9get vagy perif\u00e9ri\u00e1t v\u00e9deni, lelt\u00e1rozni \u00e9s c\u00edmk\u00e9zni kell.<\/p>\n\n\n\n<h3><strong>A k\u00f6lt\u00f6z\u00e9s fel\u00fcgyelete<\/strong><\/h3>\n\n\n\n<p>A k\u00f6lt\u00f6z\u00e9s napj\u00e1n legyen jelen, \u00e9s fel\u00fcgyelje az egyes l\u00e9p\u00e9seket. Kezdje a kil\u00e9p\u00e9si ellen\u0151rz\u00e9ssel a b\u00e9rbead\u00f3 jelenl\u00e9t\u00e9ben, hogy hivataloss\u00e1 tegye a r\u00e9gi irodater\u00fcletr\u0151l val\u00f3 t\u00e1voz\u00e1st. Ezut\u00e1n figyelje az egyes t\u00e9telek sz\u00e1ll\u00edt\u00e1s\u00e1t az irodai k\u00f6lt\u00f6ztet\u00e9si ellen\u0151rz\u0151list\u00e1n tal\u00e1lhat\u00f3 utas\u00edt\u00e1soknak megfelel\u0151en: ellen\u0151rizze, hogy minden c\u00e9l\u00e1llom\u00e1s a megfelel\u0151 t\u00e9teleket kapja-e meg, a megfelel\u0151 sorrendben, \u00fcgyelve arra, hogy minden sz\u00e1ll\u00edtm\u00e1nyt kipip\u00e1ljon. V\u00e9g\u00fcl gy\u0151z\u0151dj\u00f6n meg arr\u00f3l, hogy minden megfelel\u0151 \u00e9s k\u00e9szen \u00e1ll a tev\u00e9kenys\u00e9g gyors folytat\u00e1s\u00e1ra, a legjobb k\u00f6r\u00fclm\u00e9nyek k\u00f6z\u00f6tt \u00e9s teljes nyugalommal.<\/p>\n\n\n\n<h2><strong>A k\u00f6lt\u00f6z\u00e9s ut\u00e1n: Kommunik\u00e1ci\u00f3, kicsomagol\u00e1s, optimaliz\u00e1l\u00e1s<\/strong><\/h2>\n\n\n\n<p>Miut\u00e1n a kicsomagol\u00e1s befejez\u0151d\u00f6tt, itt az ideje a v\u00e9gleges\u00edt\u00e9snek. Az irodai k\u00f6lt\u00f6ztet\u00e9si ellen\u0151rz\u0151lista elk\u00eds\u00e9ri \u00d6nt, hogy biztos\u00edtsa a teljes \u00e1tmenetet, an\u00e9lk\u00fcl, hogy megfeledkezne a l\u00e9nyeges ut\u00f3lagos int\u00e9zked\u00e9sekr\u0151l.<\/p>\n\n\n\n<h3><strong>Az \u00faj c\u00edm k\u00f6zl\u00e9se minden kapcsolattart\u00f3j\u00e1nak<\/strong><\/h3>\n\n\n\n<p>A sikeres c\u00edmv\u00e1ltoztat\u00e1s nem \u00e9r v\u00e9get a fizikai k\u00f6lt\u00f6z\u00e9ssel. Hat\u00e9konyan kell k\u00f6z\u00f6lnie az \u00faj irodai c\u00edm\u00e9t minden kapcsolattart\u00f3j\u00e1val. Ellen\u0151rizze, hogy \u00fcgyfelei, besz\u00e1ll\u00edt\u00f3i \u00e9s partnerei mind t\u00e1j\u00e9koztatva lettek-e, hogy biztos\u00edtsa a z\u00f6kken\u0151mentes kommunik\u00e1ci\u00f3t.<\/p>\n\n\n\n<p>Friss\u00edtse az \u00f6sszes hivatalos anyag\u00e1t:<\/p>\n\n\n\n<ul><li>Weboldal;<\/li><li>K\u00f6z\u00f6ss\u00e9gi m\u00e9dia;<\/li><li>N\u00e9vjegyk\u00e1rty\u00e1k;<\/li><li>\u00c1raj\u00e1nlatok;<\/li><li>Sz\u00e1ml\u00e1k;<\/li><li>Szerz\u0151d\u00e9sek, \u00c1SZF, adatv\u00e9delmi t\u00e1j\u00e9koztat\u00f3 stb.<\/li><\/ul>\n\n\n\n<p>Ne felejtse el friss\u00edteni az e-mail al\u00e1\u00edr\u00e1sait \u00e9s az \u00f6sszes bels\u0151 anyag\u00e1t, hogy t\u00fckr\u00f6zze ezt a v\u00e1ltoz\u00e1st.<\/p>\n\n\n\n<h3><strong>Terek \u00e9s berendez\u00e9sek \u00e1tszervez\u00e9se<\/strong><\/h3>\n\n\n\n<p>Egy k\u00f6lt\u00f6z\u00e9s ide\u00e1lis alkalom az irodater\u00fcletek \u00e1tszervez\u00e9s\u00e9re a napi haszn\u00e1lat jav\u00edt\u00e1sa \u00e9rdek\u00e9ben. Miut\u00e1n a csapatok berendezkedtek, sz\u00e1njon id\u0151t az \u00faj b\u00fatorok \u00e9s az iroda elrendez\u00e9si k\u00f6vetelm\u00e9nyeinek felm\u00e9r\u00e9s\u00e9re. P\u00e9ld\u00e1ul \u00e1ttekintheti a t\u00e1rol\u00e1si megold\u00e1sait: v\u00e1lasszon \u00faj t\u00e1rol\u00f3b\u00fatorokat, amelyek praktikusak a dokumentumok iratt\u00e1roz\u00e1s\u00e1hoz. Ez lehet\u0151v\u00e9 teszi a munka\u00e1llom\u00e1sok hat\u00e9konyabb elrendez\u00e9s\u00e9t \u00e9s az \u00faj irod\u00e1k teljes kihaszn\u00e1l\u00e1s\u00e1t.<\/p>\n\n\n\n<p>Vegye figyelembe a biztons\u00e1got, az ergon\u00f3mi\u00e1t \u00e9s a k\u00e9nyelmet is:<\/p>\n\n\n\n<ul><li>Szell\u0151z\u00e9s;<\/li><li>Vil\u00e1g\u00edt\u00e1s;<\/li><li>Zavartalan k\u00f6zleked\u00e9si \u00fatvonalak;<\/li><li>A haszn\u00e1lathoz igaz\u00edtott berendez\u00e9sek stb.<\/li><\/ul>\n\n\n\n<p>A j\u00f3 elrendez\u00e9s hozz\u00e1j\u00e1rul az alkalmazottak j\u00f3l\u00e9t\u00e9hez \u00e9s a termel\u00e9kenys\u00e9g jav\u00edt\u00e1s\u00e1hoz.<\/p>\n\n\n\n<h2><strong>Az utols\u00f3 l\u00e9p\u00e9sek lez\u00e1r\u00e1sa<\/strong><\/h2>\n\n\n\n<p>Az irodak\u00f6lt\u00f6ztet\u00e9si ellen\u0151rz\u0151lista utols\u00f3 szakasza annak ellen\u0151rz\u00e9se, hogy adminisztrat\u00edv szempontb\u00f3l minden rendben van-e. Er\u0151s\u00edtse meg r\u00e9gi szerz\u0151d\u00e9seinek lez\u00e1r\u00e1s\u00e1t, k\u00fcl\u00f6n\u00f6sen a kor\u00e1bbi irod\u00e1ihoz kapcsol\u00f3d\u00f3 szerz\u0151d\u00e9seket (energia, internet, karbantart\u00e1s). Haszn\u00e1lja ki ezt a v\u00e1ltoz\u00e1si dinamik\u00e1t a bels\u0151 elj\u00e1r\u00e1sok fel\u00fclvizsg\u00e1lat\u00e1ra, bizonyos folyamatok digitaliz\u00e1l\u00e1s\u00e1ra vagy berendez\u00e9sei, k\u00fcl\u00f6n\u00f6sen az informatikai rendszerek biztons\u00e1g\u00e1nak meger\u0151s\u00edt\u00e9s\u00e9re. Mert a sikeres irodak\u00f6lt\u00f6ztet\u00e9s a folyamatos fejleszt\u00e9s egyik eszk\u00f6ze is!<\/p>\n\n\n\n<p>Egy szigor\u00fa ellen\u0151rz\u0151lista k\u00f6vet\u00e9s\u00e9vel \u00e9s az egyes szakaszok el\u0151rejelz\u00e9s\u00e9vel az irodak\u00f6lt\u00f6ztet\u00e9s val\u00f3di \u00e1talakul\u00e1s lehet\u0151s\u00e9g\u00e9v\u00e9 v\u00e1lik. J\u00f3l felk\u00e9sz\u00fclve egy \u00faj fejezet kezdet\u00e9t jelenti, amely rugalmasabb, funkcion\u00e1lisabb \u00e9s motiv\u00e1l\u00f3bb a csapatai sz\u00e1m\u00e1ra.<\/p>\n","protected":false},"excerpt":{"rendered":"<p>Ez az \u00fatmutat\u00f3 l\u00e9p\u00e9sr\u0151l l\u00e9p\u00e9sre v\u00e9gigvezeti \u00d6nt, a tervez\u00e9st\u0151l az adminisztrat\u00edv formas\u00e1gokon \u00e1t a logisztik\u00e1ig \u00e9s a kommunik\u00e1ci\u00f3ig.<\/p>\n","protected":false},"author":2,"featured_media":4653,"comment_status":"closed","ping_status":"closed","sticky":false,"template":"","format":"standard","meta":[],"categories":[5,522],"tags":[598,597,596],"jetpack_featured_media_url":"https:\/\/www.manutan.hu\/blog\/wp-content\/uploads\/2025\/10\/koltozes-I00040AP1-min.jpeg","_links":{"self":[{"href":"https:\/\/www.manutan.hu\/blog\/wp-json\/wp\/v2\/posts\/4650"}],"collection":[{"href":"https:\/\/www.manutan.hu\/blog\/wp-json\/wp\/v2\/posts"}],"about":[{"href":"https:\/\/www.manutan.hu\/blog\/wp-json\/wp\/v2\/types\/post"}],"author":[{"embeddable":true,"href":"https:\/\/www.manutan.hu\/blog\/wp-json\/wp\/v2\/users\/2"}],"replies":[{"embeddable":true,"href":"https:\/\/www.manutan.hu\/blog\/wp-json\/wp\/v2\/comments?post=4650"}],"version-history":[{"count":3,"href":"https:\/\/www.manutan.hu\/blog\/wp-json\/wp\/v2\/posts\/4650\/revisions"}],"predecessor-version":[{"id":4655,"href":"https:\/\/www.manutan.hu\/blog\/wp-json\/wp\/v2\/posts\/4650\/revisions\/4655"}],"wp:featuredmedia":[{"embeddable":true,"href":"https:\/\/www.manutan.hu\/blog\/wp-json\/wp\/v2\/media\/4653"}],"wp:attachment":[{"href":"https:\/\/www.manutan.hu\/blog\/wp-json\/wp\/v2\/media?parent=4650"}],"wp:term":[{"taxonomy":"category","embeddable":true,"href":"https:\/\/www.manutan.hu\/blog\/wp-json\/wp\/v2\/categories?post=4650"},{"taxonomy":"post_tag","embeddable":true,"href":"https:\/\/www.manutan.hu\/blog\/wp-json\/wp\/v2\/tags?post=4650"}],"curies":[{"name":"wp","href":"https:\/\/api.w.org\/{rel}","templated":true}]}}