{"id":4421,"date":"2025-06-30T11:30:24","date_gmt":"2025-06-30T09:30:24","guid":{"rendered":"https:\/\/www.manutan.hu\/blog\/?p=4421"},"modified":"2025-06-30T11:31:16","modified_gmt":"2025-06-30T09:31:16","slug":"5-muhelyberendezesi-tipp-szakembereknek","status":"publish","type":"post","link":"https:\/\/www.manutan.hu\/blog\/5-muhelyberendezesi-tipp-szakembereknek\/","title":{"rendered":"5 m\u0171helyberendez\u00e9si tipp szakembereknek"},"content":{"rendered":"\n<figure class=\"wp-block-image size-large\"><img loading=\"lazy\" width=\"1024\" height=\"683\" src=\"https:\/\/www.manutan.hu\/blog\/wp-content\/uploads\/2025\/06\/muhely-E00007P2-min-1024x683.jpeg\" alt=\"M\u0171hely berendez\u00e9se\" class=\"wp-image-4424\" srcset=\"https:\/\/www.manutan.hu\/blog\/wp-content\/uploads\/2025\/06\/muhely-E00007P2-min-1024x683.jpeg 1024w, https:\/\/www.manutan.hu\/blog\/wp-content\/uploads\/2025\/06\/muhely-E00007P2-min-300x200.jpeg 300w, https:\/\/www.manutan.hu\/blog\/wp-content\/uploads\/2025\/06\/muhely-E00007P2-min-768x512.jpeg 768w, https:\/\/www.manutan.hu\/blog\/wp-content\/uploads\/2025\/06\/muhely-E00007P2-min-1536x1024.jpeg 1536w, https:\/\/www.manutan.hu\/blog\/wp-content\/uploads\/2025\/06\/muhely-E00007P2-min.jpeg 1920w\" sizes=\"(max-width: 1024px) 100vw, 1024px\" \/><\/figure>\n\n\n\n<p>A c\u00e9gek keresik a megold\u00e1sokat arra vonatkoz\u00f3an, hogyan lehetnek a munkav\u00e1llal\u00f3k produkt\u00edvabbak, mik\u00f6zben jav\u00edtj\u00e1k a munkamin\u0151s\u00e9get is. Ennek egyik m\u00f3dja, ha optimaliz\u00e1lja a m\u0171helyben tal\u00e1lhat\u00f3 t\u00e1rol\u00e1si fel\u00fcleteket \u00e9s a munka\u00e1llom\u00e1sokat. <\/p>\n\n\n\n<h2><strong>1. K\u00f6lts\u00e9gvet\u00e9s \u00e9s min\u0151s\u00e9g egyens\u00falyban tart\u00e1sa<\/strong><\/h2>\n\n\n\n<p>A m\u0171hely elrendez\u00e9s\u00e9nek optimaliz\u00e1l\u00e1sakor az els\u0151 f\u00e1zis a megl\u00e9v\u0151 berendez\u00e9sek \u00e9rt\u00e9kel\u00e9s\u00e9vel kezd\u0151dik. Felm\u00e9rj\u00fck, mit kell jav\u00edtani vagy cser\u00e9lni, illetve mivel kell b\u0151v\u00edteni a jelenlegi m\u0171helyb\u00fatorok \u00e9s szersz\u00e1mok \u00e1llom\u00e1ny\u00e1t. A c\u00e9l egy funkcion\u00e1lis, k\u00e9nyelmes \u00e9s tart\u00f3s eredm\u00e9ny el\u00e9r\u00e9se. Azt is ismernie kell, hogy mekkora k\u00f6lts\u00e9gvet\u00e9s \u00e1ll rendelkez\u00e9sre a folyamathoz.<\/p>\n\n\n\n<p>A term\u00e9kmin\u0151s\u00e9g tekintet\u00e9ben sz\u00e1mos param\u00e9tert kell megvizsg\u00e1lni:<\/p>\n\n\n\n<ul><li>Az anyagok (fa, r\u00e9tegelt lemez, f\u00e9m, m\u0171anyag) tart\u00f3ss\u00e1ga a m\u0171helyk\u00f6rnyezetben<\/li><li>Az olyan elemek szil\u00e1rds\u00e1ga \u00e9s terhelhet\u0151s\u00e9ge, mint a polcok vagy a fi\u00f3kok, amelyeknek igazodniuk kell a t\u00e1rol\u00e1si ig\u00e9nyekhez<\/li><li>A bevonat ellen\u00e1ll\u00f3s\u00e1ga (pl. olaj-, sav- \u00e9s l\u00fag\u00e1ll\u00f3s\u00e1g, karcol\u00e1soknak \u00e9s egy\u00e9b fizikai behat\u00e1soknak val\u00f3 ellen\u00e1ll\u00e1s)<\/li><li>Min\u0151s\u00e9gi tan\u00fas\u00edtv\u00e1nyok megl\u00e9te, szabv\u00e1nyoknak val\u00f3 megfelel\u00e9s<\/li><li>Garanciaid\u0151<\/li><li>P\u00f3t- \u00e9s cserealkatr\u00e9szek biztos\u00edt\u00e1sa<\/li><li>Felhaszn\u00e1l\u00f3i v\u00e9lem\u00e9nyek<\/li><li>A m\u00e1rka hiteless\u00e9ge \u00e9s a term\u00e9k \u00e9lettartama<\/li><\/ul>\n\n\n\n<p>A m\u0171helyberendez\u00e9s tekints\u00fck egy \u00f6n\u00e1ll\u00f3 projektnek, amelynek illeszkednie kell egy meghat\u00e1rozott k\u00f6lts\u00e9gvet\u00e9shez. Egyre t\u00f6bb c\u00e9g k\u00edn\u00e1l a B2B piacon saj\u00e1tm\u00e1rk\u00e1s term\u00e9keket, amelyek megb\u00edzhat\u00f3 alternat\u00edv\u00e1t jelentenek a min\u0151s\u00e9g \u00e9s a korrekt \u00e1rk\u00e9pz\u00e9s \u00f6tv\u00f6z\u00e9s\u00e9re. Ez igaz a Manutan EXPERT m\u00e1rk\u00e1ra is, amely sz\u00e9les v\u00e1laszt\u00e9kban k\u00edn\u00e1l professzion\u00e1lis eszk\u00f6z\u00f6ket \u00e9s b\u00fatorokat. A m\u00e1rka term\u00e9keit szak\u00e9rt\u0151k v\u00e1lasztj\u00e1k ki \u00e9s tesztelik, ak\u00e1r 10 \u00e9v garanci\u00e1t is v\u00e1llalnak r\u00e1juk, \u00e9s az \u00e1ruk is kedvez\u0151. K\u00fcl\u00f6n\u00f6s figyelmet ford\u00edtanak az alkatr\u00e9szek el\u00e9rhet\u0151s\u00e9g\u00e9re is a jav\u00edthat\u00f3s\u00e1g el\u0151seg\u00edt\u00e9se \u00e9rdek\u00e9ben.<\/p>\n\n\n\n<h2><strong>2. A munkak\u00f6rnyezet figyelembev\u00e9tele<\/strong><\/h2>\n\n\n\n<p>Mivel a m\u0171helyben dolgoz\u00f3k az els\u0151dlegesen \u00e9rintettek, b\u00f6lcs dolog bevonni \u0151ket a berendez\u00e9sbe. Amellett, hogy t\u00f6k\u00e9letesen meg\u00e9rtik a szakm\u00e1jukkal kapcsolatos ig\u00e9nyeket, az alkalmazottak \u00e9rt\u00e9kesnek \u00e9rzik magukat, \u00e9s ez\u00e1ltal motiv\u00e1ltabbak, ha a m\u0171hely tervez\u00e9si folyamata sor\u00e1n konzult\u00e1lnak vel\u00fck. Az ig\u00e9nyek \u00f6sszegy\u0171jt\u00e9se t\u00f6bbf\u00e9lek\u00e9ppen is t\u00f6rt\u00e9nhet (p\u00e9ld\u00e1ul k\u00e9rd\u0151\u00edv kit\u00f6lt\u00e9s\u00e9vel vagy a gyakorlatok megfigyel\u00e9s\u00e9vel).<\/p>\n\n\n\n<p>Ezut\u00e1n figyelembe kell venni a rendelkez\u00e9sre \u00e1ll\u00f3 teret, hogy megfelelj\u00fcnk n\u00e9h\u00e1ny elrendez\u00e9si szab\u00e1lynak:<\/p>\n\n\n\n<ul><li>A terek feloszt\u00e1sa tev\u00e9kenys\u00e9gt\u00edpus szerint<\/li><li>K\u00f6nny\u0171 k\u00f6zleked\u00e9s biztos\u00edt\u00e1sa mind a szem\u00e9lyeknek, mind a g\u00e9peknek<\/li><li>V\u00e9szkij\u00e1ratok \u00e9s egy\u00e9b ajt\u00f3k, \u00e1tj\u00e1r\u00f3k szabadon hagy\u00e1sa<\/li><li>A t\u00e9rkihaszn\u00e1l\u00e1s optimaliz\u00e1l\u00e1sa, k\u00fcl\u00f6n\u00f6sen f\u00fcgg\u0151leges t\u00e1rol\u00e1s (fi\u00f3kos szekr\u00e9nyek) r\u00e9v\u00e9n<\/li><\/ul>\n\n\n\n<p>V\u00e9g\u00fcl, ahhoz, hogy a m\u0171hely elrendez\u00e9se id\u0151vel hat\u00e9kony maradjon, rugalmasnak kell lennie. Ez\u00e9rt ismerni kell a m\u0171helyb\u00fatorok trendjeit. Egy olyan v\u00e1llalatn\u00e1l, ahol a projektek gyorsan v\u00e1ltoznak, a modul\u00e1ris b\u00fatorok k\u00fcl\u00f6n\u00f6sen j\u00f3l alkalmazhat\u00f3k. A b\u00fatorok \u00edgy kompatibilisek egym\u00e1ssal, \u00edgy k\u00f6nnyen \u00e1trendezhet\u0151k vagy b\u0151v\u00edthet\u0151k, a kieg\u00e9sz\u00edt\u0151k pedig cser\u00e9lhet\u0151k.<\/p>\n\n\n\n<h2><strong>3. A m\u0171hely elrendez\u00e9s\u00e9nek integr\u00e1l\u00e1sa a CSR-politik\u00e1ba<\/strong><\/h2>\n\n\n\n<p>A m\u0171hely elrendez\u00e9se sz\u00e1mos szempontb\u00f3l jav\u00edthatja a v\u00e1llalati t\u00e1rsadalmi felel\u0151ss\u00e9gv\u00e1llal\u00e1si (CSR) politik\u00e1t. Ilyenek p\u00e9ld\u00e1ul:<\/p>\n\n\n\n<ul><li>a munkav\u00e1llal\u00f3k j\u00f3l\u00e9te<\/li><li>biztons\u00e1ga, valamint<\/li><li>a fenntarthat\u00f3 beszerz\u00e9s<\/li><\/ul>\n\n\n\n<p>El\u0151sz\u00f6r is, a m\u0171hely elrendez\u00e9se hat\u00e1ssal van a munkahelyi \u00e9letmin\u0151s\u00e9gre az\u00e1ltal, hogy a munka\u00e1llom\u00e1sok ergonomikusak, a munkater\u00fcletek \u00e9s a t\u00e1rol\u00e1si megold\u00e1sok \u00e1tl\u00e1that\u00f3ak, \u00e9s a vil\u00e1g\u00edt\u00e1s megfelel\u0151. M\u00e1sodszor, mivel a munk\u00e1ltat\u00f3 felel\u0151s a csapat biztons\u00e1g\u00e1\u00e9rt, a m\u0171hely elrendez\u00e9s\u00e9nek hozz\u00e1 kell j\u00e1rulnia a balesetmegel\u0151z\u00e9shez, k\u00fcl\u00f6n\u00f6sen a megfelel\u0151 biztons\u00e1gi felszerel\u00e9sek el\u00e9rhet\u0151v\u00e9 t\u00e9tel\u00e9vel. Harmadszor, a professzion\u00e1lis b\u00fatorok \u00e9s t\u00e1rol\u00f3k beszerz\u00e9se hozz\u00e1j\u00e1rul a v\u00e1llalati t\u00e1rsadalmi felel\u0151ss\u00e9gv\u00e1llal\u00e1shoz, ha ezek a berendez\u00e9sek fenntarthat\u00f3 tulajdons\u00e1gokkal rendelkeznek. Egy k\u00f6rnyezettudatos term\u00e9knek korl\u00e1tozott k\u00f6rnyezeti \u00e9s t\u00e1rsadalmi hat\u00e1sa van. Pozit\u00edv, ha pl. \u00fajrahasznos\u00edtott anyagokb\u00f3l k\u00e9sz\u00fcl, helyben gy\u00e1rtj\u00e1k, vagy rendelkezik valamilyen \u00f6ko c\u00edmk\u00e9vel. A fenntarthat\u00f3s\u00e1g sor\u00e1n a term\u00e9kek gy\u00e1rt\u00e1si folyamat\u00e1t \u00e9s az ell\u00e1t\u00e1si l\u00e1nc\u00e1t is figyelembe kell venni.<\/p>\n\n\n\n<p>Biztos\u00edtani kell, hogy a m\u0171helyben haszn\u00e1lt term\u00e9kek (b\u00fatorok, szersz\u00e1mok, egy\u00e9ni v\u00e9d\u0151felszerel\u00e9sek stb.) ne vesz\u00e9lyeztess\u00e9k a munkav\u00e1llal\u00f3k biztons\u00e1g\u00e1t \u00e9s j\u00f3l\u00e9t\u00e9t. Ez k\u00fcl\u00f6n\u00f6sen a t\u00e1rsadalmi felel\u0151ss\u00e9gv\u00e1llal\u00e1si szabv\u00e1nyok betart\u00e1sa r\u00e9v\u00e9n \u00e9rhet\u0151 el, a tan\u00fas\u00edtv\u00e1nyok \u00e9s a szabv\u00e1nyoknak val\u00f3 megfelel\u00e9s pedig igazolja, hogy a term\u00e9k biztons\u00e1ggal haszn\u00e1lhat\u00f3 professzion\u00e1lis k\u00f6r\u00fclm\u00e9nyek k\u00f6z\u00f6tt is (teh\u00e1t nem csak h\u00e1ztart\u00e1si, illetve bark\u00e1cs c\u00e9lra).<\/p>\n\n\n\n<h2><strong>4. Az ergon\u00f3mia priorit\u00e1sa<\/strong><\/h2>\n\n\n\n<p>Az ergon\u00f3mia a munkahely elrendez\u00e9s\u00e9nek alapvet\u0151 szempontj\u00e1v\u00e1 v\u00e1lt. A m\u0171helyben v\u00e9gzett munka a mozg\u00e1sszervi megbeteged\u00e9sek (MSD-k) kialakul\u00e1s\u00e1nak kock\u00e1zat\u00e1nak teszi ki az alkalmazottakat. Ezeket a fizikai rendelleness\u00e9geket &#8211; amelyek ak\u00e1r komoly megbeteged\u00e9shez is vezethetnek &#8211; sz\u00e1mos t\u00e9nyez\u0151 kiv\u00e1lthatja: ism\u00e9tl\u0151d\u0151 mozg\u00e1sok, hosszan tart\u00f3, mozdulatlan testtart\u00e1s, de ak\u00e1r a pszichol\u00f3giai stressz is.<\/p>\n\n\n\n<p>\u00cdme n\u00e9h\u00e1ny ergonomikus term\u00e9k, amelyet \u00e9rdemes be\u00e9p\u00edteni a m\u0171hely elrendez\u00e9sekor:<\/p>\n\n\n\n<ul><li>\u00c1ll\u00edthat\u00f3 m\u0171helysz\u00e9k, amely alkalmazkodik a felhaszn\u00e1l\u00f3 testalkat\u00e1hoz;<\/li><li>\u00dcl\u0151-\u00e1ll\u00f3 sz\u00e9k, amely lehet\u0151v\u00e9 teszi a k\u00e9t poz\u00edci\u00f3 k\u00f6z\u00f6tti er\u0151kifejt\u00e9s n\u00e9lk\u00fcli v\u00e1lt\u00e1st;<\/li><li>Kerekes m\u0171helykocsi, amely a szersz\u00e1mokat k\u00e9zk\u00f6zelben tartja;<\/li><li>\u00c1ll\u00edthat\u00f3 magass\u00e1g\u00fa munkapad a munkafel\u00fclet el\u0151tti k\u00e9nyelmes testtart\u00e1s felv\u00e9tel\u00e9hez;<\/li><li>F\u00e1rad\u00e1sg\u00e1tl\u00f3 sz\u0151nyeg, amely serkenti a v\u00e9rkering\u00e9st;<\/li><li>Fi\u00f3kos szekr\u00e9ny ergonomikus foganty\u00fakkal, amelyek megk\u00f6nny\u00edtik a kezel\u00e9st.<\/li><\/ul>\n\n\n\n<h2><strong>5. Teljes\u00edtm\u00e9nyorient\u00e1lt megold\u00e1sok ki\u00e9p\u00edt\u00e9se<\/strong><\/h2>\n\n\n\n<p>A m\u0171helyben a munka hat\u00e9konys\u00e1ga optimaliz\u00e1lhat\u00f3 a lean menedzsment bevezet\u00e9s\u00e9vel, k\u00fcl\u00f6n\u00f6sen a megfelel\u0151 m\u0171helyb\u00fatoroknak k\u00f6sz\u00f6nhet\u0151en. Ez a m\u00f3dszer mag\u00e1ban foglalja a munkaszervez\u00e9s optimaliz\u00e1l\u00e1s\u00e1t a hullad\u00e9k kik\u00fcsz\u00f6b\u00f6l\u00e9s\u00e9vel, hogy csak a magas hozz\u00e1adott \u00e9rt\u00e9k\u0171 m\u0171veletek maradjanak meg. A lean menedzsment a csapat \u00e1ltal v\u00e9gzett feladatok megfigyel\u00e9s\u00e9b\u0151l fakad\u00f3 folyamatos fejleszt\u00e9sen alapul. A m\u0171hely elrendez\u00e9se a lean menedzsment siker\u00e9nek egyik kulcsa.<\/p>\n\n\n\n<p>Vegy\u00fcnk p\u00e9ldak\u00e9nt egy visszat\u00e9r\u0151 probl\u00e9m\u00e1t egy famegmunk\u00e1l\u00f3 m\u0171helyben, ahol sokszor neh\u00e9z megtal\u00e1lni bizonyos szersz\u00e1mokat. Az az id\u0151, amit egy alkalmazott egy adott szersz\u00e1m keres\u00e9s\u00e9vel t\u00f6lt, vagy az a t\u00e9ny, hogy esetleg meg kell szak\u00edtania egy m\u00e1sik csapattagot a feladat\u00e1ban, hogy seg\u00edts\u00e9get k\u00e9rjen t\u0151le, id\u0151pocs\u00e9kol\u00e1shoz vezet. Egy \u00e1tl\u00e1tsz\u00f3 ajt\u00f3s m\u0171helyszekr\u00e9ny vagy egy perfor\u00e1lt panelekkel felszerelt szekr\u00e9ny azonban egyszer\u0171 \u00e9s hat\u00e9kony megold\u00e1st k\u00edn\u00e1lhat a szersz\u00e1mok t\u00e1rol\u00e1s\u00e1ra, mik\u00f6zben megk\u00f6nny\u00edti a munkav\u00e1llal\u00f3k dolg\u00e1t is. A csapat munk\u00e1ja g\u00f6rd\u00fcl\u00e9kenyebb\u00e9 \u00e9s ez\u00e1ltal hat\u00e9konyabb\u00e1 v\u00e1lik, mik\u00f6zben a munkak\u00f6r\u00fclm\u00e9nyek is kellemesebbek mindenki sz\u00e1m\u00e1ra.<\/p>\n","protected":false},"excerpt":{"rendered":"<p>Az al\u00e1bbiakban szak\u00e9rt\u0151i tippjeinket olvashatja a m\u0171helyb\u00fatorok kiv\u00e1laszt\u00e1s\u00e1r\u00f3l \u00e9s elrendez\u00e9s\u00e9r\u0151l, amelyekkel n\u00f6velheti csapatai teljes\u00edtm\u00e9ny\u00e9t.<\/p>\n","protected":false},"author":2,"featured_media":4424,"comment_status":"closed","ping_status":"closed","sticky":false,"template":"","format":"standard","meta":[],"categories":[2,530],"tags":[218,341,247],"jetpack_featured_media_url":"https:\/\/www.manutan.hu\/blog\/wp-content\/uploads\/2025\/06\/muhely-E00007P2-min.jpeg","_links":{"self":[{"href":"https:\/\/www.manutan.hu\/blog\/wp-json\/wp\/v2\/posts\/4421"}],"collection":[{"href":"https:\/\/www.manutan.hu\/blog\/wp-json\/wp\/v2\/posts"}],"about":[{"href":"https:\/\/www.manutan.hu\/blog\/wp-json\/wp\/v2\/types\/post"}],"author":[{"embeddable":true,"href":"https:\/\/www.manutan.hu\/blog\/wp-json\/wp\/v2\/users\/2"}],"replies":[{"embeddable":true,"href":"https:\/\/www.manutan.hu\/blog\/wp-json\/wp\/v2\/comments?post=4421"}],"version-history":[{"count":6,"href":"https:\/\/www.manutan.hu\/blog\/wp-json\/wp\/v2\/posts\/4421\/revisions"}],"predecessor-version":[{"id":4429,"href":"https:\/\/www.manutan.hu\/blog\/wp-json\/wp\/v2\/posts\/4421\/revisions\/4429"}],"wp:featuredmedia":[{"embeddable":true,"href":"https:\/\/www.manutan.hu\/blog\/wp-json\/wp\/v2\/media\/4424"}],"wp:attachment":[{"href":"https:\/\/www.manutan.hu\/blog\/wp-json\/wp\/v2\/media?parent=4421"}],"wp:term":[{"taxonomy":"category","embeddable":true,"href":"https:\/\/www.manutan.hu\/blog\/wp-json\/wp\/v2\/categories?post=4421"},{"taxonomy":"post_tag","embeddable":true,"href":"https:\/\/www.manutan.hu\/blog\/wp-json\/wp\/v2\/tags?post=4421"}],"curies":[{"name":"wp","href":"https:\/\/api.w.org\/{rel}","templated":true}]}}