{"id":4175,"date":"2025-03-24T14:21:56","date_gmt":"2025-03-24T13:21:56","guid":{"rendered":"https:\/\/www.manutan.hu\/blog\/?p=4175"},"modified":"2025-04-16T12:46:49","modified_gmt":"2025-04-16T10:46:49","slug":"ingatlan-karbantartas-tippek","status":"publish","type":"post","link":"https:\/\/www.manutan.hu\/blog\/ingatlan-karbantartas-tippek\/","title":{"rendered":"Ingatlan karbantart\u00e1s tippek"},"content":{"rendered":"\n<p>C\u00e9ges ingatlanok eset\u00e9n az \u00fczemeltet\u00e9si feladatok fontos r\u00e9sz\u00e9t k\u00e9pezik a karbantart\u00e1si munk\u00e1k megfelel\u0151 id\u0151ben t\u00f6rt\u00e9n\u0151 elv\u00e9gz\u00e9se. Ez egyr\u00e9szt a z\u00f6kken\u0151mentes m\u0171k\u00f6d\u00e9s, m\u00e1sr\u00e9szt az \u00e1llagmeg\u00f3v\u00e1s miatt is fontos. Bizonyos feladatok rendszeresen, pl. hetente vagy havonta ism\u00e9tl\u0151dnek, m\u00edg m\u00e1sokat csak id\u0151szakosan, negyed\u00e9vente, \u00e9vente, vagy az \u00e9vszakok v\u00e1lt\u00e1sakor kell elv\u00e9gezni. Cikk\u00fcnkben tippeket adunk ez ut\u00f3bbiak elv\u00e9gz\u00e9s\u00e9hez, k\u00fcl\u00f6n\u00f6s tekintettel a tavaszi ingatlan karbantart\u00e1si munk\u00e1kra.&nbsp;<\/p>\n\n\n\n<figure class=\"wp-block-image size-large\"><img loading=\"lazy\" width=\"1024\" height=\"682\" src=\"https:\/\/www.manutan.hu\/blog\/wp-content\/uploads\/2025\/03\/iroda-karbantartas-1024x682.jpg\" alt=\"iroda karbantart\u00e1s, takar\u00edt\u00e1s\" class=\"wp-image-4176\" srcset=\"https:\/\/www.manutan.hu\/blog\/wp-content\/uploads\/2025\/03\/iroda-karbantartas-1024x682.jpg 1024w, https:\/\/www.manutan.hu\/blog\/wp-content\/uploads\/2025\/03\/iroda-karbantartas-300x200.jpg 300w, https:\/\/www.manutan.hu\/blog\/wp-content\/uploads\/2025\/03\/iroda-karbantartas-768x512.jpg 768w, https:\/\/www.manutan.hu\/blog\/wp-content\/uploads\/2025\/03\/iroda-karbantartas.jpg 1060w\" sizes=\"(max-width: 1024px) 100vw, 1024px\" \/><\/figure>\n\n\n\n<h2><strong>Milyen ter\u00fcletekre terjed ki a c\u00e9ges ingatlan karbantart\u00e1sa?<\/strong>&nbsp;<\/h2>\n\n\n\n<p>Ak\u00e1r egy nagy logisztikai k\u00f6zpontr\u00f3l van sz\u00f3, ak\u00e1r egy kisebb irodah\u00e1zr\u00f3l, \u00e1ltal\u00e1ban elmondhat\u00f3, hogy az adott l\u00e9tes\u00edtm\u00e9nyhez belt\u00e9ri \u00e9s k\u00fclt\u00e9ri ter\u00fcletek is tartoznak, amelyek karbantart\u00e1s\u00e1\u00e9rt a l\u00e9tes\u00edtm\u00e9nyvezet\u0151 felel. Belt\u00e9ren \u00e1ltal\u00e1ban k\u00f6nnyebb a szakemberek dolga, hiszen ha ki\u00e9g egy izz\u00f3, elromlik a lift vagy \u00faj hullad\u00e9kgy\u0171jt\u0151kre van sz\u00fcks\u00e9g, akkor azt az ott dolgoz\u00f3k szinte azonnal jelezni fogj\u00e1k. Ezzel szemben a k\u00fclt\u00e9ri ter\u00fcleteken sokszor csak alapos ellen\u0151rz\u00e9s ut\u00e1n der\u00fcl ki, ha valami meghib\u00e1sodott, cser\u00e9re vagy fel\u00faj\u00edt\u00e1sra szorul. A koll\u00e9g\u00e1k itt kev\u00e9sb\u00e9 j\u00e1rnak nyitott szemmel, illetve sokan csak bizonyos \u00fatvonalakat haszn\u00e1lnak (pl. a c\u00e9ges parkol\u00f3 \u00e9s az irodah\u00e1z k\u00f6z\u00f6tti \u00fatszakasz), \u00edgy \u00e9szre sem vehetik, ha egy h\u00e1ts\u00f3 ker\u00edt\u00e9st t\u00falzottan befutott a n\u00f6v\u00e9nyzet, vagy falevelek t\u00f6m\u00edtett\u00e9k el az ereszcsatorn\u00e1t. Ezek id\u0151szakos ellen\u0151rz\u00e9s\u00e9t a l\u00e9tes\u00edtm\u00e9nyvezet\u0151nek kell elrendelnie \u00e9s a megfigyel\u00e9sek alapj\u00e1n megszervezni az ingatlan karbantart\u00e1s\u00e1t.&nbsp;<\/p>\n\n\n\n<h2><strong>Tavaszi ingatlan karbantart\u00e1s: Ezeket a feladatokat kell elv\u00e9gezni<\/strong>&nbsp;<\/h2>\n\n\n\n<p>1. Z\u00f6ldfel\u00fcletek gondoz\u00e1sa a c\u00e9g ter\u00fclet\u00e9n&nbsp;<\/p>\n\n\n\n<p>A tavaszi karbantart\u00e1s a c\u00e9gekn\u00e9l \u00e1ltal\u00e1ban a kert \u00e9s a szabadt\u00e9ri ter\u00fcletek gondoz\u00e1s\u00e1val kezd\u0151dik. Ezt az enyhe telek \u00e9s a kor\u00e1n bek\u00f6sz\u00f6n\u0151 tavasz miatt sokszor m\u00e1r febru\u00e1rban el lehet kezdeni, de legk\u00e9s\u0151bb m\u00e1rciusban hozz\u00e1 kell l\u00e1tni az \u00e9vel\u0151 n\u00f6v\u00e9nyek tavaszi gondoz\u00e1s\u00e1hoz. A feladattal meg lehet b\u00edzni profi kert\u00e9sz csapatot, de a nagyobb v\u00e1llalatokn\u00e1l \u00e1ltal\u00e1ban a l\u00e9tes\u00edtm\u00e9ny-\u00fczemeltet\u00e9s\u00e9rt felel\u0151s csapat v\u00e9gzi el a z\u00f6ldfel\u00fcletek karbantart\u00e1s\u00e1t. A tavaszi kertgondoz\u00e1s sor\u00e1n a k\u00f6vetkez\u0151ket kell elv\u00e9gezni:&nbsp;<\/p>\n\n\n\n<ul><li>Az elsz\u00e1radt f\u0171sz\u00e1lakat \u00e9s a filcesedett gyepr\u00e9teget el kell t\u00e1vol\u00edtani, illetve el kell v\u00e9gezni a gyepszell\u0151ztet\u00e9st. A gyepet az els\u0151 f\u0171ny\u00edr\u00e1s el\u0151tt \u00e9rdemes szerves tr\u00e1gy\u00e1val er\u0151s\u00edteni.&nbsp;<\/li><\/ul>\n\n\n\n<ul><li>A j\u00e1rd\u00e1kr\u00f3l \u00e9s egy\u00e9b burkolatokr\u00f3l el kell t\u00e1vol\u00edtani a moh\u00e1t, illetve ha m\u00e9g vannak, a lehullott faleveleket.&nbsp;<\/li><\/ul>\n\n\n\n<ul><li>A h\u00f3 \u00e9s j\u00e9g s\u00falya alatt sok \u00e1g t\u00f6rhet le a f\u00e1kr\u00f3l, cserj\u00e9kr\u0151l. Ezeket \u00f6ssze kell gy\u0171jteni. Ledar\u00e1lva kiv\u00e1l\u00f3 mulcsr\u00e9teg lesz a n\u00f6v\u00e9nyek t\u00f6v\u00e9ben.&nbsp;<\/li><\/ul>\n\n\n\n<ul><li>Febru\u00e1rban vissza lehet v\u00e1gni az elfagyott l\u00e1gysz\u00e1r\u00fa \u00e9vel\u0151ket, m\u00e1rciusban pedig el lehet kezdeni a f\u00e1ssz\u00e1r\u00fa \u00e9vel\u0151k, cserj\u00e9k, bokrok \u00e9s s\u00f6v\u00e9nyek metsz\u00e9s\u00e9t is. Ez ut\u00f3bbival nem szabad sietni, mert a metsz\u00e9s beind\u00edtja a n\u00f6v\u00e9ny nedvkering\u00e9s\u00e9t, az \u00faj r\u00fcgyek pedig elfagyhatnak a t\u00e9l v\u00e9gi hidegben. A f\u00e1ssz\u00e1r\u00faakn\u00e1l (pl. hortenzia, levendula) teh\u00e1t v\u00e1rjuk meg a m\u00e1rciust.&nbsp;<\/li><\/ul>\n\n\n\n<ul><li>Ha a c\u00e9ges ingatlan ter\u00fclet\u00e9n vannak gy\u00fcm\u00f6lcsf\u00e1k, akkor azok eset\u00e9ben a koronaalak\u00edt\u00f3 metsz\u00e9st a veget\u00e1ci\u00f3s nyugalmi id\u0151szak v\u00e9g\u00e9re kell id\u0151z\u00edteni, ami jellemz\u0151en febru\u00e1r.&nbsp;&nbsp;<\/li><\/ul>\n\n\n\n<ul><li>A t\u00e1panyagban d\u00fas talajt kedvel\u0151 n\u00f6v\u00e9nyek al\u00e1 helyezz\u00fcnk ki szerves tr\u00e1gy\u00e1t \u00e9s forgassuk be a talajba.&nbsp;<\/li><\/ul>\n\n\n\n<ul><li>Az elkomposzt\u00e1l\u00f3dott mulcsr\u00e9teget p\u00f3toljuk (pl. \u00e1gdar\u00e1l\u00e9k).&nbsp;<\/li><\/ul>\n\n\n\n<p>Ha saj\u00e1t maga gondoskodik kertj\u00e9nek karbantart\u00e1s\u00e1r\u00f3l, tekintse meg <a href=\"https:\/\/www.manutan.hu\/hu\/mhu\/kert-kerti-eszkozok\" target=\"_blank\" rel=\"noreferrer noopener\">kerti szersz\u00e1maink<\/a> k\u00edn\u00e1lat\u00e1t.&nbsp;<\/p>\n\n\n\n<p>2. Baleset- \u00e9s vagyonv\u00e9delem: Kiemelten fontos az ellen\u0151rz\u00e9s&nbsp;<\/p>\n\n\n\n<p>L\u00e9tes\u00edtm\u00e9nyvezet\u0151k\u00e9nt mindig tartsa szem el\u0151tt, hogy a jogszab\u00e1lyok szerint a c\u00e9g, illetve a ter\u00fclet \u00fczemeltet\u0151je felel az ott dolgoz\u00f3k biztons\u00e1g\u00e1\u00e9rt. Az ingatlan karbantart\u00e1s egyik c\u00e9lja a balesetmegel\u0151z\u00e9s. Ezen t\u00fal a karbantart\u00e1s vagyonv\u00e9delmi c\u00e9lokat is szolg\u00e1l, hiszen egy id\u0151ben felt\u00e1rt hiba vagy kop\u00e1s s\u00falyos anyagi k\u00e1rokat el\u0151zhet meg. A k\u00f6vetkez\u0151ket ellen\u0151rizze tavasszal:&nbsp;<\/p>\n\n\n\n<ul><li>A j\u00e9g, a h\u00f3, a hideg \u00e9s az \u00fatsz\u00f3r\u00f3 s\u00f3k bizony nem k\u00edm\u00e9lik a k\u00fclt\u00e9ri l\u00e9tes\u00edtm\u00e9nyeket. Tavasszal j\u00e1rjuk k\u00f6rbe ak\u00e1r m\u0171szaki ellen\u0151r seg\u00edts\u00e9g\u00e9vel az ingatlant \u00e9s ellen\u0151rizz\u00fck az \u00f6sszes \u00e9p\u00edtett l\u00e9tes\u00edtm\u00e9nyt.&nbsp;<\/li><\/ul>\n\n\n\n<ul><li>A j\u00e1rd\u00e1kon \u00e9s \u00fattesteken van-e olyan kop\u00e1s vagy fagy\u00e1si s\u00e9r\u00fcl\u00e9s, amit jav\u00edtani kell?&nbsp;&nbsp;<\/li><\/ul>\n\n\n\n<ul><li>A burkolati jelek j\u00f3l l\u00e1that\u00f3ak-e?&nbsp;<\/li><\/ul>\n\n\n\n<ul><li>A soromp\u00f3k, jelz\u0151t\u00e1bl\u00e1k \u00e9s parkol\u00e1sg\u00e1tl\u00f3k megfelel\u0151 m\u0171szaki \u00e1llapotban vannak?&nbsp;<\/li><\/ul>\n\n\n\n<ul><li>A ker\u00e9kp\u00e1rt\u00e1rol\u00f3k, k\u00fclt\u00e9ri hullad\u00e9kgy\u0171jt\u0151k, padok \u00e9s pihen\u0151helyek ig\u00e9nyelnek-e fel\u00faj\u00edt\u00e1st vagy tiszt\u00edt\u00e1st, sz\u00fcks\u00e9ges-e valamelyik cser\u00e9je?&nbsp;<\/li><\/ul>\n\n\n\n<ul><li>A ker\u00edt\u00e9sek \u00e9s kapuk mindenhol \u00e9pek, a z\u00e1rak megfelel\u0151en m\u0171k\u00f6dnek?&nbsp;<\/li><\/ul>\n\n\n\n<ul><li>Az \u00e9p\u00fclet k\u00f6r\u00fcli v\u00edzelvezet\u0151k \u00e9s lefoly\u00f3k nincsenek elt\u00f6m\u0151dve?&nbsp;<\/li><\/ul>\n\n\n\n<ul><li>A k\u00fcls\u0151 t\u00e9rfigyel\u0151 kamer\u00e1k hib\u00e1tlan m\u0171szaki \u00e1llapotban vannak? Ne felejtse el, hogy ha biztons\u00e1gi kamer\u00e1kkal figyeli a ter\u00fcletet, akkor err\u0151l t\u00f6rv\u00e9nyi k\u00f6telezetts\u00e9ge t\u00e1j\u00e9koztatni a l\u00e1togat\u00f3kat. Ellen\u0151rizze, hogy az erre vonatkoz\u00f3 inform\u00e1ci\u00f3s t\u00e1bl\u00e1k j\u00f3l l\u00e1that\u00f3ak-e, sz\u00fcks\u00e9ges-e a cser\u00e9lj\u00fck?&nbsp;<\/li><\/ul>\n\n\n\n<p><strong>TIPP<\/strong>&nbsp;<\/p>\n\n\n\n<p>Az ut\u00f3bbi \u00e9vekben k\u00e9s\u0151 tavasszal is el\u0151fordultak komolyabb havaz\u00e1sok, ez\u00e9rt azt javasoljuk, hogy t\u00e9l v\u00e9g\u00e9n ellen\u0151rizze az \u00fatsz\u00f3r\u00f3 homok \u00e9s s\u00f3 k\u00e9szleteket is. Ha kifogytak, p\u00f3tolja a k\u00e9szleteket az enyhe id\u0151 ellen\u00e9re is, mert egy \u00e1prilis havaz\u00e1s kellemetlen meglepet\u00e9seket okozhat. <a href=\"https:\/\/www.manutan.hu\/hu\/mhu\/hotakaritas\" target=\"_blank\" rel=\"noreferrer noopener\">\u00datsz\u00f3r\u00f3 kocsit, s\u00f3- \u00e9s homokt\u00e1rol\u00f3kat, h\u00f3kotr\u00f3 eszk\u00f6z\u00f6ket \u00e9s j\u00e9gold\u00f3kat itt tal\u00e1l.<\/a>&nbsp;<\/p>\n\n\n\n<p>3. K\u00fclt\u00e9ri b\u00fatorok karbantart\u00e1sa&nbsp;<\/p>\n\n\n\n<p>A ny\u00e1ri szezon kezdete el\u0151tt ellen\u0151rizze a szabadt\u00e9ri padokat, asztalokat. Mind a fa-, mind a f\u00e9mb\u00fatorokat \u00e9rdemes 2-3 \u00e9vente \u00fajrafesteni. Ezek al\u00f3l kiv\u00e9telt k\u00e9peznek a rozsdamentes ac\u00e9lb\u00f3l k\u00e9sz\u00fclt b\u00fatorok, mert azok fel\u00fcletkezel\u00e9s n\u00e9lk\u00fcl is ellen\u00e1llnak a k\u00f6rnyezeti hat\u00e1soknak. Egy laz\u00faroz\u00e1s minim\u00e1lis karbantart\u00e1si munk\u00e1t jelent, ugyanakkor jelent\u0151sen meghosszabb\u00edtja a k\u00fclt\u00e9ri b\u00fatorok \u00e9lettartam\u00e1t. A b\u00fatorokon k\u00edv\u00fcl ellen\u0151rizze a k\u00fclt\u00e9ri kuk\u00e1k, a szelekt\u00edv hullad\u00e9kgy\u0171jt\u0151k \u00e9s hamutart\u00f3k \u00e1llapot\u00e1t is.&nbsp;&nbsp;<\/p>\n\n\n\n<h2><strong>Ingatlan karbantart\u00e1sa belt\u00e9ren<\/strong>&nbsp;<\/h2>\n\n\n\n<p>Sok c\u00e9g tavaszra id\u0151z\u00edti az \u00e9ves nagytakar\u00edt\u00e1st. Ennek megszervez\u00e9se komoly feladat, hiszen nemcsak a c\u00e9gn\u00e9l foly\u00f3 munk\u00e1val kell \u00f6sszehangolni a munk\u00e1t, hanem meg kell tal\u00e1lni azt a takar\u00edt\u00f3c\u00e9get is, amelyik megfelel\u0151 sz\u00ednvonal\u00fa szolg\u00e1ltat\u00e1st ny\u00fajt. <a href=\"https:\/\/www.manutan.hu\/blog\/ceges-nagytakaritas-hogyan-csinaljuk\/\" target=\"_blank\" rel=\"noreferrer noopener\">Ehhez itt olvashat tan\u00e1csokat.<\/a>&nbsp;<\/p>\n\n\n\n<p>Az ingatlan karbantart\u00e1s sor\u00e1n fontos jogi k\u00f6telezetts\u00e9g a menek\u00fcl\u00e9si \u00fatvonalak \u00e9s jelz\u00e9sek ellen\u0151rz\u00e9se, sz\u00fcks\u00e9g eset\u00e9n a t\u00e1bl\u00e1k cser\u00e9je, valamint a t\u0171zv\u00e9delmi felszerel\u00e9sek karbantart\u00e1sa \u00e9s ellen\u0151rz\u00e9se. A <a href=\"https:\/\/www.manutan.hu\/blog\/a-menekulesi-utvonalakrol-helyesen-vannak-jelolve\/\" target=\"_blank\" rel=\"noreferrer noopener\">menek\u00fcl\u00e9si \u00fatvonalakr\u00f3l itt<\/a>, a t\u0171zolt\u00f3 k\u00e9sz\u00fcl\u00e9kek haszn\u00e1lat\u00e1r\u00f3l, karbantart\u00e1s\u00e1r\u00f3l \u00e9s hiteles\u00edt\u00e9s\u00e9r\u0151l pedig <a href=\"https:\/\/www.manutan.hu\/blog\/tuzolto-keszulek-hasznalata\/\" target=\"_blank\" rel=\"noreferrer noopener\">itt<\/a> olvashat r\u00e9szleteket. Mindk\u00e9t esetben azt javasoljuk, hogy az ellen\u0151rz\u00e9st \u00e9s a karbantart\u00e1st HSE vagy munkav\u00e9delmi szakember bevon\u00e1s\u00e1val v\u00e9gezz\u00e9k.&nbsp;<\/p>\n\n\n\n<h3><strong>Az ingatlan karbantart\u00e1sa sor\u00e1n belt\u00e9ren \u00e9rdemes ellen\u0151rizni a k\u00f6vetkez\u0151ket:<\/strong>&nbsp;<\/h3>\n\n\n\n<p><strong>F\u00e9nyforr\u00e1sok, bele\u00e9rtve a mennyezeti \u00e9s asztali l\u00e1mp\u00e1kat is:<\/strong> A vill\u00f3dz\u00f3 f\u00e9ny \u00e9pp olyan \u00e1rtalmas, mint egy ki\u00e9gett izz\u00f3 miatti nem megfelel\u0151 megvil\u00e1g\u00edt\u00e1s, ez\u00e9rt a hib\u00e1s l\u00e1mp\u00e1kat a lehet\u0151 leggyorsabban cser\u00e9lni kell. Elektromos berendez\u00e9sek jav\u00edt\u00e1s\u00e1t, karbantart\u00e1s\u00e1t csak olyan koll\u00e9ga v\u00e9gezheti, akinek a munkak\u00f6ri le\u00edr\u00e1s\u00e1ban erre vonatkoz\u00f3 utas\u00edt\u00e1s szerepel, illetve aki szakk\u00e9pzett szem\u00e9lyzetnek min\u0151s\u00fcl (pl. villanyszerel\u0151)!&nbsp;<\/p>\n\n\n\n<p><strong>Padl\u00f3k \u00e9s burkolatok \u00e1llapota:<\/strong> Egy mozg\u00f3 csempe, vagy egy megkopott burkolati jel is balesetvesz\u00e9lyes. Tavasszal \u00e9rdemes kitiszt\u00edttatni a l\u00e1bt\u00f6rl\u0151ket \u00e9s a bej\u00e1ratok k\u00f6r\u00fcli s\u00e1rfog\u00f3kat.&nbsp;<\/p>\n\n\n\n<p><strong>B\u00fatorok \u00e1llapota: <\/strong>K\u00e1rpittiszt\u00edt\u00e1s, csavarok megh\u00faz\u00e1sa, \u00f6lt\u00f6z\u0151szekr\u00e9ny z\u00e1rcsere \u2013 apr\u00f3 karbantart\u00e1si munk\u00e1k, amelyek elv\u00e9gezhet\u0151ek a heti, havi ellen\u0151rz\u00e9sek sor\u00e1n. Id\u0151nk\u00e9nt sz\u00fcks\u00e9g lehet a b\u00fatorok leselejtez\u00e9s\u00e9re is. Err\u0151l egyeztessen&nbsp;<\/p>\n\n\n\n<ul><li>az adott r\u00e9szlegen dolgoz\u00f3kkal (akik a b\u00fatort haszn\u00e1lj\u00e1k),&nbsp;&nbsp;<\/li><\/ul>\n\n\n\n<ul><li>a sz\u00e1mviteli vezet\u0151vel (aki az amortiz\u00e1ci\u00f3 p\u00e9nz\u00fcgyi oldal\u00e1\u00e9rt felel),&nbsp;&nbsp;<\/li><\/ul>\n\n\n\n<ul><li>a beszerz\u00e9si oszt\u00e1llyal (akik az \u00faj b\u00fatorok megrendel\u00e9s\u00e9t int\u00e9zik), illetve&nbsp;&nbsp;<\/li><\/ul>\n\n\n\n<ul><li>a hullad\u00e9kgazd\u00e1lkod\u00e1s\u00e9rt felel\u0151s koll\u00e9g\u00e1val is (aki a selejtezett b\u00fator jogszab\u00e1lyoknak megfelel\u0151 kezel\u00e9s\u00e9\u00e9rt felel).&nbsp;&nbsp;<\/li><\/ul>\n\n\n\n<p>Ez ut\u00f3bbi j\u00f3 jelzi, hogy egy egyszer\u0171nek t\u0171n\u0151 karbantart\u00e1si feladat milyen \u00f6sszehangolt munk\u00e1t ig\u00e9nyelhet, amelybe t\u00f6bb r\u00e9szleg munkav\u00e1llal\u00f3j\u00e1t is be kell vonni.&nbsp;&nbsp;<\/p>\n\n\n\n<p><strong>Kilincsek \u00e9s kop\u00f3 alkatr\u00e9szek:<\/strong> A nagy ig\u00e9nybev\u00e9telnek kitett elemeket \u00e9rdemes havonta ellen\u0151rizni az ingatlan karbantart\u00e1si munk\u00e1latai sor\u00e1n. A kilincsek \u00e9s zsan\u00e9rok sokszor csak egy is ken\u0151anyagot ig\u00e9nyelnek, esetleg a csavarokon kell \u00e1ll\u00edtani n\u00e9mileg. Ha ezeket rendszeresen \u00e9s id\u0151ben elv\u00e9gezz\u00fck, elej\u00e9t vehetj\u00fck egy nagyobb alkatr\u00e9szcser\u00e9nek vagy m\u0171szaki meghib\u00e1sod\u00e1snak.&nbsp;&nbsp;<\/p>\n\n\n\n<p>Ha a c\u00e9ges ingatlan karbantart\u00e1s\u00e1hoz szersz\u00e1mokra, irodai vagy m\u0171helyb\u00fatorokra, k\u00fclt\u00e9ri eszk\u00f6z\u00f6kre vagy biztons\u00e1gi t\u00e1bl\u00e1kra \u00e9s jelz\u00e9sekre van sz\u00fcks\u00e9ge, n\u00e9zzen k\u00f6rbe a <a href=\"https:\/\/www.manutan.hu\/hu\/mhu\" target=\"_blank\" rel=\"noreferrer noopener\">Manutan web\u00e1ruh\u00e1z\u00e1ban.<\/a>&nbsp;<\/p>\n","protected":false},"excerpt":{"rendered":"<p>C\u00e9ges ingatlanok eset\u00e9n az \u00fczemeltet\u00e9si feladatok fontos r\u00e9sz\u00e9t k\u00e9pezik a karbantart\u00e1si munk\u00e1k megfelel\u0151 id\u0151ben t\u00f6rt\u00e9n\u0151 elv\u00e9gz\u00e9se. <\/p>\n","protected":false},"author":3,"featured_media":4176,"comment_status":"closed","ping_status":"closed","sticky":false,"template":"","format":"standard","meta":[],"categories":[522],"tags":[],"jetpack_featured_media_url":"https:\/\/www.manutan.hu\/blog\/wp-content\/uploads\/2025\/03\/iroda-karbantartas.jpg","_links":{"self":[{"href":"https:\/\/www.manutan.hu\/blog\/wp-json\/wp\/v2\/posts\/4175"}],"collection":[{"href":"https:\/\/www.manutan.hu\/blog\/wp-json\/wp\/v2\/posts"}],"about":[{"href":"https:\/\/www.manutan.hu\/blog\/wp-json\/wp\/v2\/types\/post"}],"author":[{"embeddable":true,"href":"https:\/\/www.manutan.hu\/blog\/wp-json\/wp\/v2\/users\/3"}],"replies":[{"embeddable":true,"href":"https:\/\/www.manutan.hu\/blog\/wp-json\/wp\/v2\/comments?post=4175"}],"version-history":[{"count":2,"href":"https:\/\/www.manutan.hu\/blog\/wp-json\/wp\/v2\/posts\/4175\/revisions"}],"predecessor-version":[{"id":4226,"href":"https:\/\/www.manutan.hu\/blog\/wp-json\/wp\/v2\/posts\/4175\/revisions\/4226"}],"wp:featuredmedia":[{"embeddable":true,"href":"https:\/\/www.manutan.hu\/blog\/wp-json\/wp\/v2\/media\/4176"}],"wp:attachment":[{"href":"https:\/\/www.manutan.hu\/blog\/wp-json\/wp\/v2\/media?parent=4175"}],"wp:term":[{"taxonomy":"category","embeddable":true,"href":"https:\/\/www.manutan.hu\/blog\/wp-json\/wp\/v2\/categories?post=4175"},{"taxonomy":"post_tag","embeddable":true,"href":"https:\/\/www.manutan.hu\/blog\/wp-json\/wp\/v2\/tags?post=4175"}],"curies":[{"name":"wp","href":"https:\/\/api.w.org\/{rel}","templated":true}]}}