{"id":4155,"date":"2025-03-24T14:04:35","date_gmt":"2025-03-24T13:04:35","guid":{"rendered":"https:\/\/www.manutan.hu\/blog\/?p=4155"},"modified":"2025-04-16T12:48:02","modified_gmt":"2025-04-16T10:48:02","slug":"munkahelyi-kert-karbantartasa","status":"publish","type":"post","link":"https:\/\/www.manutan.hu\/blog\/munkahelyi-kert-karbantartasa\/","title":{"rendered":"Munkahelyi kert karbantart\u00e1sa"},"content":{"rendered":"\n<p>A munkahelyi kertek \u00e9s z\u00f6ldfel\u00fcletek egyre fontosabb szerepet t\u00f6ltenek be a modern irod\u00e1k \u00e9s gy\u00e1rak mindennapjaiban. Nem csup\u00e1n eszt\u00e9tikai \u00e9rt\u00e9kkel b\u00edrnak, hanem \u00f6kol\u00f3giai szempontb\u00f3l is igen fontosak, hiszen a n\u00f6v\u00e9nyek jav\u00edtj\u00e1k a mikrokl\u00edm\u00e1t, h\u0171tik a k\u00f6rnyezet, f\u00e9szkel\u0151- \u00e9s b\u00fav\u00f3helyet biztos\u00edtanak sz\u00e1mos \u00e1llatnak \u00e9s hozz\u00e1j\u00e1rulnak a biol\u00f3giai sokf\u00e9les\u00e9g meg\u0151rz\u00e9s\u00e9hez. Ahhoz azonban, hogy ezek a z\u00f6ldfel\u00fcletek hossz\u00fa \u00e9let\u0171ek legyenek, rendszeres kert karbantart\u00e1sra \u00e9s \u00e9vszakokhoz igaz\u00edtott \u00e1pol\u00e1sra van sz\u00fcks\u00e9g. L\u00e1ssuk, melyek a legfontosabb feladatok a munkahelyi kert karbantart\u00e1sa sor\u00e1n!&nbsp;<\/p>\n\n\n\n<figure class=\"wp-block-image size-large\"><img loading=\"lazy\" width=\"1024\" height=\"682\" src=\"https:\/\/www.manutan.hu\/blog\/wp-content\/uploads\/2025\/03\/munkahelyi-kert-karbantartasa-1024x682.jpg\" alt=\"munkahelyi kert karbantart\u00e1sa a dolgoz\u00f3k sz\u00e1m\u00e1ra\" class=\"wp-image-4156\" srcset=\"https:\/\/www.manutan.hu\/blog\/wp-content\/uploads\/2025\/03\/munkahelyi-kert-karbantartasa-1024x682.jpg 1024w, https:\/\/www.manutan.hu\/blog\/wp-content\/uploads\/2025\/03\/munkahelyi-kert-karbantartasa-300x200.jpg 300w, https:\/\/www.manutan.hu\/blog\/wp-content\/uploads\/2025\/03\/munkahelyi-kert-karbantartasa-768x512.jpg 768w, https:\/\/www.manutan.hu\/blog\/wp-content\/uploads\/2025\/03\/munkahelyi-kert-karbantartasa.jpg 1060w\" sizes=\"(max-width: 1024px) 100vw, 1024px\" \/><\/figure>\n\n\n\n<h2><strong>A munkahelyi kertek fontoss\u00e1ga<\/strong>&nbsp;<\/h2>\n\n\n\n<p>A z\u00f6ldfel\u00fcletek sz\u00e1mos el\u0151nnyel j\u00e1rnak. Egy kellemesen kialak\u00edtott kert vagy pihen\u0151park nemcsak vizu\u00e1lis \u00e9lm\u00e9nyt ny\u00fajt, hanem cs\u00f6kkenti a stresszt, jav\u00edtja a leveg\u0151 min\u0151s\u00e9g\u00e9t \u00e9s seg\u00edt fenntartani a munkav\u00e1llal\u00f3k koncentr\u00e1ci\u00f3j\u00e1t. A n\u00f6v\u00e9nyek \u00e9s f\u00e1k elnyelik a sz\u00e9n-dioxidot, mik\u00f6zben oxig\u00e9nt termelnek, \u00e9s hozz\u00e1j\u00e1rulnak a kellemesebb mikrokl\u00edma kialak\u00edt\u00e1s\u00e1hoz. Mindezek mellett a z\u00f6ldter\u00fcletek fenntarthat\u00f3bb\u00e1 tehetik a munkahelyet, cs\u00f6kkentve annak \u00f6kol\u00f3giai l\u00e1bnyom\u00e1t.&nbsp;<\/p>\n\n\n\n<h2><strong>A kert karbantart\u00e1sa \u00e9vszakok szerinti bont\u00e1sban<\/strong>&nbsp;<\/h2>\n\n\n\n<p>A munkahelyi kertek \u00e9s z\u00f6ldfel\u00fcletek karbantart\u00e1s\u00e1t az \u00e9vszakokhoz kell igaz\u00edtani. Az id\u0151j\u00e1r\u00e1s \u00e9s a term\u00e9szet ciklusai meghat\u00e1rozz\u00e1k, hogy mikor milyen feladatokat \u00e9rdemes elv\u00e9gezni a kertben. Ha nagy ter\u00fclettel rendelkez\u00fcnk, az egyes feladatokkal \u00e9rdemes profi kert\u00e9szt megb\u00edzni, de kisebb z\u00f6ldfel\u00fclet eset\u00e9n a kert karbantart\u00e1sa lehet ak\u00e1r csapat\u00e9p\u00edt\u0151 munka is. Sok munkav\u00e1llal\u00f3 kifejezetten \u00f6r\u00f6mmel v\u00e9gez egy kis kerti munk\u00e1t, ami k\u00e9sz fel\u00fcd\u00fcl\u00e9s a sok \u00f3r\u00e1nyi sz\u00e1m\u00edt\u00f3g\u00e9p el\u0151tt \u00fcl\u00e9s ut\u00e1n. A k\u00f6z\u00f6ss\u00e9gi kertgondoz\u00e1sra ma m\u00e1r sz\u00e1mos pozit\u00edv p\u00e9ld\u00e1t tal\u00e1lunk, s\u0151t vannak c\u00e9gek, ahol az alkalmazottak saj\u00e1t konyhakertet is m\u0171velnek, ahonnan friss z\u00f6lds\u00e9geket \u00e9s gy\u00fcm\u00f6lcs\u00f6ket sz\u00fcretelhetnek. Ak\u00e1r magunk v\u00e9gezz\u00fck a feladatot, ak\u00e1r kert\u00e9szre b\u00edzzuk a munk\u00e1t, a k\u00f6vetkez\u0151kre \u00e9rdemes id\u0151t \u00e9s energi\u00e1t sz\u00e1nni.&nbsp;<\/p>\n\n\n\n<h3><strong>Tavaszi feladatok a kertben<\/strong>&nbsp;<\/h3>\n\n\n\n<p>A tavasz a kert meg\u00fajul\u00e1s\u00e1nak id\u0151szaka, ilyenkor van a legt\u00f6bb feladatunk. A talajt ha csak lehet, ne \u00e1ssuk, ne bolygassuk, mert az kifejezetten k\u00e1ros a par\u00e1nyl\u00e9nyek szempontj\u00e1b\u00f3l. Ha a f\u00f6ld nagyon t\u00f6m\u00f6r\u00f6d\u00f6tt, egy \u00e1s\u00f3villa seg\u00edts\u00e9g\u00e9vel kicsit laz\u00edthatjuk \u00e9s leveg\u0151ztethetj\u00fck. A vill\u00e1t sz\u00farjuk a talajba \u00e9s mozgassuk meg kiss\u00e9 el\u0151re-h\u00e1tra, de semmik\u00e9pp ne forgassuk \u00e1t a talajt. Ha van kerti komposztunk, akkor azt rost\u00e1ljuk \u00e1t \u00e9s az \u00e9rett komposztot ter\u00edts\u00fck sz\u00e9t a n\u00f6v\u00e9nyek alatt. Ez biztos\u00edtja sz\u00e1mukra a megfelel\u0151 t\u00e1panyag-ut\u00e1np\u00f3tl\u00e1st. Ha nincs saj\u00e1t komposztunk, akkor v\u00e1s\u00e1rolhatunk \u00e9rett marhatr\u00e1gy\u00e1t vagy k\u00e9sz komposztot is. A m\u0171tr\u00e1gy\u00e1k haszn\u00e1lata nem javasolt!&nbsp;&nbsp;<\/p>\n\n\n\n<p>Kora tavasszal van itt az ideje az \u00e9vel\u0151 l\u00e1gysz\u00e1r\u00faak \u00e9s cserj\u00e9k metsz\u00e9s\u00e9nek. Ezek legt\u00f6bbsz\u00f6r er\u0151teljes visszav\u00e1g\u00e1st ig\u00e9nyelnek (pl. bug\u00e1s \u00e9s cserj\u00e9s hortenzi\u00e1k, verb\u00e9n\u00e1k, d\u00edszf\u00fcvek stb.), m\u00edg m\u00e1s n\u00f6v\u00e9nyekn\u00e9l az alak\u00edt\u00f3, illetve a vir\u00e1gz\u00e1st serkent\u0151 metsz\u00e9st kell elv\u00e9gezni (pl. levendula, r\u00f3zsa, aranycserje). \u00c9rdemes \u00e1tvizsg\u00e1lni a nagyobb f\u00e1kat is \u00e9s ha s\u00e9r\u00fclt, elhalt \u00e1gakkal tal\u00e1lkozunk, akkor azokat visszav\u00e1gni. Fontos, hogy f\u00e1k metsz\u00e9sekor a t\u00edz forintos \u00e9remn\u00e9l nagyobb v\u00e1g\u00e1si fel\u00fcleteket sebkezel\u0151vel kell bekenni, hogy elz\u00e1rjuk az utat a k\u00f3rokoz\u00f3k el\u0151l.&nbsp;&nbsp;<\/p>\n\n\n\n<p>A metsz\u00e9sb\u0151l sz\u00e1rmaz\u00f3 z\u00f6ldhullad\u00e9k igen \u00e9rt\u00e9kes szerves anyag, amit k\u00e1r lenne veszni hagyni. Hasznos\u00edt\u00e1s\u00e1ra a legegyszer\u0171bb az \u00fan. helyben komposzt\u00e1l\u00e1s. Ilyenkor \u00e1gdar\u00e1l\u00f3val felapr\u00edtjuk a lemetszett \u00e1gakat \u00e9s z\u00f6ld mulcsk\u00e9nt azonnal sz\u00e9tter\u00edtj\u00fck a n\u00f6v\u00e9nyek alatt. Ez egyr\u00e9szt v\u00e9di a talaj felsz\u00edn\u00e9t a kisz\u00e1rad\u00e1st\u00f3l \u00e9s a t\u00falzott felmeleged\u00e9st\u0151l, m\u00e1sr\u00e9szt egy lass\u00fa komposzt\u00e1l\u00f3d\u00e1ssal szerves anyagokkal t\u00f6lti fel a talajt.&nbsp;&nbsp;&nbsp;<\/p>\n\n\n\n<p>Ha erre nincs lehet\u0151s\u00e9g\u00fcnk, akkor k\u00fcl\u00f6n <a href=\"https:\/\/www.manutan.hu\/hu\/mhu\/komposztalok\" target=\"_blank\" rel=\"noreferrer noopener\">komposztl\u00e1d\u00e1ban<\/a> \u00e9rdemes gy\u0171jteni az ilyen z\u00f6ldhullad\u00e9kot \u00e9s az \u00e9r\u00e9si folyamat v\u00e9g\u00e9n a k\u00e9sz komposztot sz\u00e9tter\u00edteni a kertben.&nbsp;<\/p>\n\n\n\n<p>A tavasz ide\u00e1lis id\u0151szak \u00faj n\u00f6v\u00e9nyek telep\u00edt\u00e9s\u00e9re. A manaps\u00e1g egyre n\u00e9pszer\u0171bb\u00e9 v\u00e1l\u00f3 angol kertek sz\u00e9ps\u00e9ge abban rejlik, hogy szinte eg\u00e9sz \u00e9vben vir\u00e1gzik valami az \u00e1gy\u00e1sokban, r\u00e1ad\u00e1sul ha helyesen v\u00e1lasztottunk n\u00f6v\u00e9nyeket, akkor egy ilyen angol kert minim\u00e1lis gondoz\u00e1st ig\u00e9nyel.&nbsp;<\/p>\n\n\n\n<p><strong>TIPP<\/strong>&nbsp;<\/p>\n\n\n\n<p>\u00cdme n\u00e9h\u00e1ny kifejezetten sz\u00e1razs\u00e1gt\u0171r\u0151 \u00e9vel\u0151, amelyek helyet kaphatnak egy angol kert \u00e9vel\u0151 \u00e1gy\u00e1s\u00e1ban: pomp\u00e1s varj\u00fah\u00e1j, macskahere, izs\u00f3p, szam\u00e1rkeny\u00e9r, kasvir\u00e1g, verb\u00e9na, \u0151szi napf\u00e9nyvir\u00e1g, k\u00f6z\u00f6ns\u00e9ges vasf\u0171, ny\u00e1ri d\u00edszhagym\u00e1k, kok\u00e1rdavir\u00e1g, mexik\u00f3i k\u00fcll\u0151rojt, gyertyavir\u00e1g, k\u00fapvir\u00e1g, sarkanty\u00favir\u00e1g, b\u00e1rsonyos kakukkszegf\u0171, bar\u00e1tcserje, cickafark, orvosi zs\u00e1lya, \u00e9vel\u0151 len&nbsp;<\/p>\n\n\n\n<p>Fontos tudni, hogy a sz\u00e1razs\u00e1gt\u0171r\u0151 \u00e9vel\u0151k kb. 2 \u00e9ves korukra \u00e9rik el azt a fejletts\u00e9gi szintet, amikor m\u00e1r az extr\u00e9m forr\u00f3s\u00e1got is j\u00f3l toler\u00e1lj\u00e1k. A fiatal n\u00f6v\u00e9nyek k\u00fcl\u00f6n\u00f6sen az \u00fcltet\u00e9s \u00e9v\u00e9ben m\u00e9g rendszeres \u00f6nt\u00f6z\u00e9st ig\u00e9nyelnek.&nbsp;<\/p>\n\n\n\n<h3><strong>Kert gondoz\u00e1sa ny\u00e1ron<\/strong>&nbsp;<\/h3>\n\n\n\n<p>A ny\u00e1r a legakt\u00edvabb id\u0151szak a kertek \u00e9let\u00e9ben, hiszen a meleg \u00e9s a hossz\u00fa nappalok kedveznek a n\u00f6veked\u00e9snek. Ha az \u00e1gy\u00e1sokat vastag mulcsr\u00e9teggel takarjuk, akkor a gyoml\u00e1l\u00e1s nem ad majd t\u00fal sok feladatot, illetve <a href=\"https:\/\/www.manutan.hu\/hu\/mhu\/ontozes-es-locsolas\" target=\"_blank\" rel=\"noreferrer noopener\">\u00f6nt\u00f6zni<\/a> is ritk\u00e1bban kell majd. A s\u0171r\u0171 \u00fcltet\u00e9s \u00e9s a talajtakar\u00e1s seg\u00edt abban, hogy 7-10 naponta elegend\u0151 legyen egy-egy kiad\u00f3s \u00f6nt\u00f6z\u00e9s. A ritk\u00e1bb locsol\u00e1ssal egyben eddz\u00fck is a n\u00f6v\u00e9nyeinket, mert ezzel arra \u00f6szt\u00f6n\u00f6zz\u00fck a gy\u00f6k\u00e9rzet\u00fcket, hogy lefel\u00e9 n\u00f6vekedjenek, ahol a talaj m\u00e9lyebb r\u00e9tegeib\u0151l vehetik fel a nedvess\u00e9get. A 2-3 naponta \u00f6nt\u00f6z\u00f6tt n\u00f6v\u00e9nyek gy\u00f6k\u00e9rzete ezzel szemben sek\u00e9lyen ter\u00fcl el, ami v\u00edzhi\u00e1ny eset\u00e9n hamar kisz\u00e1rad.&nbsp;<\/p>\n\n\n\n<p>Ny\u00e1ron a <a href=\"https:\/\/www.manutan.hu\/hu\/mhu\/motoros-kerti-eszkozok\" target=\"_blank\" rel=\"noreferrer noopener\">f\u0171ny\u00edr\u00e1s<\/a> ad m\u00e9g rendszeres elfoglalts\u00e1got a munkahelyi kertben. K\u00e1nikula idej\u00e9n ne v\u00e1gjuk a f\u00fcvet, illetve ne ragaszkodjunk a r\u00f6vidre ny\u00edrt p\u00e1zsithoz, mert az olyan sokkhat\u00e1s a n\u00f6v\u00e9nynek, ami a f\u0171 kis\u00fcl\u00e9s\u00e9hez vezethet. Ink\u00e1bb hagyjuk egy kicsit hosszabbra, illetve v\u00e1rjuk meg a nagy h\u0151s\u00e9g v\u00e9g\u00e9t \u00e9s akkor v\u00e1gjuk le a f\u00fcvet, \u00edgy nem tessz\u00fck ki t\u00fal nagy stressznek. A f\u00fcvet hajnalban \u00f6nt\u00f6zz\u00fck, ellenkez\u0151 esetben utat nyitunk a gomb\u00e1s megbeteged\u00e9seknek. Fontos m\u00e9g megjegyezni, hogy b\u00e1r az angol p\u00e1zsit gy\u00f6ny\u00f6r\u0171, de nem a magyar kl\u00edm\u00e1ra val\u00f3. Hazai k\u00f6r\u00fclm\u00e9nyek k\u00f6z\u00f6tt sokkal szebb \u00e9s eg\u00e9szs\u00e9gesebb gyepfel\u00fcletet \u00e9rhet\u00fcnk el egy sz\u00e1razs\u00e1gt\u0171r\u0151 vegyes magkever\u00e9kkel.&nbsp;<\/p>\n\n\n\n<p>A fentieken t\u00fal esetleg az elny\u00edlt vir\u00e1gok lecsipked\u00e9s\u00e9re van m\u00e9g sz\u00fcks\u00e9g (pl. r\u00f3zs\u00e1kn\u00e1l), egy\u00e9bk\u00e9nt pedig nincs m\u00e1s dolgunk, mint \u00e9lvezni a ny\u00e1ri kert sz\u00e9ps\u00e9geit \u00e9s betakar\u00edtani a term\u00e9st ad\u00f3 n\u00f6v\u00e9nyek gy\u00fcm\u00f6lcs\u00e9t.&nbsp;&nbsp;<\/p>\n\n\n\n<h3><strong>\u0150szi feladatok a munkahelyi kertben<\/strong>&nbsp;<\/h3>\n\n\n\n<p>Az \u0151sz a felk\u00e9sz\u00fcl\u00e9s id\u0151szaka a t\u00e9li nyugalomra. Ekkor a kert karbantart\u00e1sa legink\u00e1bb a lobgy\u0171jt\u00e9sben mer\u00fcl ki. A lehullott leveleket ne hagyjuk a gyepfel\u00fcleten, mert alatta begomb\u00e1sodhat a f\u0171. Ugyanakkor nem kell minden lombot \u00f6sszeszedni. Az \u00e9vel\u0151 \u00e1gy\u00e1sokban a lehullott lomb mulcs \u00e9s v\u00e9d\u0151r\u00e9teg is egyben, amit nyugodtan hagyhatunk helyben komposzt\u00e1l\u00f3dni.&nbsp;<\/p>\n\n\n\n<p>B\u00e1r sokan v\u00e9geznek metsz\u00e9seket \u0151sszel is, a l\u00e1gysz\u00e1r\u00fa \u00e9vel\u0151ket elegend\u0151 tavasszal visszametszeni, hiszen azok a megs\u00e1rgult, bebarnult lev\u00e9lzet\u00fckkel is d\u00edsz\u00edtenek, a magtokok pedig t\u00e1pl\u00e1l\u00e9kot \u00e9s b\u00fav\u00f3helyet biztos\u00edtanak az \u00e1llatoknak. T\u00f6bbek k\u00f6z\u00f6tt \u00edgy megb\u00fajva telelnek \u00e1t a kertben oly hasznos katicabogarak is.&nbsp;<\/p>\n\n\n\n<p>\u0150sszel \u00fcltethet\u00fcnk tavaszi hagym\u00e1s n\u00f6v\u00e9nyeket, ez a t\u00f6k\u00e9letes id\u0151szak a f\u00e1k \u00fcltet\u00e9s\u00e9hez, illetve ha van a munkahelyi kertben di\u00f3fa vagy ny\u00edrfa, amelyekn\u00e9l koronaalak\u00edt\u00e1sra van sz\u00fcks\u00e9g, akkor ez az a k\u00e9t fa, amit kiz\u00e1r\u00f3lag kora \u0151sszel (szeptember-okt\u00f3ber eleje) szabad metszeni.&nbsp;<\/p>\n\n\n\n<p>Ha vannak <a href=\"https:\/\/www.manutan.hu\/hu\/mhu\/ladak-es-viragcserep\" target=\"_blank\" rel=\"noreferrer noopener\">cserepes n\u00f6v\u00e9nyek<\/a>, amelyek nem t\u00e9l\u00e1ll\u00f3ak, akkor az \u0151szi kem\u00e9ny fagyok el\u0151tt vigy\u00fck \u0151ket fagymentes helyre (pl. leander).&nbsp;<\/p>\n\n\n\n<h3><strong>Kert karbantart\u00e1s t\u00e9len<\/strong>&nbsp;<\/h3>\n\n\n\n<p>A t\u00e9l a nyugalom id\u0151szaka a kertben, de bizonyos karbantart\u00e1si munk\u00e1k ekkor is fontosak lehetnek. A gyalogutak \u00e9s teraszok tiszt\u00e1n tart\u00e1sa elengedhetetlen a biztons\u00e1gos k\u00f6zleked\u00e9shez. Ma m\u00e1r ritka a nagy h\u00f3teher, de ha m\u00e9gis sok h\u00f3 bor\u00edtan\u00e1 a n\u00f6v\u00e9nyeket, akkor j\u00e1rjunk k\u00f6rbe a kertet \u00e9s egy sepr\u0171 vagy gereblye seg\u00edts\u00e9g\u00e9vel \u00f3vatosan r\u00e1zzuk le a havat a n\u00f6v\u00e9nyekr\u0151l, nehogy let\u00f6rjenek az \u00e1gak a h\u00f3 s\u00falya alatt. \u00datsz\u00f3r\u00e1shoz haszn\u00e1ljunk k\u00f6rnyezetbar\u00e1t alapanyagokat, amelyek nem \u00e9getik ki a n\u00f6v\u00e9nyeket. A fagyos f\u0171 nagyon s\u00e9r\u00fcl\u00e9keny, ez\u00e9rt ha csak tehetj\u00fck, t\u00e9len ne tapossuk le. Ha van a munkahelyi kertben mad\u00e1retet\u0151, rendszeresen gondoskodjunk a felt\u00f6lt\u00e9s\u00e9r\u0151l, hiszen a kert\u00fcnkbe szokott madarak ig\u00e9nyelni fogj\u00e1k az etet\u00e9st.&nbsp;<\/p>\n\n\n\n<p>Ezeken t\u00fal a t\u00e9li nyugalom kiv\u00e1l\u00f3 id\u0151szak arra, hogy megtervezz\u00fck a k\u00f6vetkez\u0151 \u00e9v kerti munk\u00e1it, elv\u00e9gezz\u00fck a sz\u00fcks\u00e9ges karbantart\u00e1sokat (pl. szersz\u00e1mok jav\u00edt\u00e1sa, tiszt\u00edt\u00e1sa) \u00e9s beszerezz\u00fck a k\u00f6vetkez\u0151 \u00e9vi t\u00e1panyagokat, vet\u0151magokat, \u00faj n\u00f6v\u00e9nyeket.&nbsp;<\/p>\n\n\n\n<p>A munkahelyi kert karbantart\u00e1s\u00e1hoz fontos a megfelel\u0151 szersz\u00e1mok \u00e9s v\u00e9d\u0151eszk\u00f6z\u00f6k haszn\u00e1lata. Rengeteg pozit\u00edv hat\u00e1sa van, ha a kert gondoz\u00e1s\u00e1ba bevonjunk a munkav\u00e1llal\u00f3kat is, p\u00e9ld\u00e1ul kerti napok szervez\u00e9s\u00e9vel, amelyek nemcsak a k\u00f6rnyezet sz\u00e9p\u00edt\u00e9s\u00e9t szolg\u00e1lj\u00e1k, hanem a csapat\u00e9p\u00edt\u00e9st is t\u00e1mogatj\u00e1k. Egy gondosan karbantartott munkahelyi kert nemcsak a munkav\u00e1llal\u00f3k, hanem az \u00fczleti partnerek sz\u00e1m\u00e1ra is pozit\u00edv benyom\u00e1st kelt. Az \u00e9vszakokhoz igaz\u00edtott \u00e1pol\u00e1s \u00e9s a rendszeres gondoz\u00e1s hozz\u00e1j\u00e1rul ahhoz, hogy a z\u00f6ldfel\u00fcletek hossz\u00fa \u00e9veken \u00e1t d\u00edsz\u00edts\u00e9k a munkahelyi k\u00f6rnyezetet.&nbsp;<\/p>\n","protected":false},"excerpt":{"rendered":"<p>L\u00e1ssuk, melyek a legfontosabb feladatok a munkahelyi kert karbantart\u00e1sa sor\u00e1n!\u00a0<\/p>\n","protected":false},"author":3,"featured_media":4156,"comment_status":"closed","ping_status":"closed","sticky":false,"template":"","format":"standard","meta":[],"categories":[522],"tags":[],"jetpack_featured_media_url":"https:\/\/www.manutan.hu\/blog\/wp-content\/uploads\/2025\/03\/munkahelyi-kert-karbantartasa.jpg","_links":{"self":[{"href":"https:\/\/www.manutan.hu\/blog\/wp-json\/wp\/v2\/posts\/4155"}],"collection":[{"href":"https:\/\/www.manutan.hu\/blog\/wp-json\/wp\/v2\/posts"}],"about":[{"href":"https:\/\/www.manutan.hu\/blog\/wp-json\/wp\/v2\/types\/post"}],"author":[{"embeddable":true,"href":"https:\/\/www.manutan.hu\/blog\/wp-json\/wp\/v2\/users\/3"}],"replies":[{"embeddable":true,"href":"https:\/\/www.manutan.hu\/blog\/wp-json\/wp\/v2\/comments?post=4155"}],"version-history":[{"count":2,"href":"https:\/\/www.manutan.hu\/blog\/wp-json\/wp\/v2\/posts\/4155\/revisions"}],"predecessor-version":[{"id":4233,"href":"https:\/\/www.manutan.hu\/blog\/wp-json\/wp\/v2\/posts\/4155\/revisions\/4233"}],"wp:featuredmedia":[{"embeddable":true,"href":"https:\/\/www.manutan.hu\/blog\/wp-json\/wp\/v2\/media\/4156"}],"wp:attachment":[{"href":"https:\/\/www.manutan.hu\/blog\/wp-json\/wp\/v2\/media?parent=4155"}],"wp:term":[{"taxonomy":"category","embeddable":true,"href":"https:\/\/www.manutan.hu\/blog\/wp-json\/wp\/v2\/categories?post=4155"},{"taxonomy":"post_tag","embeddable":true,"href":"https:\/\/www.manutan.hu\/blog\/wp-json\/wp\/v2\/tags?post=4155"}],"curies":[{"name":"wp","href":"https:\/\/api.w.org\/{rel}","templated":true}]}}