{"id":4148,"date":"2025-03-24T09:24:25","date_gmt":"2025-03-24T08:24:25","guid":{"rendered":"https:\/\/www.manutan.hu\/blog\/?p=4148"},"modified":"2025-04-16T12:48:16","modified_gmt":"2025-04-16T10:48:16","slug":"mi-az-inkluziv-tervezes-es-miert-nelkulozhetetlen","status":"publish","type":"post","link":"https:\/\/www.manutan.hu\/blog\/mi-az-inkluziv-tervezes-es-miert-nelkulozhetetlen\/","title":{"rendered":"Mi az inkluz\u00edv tervez\u00e9s \u00e9s mi\u00e9rt n\u00e9lk\u00fcl\u00f6zhetetlen?"},"content":{"rendered":"\n<figure class=\"wp-block-image size-large\"><img loading=\"lazy\" width=\"1024\" height=\"683\" src=\"https:\/\/www.manutan.hu\/blog\/wp-content\/uploads\/2025\/03\/inkluziv-design-A00423P1-min-1024x683.jpeg\" alt=\"Inkluz\u00edv tervez\u00e9s\" class=\"wp-image-4151\" srcset=\"https:\/\/www.manutan.hu\/blog\/wp-content\/uploads\/2025\/03\/inkluziv-design-A00423P1-min-1024x683.jpeg 1024w, https:\/\/www.manutan.hu\/blog\/wp-content\/uploads\/2025\/03\/inkluziv-design-A00423P1-min-300x200.jpeg 300w, https:\/\/www.manutan.hu\/blog\/wp-content\/uploads\/2025\/03\/inkluziv-design-A00423P1-min-768x512.jpeg 768w, https:\/\/www.manutan.hu\/blog\/wp-content\/uploads\/2025\/03\/inkluziv-design-A00423P1-min-1536x1024.jpeg 1536w, https:\/\/www.manutan.hu\/blog\/wp-content\/uploads\/2025\/03\/inkluziv-design-A00423P1-min.jpeg 1920w\" sizes=\"(max-width: 1024px) 100vw, 1024px\" \/><\/figure>\n\n\n\n<p>Az inkluz\u00edv tervez\u00e9s egy olyan megk\u00f6zel\u00edt\u00e9s, amelynek c\u00e9lja olyan term\u00e9kek, szolg\u00e1ltat\u00e1sok \u00e9s k\u00f6rnyezet l\u00e9trehoz\u00e1sa, amelyekhez kort\u00f3l, k\u00e9pess\u00e9gekt\u0151l vagy fogyat\u00e9koss\u00e1gt\u00f3l f\u00fcggetlen\u00fcl a lehet\u0151 legt\u00f6bb ember hozz\u00e1f\u00e9rhet \u00e9s haszn\u00e1lhat. A hozz\u00e1f\u00e9rhet\u0151s\u00e9g kiterjeszt\u00e9s\u00e9vel \u00e9s az emberi soksz\u00edn\u0171s\u00e9g felkarol\u00e1s\u00e1val az inkluz\u00edv tervez\u00e9s jav\u00edtja az elk\u00f6telezetts\u00e9get \u00e9s a munkahelyi j\u00f3l\u00e9tet.<\/p>\n\n\n\n<h2><strong>Mi az inkluz\u00edv tervez\u00e9s?<\/strong><\/h2>\n\n\n\n<p>Az inkluz\u00edv tervez\u00e9s a felhaszn\u00e1l\u00f3k soksz\u00edn\u0171s\u00e9g\u00e9t figyelembe vev\u0151 megold\u00e1sok l\u00e9trehoz\u00e1s\u00e1ra \u00f6sszpontos\u00edt. A hagyom\u00e1nyos tervez\u00e9si megk\u00f6zel\u00edt\u00e9sekt\u0151l elt\u00e9r\u0151en, amelyek a t\u00f6bbs\u00e9get c\u00e9lozz\u00e1k meg, az inkluz\u00edv tervez\u00e9s c\u00e9lja az egyes felhaszn\u00e1l\u00f3i profilok saj\u00e1tos ig\u00e9nyeinek kiel\u00e9g\u00edt\u00e9se, bele\u00e9rtve a fogyat\u00e9kkal \u00e9l\u0151ket \u00e9s a mozg\u00e1skorl\u00e1tozottakat is. Ez az \u00e1tfog\u00f3 \u00e9s univerz\u00e1lis szeml\u00e9let mag\u00e1ban foglalja a rugalmass\u00e1g, a hibat\u0171r\u00e9s \u00e9s a k\u00f6nny\u0171 haszn\u00e1lat elv\u00e9t, lehet\u0151v\u00e9 t\u00e9ve, hogy mindenki r\u00e9szes\u00fclj\u00f6n az optim\u00e1lis felhaszn\u00e1l\u00f3i \u00e9lm\u00e9nyb\u0151l.<\/p>\n\n\n\n<h2><strong>Kiseg\u00edt\u0151 lehet\u0151s\u00e9gek \u00e9s inkluz\u00edv desing: Mi a k\u00fcl\u00f6nbs\u00e9g?<\/strong><\/h2>\n\n\n\n<p>B\u00e1r gyakran \u00f6sszekeverik, az akad\u00e1lymentes\u00edt\u00e9s \u00e9s az inkluzivit\u00e1s k\u00fcl\u00f6nb\u00f6zik egym\u00e1st\u00f3l. Az akad\u00e1lymentes\u00edt\u00e9s els\u0151dleges c\u00e9lja, hogy a fogyat\u00e9kkal \u00e9l\u0151k is haszn\u00e1lhassanak egy term\u00e9ket vagy teret, m\u00edg az inkluz\u00edv tervez\u00e9s t\u00falmutat ezeken a krit\u00e9riumokon. Tervez\u00e9si elemeket integr\u00e1l, hogy optimaliz\u00e1lja az \u00e9lm\u00e9nyt minden potenci\u00e1lis felhaszn\u00e1l\u00f3 sz\u00e1m\u00e1ra, f\u00fcggetlen\u00fcl fizikai vagy kognit\u00edv k\u00e9pess\u00e9geit\u0151l. Az akad\u00e1lymentes\u00edt\u00e9s teh\u00e1t az inkluz\u00edv diz\u00e1jn egyik \u00f6sszetev\u0151je, az ut\u00f3bbi azonban egy t\u00e1gabb perspekt\u00edv\u00e1t is mag\u00e1ban foglal, hogy jobb felhaszn\u00e1l\u00f3i \u00e9lm\u00e9nyt k\u00edn\u00e1ljon az emberek sokf\u00e9les\u00e9g\u00e9nek.<\/p>\n\n\n\n<h2><strong>Mi\u00e9rt elengedhetetlen ma m\u00e1r az inkluz\u00edv tervez\u00e9s?<\/strong><\/h2>\n\n\n\n<p>Az inkluz\u00edv tervez\u00e9si elvek megval\u00f3s\u00edt\u00e1sa sz\u00e1mos el\u0151nnyel j\u00e1r mind a felhaszn\u00e1l\u00f3k, mind az azt elfogad\u00f3 v\u00e1llalatok sz\u00e1m\u00e1ra.<\/p>\n\n\n\n<h3><strong>A felhaszn\u00e1l\u00f3i \u00e9lm\u00e9nyre gyakorolt hat\u00e1s<\/strong><\/h3>\n\n\n\n<p>Az inkluz\u00edv tervez\u00e9s jelent\u0151sen jav\u00edtja a felhaszn\u00e1l\u00f3i \u00e9lm\u00e9nyt az\u00e1ltal, hogy megfelel a soksz\u00edn\u0171 k\u00f6z\u00f6ns\u00e9g ig\u00e9nyeinek. Az\u00e1ltal, hogy mindenki sz\u00e1m\u00e1ra el\u00e9rhet\u0151v\u00e9 teszi a term\u00e9keket \u00e9s szolg\u00e1ltat\u00e1sokat, seg\u00edt lek\u00fczdeni a haszn\u00e1latot esetleg akad\u00e1lyoz\u00f3 neh\u00e9zs\u00e9geket. Ez a megk\u00f6zel\u00edt\u00e9s nemcsak a g\u00f6rd\u00fcl\u00e9kenyebb \u00e9s kellemesebb \u00e9lm\u00e9nyek biztos\u00edt\u00e1s\u00e1hoz j\u00e1rul hozz\u00e1, hanem n\u00f6veli a felhaszn\u00e1l\u00f3k el\u00e9gedetts\u00e9g\u00e9t \u00e9s lojalit\u00e1s\u00e1t is.<\/p>\n\n\n\n<h3><strong>El\u0151ny\u00f6k a v\u00e1llalatok sz\u00e1m\u00e1ra<\/strong><\/h3>\n\n\n\n<p>A v\u00e1llalatok sz\u00e1m\u00e1ra az inkluz\u00edv tervez\u00e9s alkalmaz\u00e1sa sz\u00e1mos el\u0151nnyel j\u00e1r. E megk\u00f6zel\u00edt\u00e9s integr\u00e1l\u00e1s\u00e1val er\u0151s\u00edtik m\u00e1rkaim\u00e1zsukat, \u00e9s vonz\u00f3bb\u00e1 v\u00e1lnak a soksz\u00edn\u0171s\u00e9get \u00e9s befogad\u00e1st \u00e9rt\u00e9kel\u0151 \u00fcgyfelek sz\u00e1m\u00e1ra. Az inkluz\u00edv munkak\u00f6rnyezet el\u0151seg\u00edti az alkalmazottak j\u00f3l\u00e9t\u00e9t \u00e9s elk\u00f6telezetts\u00e9g\u00e9t, az ott dolgoz\u00f3k \u00e9rt\u00e9kesnek \u00e9rzik magukat. Ez mag\u00e1ban foglalja az ergonomikus munka\u00e1llom\u00e1sok kialak\u00edt\u00e1s\u00e1t a k\u00e9nyelem \u00e9s a mindennapi tev\u00e9kenys\u00e9gekben val\u00f3 r\u00e9szv\u00e9tel jav\u00edt\u00e1sa \u00e9rdek\u00e9ben.<\/p>\n\n\n\n<h3><strong>Jogi \u00e9s t\u00e1rsadalmi k\u00f6vetelm\u00e9nyeknek val\u00f3 megfelel\u00e9s<\/strong><\/h3>\n\n\n\n<p>A jogszab\u00e1lyok \u00e9s a t\u00e1rsadalmi norm\u00e1k egyre ink\u00e1bb megk\u00f6vetelik a v\u00e1llalatokt\u00f3l, hogy tegyenek int\u00e9zked\u00e9seket az inkluzivit\u00e1st \u00e9s az akad\u00e1lymentes\u00edt\u00e9st el\u0151seg\u00edt\u0151 int\u00e9zked\u00e9sekre. Eur\u00f3p\u00e1ban sz\u00e1mos orsz\u00e1g \u00edr el\u0151 k\u00f6telezetts\u00e9geket az akad\u00e1lymentes\u00edt\u00e9s \u00e9s a befogad\u00e1s tekintet\u00e9ben. Ezek a jogszab\u00e1lyok a fizikai infrastrukt\u00far\u00e1ra (p\u00e9ld\u00e1ul az \u00e9p\u00fcletek akad\u00e1lymentes\u00edt\u00e9s\u00e9re) \u00e9s a digit\u00e1lis interf\u00e9szekre egyar\u00e1nt kiterjednek, \u00e9s megk\u00f6veteli a k\u00f6zint\u00e9zm\u00e9nyekt\u0151l, illetve a v\u00e1llalatokt\u00f3l, hogy a m\u00e9lt\u00e1nyos hozz\u00e1f\u00e9r\u00e9s \u00e9rdek\u00e9ben pl. m\u00f3dos\u00edts\u00e1k weboldalaikat, vagy \u00e9p\u00edts\u00e9k \u00e1t a bej\u00e1ratokat. Az inkluz\u00edv tervez\u00e9si megk\u00f6zel\u00edt\u00e9s alkalmaz\u00e1sa teh\u00e1t a jelenlegi \u00e9s a j\u00f6v\u0151beli (m\u00e9g sz\u00e9lesebb k\u00f6rre kiterjed\u0151) szab\u00e1lyoz\u00e1si k\u00f6rnyezetnek val\u00f3 megfelel\u00e9s eszk\u00f6ze is.<\/p>\n\n\n\n<h2><strong>Az inkluz\u00edv tervez\u00e9s alapelvei<\/strong><\/h2>\n\n\n\n<p>Az inkluz\u00edv term\u00e9kek, szolg\u00e1ltat\u00e1sok \u00e9s terek megtervez\u00e9s\u00e9hez alapvet\u0151 elvek vannak, amelyek ir\u00e1ny\u00edtj\u00e1k a v\u00e1llalatokat a hozz\u00e1\u00e1ll\u00e1sukban:<\/p>\n\n\n\n<ul><li><strong>Rugalmass\u00e1g a haszn\u00e1lat sor\u00e1n:<\/strong> Az inkluz\u00edv term\u00e9knek adapt\u00e1lhat\u00f3nak kell lennie a k\u00fcl\u00f6nb\u00f6z\u0151 felhaszn\u00e1l\u00f3i ig\u00e9nyekhez \u00e9s k\u00e9pess\u00e9gekhez, lehet\u0151v\u00e9 t\u00e9ve az intuit\u00edv haszn\u00e1latot.<\/li><li><strong>Egyszer\u0171s\u00e9g \u00e9s intuitivit\u00e1s: <\/strong>A term\u00e9keket egyszer\u0171en \u00fagy kell megtervezni, hogy a felhaszn\u00e1l\u00f3k sz\u00e9les k\u00f6re meg\u00e9rtse \u00e9s haszn\u00e1lhassa, f\u00fcggetlen\u00fcl tapasztalat\u00e1t\u00f3l, tud\u00e1s\u00e1t\u00f3l vagy koncentr\u00e1ci\u00f3s szintj\u00e9t\u0151l.<\/li><li><strong>Hibat\u0171r\u00e9s: <\/strong>Ez a megk\u00f6zel\u00edt\u00e9s olyan term\u00e9kek tervez\u00e9s\u00e9t jelenti, amelyek minimaliz\u00e1lj\u00e1k a hib\u00e1k k\u00f6vetkezm\u00e9nyeit, biztons\u00e1gos \u00e9lm\u00e9nyt k\u00edn\u00e1lva a felhaszn\u00e1l\u00f3knak.<\/li><li><strong>Hozz\u00e1f\u00e9rhet\u0151s\u00e9g \u00e9s ergon\u00f3mia:<\/strong> Az ergon\u00f3mia lehet\u0151v\u00e9 teszi, hogy a munkater\u00fcleteket a felhaszn\u00e1l\u00f3k fizikai jellemz\u0151ihez igaz\u00edts\u00e1k, cs\u00f6kkentve a k\u00e9nyszereket \u00e9s a s\u00e9r\u00fcl\u00e9sek kock\u00e1zat\u00e1t, mik\u00f6zben biztos\u00edtja a haszn\u00e1lat k\u00e9nyelm\u00e9t.<\/li><\/ul>\n\n\n\n<p>Ezek az alapelvek mind a fizikai term\u00e9kekre, mind a digit\u00e1lis interf\u00e9szekre alkalmazhat\u00f3k, k\u00f6vetkezetes megk\u00f6zel\u00edt\u00e9st biztos\u00edtva az inkluz\u00edv tervez\u00e9shez.<\/p>\n\n\n\n<figure class=\"wp-block-image size-large\"><img loading=\"lazy\" width=\"1024\" height=\"782\" src=\"https:\/\/www.manutan.hu\/blog\/wp-content\/uploads\/2025\/03\/inkluziv-design-A00423P2-min-1024x782.jpeg\" alt=\"\" class=\"wp-image-4152\" srcset=\"https:\/\/www.manutan.hu\/blog\/wp-content\/uploads\/2025\/03\/inkluziv-design-A00423P2-min-1024x782.jpeg 1024w, https:\/\/www.manutan.hu\/blog\/wp-content\/uploads\/2025\/03\/inkluziv-design-A00423P2-min-300x229.jpeg 300w, https:\/\/www.manutan.hu\/blog\/wp-content\/uploads\/2025\/03\/inkluziv-design-A00423P2-min-768x586.jpeg 768w, https:\/\/www.manutan.hu\/blog\/wp-content\/uploads\/2025\/03\/inkluziv-design-A00423P2-min-1536x1173.jpeg 1536w, https:\/\/www.manutan.hu\/blog\/wp-content\/uploads\/2025\/03\/inkluziv-design-A00423P2-min.jpeg 1920w\" sizes=\"(max-width: 1024px) 100vw, 1024px\" \/><\/figure>\n\n\n\n<h2><strong>Az inkluz\u00edv tervez\u00e9s szerepe a munkatapasztalat jav\u00edt\u00e1s\u00e1ban<\/strong><\/h2>\n\n\n\n<p>Az akad\u00e1lymentes\u00edt\u00e9si ig\u00e9nyek kiel\u00e9g\u00edt\u00e9se mellett az inkluz\u00edv tervez\u00e9s hozz\u00e1j\u00e1rul minden alkalmazott munkatapasztalat\u00e1nak gazdag\u00edt\u00e1s\u00e1hoz.<\/p>\n\n\n\n<h3><strong>Az inkluzivit\u00e1s integr\u00e1l\u00e1sa a munkater\u00fcleteken<\/strong><\/h3>\n\n\n\n<p>A v\u00e1llalatokn\u00e1l az inkluzivit\u00e1s nem korl\u00e1toz\u00f3dik a digit\u00e1lis fel\u00fcletekre, hanem a fizikai terekre is kiterjed. Az ergonomikus b\u00fatorokkal vagy term\u00e9kekkel felszerelt, adapt\u00e1lt irod\u00e1k \u00e9s munka\u00e1llom\u00e1sok tervez\u00e9se hozz\u00e1j\u00e1rul minden dolgoz\u00f3 j\u00f3l\u00e9t\u00e9hez. P\u00e9ld\u00e1ul az \u00e1ll\u00edthat\u00f3 magass\u00e1g\u00fa \u00edr\u00f3asztalok \u00e9s ergonomikus sz\u00e9kek mindenki ig\u00e9nyeihez alkalmazkodhatnak, bele\u00e9rtve a speci\u00e1lis k\u00f6vetelm\u00e9nyeket is. Ahogy \u00c9lisa Gatineau, a Handinorme \u00fcgyvezet\u0151 igazgat\u00f3ja mondja: \u201eA Handinorme-n\u00e1l szil\u00e1rdan hisz\u00fcnk abban, hogy a munkater\u00fcletek \u00e1talak\u00edt\u00e1s\u00e1t nem korl\u00e1tnak, hanem lehet\u0151s\u00e9gnek kell tekinteni. A befogad\u00f3 v\u00e1llalat er\u0151sebb \u00e9s innovat\u00edvabb.\u201d<\/p>\n\n\n\n<h3><strong>P\u00e9ld\u00e1k inkluz\u00edv ergon\u00f3miai term\u00e9kekre<\/strong><\/h3>\n\n\n\n<p>A jobb munkatapasztalat el\u0151seg\u00edt\u00e9se \u00e9rdek\u00e9ben bizonyos felszerel\u00e9sek elengedhetetlenek. Az ergonomikus sz\u00e9kek, \u00e1ll\u00edthat\u00f3 asztalok \u00e9s monitor\u00e1llv\u00e1nyok, olyan term\u00e9kek, amelyek el\u0151seg\u00edtik az eg\u00e9szs\u00e9ges testtart\u00e1st \u00e9s cs\u00f6kkentik a rossz poz\u00edci\u00f3b\u00f3l ered\u0151 f\u00e1jdalmat. A l\u00e9pcs\u0151k melletti vagy a mosd\u00f3kban elhelyezett kapaszkod\u00f3k, a megfelel\u0151 magass\u00e1gba felszerelt villanykapcsol\u00f3k szint\u00e9n alapvet\u0151nek sz\u00e1m\u00edtanak. Ezek a term\u00e9kek megfelelnek az ergon\u00f3miai c\u00e9lkit\u0171z\u00e9seknek az\u00e1ltal, hogy jav\u00edtj\u00e1k az \u00f6sszes alkalmazott napi k\u00e9nyelm\u00e9t.<\/p>\n\n\n\n<h3><strong>Az alkalmazottak felhaszn\u00e1l\u00f3i \u00e9lm\u00e9ny\u00e9nek jav\u00edt\u00e1sa<\/strong><\/h3>\n\n\n\n<p>Az inkluz\u00edv tervez\u00e9si gyakorlatok alkalmaz\u00e1sa lehet\u0151v\u00e9 teszi a v\u00e1llalatok sz\u00e1m\u00e1ra, hogy el\u0151nyben r\u00e9szes\u00edts\u00e9k az alkalmazottak j\u00f3l\u00e9t\u00e9t, \u00e9s er\u0151s\u00edts\u00e9k az \u00f6sszetartoz\u00e1s \u00e9rz\u00e9s\u00e9t. Az\u00e1ltal, hogy olyan munkak\u00f6rnyezetet hoznak l\u00e9tre, amelyben mindenkit t\u00e1mogatnak \u00e9s megbecs\u00fclnek, a v\u00e1llalatok \u00f6szt\u00f6nzik az elk\u00f6telezetts\u00e9get \u00e9s el\u0151seg\u00edtik a fenntarthat\u00f3 termel\u00e9kenys\u00e9get.<\/p>\n\n\n\n<h2><strong>Hogyan val\u00f3s\u00edtsuk meg az inkluz\u00edv tervez\u00e9si megk\u00f6zel\u00edt\u00e9st a v\u00e1llalatokban?<\/strong><\/h2>\n\n\n\n<p>Az inkluz\u00edv tervez\u00e9si megk\u00f6zel\u00edt\u00e9s sikeres megval\u00f3s\u00edt\u00e1sa \u00e9rdek\u00e9ben a v\u00e1llalatok ezeket a l\u00e9p\u00e9seket k\u00f6vethetik:<\/p>\n\n\n\n<h3><strong>Tervez\u00e9si folyamat<\/strong><\/h3>\n\n\n\n<p>Az inkluz\u00edv tervez\u00e9si megk\u00f6zel\u00edt\u00e9s megval\u00f3s\u00edt\u00e1sa t\u00f6bb szakaszb\u00f3l \u00e1ll. El\u0151sz\u00f6r is alapos kutat\u00e1st kell v\u00e9gezni a konkr\u00e9t felhaszn\u00e1l\u00f3i ig\u00e9nyek azonos\u00edt\u00e1sa \u00e9rdek\u00e9ben. Ezut\u00e1n a tesztel\u00e9si \u00e9s iter\u00e1ci\u00f3s folyamat lehet\u0151v\u00e9 teszi, hogy a megold\u00e1sokat a sokf\u00e9le k\u00f6z\u00f6ns\u00e9g ig\u00e9nyeihez igaz\u00edts\u00e1k.<\/p>\n\n\n\n<h3><strong>A sikeres megval\u00f3s\u00edt\u00e1shoz sz\u00fcks\u00e9ges elemek<\/strong><\/h3>\n\n\n\n<p>Az inkluz\u00edv tervez\u00e9s sikeres integr\u00e1l\u00e1sa \u00e9rdek\u00e9ben fontos felh\u00edvni a tervez\u0151i csapatok figyelm\u00e9t az inkluzivit\u00e1sra \u00e9s a soksz\u00edn\u0171s\u00e9gre a munkahelyi k\u00e9rd\u00e9sekben. A k\u00fcl\u00f6nb\u00f6z\u0151 r\u00e9szlegek (HR, K+F, marketing) egy\u00fcttm\u0171k\u00f6d\u00e9se koherens \u00e9s hat\u00e9kony megk\u00f6zel\u00edt\u00e9st biztos\u00edt, amely a j\u00f3l\u00e9tre \u00e9s a felhaszn\u00e1l\u00f3i \u00e9lm\u00e9nyre \u00f6sszpontos\u00edt.<\/p>\n\n\n\n<h2><strong>Melyek az alapvet\u0151 inkluz\u00edv term\u00e9kek \u00e9s felszerel\u00e9sek?<\/strong><\/h2>\n\n\n\n<p>Az inkluz\u00edv munkater\u00fcletek kialak\u00edt\u00e1s\u00e1hoz bizonyos ergon\u00f3miai berendez\u00e9sek elengedhetetlenek a fogyat\u00e9kkal \u00e9l\u0151k ig\u00e9nyeinek kiel\u00e9g\u00edt\u00e9s\u00e9hez.<\/p>\n\n\n\n<h3><strong>Ergonomikus felszerel\u00e9s fogyat\u00e9kkal \u00e9l\u0151 vagy mozg\u00e1skorl\u00e1tozott emberek sz\u00e1m\u00e1ra<\/strong><\/h3>\n\n\n\n<p>Bizonyos term\u00e9kek sz\u00fcks\u00e9gesnek bizonyulnak a v\u00e1llalaton bel\u00fcli teljes inkluzivit\u00e1s biztos\u00edt\u00e1s\u00e1hoz. Az \u00e1ll\u00edthat\u00f3 magass\u00e1g\u00fa \u00edr\u00f3asztalok, a mozg\u00e1skorl\u00e1tozottak sz\u00e1m\u00e1ra kialak\u00edtott sz\u00e9kek \u00e9s ergonomikus foganty\u00fak mindenki sz\u00e1m\u00e1ra megk\u00f6nny\u00edtik a munkater\u00fclet hozz\u00e1f\u00e9rhet\u0151s\u00e9g\u00e9t \u00e9s haszn\u00e1lat\u00e1t.<\/p>\n\n\n\n<h3><strong>Inkluz\u00edv digit\u00e1lis term\u00e9kek \u00e9s interf\u00e9szek<\/strong><\/h3>\n\n\n\n<p>Az optim\u00e1lis webes el\u00e9rhet\u0151s\u00e9g biztos\u00edt\u00e1sa \u00e9rdek\u00e9ben a honlapokat \u00e9s egy\u00e9b online fel\u00fcleteket \u00fagy kell megtervezni, hogy a fogyat\u00e9kkal \u00e9l\u0151k, p\u00e9ld\u00e1ul nagyothall\u00f3k vagy l\u00e1t\u00e1ss\u00e9r\u00fcltek sz\u00e1m\u00e1ra olvashat\u00f3ak \u00e9s haszn\u00e1lhat\u00f3k legyenek, bele\u00e9rtve az adapt\u00e1lt navig\u00e1ci\u00f3s eszk\u00f6z\u00f6ket \u00e9s testreszab\u00e1si szolg\u00e1ltat\u00e1sokat. A hangfelismer\u0151 rendszerek p\u00e9ld\u00e1ul lehet\u0151v\u00e9 teszik a digit\u00e1lis interf\u00e9szekkel val\u00f3 korl\u00e1tok n\u00e9lk\u00fcli interakci\u00f3t.<\/p>\n\n\n\n<p><a href=\"https:\/\/www.manutan.hu\/blog\/beszerzesi-tanacsok-megfelelo-eszkozok-valasztasa-fogyatekkal-elok-szamara\/\" data-type=\"URL\" data-id=\"https:\/\/www.manutan.hu\/blog\/beszerzesi-tanacsok-megfelelo-eszkozok-valasztasa-fogyatekkal-elok-szamara\/\" target=\"_blank\" rel=\"noreferrer noopener\"><span class=\"has-inline-color has-primary-color\">Ebb\u0151l a cikk\u00fcnkb\u0151l megtudhatja, hogyan v\u00e1lasszon megfelel\u0151 eszk\u00f6z\u00f6ket a fogyat\u00e9kkal \u00e9l\u0151k sz\u00e1m\u00e1ra, \u00e9s hogyan kell felszerelni az ilyen eszk\u00f6z\u00f6ket.<\/span><\/a><\/p>\n","protected":false},"excerpt":{"rendered":"<p>B\u00e1r gyakran \u00f6sszekeverik, az akad\u00e1lymentes\u00edt\u00e9s \u00e9s az inkluzivit\u00e1s k\u00fcl\u00f6nb\u00f6zik egym\u00e1st\u00f3l. Cikk\u00fcnkben bemutatjuk az inkluz\u00edv tervez\u00e9s alapjait.<\/p>\n","protected":false},"author":2,"featured_media":4151,"comment_status":"closed","ping_status":"closed","sticky":false,"template":"","format":"standard","meta":[],"categories":[530],"tags":[439,218,523,438],"jetpack_featured_media_url":"https:\/\/www.manutan.hu\/blog\/wp-content\/uploads\/2025\/03\/inkluziv-design-A00423P1-min.jpeg","_links":{"self":[{"href":"https:\/\/www.manutan.hu\/blog\/wp-json\/wp\/v2\/posts\/4148"}],"collection":[{"href":"https:\/\/www.manutan.hu\/blog\/wp-json\/wp\/v2\/posts"}],"about":[{"href":"https:\/\/www.manutan.hu\/blog\/wp-json\/wp\/v2\/types\/post"}],"author":[{"embeddable":true,"href":"https:\/\/www.manutan.hu\/blog\/wp-json\/wp\/v2\/users\/2"}],"replies":[{"embeddable":true,"href":"https:\/\/www.manutan.hu\/blog\/wp-json\/wp\/v2\/comments?post=4148"}],"version-history":[{"count":4,"href":"https:\/\/www.manutan.hu\/blog\/wp-json\/wp\/v2\/posts\/4148\/revisions"}],"predecessor-version":[{"id":4154,"href":"https:\/\/www.manutan.hu\/blog\/wp-json\/wp\/v2\/posts\/4148\/revisions\/4154"}],"wp:featuredmedia":[{"embeddable":true,"href":"https:\/\/www.manutan.hu\/blog\/wp-json\/wp\/v2\/media\/4151"}],"wp:attachment":[{"href":"https:\/\/www.manutan.hu\/blog\/wp-json\/wp\/v2\/media?parent=4148"}],"wp:term":[{"taxonomy":"category","embeddable":true,"href":"https:\/\/www.manutan.hu\/blog\/wp-json\/wp\/v2\/categories?post=4148"},{"taxonomy":"post_tag","embeddable":true,"href":"https:\/\/www.manutan.hu\/blog\/wp-json\/wp\/v2\/tags?post=4148"}],"curies":[{"name":"wp","href":"https:\/\/api.w.org\/{rel}","templated":true}]}}