{"id":3981,"date":"2024-12-05T09:36:53","date_gmt":"2024-12-05T08:36:53","guid":{"rendered":"https:\/\/www.manutan.hu\/blog\/?p=3981"},"modified":"2025-04-16T12:52:32","modified_gmt":"2025-04-16T10:52:32","slug":"mobil-klima-teszt","status":"publish","type":"post","link":"https:\/\/www.manutan.hu\/blog\/mobil-klima-teszt\/","title":{"rendered":"Mobil kl\u00edma teszt (2025)"},"content":{"rendered":"\n<p>Egy mobil kl\u00edm\u00e1val akkor is j\u00f3l \u00e9rezhetj\u00fck magunkat ny\u00e1ron az irod\u00e1ban, ha nincs lehet\u0151s\u00e9g dr\u00e1ga l\u00e9gkondicion\u00e1l\u00f3 ki\u00e9p\u00edt\u00e9s\u00e9re. Cikk\u00fcnkben \u00f6sszefoglaljuk, mi mindenre \u00e9rdemes figyelni a v\u00e1laszt\u00e1skor, illetve bemutatunk n\u00e9h\u00e1ny konkr\u00e9t modellt is, amelyek m\u00e1sokn\u00e1l m\u00e1r bizony\u00edtottak.&nbsp;<\/p>\n\n\n\n<figure class=\"wp-block-image size-large\"><img loading=\"lazy\" width=\"1024\" height=\"683\" src=\"https:\/\/www.manutan.hu\/blog\/wp-content\/uploads\/2024\/12\/mobil-klima-teszt-1024x683.jpg\" alt=\"mobil kl\u00edma haszn\u00e1lata\" class=\"wp-image-3983\" srcset=\"https:\/\/www.manutan.hu\/blog\/wp-content\/uploads\/2024\/12\/mobil-klima-teszt-1024x683.jpg 1024w, https:\/\/www.manutan.hu\/blog\/wp-content\/uploads\/2024\/12\/mobil-klima-teszt-300x200.jpg 300w, https:\/\/www.manutan.hu\/blog\/wp-content\/uploads\/2024\/12\/mobil-klima-teszt-768x512.jpg 768w, https:\/\/www.manutan.hu\/blog\/wp-content\/uploads\/2024\/12\/mobil-klima-teszt.jpg 1380w\" sizes=\"(max-width: 1024px) 100vw, 1024px\" \/><\/figure>\n\n\n\n<h2><strong>Mekkora a megengedett maxim\u00e1lis h\u0151m\u00e9rs\u00e9klet az irod\u00e1ban?<\/strong>&nbsp;<\/h2>\n\n\n\n<p>Ez az a k\u00e9rd\u00e9s, amire nem lehet egy egyszer\u0171 sz\u00e1mot \u00edrni v\u00e1laszk\u00e9nt, ugyanis a jogszab\u00e1ly figyelembe veszi a h\u0151\u00e9rzetet befoly\u00e1sol\u00f3 t\u00e9nyez\u0151ket is, amelyek jelent\u0151sen ronthatj\u00e1k, vagy \u00e9ppen jav\u00edthatj\u00e1k a koncentr\u00e1ci\u00f3s k\u00e9pess\u00e9get, illetve a szervezet ig\u00e9nybev\u00e9tel\u00e9t. A pontos v\u00e1laszt a munkahelyek munkav\u00e9delmi k\u00f6vetelm\u00e9nyeinek minim\u00e1lis szintj\u00e9r\u0151l sz\u00f3l\u00f3 <a href=\"https:\/\/net.jogtar.hu\/jogszabaly?docid=A0200003.SCM\" target=\"_blank\" rel=\"noreferrer noopener\">3\/2002. (II. 8.) SzCsM\u2013E\u00fcM egy\u00fcttes rendelet<\/a> adja meg.&nbsp;<\/p>\n\n\n\n<p>E szerint a <strong>meleg \u00e9vszakban<\/strong> biztos\u00edtand\u00f3 h\u0151m\u00e9rs\u00e9kletek <strong>szellemi munka<\/strong> eset\u00e9n: &nbsp;<\/p>\n\n\n\n<ul><li>l\u00e9gh\u0151m\u00e9rs\u00e9klet 21\u201324 \u00b0C&nbsp;<\/li><\/ul>\n\n\n\n<ul><li>effekt\u00edv, illetve korrig\u00e1lt effekt\u00edv h\u0151m\u00e9rs\u00e9klet 20 \u00b0C&nbsp;<\/li><\/ul>\n\n\n\n<ul><li>maxim\u00e1lisan megengedhet\u0151 effekt\u00edv, illetve korrig\u00e1lt effekt\u00edv h\u0151m\u00e9rs\u00e9klet 31 \u00b0C &nbsp;<\/li><\/ul>\n\n\n\n<p>Nem mindegy teh\u00e1t, hogy mit \u00e9s hogyan m\u00e9r\u00fcnk. L\u00e1ssuk, mit jelentenek a k\u00fcl\u00f6nb\u00f6z\u0151 h\u0151m\u00e9rs\u00e9klet t\u00edpusok?&nbsp;<\/p>\n\n\n\n<ul><li><strong>L\u00e9gh\u0151m\u00e9rs\u00e9klet: <\/strong>A leveg\u0151 h\u0151sug\u00e1rz\u00e1s ellen \u00e1rny\u00e9kolt, sz\u00e1raz \u00e9rz\u00e9kel\u0151j\u0171 h\u0151m\u00e9r\u0151vel m\u00e9rt h\u0151m\u00e9rs\u00e9klete. Ez felel meg teh\u00e1t a hagyom\u00e1nyos m\u00f3don m\u00e9rt h\u0151m\u00e9rs\u00e9kletnek.&nbsp;<\/li><\/ul>\n\n\n\n<ul><li><strong>Effekt\u00edv h\u0151m\u00e9rs\u00e9klet: <\/strong>A munkahelyi leveg\u0151k\u00f6rnyezet olyan komplex mutat\u00f3sz\u00e1ma (kl\u00edmaindexe), amely az adott hely l\u00e9gh\u0151m\u00e9rs\u00e9klet\u00e9t, a leveg\u0151 relat\u00edv nedvess\u00e9gtartalm\u00e1t \u00e9s a l\u00e9gsebess\u00e9get veszi figyelembe.&nbsp;<\/li><\/ul>\n\n\n\n<ul><li><strong>Korrig\u00e1lt effekt\u00edv h\u0151m\u00e9rs\u00e9klet:<\/strong> A munkahelyi leveg\u0151k\u00f6rnyezet olyan komplex mutat\u00f3sz\u00e1ma, amely az effekt\u00edv h\u0151m\u00e9rs\u00e9kleten k\u00edv\u00fcl a h\u0151sug\u00e1rz\u00e1st is figyelembe veszi. M\u00e9r\u00e9s\u00e9hez speci\u00e1lis gl\u00f3busz-h\u0151m\u00e9r\u0151 sz\u00fcks\u00e9ges, amely a h\u0151sug\u00e1rz\u00e1st is \u00e9rz\u00e9keli.&nbsp;<\/li><\/ul>\n\n\n\n<h2><strong>Mikor van sz\u00fcks\u00e9g mobil kl\u00edm\u00e1ra?<\/strong>&nbsp;<\/h2>\n\n\n\n<p>Azt m\u00e1r mindenki megtapasztalhatta, hogy a nyarak egyre forr\u00f3bbak, t\u00f6bb a h\u0151hull\u00e1m, illetve sajnos m\u00e1r tavasszal \u00e9s \u0151sszel is el\u0151fordulhatnak \u201eny\u00e1ri napok\u201d, amikor a h\u0151m\u00e9rs\u00e9klet meghaladja a 25 \u00b0C-ot. Ezekhez a sz\u00e9ls\u0151s\u00e9gekhez a magyarorsz\u00e1gi ingatlan\u00e1llom\u00e1ny m\u00e9g nem tudott alkalmazkodni, hiszen ahhoz olyan komoly energetikai korszer\u0171s\u00edt\u00e9sekre van sz\u00fcks\u00e9g, amit sokszor a nagyv\u00e1llalatok is csak a hossz\u00fa t\u00e1v\u00fa beruh\u00e1z\u00e1saikban tudnak megval\u00f3s\u00edtani. Az \u00e1tmeneti id\u0151szakban a j\u00f3l megv\u00e1lasztott mobil kl\u00edm\u00e1k hozhatnak enyh\u00fcl\u00e9st.&nbsp;&nbsp;<\/p>\n\n\n\n<p>M\u00e1sik tipikus eset, amikor az irodah\u00e1z jellege miatt nem lehets\u00e9ges hagyom\u00e1nyos l\u00e9gkond\u00edcion\u00e1l\u00f3 berendez\u00e9s telep\u00edt\u00e9se, pl. az ingatlan m\u0171eml\u00e9k, vagy egy\u00e9b v\u00e9detts\u00e9get \u00e9lvez. A mobil kl\u00edma ilyen esetekben is j\u00f3 alternat\u00edva.&nbsp;<\/p>\n\n\n\n<p>Harmadik eset pedig, amikor egy helyis\u00e9get csak alkalomszer\u0171en haszn\u00e1lnak, ez\u00e9rt gazdas\u00e1gi racionalit\u00e1s indokolja a mobil kl\u00edma haszn\u00e1lat\u00e1t (pl. ritk\u00e1n haszn\u00e1lt oktat\u00f3 helyis\u00e9g, t\u00e1rgyal\u00f3 vagy archiv\u00e1l\u00f3 helyis\u00e9g).&nbsp;<\/p>\n\n\n\n<h2><strong>Ventil\u00e1tor vagy kl\u00edma?<\/strong>&nbsp;<\/h2>\n\n\n\n<p>Enyh\u00e9bb melegben egy ventil\u00e1tor is sokat tud jav\u00edtani az irodai komforton, de ha a h\u0151m\u00e9rs\u00e9klet 30 \u00b0C f\u00f6l\u00e9 emelkedik, akkor csak a l\u00e9gkondicion\u00e1l\u00f3 seg\u00edt, hiszen ilyen h\u0151m\u00e9rs\u00e9kletn\u00e9l a ventil\u00e1tor csak a meleg leveg\u0151t keringteti, ami a test hat\u00e9kony p\u00e1rologtat\u00e1s\u00e1t \u00e9s h\u0171t\u00e9s\u00e9t m\u00e1r nem teszi lehet\u0151v\u00e9. A l\u00e9gkondicion\u00e1l\u00f3k v\u00e9tel\u00e1ra \u00e9s \u00fczemeltet\u00e9si k\u00f6lts\u00e9ge magasabb, mint a ventil\u00e1torok\u00e9, de sokkal hat\u00e9konyabbak is. Ha nincs telep\u00edtve a helyis\u00e9gben, haszn\u00e1ljon mobil kl\u00edmaberendez\u00e9st az irod\u00e1kban. A mobil kl\u00edma a falba \u00e9p\u00edtetthez hasonl\u00f3an m\u0171k\u00f6dik. Elt\u00e1vol\u00edtja a meleg leveg\u0151t a helyis\u00e9gb\u0151l, \u00e9s friss, h\u0171t\u00f6tt leveg\u0151t f\u00faj be a hely\u00e9re. Ugyanakkor a kl\u00edm\u00e1ra \u00e9rz\u00e9keny koll\u00e9g\u00e1k nagyra fogj\u00e1k \u00e9rt\u00e9kelni, ha enyh\u00e9bb id\u0151ben ventil\u00e1tort haszn\u00e1lhatnak felfriss\u00fcl\u00e9sk\u00e9nt.&nbsp;<\/p>\n\n\n\n<h2><strong>Kivezet\u00e9s n\u00e9lk\u00fcli mobil kl\u00edma: jobb elker\u00fclni<\/strong>&nbsp;<\/h2>\n\n\n\n<p>Bizonyos modellek kivezet\u0151cs\u0151 n\u00e9lk\u00fcl m\u0171k\u00f6dnek. Ezek a mobil kl\u00edm\u00e1k a legkev\u00e9sb\u00e9 hat\u00e9konyak, hiszen a m\u0171k\u00f6d\u00e9s\u00fck sor\u00e1n keletkez\u0151 h\u0151 a helyis\u00e9gben marad, \u00edgy el\u0151\u00e1ll az a kellemetlen helyzet, hogy mik\u00f6zben p\u00f6rgeti a berendez\u00e9s a villany\u00f3r\u00e1t a h\u0171t\u00e9s \u00e9rdek\u00e9ben, egyben f\u0171ti is azt.&nbsp;<\/p>\n\n\n\n<p>Sajnos el kell fogadnunk, hogy a mobil kl\u00edma <a href=\"https:\/\/tesztplussz.hu\/top-5-mobil-klima-2021\/\" target=\"_blank\" rel=\"noreferrer noopener\">tesztek<\/a> rangsor\u00e1ban egyetlen kivezet\u00e9s n\u00e9lk\u00fcli modell sem szerepel. Ahhoz, hogy ezek a k\u00e9sz\u00fcl\u00e9kek hat\u00e9konyan tudjanak m\u0171k\u00f6dni a h\u0151t egy cs\u00f6v\u00f6n kereszt\u00fcl el kell vezetni p\u00e9ld\u00e1ul \u00fagy, hogy a cs\u00f6vet az iroda nyitott ajtaj\u00e1n kereszt\u00fcl a folyos\u00f3ra ir\u00e1ny\u00edtjuk. M\u00e9g hat\u00e9konyabb megold\u00e1s, ha a meleg leveg\u0151t az \u00e9p\u00fcletb\u0151l vezetj\u00fck ki az ablakon kereszt\u00fcl. Nem kell megijedni, ehhez nem kell t\u00e1rva nyitva tartani az ablakot, az megoldhat\u00f3 egy k\u00f6nnyen felszerelhet\u0151 mobil kl\u00edma ablakt\u00f6m\u00edt\u00e9s (ablakkivezet\u0151 zs\u00e1k) seg\u00edts\u00e9g\u00e9vel.&nbsp;<\/p>\n\n\n\n<h2><strong>Legjobb mobil kl\u00edma<\/strong>&nbsp;<\/h2>\n\n\n\n<p>A mobil kl\u00edma teszteken azok a modellek \u00e9rnek el j\u00f3 eredm\u00e9nyt, amelyek hat\u00e9kony m\u0171k\u00f6d\u00e9s mellett alacsony energiafogyaszt\u00e1s\u00faak, csendesen \u00fczemeltethet\u0151ek \u00e9s rendelkeznek olyan k\u00e9nyelmi extr\u00e1kkal, mint pl. a t\u00e1volr\u00f3l vez\u00e9relhet\u0151s\u00e9g. A <a href=\"https:\/\/tesztplussz.hu\/top-5-mobil-klima-2021\/\" target=\"_blank\" rel=\"noreferrer noopener\">Teszt Plussz Magazin<\/a> \u00f6ssze\u00e1ll\u00edtott egy mobil kl\u00edma tesztet, amit rendszeresen friss\u00edtenek is. Ebben a mobil kl\u00edma tesztben hazai \u00e9s glob\u00e1lis, igazolt v\u00e1s\u00e1rl\u00f3i v\u00e9lem\u00e9nyekre alapozz\u00e1k a v\u00e9lem\u00e9ny\u00fcket, amelyben figyelembe veszik a tesztekb\u0151l \u00e9s f\u00f3rumokb\u00f3l sz\u00e1rmaz\u00f3 mobil kl\u00edma v\u00e9lem\u00e9nyeket, illetve a saj\u00e1t tapasztalatokat is.&nbsp;<\/p>\n\n\n\n<p><strong>TIPP: <\/strong>A mobil kl\u00edma teszten j\u00f3l szerepelt a <a href=\"https:\/\/www.manutan.hu\/hu\/mhu\/manutan-mobil-klima-2600-w\" target=\"_blank\" rel=\"noreferrer noopener\">DeLonghi PAC<\/a>, amelyb\u0151l a nagyteljes\u00edtm\u00e9ny\u0171 N90 Eco Silent modell a Manutan k\u00edn\u00e1lat\u00e1ban is megtal\u00e1lhat\u00f3.&nbsp;&nbsp;<\/p>\n\n\n\n<h2><strong>Mobil kl\u00edma v\u00e9lem\u00e9nyek<\/strong>&nbsp;<\/h2>\n\n\n\n<p>A mobil kl\u00edm\u00e1t v\u00e1s\u00e1rl\u00f3k az \u00e9rt\u00e9kel\u00e9sek sor\u00e1n \u00e1ltal\u00e1ban a k\u00f6vetkez\u0151ket szokt\u00e1k kiemelni:&nbsp;<\/p>\n\n\n\n<ul><li><strong>Gyors h\u0171t\u00e9s: <\/strong>Ez akkor is fontos szempont lesz, ha irodai vagy ipari k\u00f6rnyezetbe v\u00e1laszt mobil kl\u00edm\u00e1t. A DeLonghi PAC N90 Eco Silent ak\u00e1r egy 85 m<sup>2<\/sup>-es irod\u00e1t vagy helyis\u00e9get is k\u00e9pes gyorsan leh\u0171teni.&nbsp;<\/li><\/ul>\n\n\n\n<ul><li><strong>Egyszer\u0171 kezel\u00e9s: <\/strong>A mobil kl\u00edm\u00e1k nagy el\u0151nye a hagyom\u00e1nyos l\u00e9gkondicion\u00e1l\u00f3khoz k\u00e9pest, hogy ak\u00e1r szakember n\u00e9lk\u00fcl is telep\u00edthet\u0151ek, az \u00fczemeltet\u00e9s\u00fck pedig egyszer\u0171.&nbsp;&nbsp;<\/li><\/ul>\n\n\n\n<ul><li><strong>Olcs\u00f3 \u00fczemeltet\u00e9s:<\/strong> \u00c9rdemes A energetikai oszt\u00e1lyba tartoz\u00f3 k\u00e9sz\u00fcl\u00e9ket v\u00e1lasztani, mert hossz\u00fa t\u00e1von ez \u00fczemeltethet\u0151 a legk\u00f6lts\u00e9ghat\u00e9konyabban. A Manutan \u00e1ltal forgalmazott mobil kl\u00edm\u00e1k mindegyike ilyen.&nbsp;<\/li><\/ul>\n\n\n\n<ul><li><strong>Design:<\/strong> A mobil kl\u00edma v\u00e9lem\u00e9nyekn\u00e9l gyakran tal\u00e1lkozni ezzel a szemponttal is, hiszen a v\u00e1s\u00e1rl\u00f3knak fontos a k\u00e9sz\u00fcl\u00e9k megjelen\u00e9se. A modern mobil kl\u00edm\u00e1k eszt\u00e9tikusak \u00e9s j\u00f3l illeszkednek szinte b\u00e1rmilyen irodai st\u00edlushoz.&nbsp;<\/li><\/ul>\n\n\n\n<h2><strong>Hogyan v\u00e1lasszunk mobil kl\u00edm\u00e1t irod\u00e1ba?<\/strong>&nbsp;<\/h2>\n\n\n\n<p>Mobil kl\u00edma kiv\u00e1laszt\u00e1sakor vegye figyelembe a helyis\u00e9g m\u00e9ret\u00e9t, a mobil kl\u00edma teljes\u00edtm\u00e9ny\u00e9t, zajszintj\u00e9t, a fogyaszt\u00e1s\u00e1t, a kieg\u00e9sz\u00edt\u0151 funkci\u00f3kat, valamint a kl\u00edma kialak\u00edt\u00e1s\u00e1t \u00e9s m\u00e9reteit.&nbsp;<\/p>\n\n\n\n<p>Az aj\u00e1nlott helyis\u00e9gm\u00e9ret az egyes kl\u00edmamodellek r\u00e9szletes term\u00e9kismertet\u0151j\u00e9n\u00e9l van megadva vagy l\u00e9gk\u00f6bm\u00e9terben vagy n\u00e9gyzetm\u00e9terben. A teljes\u00edtm\u00e9ny szint\u00e9n fontos t\u00e9nyez\u0151. \u00c1ltal\u00e1noss\u00e1gban elmondhat\u00f3, hogy kb. 30 W sz\u00fcks\u00e9ges 1 m<sup>3<\/sup> leveg\u0151 h\u0171t\u00e9s\u00e9hez. Annak \u00e9rdek\u00e9ben, hogy a kl\u00edmaberendez\u00e9s ne zavarja koll\u00e9g\u00e1it munka k\u00f6zben, \u00fcgyeljen a zajszintre m\u0171k\u00f6d\u00e9s k\u00f6zben. Irod\u00e1k eset\u00e9ben ez nem haladhatja meg a 65 dB-t .&nbsp;&nbsp;<\/p>\n\n\n\n<p>A mobil kl\u00edm\u00e1k a leveg\u0151 h\u0171t\u00e9s\u00e9n k\u00edv\u00fcl tov\u00e1bbi funkci\u00f3kkal is rendelkezhet, mint p\u00e9ld\u00e1ul f\u0171t\u00e9s \u00e9s p\u00e1r\u00e1tlan\u00edt\u00e1s. De v\u00e1laszthat olyan modelleket is, amelyek rendelkeznek id\u0151z\u00edt\u0151vel, t\u00e1vir\u00e1ny\u00edt\u00f3val, mobilalkalmaz\u00e1shoz val\u00f3 csatlakoz\u00e1ssal stb.&nbsp;<\/p>\n\n\n\n<h2><strong>A mobil kl\u00edma karbantart\u00e1sa \u00e9s biztons\u00e1gos haszn\u00e1lata<\/strong>&nbsp;<\/h2>\n\n\n\n<p>Gy\u0151z\u0151dj\u00f6n meg arr\u00f3l, hogy minden alkalmazott tudja, hogyan kell kezelni a mobil kl\u00edm\u00e1t. Az eg\u00e9szs\u00e9g\u00fcgyi \u00e9s biztons\u00e1gi el\u0151\u00edr\u00e1sok szerint a k\u00fcls\u0151 h\u0151m\u00e9rs\u00e9klet \u00e9s a l\u00e9gkondicion\u00e1lt helyis\u00e9g h\u0151m\u00e9rs\u00e9klete k\u00f6z\u00f6tti k\u00fcl\u00f6nbs\u00e9g nem haladhatja meg az 5-6 \u00b0C-ot.&nbsp;&nbsp;<\/p>\n\n\n\n<p>Ahhoz, hogy a k\u00e9sz\u00fcl\u00e9k megfelel\u0151en \u00e9s biztons\u00e1gosan m\u0171k\u00f6dj\u00f6n, rendszeres karbantart\u00e1sra van sz\u00fcks\u00e9g. Gondoskodjon a berendez\u00e9s rendszeres tiszt\u00edt\u00e1s\u00e1r\u00f3l \u00e9s fert\u0151tlen\u00edt\u00e9s\u00e9r\u0151l. Tiszt\u00edtsa meg a kl\u00edmaberendez\u00e9s sz\u0171r\u0151it is, hogy megakad\u00e1lyozza a bakt\u00e9riumok \u00e9s a pen\u00e9sz terjed\u00e9s\u00e9t. Hosszabb le\u00e1ll\u00e1s el\u0151tt, jellemz\u0151en ny\u00e1r v\u00e9g\u00e9n sz\u00e1r\u00edtsa meg a kl\u00edmaberendez\u00e9st, engedje le a marad\u00e9k kondenzvizet, amelyben a bakt\u00e9riumok szaporodhatnak \u00e9s tiszt\u00edtsa meg a k\u00e9sz\u00fcl\u00e9ket, miel\u0151tt elcsomagoln\u00e1.&nbsp;&nbsp;<\/p>\n\n\n\n<p><a href=\"https:\/\/www.manutan.hu\/hu\/mhu\/legkondicionalok\" target=\"_blank\" rel=\"noreferrer noopener\">Ismerje meg a Manutan teljes l\u00e9gkondicion\u00e1l\u00f3 k\u00edn\u00e1lat\u00e1t itt!<\/a> Ha tan\u00e1csra van sz\u00fcks\u00e9ge, keresse bizalommal \u00e9rt\u00e9kes\u00edt\u00e9si koll\u00e9g\u00e1inkat.&nbsp;<\/p>\n","protected":false},"excerpt":{"rendered":"<p>Mi mindenre \u00e9rdemes figyelni a v\u00e1laszt\u00e1skor? Mobil kl\u00edma teszt: melyiket v\u00e1lasszuk az irod\u00e1ba?<\/p>\n","protected":false},"author":3,"featured_media":3983,"comment_status":"closed","ping_status":"closed","sticky":false,"template":"","format":"standard","meta":[],"categories":[522],"tags":[],"jetpack_featured_media_url":"https:\/\/www.manutan.hu\/blog\/wp-content\/uploads\/2024\/12\/mobil-klima-teszt.jpg","_links":{"self":[{"href":"https:\/\/www.manutan.hu\/blog\/wp-json\/wp\/v2\/posts\/3981"}],"collection":[{"href":"https:\/\/www.manutan.hu\/blog\/wp-json\/wp\/v2\/posts"}],"about":[{"href":"https:\/\/www.manutan.hu\/blog\/wp-json\/wp\/v2\/types\/post"}],"author":[{"embeddable":true,"href":"https:\/\/www.manutan.hu\/blog\/wp-json\/wp\/v2\/users\/3"}],"replies":[{"embeddable":true,"href":"https:\/\/www.manutan.hu\/blog\/wp-json\/wp\/v2\/comments?post=3981"}],"version-history":[{"count":3,"href":"https:\/\/www.manutan.hu\/blog\/wp-json\/wp\/v2\/posts\/3981\/revisions"}],"predecessor-version":[{"id":4239,"href":"https:\/\/www.manutan.hu\/blog\/wp-json\/wp\/v2\/posts\/3981\/revisions\/4239"}],"wp:featuredmedia":[{"embeddable":true,"href":"https:\/\/www.manutan.hu\/blog\/wp-json\/wp\/v2\/media\/3983"}],"wp:attachment":[{"href":"https:\/\/www.manutan.hu\/blog\/wp-json\/wp\/v2\/media?parent=3981"}],"wp:term":[{"taxonomy":"category","embeddable":true,"href":"https:\/\/www.manutan.hu\/blog\/wp-json\/wp\/v2\/categories?post=3981"},{"taxonomy":"post_tag","embeddable":true,"href":"https:\/\/www.manutan.hu\/blog\/wp-json\/wp\/v2\/tags?post=3981"}],"curies":[{"name":"wp","href":"https:\/\/api.w.org\/{rel}","templated":true}]}}