{"id":3957,"date":"2024-12-02T11:04:17","date_gmt":"2024-12-02T10:04:17","guid":{"rendered":"https:\/\/www.manutan.hu\/blog\/?p=3957"},"modified":"2025-04-16T12:53:29","modified_gmt":"2025-04-16T10:53:29","slug":"egeszsegvedelem-a-munkahelyen","status":"publish","type":"post","link":"https:\/\/www.manutan.hu\/blog\/egeszsegvedelem-a-munkahelyen\/","title":{"rendered":"Eg\u00e9szs\u00e9gv\u00e9delem a munkahelyen"},"content":{"rendered":"\n<p>Az eg\u00e9szs\u00e9gv\u00e9delem a munkahelyen olyan alapvet\u0151 c\u00e9lkit\u0171z\u00e9s, amely nem csup\u00e1n a dolgoz\u00f3k biztons\u00e1gos munkav\u00e9gz\u00e9s\u00e9t t\u00e1mogatja, hanem hossz\u00fa t\u00e1von a munkahelyi hat\u00e9konys\u00e1got, a produktivit\u00e1st \u00e9s az el\u00e9gedetts\u00e9get is n\u00f6veli. Az eg\u00e9szs\u00e9gv\u00e9delmi int\u00e9zked\u00e9sek k\u00f6z\u00e9ppontj\u00e1ban a megel\u0151z\u00e9s, a kock\u00e1zatok minimaliz\u00e1l\u00e1sa \u00e9s az optim\u00e1lis munkak\u00f6r\u00fclm\u00e9nyek biztos\u00edt\u00e1sa \u00e1ll. A j\u00f3l megtervezett eg\u00e9szs\u00e9gv\u00e9delmi strat\u00e9gi\u00e1k a munkav\u00e1llal\u00f3k fizikai, ment\u00e1lis \u00e9s pszichoszoci\u00e1lis eg\u00e9szs\u00e9g\u00e9nek meg\u0151rz\u00e9s\u00e9hez j\u00e1rulnak hozz\u00e1.&nbsp;<\/p>\n\n\n\n<figure class=\"wp-block-image size-full\"><img loading=\"lazy\" width=\"996\" height=\"672\" src=\"https:\/\/www.manutan.hu\/blog\/wp-content\/uploads\/2024\/12\/egeszsegvedelem-a-munkahelyen.jpg\" alt=\"munahelyi eg\u00e9szs\u00e9gv\u00e9delem\" class=\"wp-image-3958\" srcset=\"https:\/\/www.manutan.hu\/blog\/wp-content\/uploads\/2024\/12\/egeszsegvedelem-a-munkahelyen.jpg 996w, https:\/\/www.manutan.hu\/blog\/wp-content\/uploads\/2024\/12\/egeszsegvedelem-a-munkahelyen-300x202.jpg 300w, https:\/\/www.manutan.hu\/blog\/wp-content\/uploads\/2024\/12\/egeszsegvedelem-a-munkahelyen-768x518.jpg 768w\" sizes=\"(max-width: 996px) 100vw, 996px\" \/><\/figure>\n\n\n\n<h2><strong>Az eg\u00e9szs\u00e9gv\u00e9delem fontoss\u00e1ga<\/strong>&nbsp;<\/h2>\n\n\n\n<p>Az eg\u00e9szs\u00e9gv\u00e9delem kiemelked\u0151en fontos a munkav\u00e1llal\u00f3k j\u00f3ll\u00e9te szempontj\u00e1b\u00f3l, mivel a munkahelyi k\u00f6rnyezetb\u0151l ad\u00f3d\u00f3 k\u00e1ros hat\u00e1sok sz\u00e1mos fizikai \u00e9s pszich\u00e9s probl\u00e9m\u00e1t id\u00e9zhetnek el\u0151. Az eg\u00e9szs\u00e9ges munkav\u00e1llal\u00f3k \u00e1ltal\u00e1ban nagyobb munkateljes\u00edtm\u00e9nyt ny\u00fajtanak, ritk\u00e1bban hi\u00e1nyoznak \u00e9s kevesebb balesetet szenvednek el. Emellett az eg\u00e9szs\u00e9gv\u00e9delem hozz\u00e1j\u00e1rul a munkahelyi mor\u00e1l \u00e9s el\u00e9gedetts\u00e9g javul\u00e1s\u00e1hoz, \u00edgy a fluktu\u00e1ci\u00f3 cs\u00f6kkent\u00e9s\u00e9hez \u00e9s a munkav\u00e1llal\u00f3i elk\u00f6telezetts\u00e9g n\u00f6vel\u00e9s\u00e9hez is.&nbsp;<\/p>\n\n\n\n<p>Az eg\u00e9szs\u00e9gv\u00e9delem fontoss\u00e1g\u00e1t j\u00f3l t\u00fckr\u00f6zi, hogy az EU m\u00e1r 1989-ben elfogadta azt a <a href=\"https:\/\/osha.europa.eu\/hu\/safety-and-health-legislation\/european-directives\" target=\"_blank\" rel=\"noreferrer noopener\">keretir\u00e1nyelv\u00e9t<\/a>, ami a munkahelyi biztons\u00e1gra \u00e9s eg\u00e9szs\u00e9gv\u00e9delemre vonatkozik. Az ir\u00e1nyelvet a tag\u00e1llamok \u00e1t\u00fcltett\u00e9k nemzeti jogukba, ahogy tette azt Magyarorsz\u00e1g is. E keretir\u00e1nyelv adja az alapj\u00e1t annak, hogy az EU-n bel\u00fcl a munk\u00e1ltat\u00f3k k\u00f6telesek:&nbsp;<\/p>\n\n\n\n<ul><li>megfelel\u0151 megel\u0151z\u0151 int\u00e9zked\u00e9seket tenni,&nbsp;<\/li><\/ul>\n\n\n\n<ul><li>a munkav\u00e9gz\u00e9st biztons\u00e1gosabb\u00e1 \u00e9s eg\u00e9szs\u00e9gesebb\u00e9 tenni,&nbsp;<\/li><\/ul>\n\n\n\n<ul><li>a munkav\u00e1llal\u00f3k sz\u00e1m\u00e1ra t\u00e1j\u00e9koztat\u00e1st \u00e9s k\u00e9pz\u00e9st ny\u00fajtani.&nbsp;<\/li><\/ul>\n\n\n\n<p>A c\u00e9l pedig nem m\u00e1s, mint a munkahelyi eg\u00e9szs\u00e9g \u00e9s biztons\u00e1g el\u0151mozd\u00edt\u00e1sa.&nbsp;<\/p>\n\n\n\n<h2><strong>Hogyan lesz hat\u00e9kony az eg\u00e9szs\u00e9gv\u00e9delem<\/strong>?&nbsp;<\/h2>\n\n\n\n<p>A hat\u00e9kony eg\u00e9szs\u00e9gv\u00e9delem megteremt\u00e9se \u00e1tfog\u00f3 \u00e9s integr\u00e1lt megk\u00f6zel\u00edt\u00e9st ig\u00e9nyel, amely figyelembe veszi a munkahelyi kock\u00e1zatokat, valamint a dolgoz\u00f3k ig\u00e9nyeit \u00e9s eg\u00e9szs\u00e9gi \u00e1llapot\u00e1t. Ez ma m\u00e1r szerencs\u00e9re sz\u00e1mos munk\u00e1ltat\u00f3n\u00e1l messze t\u00falmutat a jogszab\u00e1lyi k\u00f6telezetts\u00e9geknek val\u00f3 megfelel\u00e9sen. Sok munk\u00e1ltat\u00f3 igyekszik egy k\u00f6lcs\u00f6n\u00f6s partners\u00e9gi viszonyon alapul\u00f3, t\u00e1mogat\u00f3 szeml\u00e9let\u0171 eg\u00e9szs\u00e9gv\u00e9delmi programot kidolgozni.&nbsp;&nbsp;<\/p>\n\n\n\n<h3><strong>A hat\u00e9kony eg\u00e9szs\u00e9gv\u00e9delem l\u00e9p\u00e9sei<\/strong>&nbsp;<\/h3>\n\n\n\n<p><strong>1. Munkahelyi kock\u00e1zatelemz\u00e9s \u00e9s kock\u00e1zatkezel\u00e9s:<\/strong> Rendszeres felm\u00e9r\u00e9sek \u00e9s ellen\u0151rz\u00e9sek seg\u00edts\u00e9g\u00e9vel meghat\u00e1rozhat\u00f3k azok a vesz\u00e9lyforr\u00e1sok, amelyek elker\u00fclhet\u0151k vagy minimaliz\u00e1lhat\u00f3k.&nbsp;<\/p>\n\n\n\n<p><strong>2. Szem\u00e9lyi v\u00e9d\u0151eszk\u00f6z\u00f6k biztos\u00edt\u00e1sa:<\/strong> Az el\u0151\u00edr\u00e1soknak megfelel\u0151 v\u00e9d\u0151felszerel\u00e9s biztos\u00edt\u00e1sa alapvet\u0151 fontoss\u00e1g\u00fa azon munkak\u00f6r\u00f6kben, ahol a munkav\u00e1llal\u00f3k potenci\u00e1lisan vesz\u00e9lyes helyzeteknek vannak kit\u00e9ve.&nbsp;<\/p>\n\n\n\n<p><strong>3. Oktat\u00e1s \u00e9s k\u00e9pz\u00e9s:<\/strong> A dolgoz\u00f3k megfelel\u0151 t\u00e1j\u00e9koztat\u00e1sa \u00e9s k\u00e9pz\u00e9se a balesetek elker\u00fcl\u00e9se \u00e9rdek\u00e9ben.&nbsp;<\/p>\n\n\n\n<p><strong>4. Fizikai \u00e9s ment\u00e1lis j\u00f3ll\u00e9t t\u00e1mogat\u00e1sa:<\/strong> A munkav\u00e1llal\u00f3k ment\u00e1lis eg\u00e9szs\u00e9g\u00e9nek t\u00e1mogat\u00e1sa, ergonomikus munka\u00e1llom\u00e1sok kialak\u00edt\u00e1sa, stresszkezel\u00e9si programok ind\u00edt\u00e1sa, sz\u00fcnetek tart\u00e1sa, mozg\u00e1si lehet\u0151s\u00e9gek biztos\u00edt\u00e1sa, sz\u0171r\u0151programokon val\u00f3 r\u00e9szv\u00e9telre biztat\u00e1s.&nbsp;<\/p>\n\n\n\n<h2><strong>Az eg\u00e9szs\u00e9gv\u00e9delem szerepe k\u00fcl\u00f6nb\u00f6z\u0151 ipar\u00e1gakban<\/strong>&nbsp;<\/h2>\n\n\n\n<p>A hat\u00e9kony eg\u00e9szs\u00e9gv\u00e9delem t\u00f6bb szempontot foglal mag\u00e1ban, ide\u00e9rtve a vegyi, fizikai, biol\u00f3giai kock\u00e1zatok kezel\u00e9s\u00e9t, a munkaterhel\u00e9s optimaliz\u00e1l\u00e1s\u00e1t, az ergon\u00f3mia szerep\u00e9t, valamint a ment\u00e1lis j\u00f3ll\u00e9t t\u00e1mogat\u00e1s\u00e1t.&nbsp;<\/p>\n\n\n\n<h3><strong>Vegyi \u00e9s biol\u00f3giai anyagoknak val\u00f3 kitetts\u00e9g<\/strong>&nbsp;<\/h3>\n\n\n\n<p>Sz\u00e1mos munkahelyen el\u0151fordulhatnak vegyi \u00e9s biol\u00f3giai anyagok, amelyek eg\u00e9szs\u00e9gk\u00e1ros\u00edt\u00f3 hat\u00e1ssal lehetnek a dolgoz\u00f3kra. Ilyen vegyi anyagok lehetnek a tiszt\u00edt\u00f3szerek, fest\u00e9kek, old\u00f3szerek, valamint a gy\u00e1rt\u00e1si folyamatok sor\u00e1n haszn\u00e1lt vagy keletkez\u0151 anyagok (pl. azbeszt, robban\u00e1svesz\u00e9lyes anyagok). A biol\u00f3giai vesz\u00e9lyforr\u00e1sok, mint p\u00e9ld\u00e1ul a bakt\u00e9riumok, v\u00edrusok \u00e9s m\u00e1s k\u00f3rokoz\u00f3k, k\u00fcl\u00f6n\u00f6sen az eg\u00e9szs\u00e9g\u00fcgyi, mez\u0151gazdas\u00e1gi \u00e9s laborat\u00f3riumi munk\u00e1k sor\u00e1n jelentenek kiemelt kock\u00e1zatot. Az eg\u00e9szs\u00e9gv\u00e9delem szempontj\u00e1b\u00f3l fontos, hogy szigor\u00fa v\u00e9delmi int\u00e9zked\u00e9seket \u00e9s megfelel\u0151 eszk\u00f6z\u00f6ket alkalmazzanak. A dolgoz\u00f3k sz\u00e1m\u00e1ra oktat\u00e1st \u00e9s <a href=\"https:\/\/www.manutan.hu\/hu\/mhu\/munkaruhazat-es-vedoeszkozok\" target=\"_blank\" rel=\"noreferrer noopener\">egy\u00e9ni v\u00e9d\u0151felszerel\u00e9st<\/a> kell biztos\u00edtani, hogy elker\u00fclj\u00e9k a m\u00e9rgez\u00e9s, b\u0151rk\u00e1rosod\u00e1s, l\u00e9g\u00fati probl\u00e9m\u00e1k \u00e9s egy\u00e9b, hossz\u00fa t\u00e1von k\u00e1ros k\u00f6vetkezm\u00e9nyek kialakul\u00e1s\u00e1t. Ezekr\u0151l egy sor \u00e1gazati jogszab\u00e1ly rendelkezik, melyek k\u00f6z\u00fcl a legfontosabbak:&nbsp;&nbsp;<\/p>\n\n\n\n<ul><li><a href=\"https:\/\/net.jogtar.hu\/jogszabaly?docid=A0000025.TV\" target=\"_blank\" rel=\"noreferrer noopener\">2000. \u00e9vi XXV. t\u00f6rv\u00e9ny a k\u00e9miai biztons\u00e1gr\u00f3l<\/a>&nbsp;<\/li><\/ul>\n\n\n\n<ul><li><a href=\"https:\/\/net.jogtar.hu\/jogszabaly?docid=A2000005.ITM\" target=\"_blank\" rel=\"noreferrer noopener\">5\/2020. (II. 6.) ITM rendelet a k\u00e9miai k\u00f3roki t\u00e9nyez\u0151k hat\u00e1s\u00e1nak kitett munkav\u00e1llal\u00f3k eg\u00e9szs\u00e9g\u00e9nek \u00e9s biztons\u00e1g\u00e1nak v\u00e9delm\u00e9r\u0151l<\/a>&nbsp;<\/li><\/ul>\n\n\n\n<ul><li><a href=\"https:\/\/net.jogtar.hu\/jogszabaly?docid=A2300055.GFM\" target=\"_blank\" rel=\"noreferrer noopener\">55\/2023. (XII. 28.) GFM rendelet a foglalkoz\u00e1si eredet\u0171 r\u00e1kkelt\u0151, mutag\u00e9n vagy reprodukci\u00f3t k\u00e1ros\u00edt\u00f3 anyagok elleni v\u00e9dekez\u00e9sr\u0151l \u00e9s az \u00e1ltaluk okozott eg\u00e9szs\u00e9gk\u00e1rosod\u00e1sok megel\u0151z\u00e9s\u00e9r\u0151l<\/a>&nbsp;<\/li><\/ul>\n\n\n\n<ul><li><a href=\"https:\/\/net.jogtar.hu\/jogszabaly?docid=99900065.EUM\" target=\"_blank\" rel=\"noreferrer noopener\">65\/1999. (XII. 22.) E\u00fcM rendelet a munkav\u00e1llal\u00f3k munkahelyen t\u00f6rt\u00e9n\u0151 egy\u00e9ni v\u00e9d\u0151eszk\u00f6z haszn\u00e1lat\u00e1nak minim\u00e1lis biztons\u00e1gi \u00e9s eg\u00e9szs\u00e9gv\u00e9delmi k\u00f6vetelm\u00e9nyeir\u0151l<\/a>&nbsp;<\/li><\/ul>\n\n\n\n<h3><strong>Fizikai vesz\u00e9lyeknek val\u00f3 kitetts\u00e9g<\/strong>&nbsp;<\/h3>\n\n\n\n<p>A fizikai vesz\u00e9lyek k\u00f6z\u00e9 tartoznak a munkahelyi balesetek (pl. lees\u00e9sek, v\u00e1g\u00e1sok), valamint a h\u0151m\u00e9rs\u00e9kleti, zaj- \u00e9s f\u00e9nyviszonyok okozta kock\u00e1zatok. Ezek az \u00e1rtalmak k\u00fcl\u00f6n\u00f6sen az ipari k\u00f6rnyezetekben gyakoriak, de sz\u00e1mos m\u00e1s ter\u00fcleten is jelen lehetnek. Az ilyen kock\u00e1zatok cs\u00f6kkent\u00e9se \u00e9rdek\u00e9ben fontos a munkahelyi k\u00f6rnyezet rendszeres ellen\u0151rz\u00e9se, a <a href=\"https:\/\/www.manutan.hu\/hu\/mhu\/munkaruhazat-es-vedoeszkozok\" target=\"_blank\" rel=\"noreferrer noopener\">v\u00e9d\u0151eszk\u00f6z\u00f6k haszn\u00e1lata<\/a> \u00e9s a megfelel\u0151 munkakult\u00fara kialak\u00edt\u00e1sa, amely figyelmet ford\u00edt a vesz\u00e9lyforr\u00e1sok elker\u00fcl\u00e9s\u00e9re \u00e9s kezel\u00e9s\u00e9re. Az \u00e1gazati jogszab\u00e1lyok k\u00fcl\u00f6n-k\u00fcl\u00f6n rendelkeznek a rezg\u00e9s- vagy zajexpoz\u00edci\u00f3nak kitett munkav\u00e1llal\u00f3k eg\u00e9szs\u00e9gv\u00e9delm\u00e9r\u0151l, de a k\u00e9zi anyagmozgat\u00e1st v\u00e9gz\u0151k eg\u00e9szs\u00e9g\u00e9nek meg\u0151rz\u00e9s\u00e9r\u0151l is.&nbsp;<\/p>\n\n\n\n<h3><strong>Munkaterhel\u00e9s cs\u00f6kkent\u00e9se \u00e9s ergon\u00f3mia<\/strong>&nbsp;<\/h3>\n\n\n\n<p>A t\u00falzott munkaterhel\u00e9s sz\u00e1mos eg\u00e9szs\u00e9g\u00fcgyi probl\u00e9m\u00e1t okozhat, bele\u00e9rtve a ment\u00e1lis kimer\u00fclts\u00e9get, a stresszt, valamint a h\u00e1t- \u00e9s \u00edz\u00fcleti f\u00e1jdalmakat. Ezek a kock\u00e1zatok ma m\u00e1r mindennaposnak mondhat\u00f3k az irodai munk\u00e1t v\u00e9gz\u0151k k\u00f6r\u00e9ben, ez\u00e9rt sz\u00e1mos ipar\u00e1gban \u00e9s munkak\u00f6rben dolgoz\u00f3 munkav\u00e1llal\u00f3 \u00e9rintett. Az ergon\u00f3miai szempontb\u00f3l megfelel\u0151en kialak\u00edtott munkahely seg\u00edti a munkav\u00e1llal\u00f3k testtart\u00e1s\u00e1nak optimaliz\u00e1l\u00e1s\u00e1t, \u00edgy cs\u00f6kkentve a hossz\u00fa t\u00e1v\u00fa eg\u00e9szs\u00e9gk\u00e1rosod\u00e1s es\u00e9ly\u00e9t. A rendszeres sz\u00fcnetek, a j\u00f3l megtervezett munkarend \u00e9s a munkav\u00e1llal\u00f3k teherb\u00edr\u00e1s\u00e1nak figyelembev\u00e9tele mind hozz\u00e1j\u00e1rulnak az optim\u00e1lis munkaterhel\u00e9s biztos\u00edt\u00e1s\u00e1hoz. Az egyik legfontosabb jogszab\u00e1ly a t\u00e9m\u00e1ban az <a href=\"https:\/\/net.jogtar.hu\/jogszabaly?docid=99900050.EUM\" target=\"_blank\" rel=\"noreferrer noopener\">50\/1999. (XI. 3.) E\u00fcM rendelet a k\u00e9perny\u0151 el\u0151tti munkav\u00e9gz\u00e9s minim\u00e1lis eg\u00e9szs\u00e9g\u00fcgyi \u00e9s biztons\u00e1gi k\u00f6vetelm\u00e9nyeir\u0151l<\/a>.&nbsp;<\/p>\n\n\n\n<h3><strong>Pszichoszoci\u00e1lis kock\u00e1zatok \u00e9s ment\u00e1lis j\u00f3ll\u00e9t: az eg\u00e9szs\u00e9gv\u00e9delem holisztikus szeml\u00e9lete<\/strong>&nbsp;<\/h3>\n\n\n\n<p>A modern munkak\u00f6rnyezetben egyre nagyobb hangs\u00falyt kap a pszichoszoci\u00e1lis kock\u00e1zatok kezel\u00e9se. A munkahelyi stressz, a t\u00falzott elv\u00e1r\u00e1sok, a munka-mag\u00e1n\u00e9let egyens\u00faly\u00e1nak hi\u00e1nya \u00e9s az alacsony munkav\u00e1llal\u00f3i elismer\u00e9s mind hozz\u00e1j\u00e1rulhatnak a ment\u00e1lis probl\u00e9m\u00e1k, p\u00e9ld\u00e1ul a ki\u00e9g\u00e9s kialakul\u00e1s\u00e1hoz. A munk\u00e1ltat\u00f3knak fontos szerep\u00fck van abban, hogy t\u00e1mogass\u00e1k a munkav\u00e1llal\u00f3k ment\u00e1lis j\u00f3ll\u00e9t\u00e9t k\u00fcl\u00f6nf\u00e9le eszk\u00f6z\u00f6kkel, mint p\u00e9ld\u00e1ul a stresszkezel\u00e9si programok, a tan\u00e1csad\u00e1si lehet\u0151s\u00e9gek \u00e9s a t\u00e1mogat\u00f3 munkahelyi kult\u00fara megteremt\u00e9se.&nbsp;<\/p>\n\n\n\n<h3><strong>Munkaad\u00f3 \u00e1ltal szervezett sz\u0171r\u0151vizsg\u00e1latok<\/strong>&nbsp;<\/h3>\n\n\n\n<p>Az eg\u00e9szs\u00e9gmeg\u0151rz\u00e9s egyik fontos eleme a rendszeres sz\u0171r\u0151vizsg\u00e1latok biztos\u00edt\u00e1sa, amelyek lehet\u0151s\u00e9get adnak a k\u00fcl\u00f6nf\u00e9le betegs\u00e9gek \u00e9s kock\u00e1zati t\u00e9nyez\u0151k korai felismer\u00e9s\u00e9re. Azok a munk\u00e1ltat\u00f3k, akik t\u00e1mogatj\u00e1k a dolgoz\u00f3k \u00f6nk\u00e9ntes eg\u00e9szs\u00e9g\u00fcgyi vizsg\u00e1latait, hozz\u00e1j\u00e1rulnak a hossz\u00fa t\u00e1v\u00fa munkav\u00e1llal\u00f3i eg\u00e9szs\u00e9ghez \u00e9s produktivit\u00e1shoz. A sz\u0171r\u0151vizsg\u00e1latok lehet\u0151v\u00e9 teszik, hogy a munkav\u00e1llal\u00f3k id\u0151ben felismerj\u00e9k az esetleges eg\u00e9szs\u00e9g\u00fcgyi probl\u00e9m\u00e1kat, ez\u00e1ltal elker\u00fclhet\u0151v\u00e9 t\u00e9ve a k\u00e9s\u0151bbi komolyabb k\u00f6vetkezm\u00e9nyeket. Ma m\u00e1r sz\u00e1mos eg\u00e9szs\u00e9g\u00fcgyi szolg\u00e1ltat\u00f3 k\u00edn\u00e1l \u00e1tfog\u00f3 c\u00e9ges sz\u0171r\u0151programot, ak\u00e1r a telephelyre kihelyezett sz\u0171r\u0151buszok biztos\u00edt\u00e1s\u00e1val.&nbsp;<\/p>\n\n\n\n<h2><strong>Eg\u00e9szs\u00e9gmeg\u0151rz\u0151 programok ind\u00edt\u00e1sa a munkahelyen<\/strong>&nbsp;<\/h2>\n\n\n\n<p>Az eg\u00e9szs\u00e9gmeg\u0151rz\u0151 programok c\u00e9lja, hogy a munkav\u00e1llal\u00f3k sz\u00e1m\u00e1ra olyan lehet\u0151s\u00e9geket biztos\u00edtsanak, amelyekkel jav\u00edthatj\u00e1k fizikai \u00e9s ment\u00e1lis eg\u00e9szs\u00e9g\u00fcket. Ilyen programok k\u00f6z\u00e9 tartozhatnak&nbsp;&nbsp;<\/p>\n\n\n\n<ul><li>a testmozg\u00e1si lehet\u0151s\u00e9gek, p\u00e9ld\u00e1ul c\u00e9ges edz\u00e9sek vagy mozg\u00e1s\u00f3r\u00e1k,&nbsp;&nbsp;<\/li><\/ul>\n\n\n\n<ul><li>a doh\u00e1nyz\u00e1sr\u00f3l val\u00f3 leszok\u00e1st t\u00e1mogat\u00f3 kezdem\u00e9nyez\u00e9sek,&nbsp;&nbsp;<\/li><\/ul>\n\n\n\n<ul><li>eg\u00e9szs\u00e9ges t\u00e1pl\u00e1lkoz\u00e1si programok,&nbsp;<\/li><\/ul>\n\n\n\n<ul><li>stresszkezel\u00e9si tr\u00e9ningek,&nbsp;<\/li><\/ul>\n\n\n\n<ul><li>eg\u00e9szs\u00e9ges \u00e9letm\u00f3d kialak\u00edt\u00e1s\u00e1ra vonatkoz\u00f3 el\u0151ad\u00e1sok, workshopok szervez\u00e9se.&nbsp;<\/li><\/ul>\n\n\n\n<p>Az eg\u00e9szs\u00e9gmeg\u0151rz\u0151 programok nemcsak a munkav\u00e1llal\u00f3k eg\u00e9szs\u00e9g\u00e9t jav\u00edtj\u00e1k, hanem a munkahelyi l\u00e9gk\u00f6rt is pozit\u00edv ir\u00e1nyba befoly\u00e1solj\u00e1k.&nbsp;&nbsp;<\/p>\n\n\n\n<p>A munkahelyi eg\u00e9szs\u00e9gv\u00e9delem \u00e1tfog\u00f3 megk\u00f6zel\u00edt\u00e9st ig\u00e9nyel, amely figyelembe veszi a munkak\u00f6rnyezet kock\u00e1zatait \u00e9s a munkav\u00e1llal\u00f3k sz\u00fcks\u00e9gleteit. Az eg\u00e9szs\u00e9gv\u00e9delembe t\u00f6rt\u00e9n\u0151 befektet\u00e9s nemcsak a dolgoz\u00f3k j\u00f3ll\u00e9t\u00e9hez j\u00e1rul hozz\u00e1, hanem a v\u00e1llalat sikeress\u00e9g\u00e9t \u00e9s versenyk\u00e9pess\u00e9g\u00e9t is n\u00f6veli.&nbsp;<\/p>\n","protected":false},"excerpt":{"rendered":"<p>Az eg\u00e9szs\u00e9gv\u00e9delmi int\u00e9zked\u00e9sek k\u00f6z\u00e9ppontj\u00e1ban a megel\u0151z\u00e9s, a kock\u00e1zatok minimaliz\u00e1l\u00e1sa \u00e9s az optim\u00e1lis munkak\u00f6r\u00fclm\u00e9nyek biztos\u00edt\u00e1sa \u00e1ll.<\/p>\n","protected":false},"author":3,"featured_media":3958,"comment_status":"closed","ping_status":"closed","sticky":false,"template":"","format":"standard","meta":[],"categories":[530,522,531],"tags":[],"jetpack_featured_media_url":"https:\/\/www.manutan.hu\/blog\/wp-content\/uploads\/2024\/12\/egeszsegvedelem-a-munkahelyen.jpg","_links":{"self":[{"href":"https:\/\/www.manutan.hu\/blog\/wp-json\/wp\/v2\/posts\/3957"}],"collection":[{"href":"https:\/\/www.manutan.hu\/blog\/wp-json\/wp\/v2\/posts"}],"about":[{"href":"https:\/\/www.manutan.hu\/blog\/wp-json\/wp\/v2\/types\/post"}],"author":[{"embeddable":true,"href":"https:\/\/www.manutan.hu\/blog\/wp-json\/wp\/v2\/users\/3"}],"replies":[{"embeddable":true,"href":"https:\/\/www.manutan.hu\/blog\/wp-json\/wp\/v2\/comments?post=3957"}],"version-history":[{"count":2,"href":"https:\/\/www.manutan.hu\/blog\/wp-json\/wp\/v2\/posts\/3957\/revisions"}],"predecessor-version":[{"id":4243,"href":"https:\/\/www.manutan.hu\/blog\/wp-json\/wp\/v2\/posts\/3957\/revisions\/4243"}],"wp:featuredmedia":[{"embeddable":true,"href":"https:\/\/www.manutan.hu\/blog\/wp-json\/wp\/v2\/media\/3958"}],"wp:attachment":[{"href":"https:\/\/www.manutan.hu\/blog\/wp-json\/wp\/v2\/media?parent=3957"}],"wp:term":[{"taxonomy":"category","embeddable":true,"href":"https:\/\/www.manutan.hu\/blog\/wp-json\/wp\/v2\/categories?post=3957"},{"taxonomy":"post_tag","embeddable":true,"href":"https:\/\/www.manutan.hu\/blog\/wp-json\/wp\/v2\/tags?post=3957"}],"curies":[{"name":"wp","href":"https:\/\/api.w.org\/{rel}","templated":true}]}}