{"id":3954,"date":"2024-12-02T11:00:20","date_gmt":"2024-12-02T10:00:20","guid":{"rendered":"https:\/\/www.manutan.hu\/blog\/?p=3954"},"modified":"2025-04-16T12:53:39","modified_gmt":"2025-04-16T10:53:39","slug":"hogyan-hatekony-a-hulladek-csokkentese","status":"publish","type":"post","link":"https:\/\/www.manutan.hu\/blog\/hogyan-hatekony-a-hulladek-csokkentese\/","title":{"rendered":"Hogyan hat\u00e9kony a hullad\u00e9k cs\u00f6kkent\u00e9se?"},"content":{"rendered":"\n<p>A hullad\u00e9kkezel\u00e9s k\u00e9rd\u00e9se egyre nagyobb figyelmet kap a v\u00e1llalatok k\u00f6r\u00e9ben, hiszen a fenntarthat\u00f3s\u00e1g ir\u00e1nti ig\u00e9ny \u00e9s a k\u00f6rnyezetv\u00e9delmi szab\u00e1lyoz\u00e1sok egyar\u00e1nt n\u00f6velik a nyom\u00e1st a felel\u0151ss\u00e9gteljes hullad\u00e9kgazd\u00e1lkod\u00e1si megold\u00e1sok kidolgoz\u00e1s\u00e1ra.&nbsp;&nbsp;<\/p>\n\n\n\n<p>A hullad\u00e9k mennyis\u00e9g\u00e9nek cs\u00f6kkent\u00e9se nemcsak a k\u00f6rnyezet v\u00e9delme szempontj\u00e1b\u00f3l kritikus, hanem gazdas\u00e1gi el\u0151ny\u00f6kkel is j\u00e1r:&nbsp;&nbsp;<\/p>\n\n\n\n<ul><li>cs\u00f6kken a hullad\u00e9ksz\u00e1ll\u00edt\u00e1s k\u00f6lts\u00e9ge,&nbsp;&nbsp;<\/li><\/ul>\n\n\n\n<ul><li>cs\u00f6kken a t\u00e1rol\u00e1si ig\u00e9ny, \u00e9s&nbsp;&nbsp;<\/li><\/ul>\n\n\n\n<ul><li>cs\u00f6kkennek a nem megfelel\u0151 hullad\u00e9kkezel\u00e9sb\u0151l sz\u00e1rmaz\u00f3 jogi kock\u00e1zatok is.&nbsp;&nbsp;<\/li><\/ul>\n\n\n\n<p>Cikk\u00fcnkben \u00e1ttekintj\u00fck, hogyan cs\u00f6kkenthet\u0151 hat\u00e9konyan a hullad\u00e9k, k\u00fcl\u00f6n\u00f6s tekintettel irodai k\u00f6rnyezetben.&nbsp;<\/p>\n\n\n\n<figure class=\"wp-block-image size-full\"><img loading=\"lazy\" width=\"996\" height=\"664\" src=\"https:\/\/www.manutan.hu\/blog\/wp-content\/uploads\/2024\/12\/hulladek-csokkentese.jpg\" alt=\"a hullad\u00e9k cs\u00f6kkent\u00e9se az irod\u00e1ban egy szemeteskuk\u00e1ban\" class=\"wp-image-3955\" srcset=\"https:\/\/www.manutan.hu\/blog\/wp-content\/uploads\/2024\/12\/hulladek-csokkentese.jpg 996w, https:\/\/www.manutan.hu\/blog\/wp-content\/uploads\/2024\/12\/hulladek-csokkentese-300x200.jpg 300w, https:\/\/www.manutan.hu\/blog\/wp-content\/uploads\/2024\/12\/hulladek-csokkentese-768x512.jpg 768w\" sizes=\"(max-width: 996px) 100vw, 996px\" \/><\/figure>\n\n\n\n<h2><strong>Mit tekint a jog hullad\u00e9knak?<\/strong>&nbsp;<\/h2>\n\n\n\n<p>Erre a k\u00e9rd\u00e9sre az Eur\u00f3pai Parlament \u00e9s a Tan\u00e1cs 2008. november 19-i 2008\/98\/EK ir\u00e1nyelve adja meg a v\u00e1laszt, amely szerint hullad\u00e9k \u201eb\u00e1rmely olyan anyag vagy t\u00e1rgy, amelyt\u0151l birtokosa megv\u00e1lik, megv\u00e1lni sz\u00e1nd\u00e9kozik vagy megv\u00e1lni k\u00f6teles.\u201d&nbsp;&nbsp;<\/p>\n\n\n\n<p>A hullad\u00e9k cs\u00f6kkent\u00e9sekor h\u00e1rom fontos elvet \u00e9rdemes mindig szem el\u0151tt tartani:&nbsp;<\/p>\n\n\n\n<p><strong>1. Megel\u0151z\u00e9s:<\/strong> A \u201elegjobb\u201d hullad\u00e9k az, ami l\u00e9tre sem j\u00f6n, ez\u00e9rt mind az irodai, mind a termel\u00e9si folyamatokban t\u00f6rekedni kell arra, hogy ha csak lehet, ne keletkezzen hullad\u00e9k.&nbsp;<\/p>\n\n\n\n<p><strong>2. A szennyez\u00e9s forr\u00e1s\u00e1n\u00e1l fell\u00e9p\u00e9s:<\/strong> Meg kell vizsg\u00e1lni a folyamatokat \u00e9s ott meghozni a megel\u0151z\u0151 int\u00e9zked\u00e9seket, ahol a hullad\u00e9k keletkezik. Azokat a hullad\u00e9kokat, amelyek bizony\u00edtottan k\u00e1rosak az eg\u00e9szs\u00e9gre vagy a k\u00f6rnyezetre, ki kell iktatni.&nbsp;<\/p>\n\n\n\n<p><strong>3. A szennyez\u0151 fizet elve: <\/strong>Mind az EU-s, mind a magyar jogszab\u00e1lyok el\u0151\u00edrj\u00e1k, hogy a hullad\u00e9kgazd\u00e1lkod\u00e1s k\u00f6lts\u00e9geit \u2013 az ahhoz sz\u00fcks\u00e9ges infrastrukt\u00fara megteremt\u00e9s\u00e9vel \u00e9s m\u0171k\u00f6dtet\u00e9s\u00e9vel kapcsolatban felmer\u00fcl\u0151 k\u00f6lts\u00e9geket is ide\u00e9rtve \u2013 az eredeti hullad\u00e9ktermel\u0151nek, illetve a jelenlegi vagy a kor\u00e1bbi hullad\u00e9kbirtokosnak kell viselnie. A hullad\u00e9k teh\u00e1t k\u00f6zvetlen t\u00f6bbletk\u00f6lts\u00e9get, m\u00edg a hullad\u00e9k cs\u00f6kkent\u00e9se k\u00f6lts\u00e9gmegtakar\u00edt\u00e1st jelent.&nbsp;<\/p>\n\n\n\n<h2><strong>A hullad\u00e9kcs\u00f6kkent\u00e9s szerepe<\/strong>&nbsp;<\/h2>\n\n\n\n<p>A hullad\u00e9kcs\u00f6kkent\u00e9s c\u00e9lja a termel\u00e9s \u00e9s a felhaszn\u00e1l\u00e1s sor\u00e1n keletkez\u0151 felesleges anyagok \u00e9s t\u00e1rgyak mennyis\u00e9g\u00e9nek minimaliz\u00e1l\u00e1sa. A hullad\u00e9kmennyis\u00e9g cs\u00f6kkent\u00e9se az \u00fan. &#8220;3R&#8221; elve ment\u00e9n t\u00f6rt\u00e9nhet:&nbsp;<\/p>\n\n\n\n<ul><li>Reduce (cs\u00f6kkent\u00e9s): Az anyagfelhaszn\u00e1l\u00e1s minimaliz\u00e1l\u00e1sa a gy\u00e1rt\u00e1si folyamatok sor\u00e1n.&nbsp;<\/li><\/ul>\n\n\n\n<ul><li>Reuse (\u00fajrahaszn\u00e1lat): Az anyagok \u00e9s term\u00e9kek \u00fajrafelhaszn\u00e1l\u00e1sa, ahol lehets\u00e9ges.&nbsp;<\/li><\/ul>\n\n\n\n<ul><li>Recycle (\u00fajrahasznos\u00edt\u00e1s): A m\u00e1r megl\u00e9v\u0151 anyagok feldolgoz\u00e1sa \u00e9s \u00fajrahasznos\u00edt\u00e1sa \u00faj term\u00e9kek el\u0151\u00e1ll\u00edt\u00e1sa \u00e9rdek\u00e9ben.&nbsp;<\/li><\/ul>\n\n\n\n<p>Ezen elvek k\u00f6vet\u00e9se nemcsak a term\u00e9szeti er\u0151forr\u00e1sok meg\u00f3v\u00e1s\u00e1t seg\u00edti el\u0151, hanem a v\u00e1llalatok p\u00e9nz\u00fcgyi er\u0151forr\u00e1sait is k\u00edm\u00e9li, hiszen kevesebb alapanyag beszerz\u00e9s\u00e9re, kevesebb hullad\u00e9k elsz\u00e1ll\u00edt\u00e1s\u00e1ra van sz\u00fcks\u00e9g.&nbsp;<\/p>\n\n\n\n<h2><strong>A hullad\u00e9kmennyis\u00e9g cs\u00f6kkent\u00e9se l\u00e9p\u00e9sr\u0151l l\u00e9p\u00e9sre<\/strong>&nbsp;<\/h2>\n\n\n\n<p><strong>Hat\u00e9kony tervez\u00e9s \u00e9s beszerz\u00e9s<\/strong>&nbsp;<\/p>\n\n\n\n<p>A hullad\u00e9kkeletkez\u00e9s megel\u0151z\u00e9s\u00e9nek els\u0151 l\u00e9p\u00e9se a tudatos tervez\u00e9s \u00e9s a beszerz\u00e9s optimaliz\u00e1l\u00e1sa. \u00c9rdemes el\u0151re meghat\u00e1rozni, hogy pontosan milyen mennyis\u00e9g\u0171 alapanyag sz\u00fcks\u00e9ges, \u00edgy cs\u00f6kkenthet\u0151k a feleslegesen megrendelt term\u00e9kek. Emellett fontos figyelembe venni a beszerz\u00e9si forr\u00e1sokat, \u00e9s olyan besz\u00e1ll\u00edt\u00f3kat v\u00e1lasztani, akik k\u00f6rnyezetbar\u00e1t csomagol\u00f3anyagokat alkalmaznak, vagy lehet\u0151s\u00e9get k\u00edn\u00e1lnak a csomagol\u00f3anyag visszav\u00e9tel\u00e9re.&nbsp;<\/p>\n\n\n\n<p><strong>Termel\u00e9si folyamatok optimaliz\u00e1l\u00e1sa<\/strong>&nbsp;<\/p>\n\n\n\n<p>Az ipari termel\u00e9s sor\u00e1n a technol\u00f3giai folyamatok optimaliz\u00e1l\u00e1sa r\u00e9v\u00e9n jelent\u0151s hullad\u00e9kmegtakar\u00edt\u00e1s \u00e9rhet\u0151 el. \u00c9rdemes bevezetni olyan m\u00f3dszereket, amelyek lehet\u0151v\u00e9 teszik a maradv\u00e1nyok \u00fajrafelhaszn\u00e1l\u00e1s\u00e1t, vagy cs\u00f6kkentik az anyagvesztes\u00e9get. P\u00e9ld\u00e1ul a <a href=\"https:\/\/www.manutan.hu\/blog\/lean-menedzsment-fogalma-eszkozei-es-elonyei\/\" target=\"_blank\" rel=\"noreferrer noopener\">lean menedzsment<\/a> vagy a Six Sigma m\u00f3dszerek kiv\u00e1l\u00f3 lehet\u0151s\u00e9geket k\u00edn\u00e1lnak a hat\u00e9konys\u00e1gn\u00f6vel\u00e9s \u00e9s a hullad\u00e9kcs\u00f6kkent\u00e9s ter\u00e9n. A lean menedzsment eszk\u00f6zeir\u0151l \u00e9s el\u0151nyeir\u0151l <a href=\"https:\/\/www.manutan.hu\/blog\/lean-menedzsment-fogalma-eszkozei-es-elonyei\/\" target=\"_blank\" rel=\"noreferrer noopener\">itt olvashat<\/a> b\u0151vebben.&nbsp;<\/p>\n\n\n\n<p><strong>Alapanyaghaszn\u00e1lat monitoroz\u00e1sa<\/strong>&nbsp;<\/p>\n\n\n\n<p>A folyamatos nyomon k\u00f6vet\u00e9s lehet\u0151v\u00e9 teszi az alapanyag-haszn\u00e1lat optimaliz\u00e1l\u00e1s\u00e1t, a vesztes\u00e9gek azonos\u00edt\u00e1s\u00e1t, \u00e9s az esetleges t\u00falhaszn\u00e1lat kik\u00fcsz\u00f6b\u00f6l\u00e9s\u00e9t. A digit\u00e1lis eszk\u00f6z\u00f6k, p\u00e9ld\u00e1ul az IoT-alap\u00fa szenzorok haszn\u00e1lata az alapanyagok val\u00f3s idej\u0171 k\u00f6vet\u00e9s\u00e9re adnak lehet\u0151s\u00e9get, hogy a gy\u00e1rt\u00e1s sor\u00e1n kevesebb felesleges hullad\u00e9k keletkezzen. De mindezt nemcsak a gy\u00e1rt\u00e1sban, hanem irodai k\u00f6rnyezetben is \u00e9rdemes monitorozni, pl. a pap\u00edrhaszn\u00e1lat, nyomtat\u00f3 tonerek haszn\u00e1lata, hiszen cs\u00f6kkent\u00e9sre csak akkor van lehet\u0151s\u00e9g, ha el\u0151zetesen l\u00e1tjuk a felhaszn\u00e1lt mennyis\u00e9geket.&nbsp;<\/p>\n\n\n\n<p><strong>Kevesebb hullad\u00e9k irodai k\u00f6rnyezetben<\/strong>&nbsp;<\/p>\n\n\n\n<p>Az irodai k\u00f6rnyezetben gyakran apr\u00f3nak t\u0171n\u0151, de a hossz\u00fa t\u00e1von jelent\u0151s\u00e9gteljes hullad\u00e9kkibocs\u00e1t\u00e1st cs\u00f6kkent\u0151 l\u00e9p\u00e9sek vezethetnek val\u00f3di eredm\u00e9nyekhez. Az irod\u00e1kban a pap\u00edrhullad\u00e9k, az eldobhat\u00f3 m\u0171anyagok, a tonerek \u00e9s az elektronikai hullad\u00e9kok k\u00e9pezik a f\u0151bb hullad\u00e9kt\u00edpusokat.&nbsp;<\/p>\n\n\n\n<p><strong>Pap\u00edrfelhaszn\u00e1l\u00e1s cs\u00f6kkent\u00e9se<\/strong>&nbsp;<\/p>\n\n\n\n<p>A pap\u00edrfelhaszn\u00e1l\u00e1s m\u00e9rs\u00e9kl\u00e9s\u00e9nek egyik leghat\u00e9konyabb m\u00f3dja az elektronikus dokumentumkezel\u00e9sre val\u00f3 \u00e1t\u00e1ll\u00e1s. Az elektronikus sz\u00e1ml\u00e1z\u00e1s, a digit\u00e1lis al\u00e1\u00edr\u00e1sok alkalmaz\u00e1sa, illetve a felh\u0151alap\u00fa t\u00e1rol\u00e1s mind hozz\u00e1j\u00e1rulhatnak ahhoz, hogy kevesebb pap\u00edrra legyen sz\u00fcks\u00e9g a mindennapi munkav\u00e9gz\u00e9shez. Emellett \u00e9rdemes \u00f6szt\u00f6n\u00f6zni a munkav\u00e1llal\u00f3kat arra, hogy csak akkor nyomtassanak, ha val\u00f3ban sz\u00fcks\u00e9ges, \u00e9s akkor is k\u00e9toldalasan.&nbsp;<\/p>\n\n\n\n<p><strong>Egyszer haszn\u00e1latos eszk\u00f6z\u00f6k kiv\u00e1lt\u00e1sa<\/strong>&nbsp;<\/p>\n\n\n\n<p>Az irod\u00e1kban gyakran haszn\u00e1lt egyszer haszn\u00e1latos m\u0171anyag term\u00e9kek, p\u00e9ld\u00e1ul poharak, palackok \u00e9s ev\u0151eszk\u00f6z\u00f6k helyettes\u00edt\u00e9se \u00fajrahaszn\u00e1lhat\u00f3 alternat\u00edv\u00e1kkal jelent\u0151s m\u00e9rt\u00e9kben cs\u00f6kkentheti az irodai hullad\u00e9kmennyis\u00e9get. A c\u00e9gek sz\u00e1m\u00e1ra megfontoland\u00f3 lehet a v\u00e1llalati szint\u0171 v\u00edztiszt\u00edt\u00f3 rendszerek ki\u00e9p\u00edt\u00e9se, valamint \u00fajrahaszn\u00e1lhat\u00f3 eszk\u00f6z\u00f6k beszerz\u00e9se a konyh\u00e1kba \u00e9s t\u00e1rgyal\u00f3termekbe.&nbsp;<\/p>\n\n\n\n<p><strong>Elektronikai eszk\u00f6z\u00f6k fenntarthat\u00f3 kezel\u00e9se<\/strong>&nbsp;<\/p>\n\n\n\n<p>\u00c9rdemes figyelmet ford\u00edtani arra, hogy az elavult vagy meghib\u00e1sodott eszk\u00f6z\u00f6k szelekt\u00edv gy\u0171jt\u00e9se \u00e9s \u00fajrahasznos\u00edt\u00e1sa megfelel\u0151en t\u00f6rt\u00e9njen. De a modern szeml\u00e9let szerint els\u0151sorban a karbantart\u00e1sra, illetve a jav\u00edt\u00e1sra kell helyezni a hangs\u00falyt. Az eszk\u00f6z\u00f6k cser\u00e9j\u00e9re csak akkor ker\u00fclj\u00f6n sor, ha a jav\u00edt\u00e1s nem lehets\u00e9ges. A dolgoz\u00f3k oktat\u00e1sa az elektronikus hullad\u00e9k megfelel\u0151 kezel\u00e9s\u00e9r\u0151l hozz\u00e1j\u00e1rulhat ahhoz, hogy a hullad\u00e9kkibocs\u00e1t\u00e1s cs\u00f6kkenjen, mik\u00f6zben a r\u00e9gi eszk\u00f6z\u00f6ket \u00fajra lehet hasznos\u00edtani vagy adom\u00e1nyk\u00e9nt fel lehet aj\u00e1nlani.&nbsp;<\/p>\n\n\n\n<p><strong>Szelekt\u00edv hullad\u00e9kgy\u0171jt\u00e9s irodai k\u00f6rnyezetben<\/strong>&nbsp;<\/p>\n\n\n\n<p>A szelekt\u00edv hullad\u00e9kgy\u0171jt\u00e9s kulcsfontoss\u00e1g\u00fa eleme a v\u00e1llalatok hullad\u00e9kkezel\u00e9si strat\u00e9gi\u00e1j\u00e1nak. Az irodai k\u00f6rnyezetben a szelekt\u00edv gy\u0171jt\u00e9s el\u0151seg\u00edti az \u00fajrahasznos\u00edt\u00e1st, \u00e9s hozz\u00e1j\u00e1rul a k\u00f6rnyezetterhel\u00e9s cs\u00f6kkent\u00e9s\u00e9hez.&nbsp;<\/p>\n\n\n\n<p><strong>Gy\u0171jt\u0151ed\u00e9nyek elhelyez\u00e9se \u00e9s c\u00edmk\u00e9z\u00e9se<\/strong>&nbsp;<\/p>\n\n\n\n<p>Az irod\u00e1ban k\u00fcl\u00f6nb\u00f6z\u0151 hullad\u00e9kt\u00edpusokhoz k\u00fcl\u00f6n <a href=\"https:\/\/www.manutan.hu\/hu\/mhu\/papirkosarak-es-hulladekgyujtok\" target=\"_blank\" rel=\"noreferrer noopener\">gy\u0171jt\u0151ed\u00e9nyek<\/a> elhelyez\u00e9se alapvet\u0151 fontoss\u00e1g\u00fa. Fontos, hogy minden ed\u00e9ny j\u00f3l l\u00e1that\u00f3 helyen legyen, \u00e9s egy\u00e9rtelm\u0171en c\u00edmk\u00e9zett, p\u00e9ld\u00e1ul &#8220;pap\u00edr&#8221;, &#8220;m\u0171anyag&#8221;, &#8220;\u00fcveg&#8221;, &#8220;elektronikai hullad\u00e9k&#8221; \u00e9s &#8220;vegyes hullad\u00e9k&#8221; feliratokkal. Az egy\u00e9rtelm\u0171 c\u00edmk\u00e9z\u00e9s \u00f6szt\u00f6nzi a dolgoz\u00f3kat a hullad\u00e9k megfelel\u0151 kezel\u00e9s\u00e9re.&nbsp;<\/p>\n\n\n\n<h2><strong>Szelekt\u00edv hullad\u00e9kgy\u0171jt\u00e9s \u00f6szt\u00f6nz\u00e9se<\/strong>&nbsp;<\/h2>\n\n\n\n<p>A v\u00e1llalatok sz\u00e1m\u00e1ra c\u00e9lszer\u0171 \u00f6szt\u00f6nz\u0151 rendszert kidolgozni, amely t\u00e1mogatja a dolgoz\u00f3k akt\u00edv r\u00e9szv\u00e9tel\u00e9t a szelekt\u00edv hullad\u00e9kgy\u0171jt\u00e9sben. P\u00e9ld\u00e1ul, elismer\u00e9sben r\u00e9szes\u00edthet\u0151k azok az irod\u00e1k, amelyekben a legmagasabb az \u00fajrahasznos\u00edthat\u00f3 hullad\u00e9k ar\u00e1nya. Emellett bels\u0151 kommunik\u00e1ci\u00f3s kamp\u00e1nyokkal is n\u00f6velhet\u0151 a hullad\u00e9kgy\u0171jt\u00e9s fontoss\u00e1g\u00e1r\u00f3l sz\u00f3l\u00f3 tudatoss\u00e1g.&nbsp;<\/p>\n\n\n\n<h2><strong>Hullad\u00e9kgy\u0171jt\u00e9si szok\u00e1sok ellen\u0151rz\u00e9se \u00e9s elemz\u00e9se<\/strong>&nbsp;<\/h2>\n\n\n\n<p>A szelekt\u00edv gy\u0171jt\u00e9si szok\u00e1sok \u00e9s a hullad\u00e9kgy\u0171jt\u00e9si ar\u00e1ny rendszeres ellen\u0151rz\u00e9se lehet\u0151v\u00e9 teszi a hullad\u00e9kcs\u00f6kkent\u00e9si c\u00e9lok nyomon k\u00f6vet\u00e9s\u00e9t \u00e9s az esetleges probl\u00e9m\u00e1k id\u0151beni \u00e9szlel\u00e9s\u00e9t. Az ilyen ellen\u0151rz\u00e9sek eredm\u00e9nyeinek elemz\u00e9se r\u00e9v\u00e9n a v\u00e1llalat m\u00f3dos\u00edthatja \u00e9s jav\u00edthatja hullad\u00e9kkezel\u00e9si strat\u00e9gi\u00e1j\u00e1t. Elk\u00e9pzelhet\u0151 p\u00e9ld\u00e1ul, hogy a gy\u0171jt\u0151ed\u00e9nyeket \u00e1t kell helyezni forgalmasabb helyekre vagy olyan strat\u00e9giai pontokra, ahol a munkav\u00e1llal\u00f3k k\u00f6nnyebben el\u00e9rik. A helyes hullad\u00e9kszelekt\u00e1l\u00e1st t\u00e1mogatj\u00e1k az olyan gy\u0171jt\u0151ed\u00e9nyek, amelyek bedob\u00f3ny\u00edl\u00e1sa a bele helyezhet\u0151 hullad\u00e9k t\u00edpus\u00e1nak megfelel\u0151 (pl. keskeny cs\u00edk a pap\u00edrnak, kerek ny\u00edl\u00e1s a palackoknak stb.).&nbsp;<\/p>\n\n\n\n<p>A hullad\u00e9k mennyis\u00e9g\u00e9nek cs\u00f6kkent\u00e9se \u00e9s a hat\u00e9kony hullad\u00e9kkezel\u00e9s el\u00e9r\u00e9se sz\u00e1mos el\u0151nnyel j\u00e1r a v\u00e1llalatok sz\u00e1m\u00e1ra. A tervezett anyagfelhaszn\u00e1l\u00e1s, a megfelel\u0151 termel\u00e9si folyamatok kialak\u00edt\u00e1sa, a szelekt\u00edv hullad\u00e9kgy\u0171jt\u00e9s \u00e9s az \u00fajrahaszn\u00e1lat mind-mind hozz\u00e1j\u00e1rulnak egy fenntarthat\u00f3bb v\u00e1llalati m\u0171k\u00f6d\u00e9shez, ami egyben a CSR t\u00f6rekv\u00e9sek megval\u00f3s\u00edt\u00e1s\u00e1t is t\u00e1mogatja. Azok a v\u00e1llalatok, amelyek strat\u00e9giailag \u00e9s tudatosan kezelik a hullad\u00e9kkibocs\u00e1t\u00e1st, nemcsak gazdas\u00e1gi szempontb\u00f3l el\u0151ny\u00f6sebb helyzetbe ker\u00fclnek, hanem hossz\u00fa t\u00e1von k\u00f6rnyezetv\u00e9delmi \u00e9s t\u00e1rsadalmi szinten is pozit\u00edv hat\u00e1st gyakorolnak.&nbsp;<\/p>\n","protected":false},"excerpt":{"rendered":"<p>A hullad\u00e9k mennyis\u00e9g\u00e9nek cs\u00f6kkent\u00e9se nemcsak a k\u00f6rnyezet v\u00e9delme szempontj\u00e1b\u00f3l kritikus, hanem gazdas\u00e1gi el\u0151ny\u00f6kkel is j\u00e1r.<\/p>\n","protected":false},"author":3,"featured_media":3955,"comment_status":"closed","ping_status":"closed","sticky":false,"template":"","format":"standard","meta":[],"categories":[522],"tags":[],"jetpack_featured_media_url":"https:\/\/www.manutan.hu\/blog\/wp-content\/uploads\/2024\/12\/hulladek-csokkentese.jpg","_links":{"self":[{"href":"https:\/\/www.manutan.hu\/blog\/wp-json\/wp\/v2\/posts\/3954"}],"collection":[{"href":"https:\/\/www.manutan.hu\/blog\/wp-json\/wp\/v2\/posts"}],"about":[{"href":"https:\/\/www.manutan.hu\/blog\/wp-json\/wp\/v2\/types\/post"}],"author":[{"embeddable":true,"href":"https:\/\/www.manutan.hu\/blog\/wp-json\/wp\/v2\/users\/3"}],"replies":[{"embeddable":true,"href":"https:\/\/www.manutan.hu\/blog\/wp-json\/wp\/v2\/comments?post=3954"}],"version-history":[{"count":2,"href":"https:\/\/www.manutan.hu\/blog\/wp-json\/wp\/v2\/posts\/3954\/revisions"}],"predecessor-version":[{"id":4244,"href":"https:\/\/www.manutan.hu\/blog\/wp-json\/wp\/v2\/posts\/3954\/revisions\/4244"}],"wp:featuredmedia":[{"embeddable":true,"href":"https:\/\/www.manutan.hu\/blog\/wp-json\/wp\/v2\/media\/3955"}],"wp:attachment":[{"href":"https:\/\/www.manutan.hu\/blog\/wp-json\/wp\/v2\/media?parent=3954"}],"wp:term":[{"taxonomy":"category","embeddable":true,"href":"https:\/\/www.manutan.hu\/blog\/wp-json\/wp\/v2\/categories?post=3954"},{"taxonomy":"post_tag","embeddable":true,"href":"https:\/\/www.manutan.hu\/blog\/wp-json\/wp\/v2\/tags?post=3954"}],"curies":[{"name":"wp","href":"https:\/\/api.w.org\/{rel}","templated":true}]}}