{"id":3938,"date":"2024-12-02T10:48:04","date_gmt":"2024-12-02T09:48:04","guid":{"rendered":"https:\/\/www.manutan.hu\/blog\/?p=3938"},"modified":"2025-04-16T12:54:55","modified_gmt":"2025-04-16T10:54:55","slug":"csomagolas-otletek","status":"publish","type":"post","link":"https:\/\/www.manutan.hu\/blog\/csomagolas-otletek\/","title":{"rendered":"Csomagol\u00e1s \u00f6tletek kisz\u00e1ll\u00edt\u00e1shoz"},"content":{"rendered":"\n<p>R\u00e1ad\u00e1sul a v\u00e1s\u00e1rl\u00f3k egyre tudatosabbak is, k\u00fcl\u00f6n\u00f6sen a fiatal gener\u00e1ci\u00f3 keresi a k\u00f6rnyezetv\u00e9delem ir\u00e1nt elk\u00f6telezett v\u00e1llalkoz\u00e1sokat, akik fenntarthat\u00f3, \u00fajrahasznos\u00edthat\u00f3 csomagol\u00e1sban sz\u00e1ll\u00edtj\u00e1k term\u00e9keiket. Cikk\u00fcnkben bemutatunk n\u00e9h\u00e1ny hasznos csomagol\u00e1s \u00f6tletet, kit\u00e9r\u00fcnk az \u00fajrahasznos\u00edthat\u00f3 csomagol\u00f3anyagok alkalmaz\u00e1s\u00e1ra, valamint megosztunk n\u00e9h\u00e1ny bev\u00e1lt m\u00f3dszert a term\u00e9kek biztons\u00e1gos kisz\u00e1ll\u00edt\u00e1s\u00e1hoz is.\u00a0<\/p>\n\n\n\n<figure class=\"wp-block-image size-large\"><img loading=\"lazy\" width=\"1024\" height=\"576\" src=\"https:\/\/www.manutan.hu\/blog\/wp-content\/uploads\/2024\/12\/csomagolas-otletek-1024x576.jpg\" alt=\"csomagol\u00e1s \u00f6tletek kisz\u00e1ll\u00edt\u00e1shoz c\u00e9gek sz\u00e1m\u00e1ra\" class=\"wp-image-3940\" srcset=\"https:\/\/www.manutan.hu\/blog\/wp-content\/uploads\/2024\/12\/csomagolas-otletek-1024x576.jpg 1024w, https:\/\/www.manutan.hu\/blog\/wp-content\/uploads\/2024\/12\/csomagolas-otletek-300x169.jpg 300w, https:\/\/www.manutan.hu\/blog\/wp-content\/uploads\/2024\/12\/csomagolas-otletek-768x432.jpg 768w, https:\/\/www.manutan.hu\/blog\/wp-content\/uploads\/2024\/12\/csomagolas-otletek.jpg 1060w\" sizes=\"(max-width: 1024px) 100vw, 1024px\" \/><\/figure>\n\n\n\n<h2><strong>Csomagol\u00e1s tippek web\u00e1ruh\u00e1zaknak<\/strong>&nbsp;<\/h2>\n\n\n\n<h3><strong>V\u00e1lasszunk megfelel\u0151 csomagol\u00f3anyagot<\/strong>&nbsp;<\/h3>\n\n\n\n<p>Az egyik legfontosabb szempont, hogy a term\u00e9kt\u00edpusnak megfelel\u0151 csomagol\u00f3anyagot v\u00e1lasszunk. A t\u00f6r\u00e9keny, s\u00e9r\u00fcl\u00e9keny term\u00e9kek eset\u00e9ben felt\u00e9tlen\u00fcl haszn\u00e1ljunk t\u00e9rkit\u00f6lt\u0151 anyagot, p\u00e9ld\u00e1ul habszivacs, l\u00e9gp\u00e1rn\u00e1s f\u00f3lia vagy pap\u00edr alap\u00fa kit\u00f6lt\u0151anyag. Szab\u00e1lytalan form\u00e1j\u00fa, de nem t\u00f6r\u00e9keny term\u00e9kekn\u00e9l szint\u00e9n sz\u00fcks\u00e9g lehet t\u00e9rkit\u00f6lt\u00e9sre, k\u00fcl\u00f6nben a doboz belsej\u00e9ben l\u00e9v\u0151 \u00fcres lyukak a term\u00e9k s\u00e9r\u00fcl\u00e9s\u00e9hez vezethetnek, hiszen a l\u00e9gr\u00e9sek ment\u00e9n a doboz k\u00f6nnyen benyom\u00f3dhat, elszakadhat. Ellenben egy textilterm\u00e9ket nem sz\u00fcks\u00e9ges ilyen vastag r\u00e9tegekkel v\u00e9deni, ott elegend\u0151 lehet egy er\u0151s kartondoboz vagy ak\u00e1r egy biol\u00f3giailag leboml\u00f3 zacsk\u00f3 is. A t\u00falcsomagol\u00e1s felesleges k\u00f6rnyezetterhel\u00e9st jelent, m\u00edg a nem szakszer\u0171 csomagol\u00e1s a term\u00e9k s\u00e9r\u00fcl\u00e9s\u00e9t okozhatja.&nbsp;<\/p>\n\n\n\n<h3><strong>M\u00e9retez\u00e9s \u00e9s testreszab\u00e1s<\/strong>&nbsp;<\/h3>\n\n\n\n<p>A t\u00falm\u00e9retezett csomagok feleslegesen nagy helyet foglalnak a sz\u00e1ll\u00edt\u00e1s sor\u00e1n, ami magasabb k\u00f6lts\u00e9geket \u00e9s t\u00f6bb hullad\u00e9kot eredm\u00e9nyez. Ez\u00e9rt fontos, hogy a csomagol\u00e1s m\u00e9rete igazodjon a term\u00e9khez. A pontos m\u00e9retez\u00e9s nemcsak k\u00f6lts\u00e9ghat\u00e9konyabb, hanem fenntarthat\u00f3bb megold\u00e1s is. Haszn\u00e1lhatunk egyedi m\u00e9retre szabott dobozokat, amelyek minimaliz\u00e1lj\u00e1k a felesleges t\u00e9r kit\u00f6lt\u00e9s\u00e9t, de a standard m\u00e9retben kaphat\u00f3 kartondoboz \u00e9s fut\u00e1rtasak is t\u00f6k\u00e9letes v\u00e1laszt\u00e1s a term\u00e9kek t\u00f6bbs\u00e9g\u00e9hez. A csomagol\u00f3anyag kiv\u00e1laszt\u00e1sakor ne csak a doboz vagy a tasak m\u00e9ret\u00e9t ellen\u0151rizz\u00fck, hanem azok terhelhet\u0151s\u00e9g\u00e9t is. Nagy s\u00faly eset\u00e9n \u00e9lv\u00e9d\u0151k \u00e9s p\u00e1ntol\u00f3szalagok haszn\u00e1lat\u00e1val fokozhatjuk a csomag biztons\u00e1g\u00e1t.&nbsp;<\/p>\n\n\n\n<h3><strong>Branding lehet\u0151s\u00e9gek a csomagol\u00e1son<\/strong>&nbsp;<\/h3>\n\n\n\n<p>A csomagol\u00e1s egy\u00fattal remek lehet\u0151s\u00e9g a m\u00e1rka\u00e9p\u00edt\u00e9sre is. Egy ig\u00e9nyes, egyedi designnal ell\u00e1tott csomagol\u00e1s az els\u0151 dolog, amit a v\u00e1s\u00e1rl\u00f3k megl\u00e1tnak, amikor megkapj\u00e1k a term\u00e9ket. Az egyedileg nyomtatott dobozok, c\u00edmk\u00e9k, vagy ak\u00e1r a dobozban elhelyezett k\u00f6sz\u00f6n\u0151levelek hozz\u00e1j\u00e1rulnak a pozit\u00edv v\u00e1s\u00e1rl\u00f3i \u00e9lm\u00e9nyhez. Emellett a csomagol\u00e1son elhelyezett QR-k\u00f3dok r\u00e9v\u00e9n k\u00f6nnyed\u00e9n el\u00e9rhet\u0151v\u00e9 tehet\u00fcnk kieg\u00e9sz\u00edt\u0151 inform\u00e1ci\u00f3kat, prom\u00f3ci\u00f3kat is. De ne ess\u00fcnk t\u00falz\u00e1sba! A t\u00fal sok nyomat azt az \u00e9rz\u00e9st keltheti a v\u00e1s\u00e1rl\u00f3kban, hogy a c\u00e9g nem figyel el\u00e9gg\u00e9 a k\u00f6rnyezetv\u00e9delemre.&nbsp;<\/p>\n\n\n\n<h3><strong>Tan\u00e1csok a doboz lez\u00e1r\u00e1s\u00e1hoz<\/strong>&nbsp;<\/h3>\n\n\n\n<p>A biztons\u00e1gos \u00e9s s\u00e9r\u00fcl\u00e9smentes kisz\u00e1ll\u00edt\u00e1shoz k\u00f6vess\u00fck az al\u00e1bbi tan\u00e1csokat:&nbsp;<\/p>\n\n\n\n<p>1. A doboz vagy tasak m\u00e9rete legyen egy picivel nagyobb, mint a term\u00e9k, de ne legyen t\u00fal sok a l\u00e9g\u00fcres t\u00e9r. A term\u00e9k sehol ne p\u00faposodjon ki a csomagb\u00f3l.&nbsp;<\/p>\n\n\n\n<p>2. Ha van l\u00e9g\u00fcres t\u00e9r, azt t\u00f6lts\u00fck ki <a href=\"https:\/\/www.manutan.hu\/hu\/mhu\/terkitolto-anyagok\" target=\"_blank\" rel=\"noreferrer noopener\">t\u00e9rkit\u00f6lt\u0151 anyaggal<\/a>: fagyapot, l\u00e9gp\u00e1rn\u00e1s f\u00f3lia, pap\u00edr t\u00e9rkit\u00f6lt\u0151 stb. A t\u00e9rkit\u00f6lt\u0151 mennyis\u00e9g\u00e9t \u00fagy kell megv\u00e1lasztani, hogy a term\u00e9k ne l\u00f6ty\u00f6gj\u00f6n a dobozban, de ne is legyen beszor\u00edtva, hiszen a t\u00fal merev csomagol\u00e1s szint\u00e9n s\u00e9r\u00fcl\u00e9st okozhat.&nbsp;<\/p>\n\n\n\n<p>3. A kartondoboz alj\u00e1t \u00e9s tetej\u00e9t r\u00f6gz\u00edts\u00fck a doboz z\u00e1r\u00f3d\u00e1sa ment\u00e9n er\u0151s, megb\u00edzhat\u00f3 <a href=\"https:\/\/www.manutan.hu\/hu\/mhu\/ragasztoszalagok-tuzogepek-es-ragasztas\" target=\"_blank\" rel=\"noreferrer noopener\">ragaszt\u00f3val.<\/a> Ha a term\u00e9k s\u00falyosabb, akkor a z\u00e1r\u00f3d\u00e1sra mer\u0151legesen, keresztben is helyezz\u00fcnk fel ragaszt\u00f3szalagcs\u00edkot legal\u00e1bb h\u00e1rom helyen. Egy laza ragaszt\u00f3szalag vagy gyenge z\u00e1r\u00f3 mechanizmus n\u00f6velheti a term\u00e9kek s\u00e9r\u00fcl\u00e9s\u00e9nek vagy elveszt\u00e9s\u00e9nek kock\u00e1zat\u00e1t. A megfelel\u0151en alkalmazott csomagol\u00f3szalag vagy ragaszt\u00f3 nemcsak a doboz z\u00e1r\u00e1s\u00e1t biztos\u00edtja, de ak\u00e1r m\u00e1rkajelz\u00e9st is tartalmazhat, ami n\u00f6veli az eszt\u00e9tikai \u00e9lm\u00e9nyt. A term\u00e9kek lop\u00e1s elleni v\u00e9delm\u00e9re biztons\u00e1gi plomb\u00e1kat is alkalmazhatunk, amelyek megs\u00e9r\u00fcl\u00e9se eset\u00e9n azonnal l\u00e1that\u00f3, ha a csomagot felnyitott\u00e1k.&nbsp;<\/p>\n\n\n\n<p>4. S\u00falyos csomagokat er\u0151s\u00edts\u00fck meg legal\u00e1bb k\u00e9t darab <a href=\"https:\/\/www.manutan.hu\/hu\/mhu\/pantolo-szalagok-es-adagolok\" target=\"_blank\" rel=\"noreferrer noopener\">p\u00e1ntol\u00f3szalaggal.<\/a> Ez extra tart\u00e1st biztos\u00edt, illetve a rakod\u00e1st is seg\u00edti.&nbsp;<\/p>\n\n\n\n<p>5. H\u00e1ztart\u00e1si g\u00e9pek, elektronikai term\u00e9kek, b\u00fatorok eset\u00e9ben <a href=\"https:\/\/www.manutan.hu\/hu\/mhu\/vedolecek-vedo-saroklecek-es-vedoelemek\" target=\"_blank\" rel=\"noreferrer noopener\">\u00e9lv\u00e9d\u0151 s\u00ednekkel<\/a> merev\u00edthetj\u00fck a csomagot, illetve v\u00e9dhetj\u00fck a rakod\u00e1s k\u00f6zbeni s\u00e9r\u00fcl\u00e9sekr\u0151l.&nbsp;<\/p>\n\n\n\n<p>6. Az arra \u00e9rz\u00e9keny term\u00e9keket <a href=\"https:\/\/www.manutan.hu\/hu\/mhu\/takarofoliak-es-strech-foliak\" target=\"_blank\" rel=\"noreferrer noopener\">zsugorf\u00f3li\u00e1val vagy sztreccsf\u00f3li\u00e1val<\/a> v\u00e9dj\u00fck a p\u00e1r\u00e1t\u00f3l \u00e9s a nedvess\u00e9gt\u0151l.&nbsp;<\/p>\n\n\n\n<p>7. A <a href=\"https:\/\/www.manutan.hu\/hu\/mhu\/csomagkisero-tasakok\" target=\"_blank\" rel=\"noreferrer noopener\">c\u00edmk\u00e9t<\/a> j\u00f3l l\u00e1that\u00f3 helyre ragasszuk \u00e9s lehet\u0151leg ne ker\u00fclj\u00f6n r\u00e1 m\u00e1sik vonalk\u00f3d. A legt\u00f6bb fut\u00e1rc\u00e9g automatiz\u00e1lt csomagv\u00e1logat\u00f3 rendszert haszn\u00e1l. Ha egy csomagon t\u00f6bb vonalk\u00f3d is van, az akad\u00e1lyozhatja a g\u00e9peket a helyes szort\u00edroz\u00e1sban, ami hosszabb kisz\u00e1ll\u00edt\u00e1si id\u0151t okozhat.&nbsp;<\/p>\n\n\n\n<h2><strong>Csomagol\u00e1s \u00f6tletek web\u00e1ruh\u00e1zaknak<\/strong>&nbsp;<\/h2>\n\n\n\n<p><strong>\u00dajrahasznos\u00edthat\u00f3 csomagol\u00e1s: Ma m\u00e1r sz\u00e1mos lehet\u0151s\u00e9g k\u00f6z\u00fcl lehet v\u00e1lasztani<\/strong>&nbsp;<\/p>\n\n\n\n<p>Az \u00fajrahasznos\u00edthat\u00f3s\u00e1g \u00e9s a fenntarthat\u00f3s\u00e1g napjaink egyik legfontosabb elv\u00e1r\u00e1sa a csomagol\u00e1si ipar\u00e1gban. A v\u00e1s\u00e1rl\u00f3k egyre ink\u00e1bb figyelnek arra, hogy a term\u00e9kek \u00e9s a csomagol\u00e1sok is k\u00f6rnyezetbar\u00e1t m\u00f3don k\u00e9sz\u00fcljenek, illetve \u00fajrahasznos\u00edthat\u00f3ak legyenek.&nbsp;<\/p>\n\n\n\n<p><strong>TIPP:<\/strong> Ha leboml\u00f3 alapanyagokat haszn\u00e1l a csomagol\u00e1shoz, arra \u00e9rdemes felh\u00edvni a v\u00e1s\u00e1rl\u00f3k figyelm\u00e9t. A kukorica- \u00e9s burgonyakem\u00e9ny\u00edt\u0151b\u0151l k\u00e9sz\u00fclt t\u00e9rkit\u00f6lt\u0151 chips p\u00e9ld\u00e1ul 100%-ban term\u00e9szetes \u00e9s komposzt\u00e1lhat\u00f3, ugyanakkor megsz\u00f3lal\u00e1sig hasonl\u00edt a m\u0171anyag t\u00e9rkit\u00f6lt\u0151kre. A megfelel\u0151 t\u00e1j\u00e9koztat\u00e1s seg\u00edt a v\u00e1s\u00e1rl\u00f3knak a helyes hullad\u00e9kkezel\u00e9sben \u00e9s er\u0151s\u00edti a v\u00e1llalkoz\u00e1sba vetett bizalmat.&nbsp;<\/p>\n\n\n\n<h3><strong>Biol\u00f3giailag leboml\u00f3 csomagol\u00f3anyagok<\/strong>&nbsp;<\/h3>\n\n\n\n<p>Az egyik legn\u00e9pszer\u0171bb trend a biol\u00f3giailag leboml\u00f3 anyagok haszn\u00e1lata. Ezek olyan anyagok, amelyek term\u00e9szetes \u00faton bomlanak le, \u00edgy nem szennyezik a k\u00f6rnyezetet. P\u00e9ld\u00e1ul a PLA (politejsav) alap\u00fa csomagol\u00f3k, amelyeket magas kem\u00e9ny\u00edt\u0151tartalm\u00fa n\u00f6v\u00e9nyekb\u0151l (pl. rizs, kukorica, b\u00faza) \u00e1ll\u00edtanak el\u0151, 100%-ban lebomlanak \u00e9s alkalmasak \u00e9lelmiszerek csomagol\u00e1s\u00e1ra, de m\u00e1s term\u00e9kek eset\u00e9n is kiv\u00e1l\u00f3 alternat\u00edv\u00e1t jelentenek a hagyom\u00e1nyos m\u0171anyagok helyett.&nbsp;<\/p>\n\n\n\n<p>A <a href=\"https:\/\/www.manutan.hu\/hu\/mhu\/kartondobozok\" target=\"_blank\" rel=\"noreferrer noopener\">kartondobozok<\/a> szint\u00e9n lebomlanak. A csomagol\u00e1shoz haszn\u00e1lt kartondobozok 50%-ban cellul\u00f3zb\u00f3l k\u00e9sz\u00fclnek, ami nagyon hasonl\u00edt a pap\u00edrlapokhoz haszn\u00e1lt rostra. A rostsz\u00e1lak k\u00f6z\u00f6tti k\u00f6t\u00e9sek meger\u0151s\u00edt\u00e9se hemicellul\u00f3z seg\u00edts\u00e9g\u00e9vel t\u00f6rt\u00e9nik, majd lignin seg\u00edts\u00e9g\u00e9vel merev\u00edtik. A cellul\u00f3z, a hemicellul\u00f3z \u00e9s a lignin is a fa f\u0151 \u00f6sszetev\u0151i k\u00f6z\u00e9 tartoznak.&nbsp;<\/p>\n\n\n\n<p>Szint\u00e9n leboml\u00f3, k\u00f6rnyezetbar\u00e1t csomagol\u00f3anyag a fagyapot, amely k\u00e9regmentes\u00edtett, apr\u00f3 faforg\u00e1csb\u00f3l \u00e1ll \u00e9s t\u00f6k\u00e9letes v\u00e1laszt\u00e1s t\u00f6r\u00e9keny \u00e1ruk t\u00e9rkit\u00f6lt\u00e9s\u00e9re.&nbsp;<\/p>\n\n\n\n<h3><strong>\u00dajrahasznos\u00edtott anyagok haszn\u00e1lata<\/strong>&nbsp;<\/h3>\n\n\n\n<p>Az \u00fajrahasznos\u00edtott pap\u00edr, karton \u00e9s m\u0171anyagok kiv\u00e1l\u00f3an alkalmasak csomagol\u00f3anyagk\u00e9nt. Az \u00fajrahasznos\u00edtott kartondobozok \u00e9s pap\u00edralap\u00fa kit\u00f6lt\u0151anyagok nemcsak fenntarthat\u00f3ak, de k\u00f6lts\u00e9ghat\u00e9konyak is lehetnek. Emellett ezek az anyagok \u00fajra felhaszn\u00e1lhat\u00f3k a v\u00e1s\u00e1rl\u00f3k \u00e1ltal, ami tov\u00e1bb cs\u00f6kkenti az \u00f6kol\u00f3giai l\u00e1bnyomot.&nbsp;<\/p>\n\n\n\n<p><strong>TUDTA?<\/strong>&nbsp;<\/p>\n\n\n\n<p>A Manutan 100%-ban \u00fajrahasznos\u00edtott \u00e9s 100%-ban \u00fajrahasznos\u00edthat\u00f3 hull\u00e1mkartont haszn\u00e1l a csomagol\u00f3dobozok gy\u00e1rt\u00e1s\u00e1hoz, amely FSC\u00ae tan\u00fas\u00edtv\u00e1nnyal rendelkez\u0151 erd\u0151kb\u0151l sz\u00e1rmazik a fenntarthat\u00f3 gazd\u00e1lkod\u00e1s \u00e9rdek\u00e9ben.&nbsp;<\/p>\n\n\n\n<p>A v\u00e1s\u00e1rl\u00e1sn\u00e1l r\u00e9szes\u00edtse el\u0151nyben az FSC vagy PEFC tan\u00fas\u00edtv\u00e1nnyal rendelkez\u0151 csomagol\u00f3anyagokat, mert ezek az \u00f6koc\u00edmk\u00e9k azt jelzik, hogy a csomagol\u00e1s megfelel a k\u00f6rnyezeti l\u00e1bnyom cs\u00f6kkent\u00e9s\u00e9t c\u00e9lz\u00f3 szigor\u00fa krit\u00e9riumoknak.&nbsp;<\/p>\n\n\n\n<h3><strong>Minimalista csomagol\u00e1s<\/strong>&nbsp;<\/h3>\n\n\n\n<p>A minimalista csomagol\u00e1s egy \u00fajabb fenntarthat\u00f3 megold\u00e1s, amely a felesleges csomagol\u00f3anyagok mell\u0151z\u00e9s\u00e9re \u00f6sszpontos\u00edt. Egy egyszer\u0171bb csomagol\u00e1s kevesebb nyersanyagot ig\u00e9nyel, ez\u00e1ltal kevesebb hullad\u00e9k keletkezik. P\u00e9ld\u00e1ul egy egyszer\u0171 pap\u00edrzacsk\u00f3 vagy egy term\u00e9szetes sz\u00e1las anyagokb\u00f3l k\u00e9sz\u00fclt zs\u00e1k nagyszer\u0171 alternat\u00edva lehet bizonyos term\u00e9kek eset\u00e9ben, illetve saj\u00e1t flott\u00e1s kisz\u00e1ll\u00edt\u00e1st v\u00e9gz\u0151 web\u00e1ruh\u00e1zak eset\u00e9ben.&nbsp;<\/p>\n\n\n\n<h3><strong>Visszak\u00fcldhet\u0151 csomagol\u00e1s<\/strong>&nbsp;<\/h3>\n\n\n\n<p>Egyes c\u00e9gek m\u00e1r bevezettek olyan csomagol\u00e1si megold\u00e1sokat, amelyek visszak\u00fcldhet\u0151k \u00e9s \u00fajra felhaszn\u00e1lhat\u00f3k. Ezek a csomagok t\u00f6bb cikluson kereszt\u00fcl haszn\u00e1lhat\u00f3k, ami cs\u00f6kkenti a csomagol\u00e1si hullad\u00e9kot. P\u00e9ld\u00e1ul speci\u00e1lis, er\u0151s anyagokb\u00f3l k\u00e9sz\u00fclt bor\u00edt\u00e9kok vagy dobozok, amelyek kib\u00edrj\u00e1k a t\u00f6bb alkalommal t\u00f6rt\u00e9n\u0151 felhaszn\u00e1l\u00e1st. De hasonl\u00f3 elven m\u0171k\u00f6dik a <a href=\"https:\/\/www.manutan.hu\/hu\/mhu\/raklapok\" target=\"_blank\" rel=\"noreferrer noopener\">raklapok<\/a> kezel\u00e9se is, amelyeket szint\u00e9n t\u00f6bb sz\u00e1ll\u00edt\u00e1sra terveztek \u00e9s ma m\u00e1r a lakoss\u00e1gi kisz\u00e1ll\u00edt\u00e1sban is komoly szerep\u00fck van. Gondoljunk csak a bark\u00e1cs\u00e1ruh\u00e1zak raklapos term\u00e9keire (pl. \u00e9p\u00edt\u0151anyagok). Ha a v\u00e1s\u00e1rl\u00f3k ezeket visszak\u00fcldik, akkor egyr\u00e9szt jelent\u0151s \u00f6sszeget takar\u00edthatnak meg, m\u00e1sr\u00e9szt hozz\u00e1j\u00e1rulnak a csomagol\u00e1s \u00fajrahaszn\u00e1lat\u00e1hoz.&nbsp;<\/p>\n\n\n\n<p>A megfelel\u0151 csomagol\u00e1si megold\u00e1sok kiv\u00e1laszt\u00e1sa egy web\u00e1ruh\u00e1z sz\u00e1m\u00e1ra sz\u00e1mos el\u0151nnyel j\u00e1r. A term\u00e9kek biztons\u00e1gos sz\u00e1ll\u00edt\u00e1sa, a v\u00e1s\u00e1rl\u00f3i \u00e9lm\u00e9ny n\u00f6vel\u00e9se, a k\u00f6lts\u00e9ghat\u00e9konys\u00e1g \u00e9s a fenntarthat\u00f3s\u00e1g mind el\u00e9rhet\u0151ek a gondosan megtervezett csomagol\u00e1ssal. Az \u00fajrahasznos\u00edthat\u00f3 \u00e9s k\u00f6rnyezetbar\u00e1t anyagok haszn\u00e1lata, a pontos m\u00e9retez\u00e9s \u00e9s a biztons\u00e1gos lez\u00e1r\u00e1s mind hozz\u00e1j\u00e1rulnak ahhoz, hogy a csomagol\u00e1s ne csak funkcion\u00e1lis, hanem \u00e9rt\u00e9kn\u00f6vel\u0151 elem is legyen.&nbsp;<\/p>\n","protected":false},"excerpt":{"rendered":"<p> web\u00e1ruh\u00e1zak sz\u00e1m\u00e1ra egy gondosan megv\u00e1lasztott \u00e9s j\u00f3l kialak\u00edtott csomagol\u00e1s nemcsak a term\u00e9kek v\u00e9delm\u00e9t szolg\u00e1lja, hanem kulcsfontoss\u00e1g\u00fa eleme az \u00fcgyf\u00e9l\u00e9lm\u00e9nynek is.<\/p>\n","protected":false},"author":3,"featured_media":3940,"comment_status":"closed","ping_status":"closed","sticky":false,"template":"","format":"standard","meta":[],"categories":[522],"tags":[],"jetpack_featured_media_url":"https:\/\/www.manutan.hu\/blog\/wp-content\/uploads\/2024\/12\/csomagolas-otletek.jpg","_links":{"self":[{"href":"https:\/\/www.manutan.hu\/blog\/wp-json\/wp\/v2\/posts\/3938"}],"collection":[{"href":"https:\/\/www.manutan.hu\/blog\/wp-json\/wp\/v2\/posts"}],"about":[{"href":"https:\/\/www.manutan.hu\/blog\/wp-json\/wp\/v2\/types\/post"}],"author":[{"embeddable":true,"href":"https:\/\/www.manutan.hu\/blog\/wp-json\/wp\/v2\/users\/3"}],"replies":[{"embeddable":true,"href":"https:\/\/www.manutan.hu\/blog\/wp-json\/wp\/v2\/comments?post=3938"}],"version-history":[{"count":2,"href":"https:\/\/www.manutan.hu\/blog\/wp-json\/wp\/v2\/posts\/3938\/revisions"}],"predecessor-version":[{"id":3941,"href":"https:\/\/www.manutan.hu\/blog\/wp-json\/wp\/v2\/posts\/3938\/revisions\/3941"}],"wp:featuredmedia":[{"embeddable":true,"href":"https:\/\/www.manutan.hu\/blog\/wp-json\/wp\/v2\/media\/3940"}],"wp:attachment":[{"href":"https:\/\/www.manutan.hu\/blog\/wp-json\/wp\/v2\/media?parent=3938"}],"wp:term":[{"taxonomy":"category","embeddable":true,"href":"https:\/\/www.manutan.hu\/blog\/wp-json\/wp\/v2\/categories?post=3938"},{"taxonomy":"post_tag","embeddable":true,"href":"https:\/\/www.manutan.hu\/blog\/wp-json\/wp\/v2\/tags?post=3938"}],"curies":[{"name":"wp","href":"https:\/\/api.w.org\/{rel}","templated":true}]}}