{"id":3896,"date":"2024-11-13T11:07:49","date_gmt":"2024-11-13T10:07:49","guid":{"rendered":"https:\/\/www.manutan.hu\/blog\/?p=3896"},"modified":"2025-04-16T12:55:29","modified_gmt":"2025-04-16T10:55:29","slug":"hogyan-valasszon-nedves-es-szaraz-porszivot","status":"publish","type":"post","link":"https:\/\/www.manutan.hu\/blog\/hogyan-valasszon-nedves-es-szaraz-porszivot\/","title":{"rendered":"Hogyan v\u00e1lasszon nedves \u00e9s sz\u00e1raz porsz\u00edv\u00f3t?"},"content":{"rendered":"\n<figure class=\"wp-block-image size-large\"><img loading=\"lazy\" width=\"1024\" height=\"683\" src=\"https:\/\/www.manutan.hu\/blog\/wp-content\/uploads\/2024\/11\/porszivo-A00359P1-min-1024x683.jpeg\" alt=\"\" class=\"wp-image-3899\" srcset=\"https:\/\/www.manutan.hu\/blog\/wp-content\/uploads\/2024\/11\/porszivo-A00359P1-min-1024x683.jpeg 1024w, https:\/\/www.manutan.hu\/blog\/wp-content\/uploads\/2024\/11\/porszivo-A00359P1-min-300x200.jpeg 300w, https:\/\/www.manutan.hu\/blog\/wp-content\/uploads\/2024\/11\/porszivo-A00359P1-min-768x512.jpeg 768w, https:\/\/www.manutan.hu\/blog\/wp-content\/uploads\/2024\/11\/porszivo-A00359P1-min-1536x1024.jpeg 1536w, https:\/\/www.manutan.hu\/blog\/wp-content\/uploads\/2024\/11\/porszivo-A00359P1-min.jpeg 1920w\" sizes=\"(max-width: 1024px) 100vw, 1024px\" \/><\/figure>\n\n\n\n<p>A piacon kaphat\u00f3 nedves \u00e9s sz\u00e1raz porsz\u00edv\u00f3k hatalmas v\u00e1laszt\u00e9k\u00e1val a megfelel\u0151 k\u00e9sz\u00fcl\u00e9k kiv\u00e1laszt\u00e1sa igazi kih\u00edv\u00e1s. Ennek a v\u00e1s\u00e1rl\u00e1si \u00fatmutat\u00f3nak az a c\u00e9lja, hogy seg\u00edtse \u00d6nt a v\u00e1laszt\u00e1sban az\u00e1ltal, hogy bemutatja ezeknek a porsz\u00edv\u00f3knak a jellemz\u0151it, \u00e9s olyan megold\u00e1sokat aj\u00e1nl, amelyek az \u00d6n tev\u00e9kenys\u00e9gi ter\u00fclet\u00e9hez igazodnak.<\/p>\n\n\n\n<h2><strong>Hogyan m\u0171k\u00f6dik a nedves \u00e9s sz\u00e1raz porsz\u00edv\u00f3?<\/strong><\/h2>\n\n\n\n<p>A nedves \u00e9s sz\u00e1raz porsz\u00edv\u00f3t sz\u00e1raz t\u00f6rmel\u00e9k (p\u00e9ld\u00e1ul por, faforg\u00e1cs, apr\u00f3 t\u00e1rgyak stb.) \u00e9s folyad\u00e9kok felsz\u00edv\u00e1s\u00e1ra tervezt\u00e9k. A v\u00e1kuumfejen tal\u00e1lhat\u00f3 motor er\u0151teljes sz\u00edv\u00e1st hoz l\u00e9tre, amely leveg\u0151t, sz\u00e1raz t\u00f6rmel\u00e9ket \u00e9s folyad\u00e9kot juttat a tart\u00e1lyba, \u00edgy azonnal v\u00e1lthat a nedves \u00e9s sz\u00e1raz sz\u00edv\u00e1s k\u00f6z\u00f6tt.<\/p>\n\n\n\n<h3><strong>Folyad\u00e9kok biztons\u00e1gos felsz\u00edv\u00e1sa<\/strong><\/h3>\n\n\n\n<p>Folyad\u00e9kok eset\u00e9ben a bels\u0151 elv\u00e1laszt\u00f3 rendszer lehet\u0151v\u00e9 teszi, hogy a folyad\u00e9kot egy erre a c\u00e9lra szolg\u00e1l\u00f3 tart\u00e1lyba gy\u0171jts\u00e9k, elker\u00fclve az elektromos alkatr\u00e9szekkel val\u00f3 \u00e9rintkez\u00e9st. A nedves \u00e9s sz\u00e1raz porsz\u00edv\u00f3t biztons\u00e1gi berendez\u00e9ssel kell ell\u00e1tni, amely megakad\u00e1lyozza a motor t\u00falterhel\u00e9s\u00e9t nagy mennyis\u00e9g\u0171 folyad\u00e9k felsz\u00edv\u00e1sakor. Egyes modellek v\u00edzszint\u00e9rz\u00e9kel\u0151kkel rendelkeznek, amelyek le\u00e1ll\u00edtj\u00e1k a sz\u00edv\u00e1st, hogy megakad\u00e1lyozz\u00e1k a t\u00falfoly\u00e1st.<\/p>\n\n\n\n<p>Vannak olyan nedves \u00e9s sz\u00e1raz porsz\u00edv\u00f3k, amelyek zs\u00e1kkal vagy an\u00e9lk\u00fcl is haszn\u00e1lhat\u00f3k. Folyad\u00e9kok felsz\u00edv\u00e1s\u00e1hoz el kell t\u00e1vol\u00edtania a v\u00e1kuumzacsk\u00f3t, \u00e9s ki kell cser\u00e9lnie a porf\u00fav\u00f3k\u00e1t egy v\u00edzf\u00fav\u00f3k\u00e1ra. A folyad\u00e9kot tartalmaz\u00f3 tart\u00e1ly minden haszn\u00e1lat ut\u00e1n kell \u00fcr\u00edteni. A leereszt\u0151 t\u00f6ml\u0151k megk\u00f6nny\u00edtik ezt a m\u0171veletet, ha nagy mennyis\u00e9g\u0171 folyad\u00e9kot sz\u00edvtak fel.<\/p>\n\n\n\n<p>\u00c9lettartam\u00e1nak meghosszabb\u00edt\u00e1sa \u00e9rdek\u00e9ben elengedhetetlen, hogy hetente tiszt\u00edtsa meg a porsz\u00edv\u00f3t \u00e9s tartoz\u00e9kait. \u00dcgyeljen arra, hogy a sz\u0171r\u0151ket alaposan sz\u00e1r\u00edtsa meg, mert a v\u00edz pen\u00e9szt k\u00e9pezhet.<\/p>\n\n\n\n<h2><strong>Nedves \u00e9s sz\u00e1raz porsz\u00edv\u00f3 zs\u00e1kkal vagy an\u00e9lk\u00fcl?<\/strong><\/h2>\n\n\n\n<p>A porzs\u00e1k jobb porsz\u0171r\u00e9st tesz lehet\u0151v\u00e9, \u00e9s higi\u00e9nikusabb, mivel megakad\u00e1lyozza a r\u00e9szecsk\u00e9k rep\u00fcl\u00e9s\u00e9t. Gondoskodnia kell arr\u00f3l, hogy elegend\u0151 k\u00e9szlettel rendelkezzen porzs\u00e1kb\u00f3l, hogy rendszeresen cser\u00e9lni tudja azokat. A porzs\u00e1kkal m\u0171k\u00f6d\u0151 porsz\u00edv\u00f3k v\u00e1kuum ereje nagym\u00e9rt\u00e9kben cs\u00f6kken, ha a zs\u00e1k megtelik.<\/p>\n\n\n\n<p>A porzs\u00e1k n\u00e9lk\u00fcli porsz\u00edv\u00f3 gazdas\u00e1gosabb \u00e9s k\u00f6rnyezetbar\u00e1tabb. Az optim\u00e1lis higi\u00e9niai szint biztos\u00edt\u00e1sa \u00e9rdek\u00e9ben sz\u0171r\u0151vel kell felszerelni, amely blokkolja a r\u00e9szecsk\u00e9ket.<\/p>\n\n\n\n<h2><strong>Nedves \u00e9s sz\u00e1raz porsz\u00edv\u00f3 kiv\u00e1laszt\u00e1s\u00e1nak krit\u00e9riumai<\/strong><\/h2>\n\n\n\n<p>A professzion\u00e1lis nedves \u00e9s sz\u00e1raz porsz\u00edv\u00f3 v\u00e1s\u00e1rl\u00e1sa egyedi ig\u00e9nyeket kiel\u00e9g\u00edt\u0151 befektet\u00e9s, hiszen eg\u00e9szen m\u00e1s k\u00f6r\u00fclm\u00e9nyek vannak p\u00e9ld\u00e1ul egy \u00e9p\u00edtkez\u00e9sen, mint egy ipari konyh\u00e1ban, \u00edgy a takar\u00edt\u00e1si k\u00f6vetelm\u00e9nyek sem egyform\u00e1k. A porsz\u00edv\u00f3kra vonatkoz\u00f3 legfontosabb kiv\u00e1laszt\u00e1si krit\u00e9riumok meg\u00e9rt\u00e9se lehet\u0151v\u00e9 teszi, hogy kiv\u00e1laszthassa a felhaszn\u00e1l\u00e1si k\u00f6rnyezet\u00e9nek legink\u00e1bb megfelel\u0151 k\u00e9sz\u00fcl\u00e9ket, \u00e9s optimaliz\u00e1lja annak hat\u00e9konys\u00e1g\u00e1t.<\/p>\n\n\n\n<h3><strong>Sz\u00edv\u00e1si teljes\u00edtm\u00e9ny \u00e9s l\u00e9g\u00e1raml\u00e1s<\/strong><\/h3>\n\n\n\n<p>A porsz\u00edv\u00f3 wattban (W) kifejezett teljes\u00edtm\u00e9nye nem a sz\u00edv\u00f3teljes\u00edtm\u00e9nyt, hanem a k\u00e9sz\u00fcl\u00e9k elektromos fogyaszt\u00e1s\u00e1t t\u00fckr\u00f6zi. A k\u00f6vetkez\u0151 k\u00e9t \u00e9rt\u00e9kre kell \u00fcgyelnie v\u00e1s\u00e1rl\u00e1skor:<\/p>\n\n\n\n<ul><li><strong>L\u00e9g\u00e1raml\u00e1s:<\/strong> liter\/perc (L\/min) vagy k\u00f6bm\u00e9ter\/perc (m\u00b3\/min) egys\u00e9gben kifejezve a porsz\u00edv\u00f3 \u00e1ltal besz\u00edvott leveg\u0151 mennyis\u00e9g\u00e9t jelenti. Min\u00e9l nagyobb a l\u00e9g\u00e1raml\u00e1s, ann\u00e1l nagyobb a sz\u00edv\u00e1si sebess\u00e9g.<\/li><li><strong>Sz\u00edv\u00f3er\u0151: <\/strong>A kilopascalban (kPa) kifejezett \u00e9rt\u00e9k min\u00e9l magasabb, a porsz\u00edv\u00f3 ann\u00e1l jobban k\u00e9pes felsz\u00edvni a neh\u00e9z \u00e9s letapadt szennyez\u0151d\u00e9seket \u00e9s t\u00f6rmel\u00e9keket.<\/li><\/ul>\n\n\n\n<p>Egy kell\u0151en er\u0151s nedves \u00e9s sz\u00e1raz porsz\u00edv\u00f3val sok id\u0151t takar\u00edthat meg. Val\u00f3j\u00e1ban min\u00e9l nagyobb a l\u00e9g\u00e1raml\u00e1s \u00e9s a sz\u00edv\u00f3er\u0151, ann\u00e1l kevesebbszer kell a takar\u00edt\u00f3g\u00e9pnek \u00e1tmennie ugyanazon a ter\u00fcleten, hogy felsz\u00edvja a szennyez\u0151d\u00e9st.<\/p>\n\n\n\n<h3><strong>Tart\u00e1lykapacit\u00e1s<\/strong><\/h3>\n\n\n\n<p>A tart\u00e1ly kapacit\u00e1s\u00e1t\u00f3l f\u00fcgg, hogy milyen gyakran kell a k\u00e9sz\u00fcl\u00e9k tart\u00e1ly\u00e1t \u00fcr\u00edteni. Az ig\u00e9nyeinek megfelel\u0151 tart\u00e1lym\u00e9ret kiv\u00e1laszt\u00e1s\u00e1hoz vegye figyelembe mind a porsz\u00edv\u00f3zni k\u00edv\u00e1nt z\u00f3n\u00e1k fel\u00fclet\u00e9t, mind a szennyez\u0151d\u00e9s mennyis\u00e9g\u00e9t. P\u00e9ld\u00e1ul azonos nagys\u00e1g\u00fa padl\u00f3fel\u00fclet eset\u00e9n egy asztalosm\u0171helynek nagyobb tart\u00e1lyra lesz sz\u00fcks\u00e9ge, mint egy fodr\u00e1szszalonnak.<\/p>\n\n\n\n<p>Egy m\u00e1sik fontos szempont: min\u00e9l nagyobb a tart\u00e1ly, ann\u00e1l ritk\u00e1bban kell ki\u00fcr\u00edtenie. Ez el\u0151nyt jelent a hosszan tart\u00f3, vagy nagy szennyez\u0151d\u00e9ssel j\u00e1r\u00f3 munk\u00e1kn\u00e1l. A nagy mennyis\u00e9g\u0171 folyad\u00e9kot vagy szennyez\u0151d\u00e9st tartalmaz\u00f3 tart\u00e1ly azonban nehezebb \u00e9s k\u00f6r\u00fclm\u00e9nyesebb is. Ez\u00e9rt meg kell tal\u00e1lnia a megfelel\u0151 kompromisszumot a kapacit\u00e1s \u00e9s a k\u00e9nyelem k\u00f6z\u00f6tt.<\/p>\n\n\n\n<h3><strong>Tart\u00e1ly anyaga<\/strong><\/h3>\n\n\n\n<p>A nedves \u00e9s sz\u00e1raz porsz\u00edv\u00f3k tart\u00e1lyai m\u0171anyagb\u00f3l vagy rozsdamentes ac\u00e9lb\u00f3l k\u00e9sz\u00fclnek. A rozsdamentes ac\u00e9l tart\u00e1ly robusztusabb \u00e9s \u00fct\u00e9s\u00e1ll\u00f3bb, de nehezebb is. Ezzel szemben a m\u0171anyag tart\u00e1ly k\u00f6nnyebb \u00e9s k\u00f6nnyebben kezelhet\u0151. Az \u00fajrahasznos\u00edtott m\u0171anyag tart\u00e1ly v\u00e1laszt\u00e1sa \u00f6kol\u00f3giai v\u00e1laszt\u00e1s lehet, cs\u00f6kkentve a k\u00f6rnyezeti l\u00e1bnyomot, mik\u00f6zben praktikus \u00e9s gazdas\u00e1gos megold\u00e1st k\u00edn\u00e1l.<\/p>\n\n\n\n<h3><strong>Sz\u0171r\u0151rendszer<\/strong><\/h3>\n\n\n\n<p>A hat\u00e9kony sz\u0171r\u0151rendszer lehet\u0151v\u00e9 teszi a por \u00e9s egy\u00e9b k\u00e1ros r\u00e9szecsk\u00e9k felfog\u00e1s\u00e1t a porsz\u00edv\u00f3ban. A sz\u0171r\u00e9snek h\u00e1rom f\u0151 szintje van:<\/p>\n\n\n\n<ul><li>EPA sz\u0171r\u0151: a 0,3 mikronos r\u00e9szecsk\u00e9k legal\u00e1bb 85%-\u00e1t felsz\u00edvja (durva por \u00e9s alapvet\u0151 allerg\u00e9nek felsz\u00edv\u00e1sa);<\/li><li>HEPA sz\u0171r\u0151: a 0,3 mikronos r\u00e9szecsk\u00e9k legal\u00e1bb 99,97%-\u00e1t felsz\u00edvja (finom por, szennyez\u0151 anyagok, allerg\u00e9nek stb. felsz\u00edv\u00e1sa)<\/li><li>ULPA sz\u0171r\u0151: a 0,12 mikronos r\u00e9szecsk\u00e9k legal\u00e1bb 99,9995%-\u00e1t felsz\u00edvja (vesz\u00e9lyes finom r\u00e9szecsk\u00e9k, vegyszerek, biol\u00f3giai szennyez\u0151d\u00e9sek stb. felsz\u00edv\u00e1sa)<\/li><\/ul>\n\n\n\n<p>A HEPA sz\u0171r\u0151t sz\u00e9les k\u00f6rben haszn\u00e1lj\u00e1k k\u00f3rh\u00e1zi k\u00f6rnyezetben. Az optim\u00e1lis hat\u00e9konys\u00e1g \u00e9s v\u00e9delem \u00e9rdek\u00e9ben jegyezze fel a sz\u0171r\u0151k cser\u00e9j\u00e9nek d\u00e1tum\u00e1t \u00e9s \u00fctemezze be a berendez\u00e9s karbantart\u00e1s\u00e1nak idej\u00e9t. A sz\u0171r\u0151 rendszeres karbantart\u00e1sa szint\u00e9n elengedhetetlen a sz\u00edv\u00f3teljes\u00edtm\u00e9ny \u00e9s a leveg\u0151 min\u0151s\u00e9g\u00e9nek fenntart\u00e1s\u00e1hoz.<\/p>\n\n\n\n<h3><strong>Felsz\u00edvand\u00f3 por oszt\u00e1lyoz\u00e1sa<\/strong><\/h3>\n\n\n\n<p>A nedves \u00e9s sz\u00e1raz porsz\u00edv\u00f3 kiv\u00e1laszt\u00e1sa hozz\u00e1j\u00e1rul az eg\u00e9szs\u00e9ges munkak\u00f6rnyezet biztos\u00edt\u00e1s\u00e1hoz. A k\u00e9sz\u00fcl\u00e9kek oszt\u00e1lyoz\u00e1sa megfelel a munkak\u00f6rnyezetben el\u0151fordul\u00f3 porvesz\u00e9ly szintj\u00e9nek:<\/p>\n\n\n\n<ul><li>L oszt\u00e1ly (alacsony kock\u00e1zat): puhafa, vakolat vagy h\u00e1ztart\u00e1si por;<\/li><li>M oszt\u00e1ly (k\u00f6zepes kock\u00e1zat): kem\u00e9nyfa, t\u00e9glapor vagy cement;<\/li><li>H oszt\u00e1ly (nagy kock\u00e1zat): r\u00e1kkelt\u0151 por, pen\u00e9sz vagy bakt\u00e9riumok.<\/li><\/ul>\n\n\n\n<h3><strong>A porsz\u00edv\u00f3 ergon\u00f3mi\u00e1ja<\/strong><\/h3>\n\n\n\n<p>A porsz\u00edv\u00f3 ergon\u00f3mi\u00e1ja nemcsak a felhaszn\u00e1l\u00f3i k\u00e9nyelemhez j\u00e1rul hozz\u00e1, hanem eg\u00e9szs\u00e9g\u00fckh\u00f6z is az\u00e1ltal, hogy cs\u00f6kkenti a mozg\u00e1sszervi megbeteged\u00e9sek kock\u00e1zat\u00e1t \u00e9s cs\u00f6kkenti a f\u00e1radts\u00e1got.<\/p>\n\n\n\n<p>Gy\u0151z\u0151dj\u00f6n meg arr\u00f3l, hogy a nedves \u00e9s sz\u00e1raz porsz\u00edv\u00f3 rendelkezik a k\u00f6vetkez\u0151kkel:<\/p>\n\n\n\n<ul><li>Ergonomikus foganty\u00fa a k\u00e9nyelmes fog\u00e1s\u00e9rt;<\/li><li>Megfelel\u0151 s\u00faly, amellyel elker\u00fclhet\u0151 a t\u00falzott meger\u0151ltet\u00e9s;<\/li><li>Megfelel\u0151 hossz\u00fas\u00e1g\u00fa t\u00e1pk\u00e1bel a haszn\u00e1lathoz;<\/li><li>Kompakt kialak\u00edt\u00e1s a k\u00f6nny\u0171 t\u00e1rol\u00e1s \u00e9rdek\u00e9ben;<\/li><li>Forg\u00f3 kerekek a kiv\u00e1l\u00f3 man\u0151verezhet\u0151s\u00e9g \u00e9rdek\u00e9ben;<\/li><li>65 \u00e9s 70 dB k\u00f6z\u00f6tti zajszint.<\/li><\/ul>\n\n\n\n<p>Ha min\u0151s\u00e9gi nedves \u00e9s sz\u00e1raz porsz\u00edv\u00f3t v\u00e1laszt, akkor csapatai eg\u00e9szs\u00e9g\u00e9be, biztons\u00e1g\u00e1ba \u00e9s termel\u00e9kenys\u00e9g\u00e9be fektet be. Ismerje meg a Manutan <a href=\"https:\/\/www.manutan.hu\/hu\/mhu\/porszivok-gmc01640\" data-type=\"URL\" data-id=\"https:\/\/www.manutan.hu\/hu\/mhu\/porszivok-gmc01640\" target=\"_blank\" rel=\"noreferrer noopener\"><span class=\"has-inline-color has-primary-color\">Porsz\u00edv\u00f3k<\/span><\/a> term\u00e9kkateg\u00f3ri\u00e1j\u00e1t!<\/p>\n","protected":false},"excerpt":{"rendered":"<p>\u00datmutat\u00f3 ipari c\u00e9l\u00fa \u00e9s professzion\u00e1lis felhaszn\u00e1l\u00e1sra sz\u00e1nt nedves \u00e9s sz\u00e1raz porsz\u00edv\u00f3 v\u00e1laszt\u00e1s\u00e1hoz.<\/p>\n","protected":false},"author":2,"featured_media":3900,"comment_status":"closed","ping_status":"closed","sticky":false,"template":"","format":"standard","meta":[],"categories":[4,522],"tags":[290,498,497],"jetpack_featured_media_url":"https:\/\/www.manutan.hu\/blog\/wp-content\/uploads\/2024\/11\/porszivo-A00359P1-min-1.jpeg","_links":{"self":[{"href":"https:\/\/www.manutan.hu\/blog\/wp-json\/wp\/v2\/posts\/3896"}],"collection":[{"href":"https:\/\/www.manutan.hu\/blog\/wp-json\/wp\/v2\/posts"}],"about":[{"href":"https:\/\/www.manutan.hu\/blog\/wp-json\/wp\/v2\/types\/post"}],"author":[{"embeddable":true,"href":"https:\/\/www.manutan.hu\/blog\/wp-json\/wp\/v2\/users\/2"}],"replies":[{"embeddable":true,"href":"https:\/\/www.manutan.hu\/blog\/wp-json\/wp\/v2\/comments?post=3896"}],"version-history":[{"count":6,"href":"https:\/\/www.manutan.hu\/blog\/wp-json\/wp\/v2\/posts\/3896\/revisions"}],"predecessor-version":[{"id":3904,"href":"https:\/\/www.manutan.hu\/blog\/wp-json\/wp\/v2\/posts\/3896\/revisions\/3904"}],"wp:featuredmedia":[{"embeddable":true,"href":"https:\/\/www.manutan.hu\/blog\/wp-json\/wp\/v2\/media\/3900"}],"wp:attachment":[{"href":"https:\/\/www.manutan.hu\/blog\/wp-json\/wp\/v2\/media?parent=3896"}],"wp:term":[{"taxonomy":"category","embeddable":true,"href":"https:\/\/www.manutan.hu\/blog\/wp-json\/wp\/v2\/categories?post=3896"},{"taxonomy":"post_tag","embeddable":true,"href":"https:\/\/www.manutan.hu\/blog\/wp-json\/wp\/v2\/tags?post=3896"}],"curies":[{"name":"wp","href":"https:\/\/api.w.org\/{rel}","templated":true}]}}