{"id":3886,"date":"2024-11-05T10:49:14","date_gmt":"2024-11-05T09:49:14","guid":{"rendered":"https:\/\/www.manutan.hu\/blog\/?p=3886"},"modified":"2025-04-16T12:55:46","modified_gmt":"2025-04-16T10:55:46","slug":"hogyan-valasszunk-ipari-paramentesitot","status":"publish","type":"post","link":"https:\/\/www.manutan.hu\/blog\/hogyan-valasszunk-ipari-paramentesitot\/","title":{"rendered":"Hogyan v\u00e1lasszunk ipari p\u00e1ramentes\u00edt\u0151t?"},"content":{"rendered":"\n<figure class=\"wp-block-image size-large\"><img loading=\"lazy\" width=\"1024\" height=\"683\" src=\"https:\/\/www.manutan.hu\/blog\/wp-content\/uploads\/2024\/11\/paramentesites-A00351P1-min-1024x683.jpeg\" alt=\"Ipari p\u00e1ramentes\u00edt\u0151 v\u00e1laszt\u00e1sa\" class=\"wp-image-3889\" srcset=\"https:\/\/www.manutan.hu\/blog\/wp-content\/uploads\/2024\/11\/paramentesites-A00351P1-min-1024x683.jpeg 1024w, https:\/\/www.manutan.hu\/blog\/wp-content\/uploads\/2024\/11\/paramentesites-A00351P1-min-300x200.jpeg 300w, https:\/\/www.manutan.hu\/blog\/wp-content\/uploads\/2024\/11\/paramentesites-A00351P1-min-768x512.jpeg 768w, https:\/\/www.manutan.hu\/blog\/wp-content\/uploads\/2024\/11\/paramentesites-A00351P1-min-1536x1024.jpeg 1536w, https:\/\/www.manutan.hu\/blog\/wp-content\/uploads\/2024\/11\/paramentesites-A00351P1-min.jpeg 1920w\" sizes=\"(max-width: 1024px) 100vw, 1024px\" \/><\/figure>\n\n\n\n<p>A c\u00e9gek speci\u00e1lis ig\u00e9nyeinek megfelel\u0151 ipari p\u00e1ramentes\u00edt\u0151 kiv\u00e1laszt\u00e1sa megk\u00f6veteli a m\u0171szaki jellemz\u0151k, a teljes\u00edtm\u00e9ny \u00e9s a piacon el\u00e9rhet\u0151 technol\u00f3gi\u00e1k alapos meg\u00e9rt\u00e9s\u00e9t. Ennek az \u00fatmutat\u00f3nak az a c\u00e9lja, hogy minden sz\u00fcks\u00e9ges inform\u00e1ci\u00f3t megadjon a megalapozott d\u00f6nt\u00e9s meghozatal\u00e1hoz. <\/p>\n\n\n\n<h2><strong>Az ipari p\u00e1r\u00e1tlan\u00edt\u00f3 kiv\u00e1laszt\u00e1s\u00e1nak krit\u00e9riumai<\/strong><\/h2>\n\n\n\n<p>Ipari p\u00e1ramentes\u00edt\u0151re \u00e1ltal\u00e1ban akkor van sz\u00fcks\u00e9g, ha a nedvess\u00e9g okozta k\u00e1rokat kell megakad\u00e1lyozni p\u00e9ld\u00e1ul egy \u00e9p\u00edtkez\u00e9seken, vagy ha a helyre\u00e1ll\u00edt\u00e1si munk\u00e1latokat szeretn\u00e9nk meggyors\u00edtani olyan esem\u00e9nyek ut\u00e1n, mint p\u00e9ld\u00e1ul a v\u00edzk\u00e1r. A p\u00e1r\u00e1tlan\u00edt\u00f3 berendez\u00e9s kiv\u00e1laszt\u00e1sakor sz\u00e1mos szempontot figyelembe kell venni.<\/p>\n\n\n\n<h3><strong>Elsz\u00edv\u00e1si kapacit\u00e1s<\/strong><\/h3>\n\n\n\n<p>Az elsz\u00edv\u00e1si kapacit\u00e1s alapvet\u0151 krit\u00e9rium az ipari p\u00e1r\u00e1tlan\u00edt\u00f3 kiv\u00e1laszt\u00e1s\u00e1n\u00e1l. Ez annak a v\u00edzmennyis\u00e9gnek felel meg, amelyet a k\u00e9sz\u00fcl\u00e9k egy adott id\u0151szak alatt k\u00e9pes elt\u00e1vol\u00edtani a leveg\u0151b\u0151l, \u00e1ltal\u00e1ban liter per nap (L\/nap) vagy liter per \u00f3ra (L\/h) egys\u00e9gben kifejezve. Gyakran referencia k\u00f6r\u00fclm\u00e9nyek k\u00f6z\u00f6tt m\u00e9rik: 80%-os p\u00e1ratartalom \u00e9s 30 \u00b0C-os h\u0151m\u00e9rs\u00e9kleten, ami az elm\u00e9leti maximumot jelenti.<\/p>\n\n\n\n<h3><strong>L\u00e9g\u00e1raml\u00e1s<\/strong><\/h3>\n\n\n\n<p>A l\u00e9g\u00e1raml\u00e1s a p\u00e1r\u00e1tlan\u00edt\u00f3 teljes\u00edtm\u00e9ny\u00e9nek kulcsmutat\u00f3ja. Min\u00e9l nagyobb, ann\u00e1l nagyobb l\u00e9gmennyis\u00e9get tud a k\u00e9sz\u00fcl\u00e9k gyorsan \u00e9s hat\u00e9konyan p\u00e1ramentes\u00edteni. A nagy l\u00e9g\u00e1raml\u00e1s k\u00fcl\u00f6n\u00f6sen hasznos nagy terekben vagy nagyon p\u00e1r\u00e1s k\u00f6rnyezetben, ahol a gyors l\u00e9g\u00e1raml\u00e1s seg\u00edt a szab\u00e1lyozott p\u00e1ratartalom fenntart\u00e1s\u00e1ban.<\/p>\n\n\n\n<h3><strong>Helyis\u00e9g m\u00e9rete<\/strong><\/h3>\n\n\n\n<p>A p\u00e1r\u00e1tlan\u00edtand\u00f3 helyis\u00e9g m\u00e9rete meghat\u00e1roz\u00f3 t\u00e9nyez\u0151 a megfelel\u0151 elektromos k\u00e9sz\u00fcl\u00e9k kiv\u00e1laszt\u00e1s\u00e1ban. Val\u00f3j\u00e1ban min\u00e9l nagyobb a helyis\u00e9g, ann\u00e1l nagyobb a kezelend\u0151 leveg\u0151 mennyis\u00e9ge, amihez megfelel\u0151 kapacit\u00e1s\u00fa \u00e9s teljes\u00edtm\u00e9ny\u0171 p\u00e1r\u00e1tlan\u00edt\u00f3 sz\u00fcks\u00e9ges. A helyis\u00e9g p\u00e1ratartalm\u00e1nak hat\u00e9kony kezel\u00e9s\u00e9re alkalmas k\u00e9sz\u00fcl\u00e9k kiv\u00e1laszt\u00e1s\u00e1hoz elengedhetetlen a helyis\u00e9g pontos m\u00e9reteinek ismerete.<\/p>\n\n\n\n<h3><strong>L\u00e9gk\u00f6ri p\u00e1ratartalom \u00e9s k\u00f6rnyezeti h\u0151m\u00e9rs\u00e9klet<\/strong><\/h3>\n\n\n\n<p>A magas p\u00e1ratartalom \u00e9s a k\u00f6rnyezeti h\u0151m\u00e9rs\u00e9klet nagyobb teljes\u00edtm\u00e9ny\u0171 k\u00e9sz\u00fcl\u00e9ket ig\u00e9nyelhet. Gy\u0151z\u0151dj\u00f6n meg arr\u00f3l, hogy az \u00d6n \u00e1ltal v\u00e1lasztott ipari vagy kereskedelmi p\u00e1r\u00e1tlan\u00edt\u00f3 hat\u00e9konyan tud m\u0171k\u00f6dni az \u00d6n k\u00f6rnyezet\u00e9nek adott k\u00f6r\u00fclm\u00e9nyei k\u00f6z\u00f6tt.<\/p>\n\n\n\n<h3><strong>S\u00faly \u00e9s m\u00e9ret<\/strong><\/h3>\n\n\n\n<p>Ha gyakran van sz\u00fcks\u00e9g a p\u00e1ramentes\u00edt\u0151 mozgat\u00e1s\u00e1ra, mint p\u00e9ld\u00e1ul az \u00e9p\u00edtkez\u00e9seken haszn\u00e1lt k\u00e9sz\u00fcl\u00e9kekn\u00e9l, akkor a s\u00faly \u00e9s a m\u00e9ret fontos szempont, amelyet figyelembe kell venni. A kompakt \u00e9s k\u00f6nny\u0171 ipari hordozhat\u00f3 p\u00e1r\u00e1tlan\u00edt\u00f3 k\u00f6nnyebben kezelhet\u0151 \u00e9s sz\u00e1ll\u00edthat\u00f3, k\u00fcl\u00f6n\u00f6sen olyan professzion\u00e1lis k\u00f6rnyezetben, ahol a mobilit\u00e1s elengedhetetlen. A min\u0151s\u00e9gi ipari p\u00e1r\u00e1tlan\u00edt\u00f3ba val\u00f3 befektet\u00e9s nemcsak megb\u00edzhat\u00f3 teljes\u00edtm\u00e9nyt, hanem hossz\u00fa \u00e9lettartamot is biztos\u00edt, \u00edgy cs\u00f6kkenti a karbantart\u00e1ssal \u00e9s jav\u00edt\u00e1ssal kapcsolatos hossz\u00fa t\u00e1v\u00fa k\u00f6lts\u00e9geket.<\/p>\n\n\n\n<h2><strong>Hogyan m\u0171k\u00f6dik egy ipari p\u00e1ramentes\u00edt\u0151?<\/strong><\/h2>\n\n\n\n<p>A megfelel\u0151 eszk\u00f6z kiv\u00e1laszt\u00e1s\u00e1hoz hasznos meg\u00e9rteni annak m\u0171k\u00f6d\u00e9s\u00e9t \u00e9s tipikus haszn\u00e1lat\u00e1t.<\/p>\n\n\n\n<h3><strong>Ipari p\u00e1r\u00e1tlan\u00edt\u00f3 alapm\u0171k\u00f6d\u00e9se<\/strong><\/h3>\n\n\n\n<p>A p\u00e1r\u00e1s\u00edt\u00f3t\u00f3l elt\u00e9r\u0151en a p\u00e1r\u00e1tlan\u00edt\u00f3 \u00fagy m\u0171k\u00f6dik, hogy kivonja a felesleges nedvess\u00e9get a k\u00f6rnyezeti leveg\u0151b\u0151l, ezzel \u00e9rve el az adott t\u00e9rben az optim\u00e1lis p\u00e1ratartalmat.<\/p>\n\n\n\n<h3><strong>Nedves leveg\u0151 besz\u00edv\u00e1sa<\/strong><\/h3>\n\n\n\n<p>A helyis\u00e9gben l\u00e9v\u0151 p\u00e1r\u00e1s leveg\u0151t egy be\u00e9p\u00edtett ventil\u00e1tor seg\u00edts\u00e9g\u00e9vel sz\u00edvja be a p\u00e1ramentes\u00edt\u0151 k\u00e9sz\u00fcl\u00e9k. Ez a ventil\u00e1tor biztos\u00edtja az \u00e1lland\u00f3 l\u00e9g\u00e1raml\u00e1st, lehet\u0151v\u00e9 t\u00e9ve a k\u00e9sz\u00fcl\u00e9k sz\u00e1m\u00e1ra a p\u00e1ratartalom hat\u00e9kony feldolgoz\u00e1s\u00e1t.<\/p>\n\n\n\n<h3><strong>Leveg\u0151sz\u0171r\u00e9s<\/strong><\/h3>\n\n\n\n<p>A p\u00e1r\u00e1tlan\u00edt\u00e1si folyamat el\u0151tt a leveg\u0151 gyakran \u00e1thalad egy porsz\u0171r\u0151n, hogy elt\u00e1vol\u00edtsa a porr\u00e9szecsk\u00e9ket \u00e9s egy\u00e9b szennyez\u0151d\u00e9seket. Ez a l\u00e9p\u00e9s kulcsfontoss\u00e1g\u00fa a p\u00e1r\u00e1tlan\u00edt\u00f3 hat\u00e9konys\u00e1g\u00e1nak meg\u0151rz\u00e9s\u00e9hez \u00e9s a jobb leveg\u0151min\u0151s\u00e9g biztos\u00edt\u00e1s\u00e1hoz, hasonl\u00f3an egy l\u00e9gtiszt\u00edt\u00f3hoz.<\/p>\n\n\n\n<h3><strong>Kondenz\u00e1ci\u00f3<\/strong><\/h3>\n\n\n\n<p>A sz\u0171rt leveg\u0151 ezut\u00e1n egy tekercsen halad \u00e1t, amelyen kereszt\u00fcl h\u0171t\u0151g\u00e1z kering, vagy egy h\u0171t\u00f6tt h\u0151cser\u00e9l\u0151n. Amikor a meleg, p\u00e1r\u00e1s leveg\u0151 \u00e9rintkezik a h\u0151cser\u00e9l\u0151 hideg fel\u00fcleteivel, a leveg\u0151ben l\u00e9v\u0151 v\u00edzg\u0151z v\u00edzcseppekk\u00e9 kondenz\u00e1l\u00f3dik. Ez a jelens\u00e9g a h\u0171t\u0151b\u0151l kivett hideg palackon k\u00e9pz\u0151d\u0151 p\u00e1ralecsap\u00f3d\u00e1shoz hasonl\u00edthat\u00f3.<\/p>\n\n\n\n<h3><strong>V\u00edzgy\u0171jt\u00e9s<\/strong><\/h3>\n\n\n\n<p>A kondenz\u00e1ci\u00f3 sor\u00e1n keletkez\u0151 v\u00edzcseppeket egy tart\u00e1lyba gy\u0171jtik, vagy egy kondenzv\u00edz-elvezet\u0151 rendszerrel k\u00f6zvetlen\u00fcl elvezetik egy megfelel\u0151 helyre, p\u00e9ld\u00e1ul mosogat\u00f3ba vagy padl\u00f3lefoly\u00f3ba. N\u00e9h\u00e1ny professzion\u00e1lis modell folyamatos v\u00edzelvezet\u0151 rendszerrel rendelkezik, hogy elker\u00fclje a v\u00edztart\u00e1ly \u00fcr\u00edt\u00e9se miatti gyakori megszak\u00edt\u00e1sokat.<\/p>\n\n\n\n<h3><strong>Leveg\u0151 ut\u00e1nf\u0171t\u00e9s<\/strong><\/h3>\n\n\n\n<p>A most p\u00e1r\u00e1tlan\u00edtott \u00e9s leh\u0171t\u00f6tt leveg\u0151 ezut\u00e1n kiss\u00e9 felmelegszik, ahogy \u00e1thalad a tekercs meleg oldal\u00e1n. Ez lehet\u0151v\u00e9 teszi a leveg\u0151 visszameleg\u00edt\u00e9s\u00e9t a k\u00f6rnyezeti h\u0151m\u00e9rs\u00e9klethez k\u00f6zelebb es\u0151 h\u0151m\u00e9rs\u00e9kletre, \u00edgy elker\u00fclhet\u0151 a helyis\u00e9g t\u00falzott leh\u0171l\u00e9se, ami a h\u0151komfort fenntart\u00e1sa \u00e9rdek\u00e9ben fontos. Ezen alapfelszerelts\u00e9g mellett egyes k\u00e9sz\u00fcl\u00e9kek a hordozhat\u00f3 kl\u00edm\u00e1hoz hasonl\u00f3 l\u00e9gh\u0171t\u00e9si funkci\u00f3val is rendelkeznek, hogy magas h\u0151m\u00e9rs\u00e9klet eset\u00e9n tov\u00e1bbi k\u00e9nyelmet biztos\u00edtsanak.<\/p>\n\n\n\n<h3><strong>Sz\u00e1raz leveg\u0151 kimenet<\/strong><\/h3>\n\n\n\n<p>V\u00e9g\u00fcl a sz\u00e1raz leveg\u0151t a ventil\u00e1tor visszavezeti a helyis\u00e9gbe, ezzel befejezve a p\u00e1r\u00e1tlan\u00edt\u00e1si ciklust. Ez az elj\u00e1r\u00e1s biztos\u00edtja a sz\u00e1r\u00edtott leveg\u0151 \u00e1lland\u00f3 kering\u00e9s\u00e9t a t\u00e9rben, fenntartva a stabil \u00e9s optim\u00e1lis p\u00e1ratartalmat.<\/p>\n\n\n\n<p>Az ipari p\u00e1ramentes\u00edt\u0151ket gyakran olyan fejlett funkci\u00f3kkal l\u00e1tj\u00e1k el, mint p\u00e9ld\u00e1ul:<\/p>\n\n\n\n<ul><li>Automatikus be\u00e1ll\u00edt\u00e1sok m\u00e9r\u0151eszk\u00f6z\u00f6k\u00f6n, p\u00e9ld\u00e1ul higroszt\u00e1ton;<\/li><li>\u00d3rasz\u00e1ml\u00e1l\u00f3;<\/li><li>HEPA sz\u0171r\u0151k a tov\u00e1bbi leveg\u0151tiszt\u00edt\u00e1s \u00e9rdek\u00e9ben;<\/li><li>Leolvaszt\u00f3 rendszerek, amelyek megakad\u00e1lyozz\u00e1k a j\u00e9g felgy\u00fcleml\u00e9s\u00e9t a tekercseken nagyon hideg k\u00f6rnyezetben.<\/li><\/ul>\n\n\n\n<h2><strong>K\u00fcl\u00f6nf\u00e9le p\u00e1r\u00e1tlan\u00edt\u00e1si technol\u00f3gi\u00e1k<\/strong><\/h2>\n\n\n\n<p>K\u00e9t f\u0151 technol\u00f3gia l\u00e9tezik, amelyek k\u00fcl\u00f6nf\u00e9le ig\u00e9nyekhez igazodnak.<\/p>\n\n\n\n<h3>1. <strong>Kondenz\u00e1ci\u00f3s p\u00e1r\u00e1tlan\u00edt\u00e1s<\/strong><\/h3>\n\n\n\n<p>Ez a legelterjedtebb m\u00f3dszer, amely a legt\u00f6bb ig\u00e9nyt kiel\u00e9g\u00edti, kiv\u00e9ve azokat az eseteket, amikor alacsony h\u0151m\u00e9rs\u00e9kleti tartom\u00e1nyban vagy rendk\u00edv\u00fcl sz\u00e1raz leveg\u0151vel p\u00e1r\u00e1tlan\u00edt\u00e1sra van sz\u00fcks\u00e9g. Ez a technol\u00f3gia nagyon hat\u00e9kony energiateljes\u00edtm\u00e9nyt k\u00edn\u00e1l, mik\u00f6zben kiss\u00e9 felmeleg\u00edti a helyis\u00e9get, ahol haszn\u00e1lj\u00e1k.<\/p>\n\n\n\n<h3>2. <strong>Adszorpci\u00f3s p\u00e1r\u00e1tlan\u00edt\u00e1s<\/strong><\/h3>\n\n\n\n<p>Az adszorpci\u00f3s p\u00e1r\u00e1tlan\u00edt\u00f3t ig\u00e9nyesebb alkalmaz\u00e1sokban haszn\u00e1lj\u00e1k, p\u00e9ld\u00e1ul bizonyos ipari folyamatokban. B\u00e1r ez a technol\u00f3gia kiv\u00e1l\u00f3 p\u00e1r\u00e1tlan\u00edt\u00e1si kapacit\u00e1st k\u00edn\u00e1l, nagyobb energiar\u00e1ford\u00edt\u00e1st ig\u00e9nyel a kondenz\u00e1ci\u00f3s technol\u00f3gi\u00e1hoz k\u00e9pest.<\/p>\n\n\n\n<h2><strong>Egy ipari p\u00e1r\u00e1tlan\u00edt\u00f3 \u00e1tlagos energiafogyaszt\u00e1sa<\/strong><\/h2>\n\n\n\n<p>Az ipari p\u00e1r\u00e1tlan\u00edt\u00f3k \u00e1tlagos energiafogyaszt\u00e1sa \u00e1ltal\u00e1ban 400 \u00e9s 2000 watt k\u00f6z\u00f6tt mozog. A kondenz\u00e1ci\u00f3s technol\u00f3gi\u00e1t alkalmaz\u00f3 modellek term\u00e9szet\u00fckn\u00e9l fogva energiahat\u00e9konyabbak, ez\u00e9rt el\u0151nyben r\u00e9szes\u00edtettek olyan k\u00f6rnyezetekben, ahol az energiahat\u00e9konys\u00e1g a f\u0151 szempont.<\/p>\n\n\n\n<h2><strong>Az ipari p\u00e1ramentes\u00edt\u0151k jellemz\u0151 felhaszn\u00e1l\u00e1si ter\u00fcletei<\/strong><\/h2>\n\n\n\n<p>Az ilyen t\u00edpus\u00fa term\u00e9keket k\u00fcl\u00f6nf\u00e9le helyzetekben haszn\u00e1lj\u00e1k, f\u0151k\u00e9nt h\u00e1rom nagy kateg\u00f3ri\u00e1ba sorolva.<\/p>\n\n\n\n<p><strong>A nedvess\u00e9gtartalom fenntart\u00e1sa<\/strong>: A p\u00e1r\u00e1tlan\u00edt\u00f3 n\u00e9lk\u00fcl\u00f6zhetetlen az optim\u00e1lis p\u00e1ratartalom fenntart\u00e1s\u00e1hoz olyan k\u00f6rnyezetben, mint a t\u00e1rol\u00f3rakt\u00e1rak, ipari l\u00e9tes\u00edtm\u00e9nyek vagy laborat\u00f3riumok. Ez\u00e9rt kulcsfontoss\u00e1g\u00fa m\u0171helyb\u00fator az ipari folyamatok biztos\u00edt\u00e1s\u00e1hoz vagy a m\u00e9rgez\u0151 term\u00e9kek vagy \u00e9rz\u00e9keny \u00e1ruk t\u00e1rol\u00e1si min\u0151s\u00e9g\u00e9nek meg\u0151rz\u00e9s\u00e9hez.<\/p>\n\n\n\n<p><strong>Ideiglenes t\u00falzott p\u00e1ratartalom kezel\u00e9se<\/strong>: Kedvez\u0151tlen id\u0151j\u00e1r\u00e1si viszonyok vagy ipari folyamatok miatti t\u00falzott p\u00e1ratartalom eset\u00e9n p\u00e1r\u00e1tlan\u00edt\u00f3kat haszn\u00e1lnak a nedvess\u00e9gtartalom gyors szab\u00e1lyoz\u00e1s\u00e1ra. \u00cdgy v\u00e9delmet ny\u00fajtanak a pen\u00e9szk\u00e9pz\u0151d\u00e9s \u00e9s az anyagroml\u00e1s ellen, k\u00fcl\u00f6n\u00f6sen \u00e9p\u00edtkez\u00e9seken. Ezenk\u00edv\u00fcl megakad\u00e1lyozz\u00e1k bizonyos t\u00f6r\u00e9keny t\u00e1rgyak \u00e9s berendez\u00e9sek t\u00f6nkremenetel\u00e9t.<\/p>\n\n\n\n<p><strong>V\u00edzk\u00e1r helyre\u00e1ll\u00edt\u00e1sa<\/strong>: Az olyan incidensek ut\u00e1n, mint az \u00e1rad\u00e1sok vagy sziv\u00e1rg\u00e1sok, a p\u00e1r\u00e1tlan\u00edt\u00f3k n\u00e9lk\u00fcl\u00f6zhetetlenek a s\u00e9r\u00fclt helyek kisz\u00e1r\u00edt\u00e1s\u00e1hoz, a pen\u00e9szk\u00e9pz\u0151d\u00e9s megakad\u00e1lyoz\u00e1s\u00e1hoz \u00e9s az optim\u00e1lis k\u00f6r\u00fclm\u00e9nyek helyre\u00e1ll\u00edt\u00e1s\u00e1hoz b\u00e1rmilyen jav\u00edt\u00e1s vagy fel\u00faj\u00edt\u00e1s el\u0151tt.<\/p>\n\n\n\n<h2><strong>Az ipari p\u00e1r\u00e1tlan\u00edt\u00f3 megfelel\u0151 felszerel\u00e9se<\/strong><\/h2>\n\n\n\n<p>A p\u00e1r\u00e1tlan\u00edt\u00f3 elhelyez\u00e9se \u00e9s karbantart\u00e1sa fontos a k\u00e9sz\u00fcl\u00e9k optim\u00e1lis teljes\u00edtm\u00e9nye \u00e9s \u00e9lettartama \u00e9rdek\u00e9ben.<\/p>\n\n\n\n<h3><strong>Hol helyezz\u00fck el a p\u00e1r\u00e1tlan\u00edt\u00f3t?<\/strong><\/h3>\n\n\n\n<p>Szak\u00e9rt\u0151ink r\u00e1mutatnak, hogy \u201eide\u00e1lis esetben az ipari p\u00e1r\u00e1tlan\u00edt\u00f3t egy k\u00f6zponti helyre kell telep\u00edteni, hogy optim\u00e1lis l\u00e9g\u00e1raml\u00e1st biztos\u00edtson\u201d. Ak\u00e1r falra szerelhet\u0151, ak\u00e1r hordozhat\u00f3 a k\u00e9sz\u00fcl\u00e9k, ez lehet\u0151v\u00e9 teszi a p\u00e1r\u00e1tlan\u00edtott leveg\u0151 homog\u00e9n eloszl\u00e1s\u00e1t a helyis\u00e9gben. Sz\u00fcks\u00e9g eset\u00e9n elektromos ventil\u00e1torok vagy l\u00e9gkeringtet\u0151k is haszn\u00e1lhat\u00f3k kieg\u00e9sz\u00edt\u00e9sk\u00e9nt.<\/p>\n\n\n\n<p>Javasoljuk tov\u00e1bb\u00e1, hogy az ipari p\u00e1r\u00e1tlan\u00edt\u00f3t k\u00fcl\u00f6n v\u00edzszivatty\u00fakhoz csatlakoztassa, hogy elker\u00fclje a kondenzv\u00edzt\u00e1lca rendszeres \u00fcr\u00edt\u00e9s\u00e9t. Egyes modellek kondenzv\u00edz-szivatty\u00faval vannak felszerelve, ami tov\u00e1bbi rugalmass\u00e1got k\u00edn\u00e1l a k\u00fcl\u00f6nf\u00e9le telep\u00edt\u00e9si konfigur\u00e1ci\u00f3khoz.<\/p>\n\n\n\n<h2><strong>Hogyan kell karbantartani a p\u00e1ramentes\u00edt\u0151t?<\/strong><\/h2>\n\n\n\n<p>Az ipari p\u00e1r\u00e1tlan\u00edt\u00f3 rendszeres karbantart\u00e1sa elengedhetetlen az optim\u00e1lis teljes\u00edtm\u00e9ny biztos\u00edt\u00e1s\u00e1hoz \u00e9s \u00e9lettartam\u00e1nak meghosszabb\u00edt\u00e1s\u00e1hoz. \u00cdme a k\u00f6vetend\u0151 egyszer\u0171 l\u00e9p\u00e9sek:<\/p>\n\n\n\n<ul><li>Tiszt\u00edtsa meg a sz\u0171r\u0151ket a hat\u00e9kony l\u00e9g\u00e1raml\u00e1s fenntart\u00e1sa \u00e9rdek\u00e9ben;<\/li><li>\u00dcr\u00edtse ki a tart\u00e1lyt a sziv\u00e1rg\u00e1s vesz\u00e9ly\u00e9nek elker\u00fcl\u00e9se \u00e9rdek\u00e9ben;<\/li><li>Rendszeresen tiszt\u00edtsa meg a k\u00e9sz\u00fcl\u00e9k k\u00fclsej\u00e9t egy nedves ruh\u00e1val, hogy elt\u00e1vol\u00edtsa a felgy\u00fclemlett port \u00e9s szennyez\u0151d\u00e9st.<\/li><\/ul>\n\n\n\n<p>A telep\u00edt\u00e9si \u00e9s karbantart\u00e1si szak\u00e9rt\u0151i tan\u00e1csok k\u00f6vet\u00e9s\u00e9vel nemcsak ipari p\u00e1r\u00e1tlan\u00edt\u00f3ja hat\u00e9konys\u00e1g\u00e1t optimaliz\u00e1lja, hanem \u00e9lettartam\u00e1t is meghosszabb\u00edtja, mik\u00f6zben cs\u00f6kkenti a meghib\u00e1sod\u00e1sok \u00e9s a p\u00e1ratartalommal kapcsolatos probl\u00e9m\u00e1k kock\u00e1zat\u00e1t a munkak\u00f6rnyezetben.<\/p>\n\n\n\n<h2>Fedezze fel <a href=\"https:\/\/www.manutan.hu\/hu\/mhu\/levegojavitas\" data-type=\"URL\" data-id=\"https:\/\/www.manutan.hu\/hu\/mhu\/levegojavitas\" target=\"_blank\" rel=\"noreferrer noopener\">Leveg\u0151jav\u00edt\u00e1s<\/a> term\u00e9kkateg\u00f3ri\u00e1nkat!<\/h2>\n","protected":false},"excerpt":{"rendered":"<p>Ak\u00e1r rakt\u00e1rba, laborat\u00f3riumba, irod\u00e1ba vagy b\u00e1rmilyen m\u00e1s professzion\u00e1lis k\u00f6rnyezetbe keres k\u00e9sz\u00fcl\u00e9ket, cikk\u00fcnk seg\u00edts\u00e9g\u00e9vel k\u00f6nnyed\u00e9n megtal\u00e1lhatja az ig\u00e9nyeinek megfelel\u0151 p\u00e1ramentes\u00edt\u0151t.<\/p>\n","protected":false},"author":2,"featured_media":3889,"comment_status":"closed","ping_status":"closed","sticky":false,"template":"","format":"standard","meta":[],"categories":[4,528,522],"tags":[496,494,495],"jetpack_featured_media_url":"https:\/\/www.manutan.hu\/blog\/wp-content\/uploads\/2024\/11\/paramentesites-A00351P1-min.jpeg","_links":{"self":[{"href":"https:\/\/www.manutan.hu\/blog\/wp-json\/wp\/v2\/posts\/3886"}],"collection":[{"href":"https:\/\/www.manutan.hu\/blog\/wp-json\/wp\/v2\/posts"}],"about":[{"href":"https:\/\/www.manutan.hu\/blog\/wp-json\/wp\/v2\/types\/post"}],"author":[{"embeddable":true,"href":"https:\/\/www.manutan.hu\/blog\/wp-json\/wp\/v2\/users\/2"}],"replies":[{"embeddable":true,"href":"https:\/\/www.manutan.hu\/blog\/wp-json\/wp\/v2\/comments?post=3886"}],"version-history":[{"count":4,"href":"https:\/\/www.manutan.hu\/blog\/wp-json\/wp\/v2\/posts\/3886\/revisions"}],"predecessor-version":[{"id":3891,"href":"https:\/\/www.manutan.hu\/blog\/wp-json\/wp\/v2\/posts\/3886\/revisions\/3891"}],"wp:featuredmedia":[{"embeddable":true,"href":"https:\/\/www.manutan.hu\/blog\/wp-json\/wp\/v2\/media\/3889"}],"wp:attachment":[{"href":"https:\/\/www.manutan.hu\/blog\/wp-json\/wp\/v2\/media?parent=3886"}],"wp:term":[{"taxonomy":"category","embeddable":true,"href":"https:\/\/www.manutan.hu\/blog\/wp-json\/wp\/v2\/categories?post=3886"},{"taxonomy":"post_tag","embeddable":true,"href":"https:\/\/www.manutan.hu\/blog\/wp-json\/wp\/v2\/tags?post=3886"}],"curies":[{"name":"wp","href":"https:\/\/api.w.org\/{rel}","templated":true}]}}