{"id":3841,"date":"2024-10-10T12:27:12","date_gmt":"2024-10-10T10:27:12","guid":{"rendered":"https:\/\/www.manutan.hu\/blog\/?p=3841"},"modified":"2025-04-16T12:57:10","modified_gmt":"2025-04-16T10:57:10","slug":"kornyezeti-felelossegvallalas-a-cegeknel","status":"publish","type":"post","link":"https:\/\/www.manutan.hu\/blog\/kornyezeti-felelossegvallalas-a-cegeknel\/","title":{"rendered":"K\u00f6rnyezeti felel\u0151ss\u00e9gv\u00e1llal\u00e1s a c\u00e9gekn\u00e9l"},"content":{"rendered":"\n<figure class=\"wp-block-image size-large\"><img loading=\"lazy\" width=\"1024\" height=\"683\" src=\"https:\/\/www.manutan.hu\/blog\/wp-content\/uploads\/2024\/10\/responsibility-A00367P2-min-1024x683.jpeg\" alt=\"\" class=\"wp-image-3842\" srcset=\"https:\/\/www.manutan.hu\/blog\/wp-content\/uploads\/2024\/10\/responsibility-A00367P2-min-1024x683.jpeg 1024w, https:\/\/www.manutan.hu\/blog\/wp-content\/uploads\/2024\/10\/responsibility-A00367P2-min-300x200.jpeg 300w, https:\/\/www.manutan.hu\/blog\/wp-content\/uploads\/2024\/10\/responsibility-A00367P2-min-768x512.jpeg 768w, https:\/\/www.manutan.hu\/blog\/wp-content\/uploads\/2024\/10\/responsibility-A00367P2-min-1536x1025.jpeg 1536w, https:\/\/www.manutan.hu\/blog\/wp-content\/uploads\/2024\/10\/responsibility-A00367P2-min.jpeg 1920w\" sizes=\"(max-width: 1024px) 100vw, 1024px\" \/><\/figure>\n\n\n\n<p>A v\u00e1llalaton bel\u00fcli k\u00f6rnyezeti felel\u0151ss\u00e9gv\u00e1llal\u00e1s mag\u00e1ban foglalja az \u00f6sszes olyan tev\u00e9kenys\u00e9get \u00e9s kezdem\u00e9nyez\u00e9st, amit az adott szervezet a k\u00f6rnyezeti hat\u00e1sok cs\u00f6kkent\u00e9se \u00e9s a bolyg\u00f3 meg\u0151rz\u00e9s\u00e9hez val\u00f3 akt\u00edv hozz\u00e1j\u00e1rul\u00e1s \u00e9rdek\u00e9ben tesz. A kl\u00edmav\u00e1ls\u00e1g \u00e9s az egyre aggaszt\u00f3bb\u00e1 v\u00e1l\u00f3 k\u00f6rnyezeti hat\u00e1sok miatt mind t\u00f6bb v\u00e1llalat ismeri fel felel\u0151ss\u00e9g\u00e9t \u00e9s igyekszik \u00f6kol\u00f3giai megk\u00f6zel\u00edt\u00e9st kezdem\u00e9nyezni. De hol \u00e9s hogyan \u00e9rdemes ezt elkezdeni?<\/p>\n\n\n\n<h2><strong>Mi\u00e9rt alkalmazzon k\u00f6rnyezetv\u00e9delmi megk\u00f6zel\u00edt\u00e9st a c\u00e9g\u00e9n\u00e9l?<\/strong><\/h2>\n\n\n\n<p>A k\u00f6rnyezetv\u00e9delmi megk\u00f6zel\u00edt\u00e9s m\u00e1r nem opcion\u00e1lis, hanem sz\u00fcks\u00e9gszer\u0171 a modern v\u00e1llalatok sz\u00e1m\u00e1ra. \u00cdme a f\u0151 okok, amelyek indokolj\u00e1k a k\u00f6rnyezetv\u00e9delmi elk\u00f6telez\u0151d\u00e9st.<\/p>\n\n\n\n<h3><strong>Fogyaszt\u00f3i \u00e9s munkav\u00e1llal\u00f3i elv\u00e1r\u00e1sokra val\u00f3 reag\u00e1l\u00e1s<\/strong><\/h3>\n\n\n\n<p>A k\u00f6rnyezettudatoss\u00e1g egyre er\u0151sebb a t\u00e1rsadalomban. A fogyaszt\u00f3k figyelemmel k\u00eds\u00e9rik a v\u00e1llalati gyakorlatokat, \u00e9s el\u0151nyben r\u00e9szes\u00edtik azokat, amelyek val\u00f3di k\u00f6rnyezeti felel\u0151ss\u00e9get tan\u00fas\u00edtanak. Hasonl\u00f3k\u00e9ppen, a munkav\u00e1llal\u00f3k, k\u00fcl\u00f6n\u00f6sen a fiatalabb gener\u00e1ci\u00f3k, \u00e9rz\u00e9kenyek munk\u00e1ltat\u00f3juk \u00e9rt\u00e9keire, \u00e9s \u00e9rt\u00e9kelik a felel\u0151ss\u00e9gteljes v\u00e1llalatokn\u00e1l v\u00e9gzett munk\u00e1t. A k\u00f6rnyezetv\u00e9delmi megk\u00f6zel\u00edt\u00e9s kezdem\u00e9nyez\u00e9s\u00e9vel megfelelhet ezeknek az elv\u00e1r\u00e1soknak, \u00e9s n\u00f6velheti c\u00e9ge vonzerej\u00e9t.<\/p>\n\n\n\n<h3><strong>A k\u00f6rnyezetv\u00e9delmi el\u0151\u00edr\u00e1sok betart\u00e1sa<\/strong><\/h3>\n\n\n\n<p>A k\u00f6rnyezetv\u00e9delmi el\u0151\u00edr\u00e1sok egyre merevebbek. Az\u00e1ltal, hogy el\u0151re l\u00e1tja ezeket a v\u00e1ltoz\u00e1sokat \u00e9s proakt\u00edv k\u00f6rnyezetv\u00e9delmi politik\u00e1t hajt v\u00e9gre, nemcsak a jogszab\u00e1lyoknak val\u00f3 megfelel\u00e9st biztos\u00edtja, hanem versenyt\u00e1rsait is megel\u0151zi. Ez seg\u00edt elker\u00fclni a lehets\u00e9ges szankci\u00f3kat, \u00e9s k\u00f6nnyebben alkalmazkodik a j\u00f6v\u0151beli szab\u00e1lyoz\u00e1sokhoz.<\/p>\n\n\n\n<h3><strong>Hossz\u00fa t\u00e1v\u00fa megtakar\u00edt\u00e1sok el\u00e9r\u00e9se<\/strong><\/h3>\n\n\n\n<p>A k\u00f6zhiedelemmel ellent\u00e9tben a k\u00f6rnyezeti felel\u0151ss\u00e9gv\u00e1llal\u00e1s jelent\u0151s megtakar\u00edt\u00e1sokat eredm\u00e9nyezhet. Energiafogyaszt\u00e1s\u00e1nak optimaliz\u00e1l\u00e1s\u00e1val, a hullad\u00e9k mennyis\u00e9g\u00e9nek cs\u00f6kkent\u00e9s\u00e9vel vagy a tart\u00f3s term\u00e9kek el\u0151nyben r\u00e9szes\u00edt\u00e9s\u00e9vel hossz\u00fa t\u00e1von cs\u00f6kkenti m\u0171k\u00f6d\u00e9si k\u00f6lts\u00e9geit. Marine Varret, a Manutan v\u00e1llalati t\u00e1rsadalmi felel\u0151ss\u00e9gv\u00e1llal\u00e1si (CSR) ell\u00e1t\u00e1si l\u00e1nc\u00e1nak vezet\u0151je kifejti: \u201eAz \u00fcvegh\u00e1zhat\u00e1s\u00fa g\u00e1zok kibocs\u00e1t\u00e1s\u00e1nak cs\u00f6kkent\u00e9se \u00e9s a fenntarthat\u00f3 kezdem\u00e9nyez\u00e9sek kidolgoz\u00e1sa lehet\u0151v\u00e9 teszi sz\u00e1munkra, hogy hossz\u00fa t\u00e1v\u00fa megtakar\u00edt\u00e1sokat \u00e9rj\u00fcnk el.\u201d<\/p>\n\n\n\n<h3><strong>A c\u00e9g im\u00e1zs\u00e1nak jav\u00edt\u00e1sa<\/strong><\/h3>\n\n\n\n<p>Az \u0151szinte \u00e9s j\u00f3l kommunik\u00e1lt k\u00f6rnyezetv\u00e9delmi elk\u00f6telezetts\u00e9g jelent\u0151sen er\u0151s\u00edti c\u00e9ge m\u00e1rkaim\u00e1zs\u00e1t. Lehet\u0151v\u00e9 teszi, hogy megk\u00fcl\u00f6nb\u00f6ztesse mag\u00e1t a versenyt\u00e1rsakt\u00f3l, \u00e9s olyan \u00fcgyfeleket \u00e9s partnereket vonzzon, akik ugyanazokat az \u00e9rt\u00e9keket vallj\u00e1k. Ez a pozit\u00edv k\u00e9p az \u00fcgyfelek lojalit\u00e1s\u00e1nak n\u00f6veked\u00e9s\u00e9t \u00e9s \u00faj \u00fczleti lehet\u0151s\u00e9geket eredm\u00e9nyezhet.<\/p>\n\n\n\n<h3><strong>Az innov\u00e1ci\u00f3 \u00e9s a kreativit\u00e1s \u00f6szt\u00f6nz\u00e9se<\/strong><\/h3>\n\n\n\n<p>Az \u00f6kol\u00f3giai megold\u00e1sok keres\u00e9se gyakran k\u00e9szteti a v\u00e1llalatokat innov\u00e1ci\u00f3ra \u00e9s folyamataik \u00fajragondol\u00e1s\u00e1ra. Ez a megk\u00f6zel\u00edt\u00e9s \u00faj, hat\u00e9konyabb term\u00e9k\u00f6tletek vagy innovat\u00edv szolg\u00e1ltat\u00e1sok megjelen\u00e9s\u00e9hez vezethet, amelyek versenyel\u0151nyt biztos\u00edtanak a piacon.<\/p>\n\n\n\n<h3><strong>Hozz\u00e1j\u00e1rul\u00e1s a kl\u00edmav\u00e1ltoz\u00e1s elleni k\u00fczdelemhez<\/strong><\/h3>\n\n\n\n<p>A c\u00e9ge sz\u00e1m\u00e1ra ny\u00fajtott k\u00f6zvetlen el\u0151ny\u00f6k\u00f6n t\u00fal a k\u00f6rnyezetv\u00e9delmi megk\u00f6zel\u00edt\u00e9s lehet\u0151v\u00e9 teszi, hogy akt\u00edvan hozz\u00e1j\u00e1ruljon az \u00e9ghajlatv\u00e1ltoz\u00e1s elleni k\u00fczdelemhez. A k\u00f6rnyezeti hat\u00e1s cs\u00f6kkent\u00e9s\u00e9vel hozz\u00e1j\u00e1rul a bolyg\u00f3 meg\u0151rz\u00e9s\u00e9hez, \u00e9s v\u00e1llalja \u00fczleti tev\u00e9kenys\u00e9g\u00e9nek t\u00e1rsadalmi felel\u0151ss\u00e9g\u00e9t.<\/p>\n\n\n\n<h2><strong>L\u00e9p\u00e9sek a k\u00f6rnyezeti felel\u0151ss\u00e9gv\u00e1llal\u00e1s kezdem\u00e9nyez\u00e9s\u00e9re a v\u00e1llalaton bel\u00fcl<\/strong><\/h2>\n\n\n\n<p>A k\u00f6rnyezeti felel\u0151ss\u00e9gv\u00e1llal\u00e1s kezdem\u00e9nyez\u00e9se struktur\u00e1lt \u00e9s m\u00f3dszeres megk\u00f6zel\u00edt\u00e9st ig\u00e9nyel. \u00cdme a hat\u00e9kony \u00e9s fenntarthat\u00f3 k\u00f6rnyezeti megk\u00f6zel\u00edt\u00e9s kialak\u00edt\u00e1s\u00e1nak l\u00e9p\u00e9sei.<\/p>\n\n\n\n<p><strong>1. K\u00f6rnyezeti hat\u00e1sra vonatkoz\u00f3 audit<\/strong><\/p>\n\n\n\n<p>Az els\u0151 l\u00e9p\u00e9s a v\u00e1llalat k\u00f6rnyezeti hat\u00e1sainak felm\u00e9r\u00e9se. Ennek az auditnak ki kell terjednie a c\u00e9g tev\u00e9kenys\u00e9g\u00e9nek minden aspektus\u00e1ra:<\/p>\n\n\n\n<ul><li>Energiafogyaszt\u00e1s;<\/li><li>Hullad\u00e9kgazd\u00e1lkod\u00e1s;<\/li><li>Term\u00e9szeti er\u0151forr\u00e1sok felhaszn\u00e1l\u00e1sa;<\/li><li>\u00dcvegh\u00e1zhat\u00e1s\u00fa g\u00e1zok kibocs\u00e1t\u00e1sa;<\/li><li>Beszerz\u00e9si gyakorlatok \u00e9s besz\u00e1ll\u00edt\u00f3i v\u00e1laszt\u00e1sok;<\/li><li>Gy\u00e1rt\u00e1si \u00e9s logisztikai folyamatok.<\/li><\/ul>\n\n\n\n<p>Ez az audit seg\u00edt azonos\u00edtani azokat a kiemelt ter\u00fcleteket, amelyekre er\u0151fesz\u00edt\u00e9seit \u00f6sszpontos\u00edtani kell.<\/p>\n\n\n\n<p><strong>2. Vil\u00e1gos \u00e9s m\u00e9rhet\u0151 c\u00e9lok meghat\u00e1roz\u00e1sa<\/strong><\/p>\n\n\n\n<p>Az audit eredm\u00e9nyei alapj\u00e1n hat\u00e1rozzon meg sz\u00e1mszer\u0171s\u00edthet\u0151 \u00e9s konkr\u00e9t c\u00e9lokat. P\u00e9ld\u00e1ul:<\/p>\n\n\n\n<ul><li>Az energiafogyaszt\u00e1s 20%-os cs\u00f6kkent\u00e9se 2 \u00e9ven bel\u00fcl;<\/li><li>50%-ban felel\u0151s besz\u00e1ll\u00edt\u00f3k v\u00e1laszt\u00e1sa (fenntarthat\u00f3 term\u00e9kekkel) a k\u00f6vetkez\u0151 18 h\u00f3napban;<\/li><li>Az \u00fczleti utaz\u00e1shoz kapcsol\u00f3d\u00f3 CO<sup>2<\/sup>-kibocs\u00e1t\u00e1s 30%-os cs\u00f6kkent\u00e9se 3 \u00e9v alatt.<\/li><\/ul>\n\n\n\n<p>Ezeknek a c\u00e9loknak ambici\u00f3zusnak, de re\u00e1lisnak kell lenni\u00fck, \u00e9s \u00f6sszhangban kell lenni\u00fck a c\u00e9g k\u00f6rnyezeti felel\u0151ss\u00e9g\u00e9nek hossz\u00fa t\u00e1v\u00fa elk\u00e9pzel\u00e9seivel.<\/p>\n\n\n\n<p><strong>3. Munkav\u00e1llal\u00f3k bevon\u00e1sa<\/strong><\/p>\n\n\n\n<p>A k\u00f6rnyezeti felel\u0151ss\u00e9gv\u00e1llal\u00e1st az eg\u00e9sz v\u00e1llalatnak t\u00e1mogatnia kell:<\/p>\n\n\n\n<ul><li>Szervezzen t\u00e1j\u00e9koztat\u00f3 el\u0151ad\u00e1sokat \u00e9s k\u00e9pz\u00e9seket alkalmazottai sz\u00e1m\u00e1ra;<\/li><li>\u00d6szt\u00f6n\u00f6zze kezdem\u00e9nyez\u00e9seiket, \u00e9s hozzanak l\u00e9tre egy bizotts\u00e1got a cselekv\u00e9sek ir\u00e1ny\u00edt\u00e1s\u00e1ra.<\/li><\/ul>\n\n\n\n<p>Min\u00e9l jobban bevonj\u00e1k az alkalmazottakat, ann\u00e1l hat\u00e9konyabb \u00e9s fenntarthat\u00f3bb lesz a megk\u00f6zel\u00edt\u00e9se.<\/p>\n\n\n\n<p><strong>4. Cselekv\u00e9si terv v\u00e9grehajt\u00e1sa<\/strong><\/p>\n\n\n\n<p>K\u00e9sz\u00edtsen r\u00e9szletes cselekv\u00e9si tervet c\u00e9ljainak el\u00e9r\u00e9s\u00e9hez. Ennek a tervnek tartalmaznia kell:<\/p>\n\n\n\n<ul><li>Konkr\u00e9t int\u00e9zked\u00e9sek minden egyes c\u00e9lkit\u0171z\u00e9shez;<\/li><li>A megval\u00f3s\u00edt\u00e1s \u00fctemez\u00e9se;<\/li><li>Sz\u00fcks\u00e9ges er\u0151forr\u00e1sok (emberi, p\u00e9nz\u00fcgyi, anyagi);<\/li><li>Felel\u0151s szem\u00e9lyek minden egyes tev\u00e9kenys\u00e9g\u00e9rt;<\/li><li>Teljes\u00edtm\u00e9nymutat\u00f3k az el\u0151rehalad\u00e1s m\u00e9r\u00e9s\u00e9re.<\/li><\/ul>\n\n\n\n<p><strong>5. A k\u00f6rnyezetv\u00e9delmi felel\u0151ss\u00e9g integr\u00e1l\u00e1sa a beszerz\u00e9si politik\u00e1j\u00e1ba<\/strong><\/p>\n\n\n\n<p>Gondolja \u00e1t beszerz\u00e9si politik\u00e1j\u00e1t, hogy az k\u00f6rnyezetbar\u00e1tabb legyen. Ez a k\u00f6vetkez\u0151ket foglalhatja mag\u00e1ban:<\/p>\n\n\n\n<ul><li>Felel\u0151s besz\u00e1ll\u00edt\u00f3k kiv\u00e1laszt\u00e1sa fenntarthat\u00f3 beszerz\u00e9si charta l\u00e9trehoz\u00e1s\u00e1val \u00e9s k\u00f6rnyezetv\u00e9delmi gyakorlatuk \u00e9rt\u00e9kel\u00e9s\u00e9vel;<\/li><li>Tart\u00f3s, k\u00f6rnyezetbar\u00e1t tervez\u00e9s\u0171 \u00e9s tan\u00fas\u00edtv\u00e1nnyal rendelkez\u0151 term\u00e9kek (\u00d6koc\u00edmke, FSC, Energy Star stb.) v\u00e1s\u00e1rl\u00e1sa;<\/li><li>A csomagol\u00e1s cs\u00f6kkent\u00e9se;<\/li><li>A logisztika optimaliz\u00e1l\u00e1sa a sz\u00e9nl\u00e1bnyom cs\u00f6kkent\u00e9se \u00e9rdek\u00e9ben a megrendel\u00e9sek konszolid\u00e1l\u00e1s\u00e1val, a helyi besz\u00e1ll\u00edt\u00f3k el\u0151nyben r\u00e9szes\u00edt\u00e9s\u00e9vel \u00e9s a kev\u00e9sb\u00e9 szennyez\u0151 sz\u00e1ll\u00edt\u00e1si m\u00f3dok haszn\u00e1lat\u00e1val;<\/li><li>A teljes \u00e9let\u00fat k\u00f6lts\u00e9g (bele\u00e9rtve a felhaszn\u00e1l\u00e1st \u00e9s az \u00e9lettartam v\u00e9g\u00e9t) integr\u00e1l\u00e1sa a v\u00e1s\u00e1rl\u00e1si d\u00f6nt\u00e9sekbe;<\/li><li>K\u00e9pz\u00e9s \u00e9s tudatoss\u00e1g n\u00f6vel\u00e9se a beszerz\u00e9si oszt\u00e1ly r\u00e9sz\u00e9re a fenntarthat\u00f3 gyakorlatokr\u00f3l;<\/li><li>Mutat\u00f3k bevezet\u00e9se a fenntarthat\u00f3 beszerz\u00e9si politika hat\u00e1s\u00e1nak nyomon k\u00f6vet\u00e9s\u00e9re.<\/li><\/ul>\n\n\n\n<p><strong>6. A halad\u00e1s nyomon k\u00f6vet\u00e9se \u00e9s megoszt\u00e1sa<\/strong><\/p>\n\n\n\n<p>\u00c1ll\u00edtson be rendszeres monitoring rendszert k\u00f6rnyezeti mutat\u00f3ihoz. Rendszeresen kommunik\u00e1ljon el\u0151rehalad\u00e1s\u00e1r\u00f3l bels\u0151leg \u00e9s k\u00fcls\u0151leg egyar\u00e1nt. \u00dcnnepelje a sikereket, \u00e9s elemezze a neh\u00e9zs\u00e9geket, sz\u00fcks\u00e9g eset\u00e9n pedig m\u00f3dos\u00edtsa strat\u00e9gi\u00e1j\u00e1t.<\/p>\n\n\n\n<p><strong>7. Elk\u00f6telezetts\u00e9g a folyamatos fejleszt\u00e9s mellett<\/strong><\/p>\n\n\n\n<p>A k\u00f6rnyezeti felel\u0151ss\u00e9gv\u00e1llal\u00e1s egy folyamatos figyelmet ig\u00e9nyl\u0151 tev\u00e9kenys\u00e9g. Rendszeresen \u00e9rt\u00e9kelje \u00fajra c\u00e9ljait, t\u00e1j\u00e9koz\u00f3djon az \u00faj technol\u00f3gi\u00e1kr\u00f3l \u00e9s az \u00e1gazat\u00e1ban bev\u00e1lt gyakorlatokr\u00f3l. Ne habozzon \u00faj kih\u00edv\u00e1sok el\u00e9 \u00e1ll\u00edtani a folyamatos fejl\u0151d\u00e9st.<\/p>\n\n\n\n<p><strong>8. K\u00f6rnyezetv\u00e9delmi tan\u00fas\u00edtv\u00e1ny megszerz\u00e9se<\/strong><\/p>\n\n\n\n<p>V\u00e9gs\u0151 soron megc\u00e9lozhatja az elismert k\u00f6rnyezetv\u00e9delmi tan\u00fas\u00edtv\u00e1nyt, p\u00e9ld\u00e1ul az ISO 14001 nemzetk\u00f6zi szabv\u00e1nyt. Ezek a tan\u00fas\u00edtv\u00e1nyok igazolj\u00e1k elk\u00f6telezetts\u00e9g\u00e9t, \u00e9s jelent\u0151s versenyel\u0151nyt jelenthetnek.<\/p>\n\n\n\n<h2><strong>Milyen konkr\u00e9t l\u00e9p\u00e9seket tehet a k\u00f6rnyezeti hat\u00e1sok cs\u00f6kkent\u00e9se \u00e9rdek\u00e9ben?<\/strong><\/h2>\n\n\n\n<p>A v\u00e1llalat k\u00f6rnyezeti hat\u00e1sainak konkr\u00e9t cs\u00f6kkent\u00e9se \u00e9rdek\u00e9ben t\u00f6bb int\u00e9zked\u00e9st is v\u00e9grehajthat:<\/p>\n\n\n\n<ul><li>Kezdje energiafogyaszt\u00e1s\u00e1nak optimaliz\u00e1l\u00e1s\u00e1val energiahat\u00e9kony berendez\u00e9sek telep\u00edt\u00e9s\u00e9vel \u00e9s a fenntarthat\u00f3 gyakorlatokkal kapcsolatos munkav\u00e1llal\u00f3i tudatoss\u00e1g n\u00f6vel\u00e9s\u00e9vel;<\/li><li>Hat\u00e9kony hullad\u00e9kv\u00e1logat\u00e1si rendszer fel\u00e1ll\u00edt\u00e1sa, amelynek c\u00e9lja a hullad\u00e9k keletkez\u00e9s\u00e9nek cs\u00f6kkent\u00e9se k\u00f6zvetlen\u00fcl annak forr\u00e1sn\u00e1l;<\/li><li>A fenntarthat\u00f3 mobilit\u00e1s el\u0151mozd\u00edt\u00e1sa telekocsik haszn\u00e1lat\u00e1nak, a t\u00f6megk\u00f6zleked\u00e9s \u00f6szt\u00f6nz\u00e9s\u00e9vel, a t\u00e1vmunka enged\u00e9lyez\u00e9s\u00e9vel vagy az elektromos j\u00e1rm\u0171vek infrastrukt\u00far\u00e1j\u00e1nak fejleszt\u00e9s\u00e9vel;<\/li><li>V\u00e1lasszon fenntarthat\u00f3 irodai kell\u00e9keket \u00e9s cs\u00f6kkentse a pap\u00edrfogyaszt\u00e1st;<\/li><li>Gondolja \u00e1t gy\u00e1rt\u00e1si folyamatait az er\u0151forr\u00e1s-felhaszn\u00e1l\u00e1s minimaliz\u00e1l\u00e1sa \u00e9s az \u00fajrahasznos\u00edthat\u00f3 vagy biol\u00f3giailag leboml\u00f3 anyagok el\u0151nyben r\u00e9szes\u00edt\u00e9se \u00e9rdek\u00e9ben.<\/li><\/ul>\n\n\n\n<p>A z\u00f6ld \u00e1tmenetben val\u00f3 akt\u00edv r\u00e9szv\u00e9telhez elengedhetetlen a fenntarthat\u00f3 fejl\u0151d\u00e9shez. Ez mag\u00e1ban foglalja a gazdas\u00e1gi modellek fel\u00fclvizsg\u00e1lat\u00e1t, hogy azok k\u00f6rk\u00f6r\u00f6sek \u00e9s rugalmasak legyenek. Fektessen be a z\u00f6ld innov\u00e1ci\u00f3ba \u00e9s technol\u00f3gi\u00e1kba, hogy az \u00f6kol\u00f3giai megold\u00e1sok \u00e9lvonal\u00e1ban maradjon!<\/p>\n","protected":false},"excerpt":{"rendered":"<p>Mi\u00e9rt \u00e9rdemes k\u00f6rnyezetv\u00e9delmi megk\u00f6zel\u00edt\u00e9st alkalmazni? Milyen l\u00e9p\u00e9sekre van sz\u00fcks\u00e9g ehhez? \u00c9s milyen konkr\u00e9t int\u00e9zked\u00e9sekkel \u00e9rdemes kezdeni?<\/p>\n","protected":false},"author":2,"featured_media":3842,"comment_status":"closed","ping_status":"closed","sticky":false,"template":"","format":"standard","meta":[],"categories":[530,522,531],"tags":[225,479,274,480],"jetpack_featured_media_url":"https:\/\/www.manutan.hu\/blog\/wp-content\/uploads\/2024\/10\/responsibility-A00367P2-min.jpeg","_links":{"self":[{"href":"https:\/\/www.manutan.hu\/blog\/wp-json\/wp\/v2\/posts\/3841"}],"collection":[{"href":"https:\/\/www.manutan.hu\/blog\/wp-json\/wp\/v2\/posts"}],"about":[{"href":"https:\/\/www.manutan.hu\/blog\/wp-json\/wp\/v2\/types\/post"}],"author":[{"embeddable":true,"href":"https:\/\/www.manutan.hu\/blog\/wp-json\/wp\/v2\/users\/2"}],"replies":[{"embeddable":true,"href":"https:\/\/www.manutan.hu\/blog\/wp-json\/wp\/v2\/comments?post=3841"}],"version-history":[{"count":2,"href":"https:\/\/www.manutan.hu\/blog\/wp-json\/wp\/v2\/posts\/3841\/revisions"}],"predecessor-version":[{"id":3844,"href":"https:\/\/www.manutan.hu\/blog\/wp-json\/wp\/v2\/posts\/3841\/revisions\/3844"}],"wp:featuredmedia":[{"embeddable":true,"href":"https:\/\/www.manutan.hu\/blog\/wp-json\/wp\/v2\/media\/3842"}],"wp:attachment":[{"href":"https:\/\/www.manutan.hu\/blog\/wp-json\/wp\/v2\/media?parent=3841"}],"wp:term":[{"taxonomy":"category","embeddable":true,"href":"https:\/\/www.manutan.hu\/blog\/wp-json\/wp\/v2\/categories?post=3841"},{"taxonomy":"post_tag","embeddable":true,"href":"https:\/\/www.manutan.hu\/blog\/wp-json\/wp\/v2\/tags?post=3841"}],"curies":[{"name":"wp","href":"https:\/\/api.w.org\/{rel}","templated":true}]}}