{"id":3784,"date":"2024-09-10T13:50:12","date_gmt":"2024-09-10T11:50:12","guid":{"rendered":"https:\/\/www.manutan.hu\/blog\/?p=3784"},"modified":"2025-04-16T13:19:49","modified_gmt":"2025-04-16T11:19:49","slug":"arnyekolas-otletek","status":"publish","type":"post","link":"https:\/\/www.manutan.hu\/blog\/arnyekolas-otletek\/","title":{"rendered":"\u00c1rny\u00e9kol\u00e1s \u00f6tletek a munkahelyre"},"content":{"rendered":"\n<p>Az \u00e1rny\u00e9kol\u00e1s a munkahelyen is fontos. Nemcsak az eszt\u00e9tikai szempontok miatt, hanem a munkav\u00e1llal\u00f3k komfort\u00e9rzet\u00e9nek \u00e9s produktivit\u00e1s\u00e1nak n\u00f6vel\u00e9se \u00e9rdek\u00e9ben is. Az optim\u00e1lis \u00e1rny\u00e9kol\u00e1s lehet\u0151s\u00e9get ad arra, hogy a term\u00e9szetes f\u00e9ny megfelel\u0151 mennyis\u00e9gben jusson be az irod\u00e1kba, mik\u00f6zben meg\u00f3vja a dolgoz\u00f3kat a k\u00e1ros UV-sug\u00e1rz\u00e1st\u00f3l \u00e9s a t\u00falzott melegt\u0151l. A megfelel\u0151 \u00e1rny\u00e9kol\u00f3 eszk\u00f6z\u00f6k kiv\u00e1laszt\u00e1sa emellett energiahat\u00e9konys\u00e1gi szempontb\u00f3l is el\u0151ny\u00f6s lehet, cs\u00f6kkentve az \u00e9p\u00fclet h\u0171t\u00e9si \u00e9s f\u0171t\u00e9si k\u00f6lts\u00e9geit. Cikk\u00fcnkben \u00e1ttekintj\u00fck a munkahelyeken alkalmazhat\u00f3 legn\u00e9pszer\u0171bb \u00e1rny\u00e9kol\u00e1si megold\u00e1sokat, azok el\u0151nyeit \u00e9s h\u00e1tr\u00e1nyait, illetve beruh\u00e1z\u00e1si ig\u00e9nyeiket.\u00a0\u00a0<\/p>\n\n\n\n<figure class=\"wp-block-image size-full\"><img loading=\"lazy\" width=\"996\" height=\"664\" src=\"https:\/\/www.manutan.hu\/blog\/wp-content\/uploads\/2024\/09\/arnyekolas.jpg\" alt=\"\u00e1rny\u00e9kol\u00e1s tippek\" class=\"wp-image-3786\" srcset=\"https:\/\/www.manutan.hu\/blog\/wp-content\/uploads\/2024\/09\/arnyekolas.jpg 996w, https:\/\/www.manutan.hu\/blog\/wp-content\/uploads\/2024\/09\/arnyekolas-300x200.jpg 300w, https:\/\/www.manutan.hu\/blog\/wp-content\/uploads\/2024\/09\/arnyekolas-768x512.jpg 768w\" sizes=\"(max-width: 996px) 100vw, 996px\" \/><\/figure>\n\n\n\n<h2><strong>K\u00fcls\u0151 \u00e1rny\u00e9kol\u00e1s \u00e9s napellenz\u00e9s<\/strong>&nbsp;<\/h2>\n\n\n\n<p>Energetikai szempontb\u00f3l az a legel\u0151ny\u00f6sebb, ha a nap h\u0151j\u00e9t m\u00e1r az \u00e9p\u00fcleten k\u00edv\u00fcl siker\u00fcl m\u00e9rs\u00e9kelni, ez\u00e9rt a modern \u00e9p\u00edt\u00e9szetben nagy hangs\u00falyt helyeznek a k\u00fclt\u00e9ri \u00e1rny\u00e9kol\u00e1sra. Ennek els\u0151dleges c\u00e9lja az irodah\u00e1z homlokzat\u00e1nak \u00e9s \u00fcvegfel\u00fcleteinek a v\u00e9delme a k\u00f6zvetlen napsug\u00e1rz\u00e1st\u00f3l. Ez nemcsak a bels\u0151 terek h\u0151m\u00e9rs\u00e9klet\u00e9nek szab\u00e1lyoz\u00e1s\u00e1ban j\u00e1tszik szerepet, hanem az \u00e9p\u00fclet h\u0171t\u00e9si ig\u00e9ny\u00e9t is jelent\u0151sen cs\u00f6kkentheti.&nbsp;<\/p>\n\n\n\n<p><strong>1. Red\u0151ny\u00f6k<\/strong>&nbsp;<\/p>\n\n\n\n<p>A k\u00fcls\u0151 red\u0151ny\u00f6k n\u00e9pszer\u0171 \u00e1rny\u00e9kol\u00e1si megold\u00e1st jelentenek, k\u00fcl\u00f6n\u00f6sen a nagy \u00fcvegfel\u00fcletekkel rendelkez\u0151 irod\u00e1k eset\u00e9ben. A red\u0151ny\u00f6k lehetnek f\u00e9m, fa vagy m\u0171anyag alap\u00faak, \u00e9s lehet\u0151s\u00e9get biztos\u00edtanak a f\u00e9ny\u00e1ram szab\u00e1lyoz\u00e1s\u00e1ra.&nbsp;<\/p>\n\n\n\n<p><strong>El\u0151ny\u00f6k:<\/strong>&nbsp;<\/p>\n\n\n\n<ul><li>Tart\u00f3ss\u00e1g: A red\u0151ny\u00f6k agyagt\u00f3l f\u00fcggetlen\u00fcl hossz\u00fa \u00e9lettartam\u00faak \u00e9s kev\u00e9s karbantart\u00e1st ig\u00e9nyelnek.&nbsp;<\/li><\/ul>\n\n\n\n<ul><li>Ak\u00e1r teljes f\u00e9nyz\u00e1r\u00e1s: Red\u0151ny\u00f6k seg\u00edts\u00e9g\u00e9vel az iroda azon helyis\u00e9geiben, ahol pl. kivet\u00edt\u00e9seket, prezent\u00e1ci\u00f3kat tartanak, ak\u00e1r teljes els\u00f6t\u00e9t\u00edt\u00e9s is megval\u00f3s\u00edthat\u00f3.&nbsp;<\/li><\/ul>\n\n\n\n<p><strong>H\u00e1tr\u00e1nyok:<\/strong>&nbsp;<\/p>\n\n\n\n<ul><li>Magas k\u00f6lts\u00e9gek: A red\u0151ny\u00f6k beszerz\u00e9se \u00e9s telep\u00edt\u00e9se dr\u00e1ga, ez\u00e9rt gondos p\u00e9nz\u00fcgyi tervez\u00e9st ig\u00e9nyel.&nbsp;<\/li><\/ul>\n\n\n\n<ul><li>Eszt\u00e9tikai korl\u00e1tok: A red\u0151ny\u00f6k ipari megjelen\u00e9se nem mindig illeszkedik a k\u00fcls\u0151 homlokzat arculat\u00e1hoz, m\u0171eml\u00e9k jelleg\u0171 irodah\u00e1zakn\u00e1l pedig az is el\u0151fordulhat, hogy nem lehet k\u00fcls\u0151 red\u0151nyt alkalmazni.&nbsp;<\/li><\/ul>\n\n\n\n<p><strong>2. Zsaluzi\u00e1k<\/strong>&nbsp;<\/p>\n\n\n\n<p>A zsaluzi\u00e1k modern \u00e9s n\u00e9pszer\u0171 k\u00fcls\u0151 \u00e1rny\u00e9kol\u00e1si megold\u00e1snak sz\u00e1m\u00edtanak. Ezek a v\u00edzszintes vagy f\u00fcgg\u0151leges lamell\u00e1kb\u00f3l \u00e1ll\u00f3 rendszerek lehet\u0151v\u00e9 teszik a f\u00e9ny \u00e9s a leveg\u0151 \u00e1raml\u00e1s\u00e1nak szab\u00e1lyoz\u00e1s\u00e1t, mik\u00f6zben v\u00e9delmet ny\u00fajtanak a napf\u00e9ny ellen. A red\u0151nnyel ellent\u00e9tben zsaluzi\u00e1k seg\u00edts\u00e9g\u00e9vel \u00fagy is \u00e1rny\u00e9kolhatunk, hogy k\u00f6zben nem z\u00e1rjuk ki a f\u00e9nyt.&nbsp;<\/p>\n\n\n\n<p><strong>El\u0151ny\u00f6k:<\/strong>&nbsp;<\/p>\n\n\n\n<ul><li>Rugalmass\u00e1g: A lamell\u00e1k sz\u00f6g\u00e9nek \u00e1ll\u00edt\u00e1s\u00e1val a bees\u0151 f\u00e9ny mennyis\u00e9ge \u00e9s ir\u00e1nya k\u00f6nnyed\u00e9n szab\u00e1lyozhat\u00f3.&nbsp;<\/li><\/ul>\n\n\n\n<ul><li>Energiahat\u00e9konys\u00e1g: Ny\u00e1ron cs\u00f6kkenti az irodah\u00e1z h\u0171t\u00e9si k\u00f6lts\u00e9geit, t\u00e9len pedig a megfelel\u0151 be\u00e1ll\u00edt\u00e1ssal el\u0151seg\u00edti a passz\u00edv napenergia hasznos\u00edt\u00e1s\u00e1t.&nbsp;<\/li><\/ul>\n\n\n\n<p><strong>H\u00e1tr\u00e1nyok:<\/strong>&nbsp;<\/p>\n\n\n\n<ul><li>Magas beruh\u00e1z\u00e1si k\u00f6lts\u00e9g: A zsaluzi\u00e1k beszerel\u00e9se jelent\u0151s kiad\u00e1st jelent, tekintve, hogy ez jelenleg az egyik legk\u00f6lts\u00e9gesebb, de ugyanakkor az egyik legmodernebb k\u00fcls\u0151 \u00e1rny\u00e9kol\u00e1si m\u00f3d.&nbsp;<\/li><\/ul>\n\n\n\n<ul><li>Karbantart\u00e1s ig\u00e9nye: A mozg\u00f3 alkatr\u00e9szek miatt rendszeres karbantart\u00e1sra van sz\u00fcks\u00e9g, aminek a k\u00f6lts\u00e9g\u00e9vel szint\u00e9n sz\u00e1molni kell.&nbsp;<\/li><\/ul>\n\n\n\n<p><strong>3. Napellenz\u0151k<\/strong>&nbsp;<\/p>\n\n\n\n<p>A napellenz\u0151k szint\u00e9n n\u00e9pszer\u0171ek az irodai k\u00f6rnyezetben, k\u00fcl\u00f6n\u00f6sen a nagyobb \u00fcvegfel\u00fcletekkel rendelkez\u0151 \u00e9p\u00fcletek eset\u00e9n. Ezek a textil- vagy f\u00e9m alap\u00fa szerkezetek a napf\u00e9nyt\u0151l v\u00e9denek, mik\u00f6zben lehet\u0151s\u00e9get biztos\u00edtanak a szabad kil\u00e1t\u00e1sra.&nbsp;<\/p>\n\n\n\n<p><strong>El\u0151ny\u00f6k:<\/strong>&nbsp;<\/p>\n\n\n\n<ul><li>V\u00e1ltozatoss\u00e1g \u00e9s eszt\u00e9tika: Sz\u00e1mos st\u00edlusban \u00e9s anyagban el\u00e9rhet\u0151ek, \u00edgy k\u00f6nnyen illeszthet\u0151k az \u00e9p\u00fclet megjelen\u00e9s\u00e9hez vagy ak\u00e1r a c\u00e9ges arculathoz.&nbsp;<\/li><\/ul>\n\n\n\n<ul><li>\u00c1ll\u00edthat\u00f3s\u00e1g: K\u00e9zi vagy motoros m\u0171k\u00f6dtet\u00e9ssel ig\u00e9ny szerint ki- vagy beh\u00fazhat\u00f3k.&nbsp;<\/li><\/ul>\n\n\n\n<p><strong>H\u00e1tr\u00e1nyok:<\/strong>&nbsp;<\/p>\n\n\n\n<ul><li>Korl\u00e1tozott v\u00e9delem: Csak a nap k\u00f6zvetlen sugarait\u00f3l v\u00e9denek, a sz\u00f3rt f\u00e9ny vagy az oldalr\u00f3l \u00e9rkez\u0151 napsug\u00e1rz\u00e1s ellen kev\u00e9sb\u00e9 hat\u00e9konyak.&nbsp;<\/li><\/ul>\n\n\n\n<ul><li>Id\u0151j\u00e1r\u00e1si kitetts\u00e9g: Az er\u0151s sz\u00e9l vagy viharok k\u00e1ros\u00edthatj\u00e1k a napellenz\u0151ket, k\u00fcl\u00f6n\u00f6sen a textil alap\u00fa v\u00e1ltozatokat, ez\u00e9rt az \u00e9lettartamuk is r\u00f6videbb.&nbsp;<\/li><\/ul>\n\n\n\n<p><strong>4. K\u00fcls\u0151 \u00e1rny\u00e9kol\u00e1s z\u00f6ld n\u00f6v\u00e9nyekkel<\/strong>&nbsp;<\/p>\n\n\n\n<p>Az \u00e9l\u0151 n\u00f6v\u00e9nyekkel t\u00f6rt\u00e9n\u0151 \u00e1rny\u00e9kol\u00e1s egyre n\u00e9pszer\u0171bb a modern irodah\u00e1zak eset\u00e9ben. F\u00fcgg\u0151leges kertek, z\u00f6ld homlokzatok vagy n\u00f6v\u00e9nyfalak alkalmaz\u00e1s\u00e1val nemcsak az \u00e9p\u00fclet \u00e1rny\u00e9kol\u00e1sa val\u00f3s\u00edthat\u00f3 meg, hanem a k\u00f6rnyezetbar\u00e1t megold\u00e1sok ir\u00e1nti elk\u00f6telezetts\u00e9g is demonstr\u00e1lhat\u00f3.&nbsp;<\/p>\n\n\n\n<p><strong>El\u0151ny\u00f6k:<\/strong>&nbsp;<\/p>\n\n\n\n<ul><li>Eszt\u00e9tikai \u00e9rt\u00e9k: A z\u00f6ld n\u00f6v\u00e9nyek jav\u00edtj\u00e1k az \u00e9p\u00fclet k\u00fcls\u0151 megjelen\u00e9s\u00e9t, \u00e9s hozz\u00e1j\u00e1rulnak a kellemesebb munkak\u00f6rnyezet kialak\u00edt\u00e1s\u00e1hoz.&nbsp;<\/li><\/ul>\n\n\n\n<ul><li>K\u00f6rnyezeti hat\u00e1sok: A n\u00f6v\u00e9nyek seg\u00edtenek cs\u00f6kkenteni a leveg\u0151ben l\u00e9v\u0151 por \u00e9s szennyez\u0151 anyagok mennyis\u00e9g\u00e9t, valamint hozz\u00e1j\u00e1rulnak a h\u0151m\u00e9rs\u00e9klet szab\u00e1lyoz\u00e1s\u00e1hoz.&nbsp;<\/li><\/ul>\n\n\n\n<p><strong>H\u00e1tr\u00e1nyok:<\/strong>&nbsp;<\/p>\n\n\n\n<ul><li>Magasabb kezdeti k\u00f6lts\u00e9gek: B\u00e1rmilyen z\u00f6ld n\u00f6v\u00e9nyt is v\u00e1lasztunk, annak telep\u00edt\u00e9se gondos el\u0151k\u00e9sz\u00edt\u00e9st ig\u00e9nyel, aminek a k\u00f6lts\u00e9ge is magas.&nbsp;<\/li><\/ul>\n\n\n\n<ul><li>Gondoz\u00e1si ig\u00e9nye: A n\u00f6v\u00e9nyek rendszeres gondoz\u00e1st, \u00f6nt\u00f6z\u00e9st \u00e9s metsz\u00e9st ig\u00e9nyelnek, ami folyamatos k\u00f6lts\u00e9get jelenthet.&nbsp;<\/li><\/ul>\n\n\n\n<h2><strong>Bels\u0151 \u00e1rny\u00e9kol\u00e1s az irod\u00e1ban<\/strong>&nbsp;<\/h2>\n\n\n\n<p>A bels\u0151 \u00e1rny\u00e9kol\u00e1s els\u0151sorban a k\u00f6zvetlen napf\u00e9ny elleni v\u00e9delemre \u00e9s a bels\u0151 t\u00e9r dekorat\u00edv elemek\u00e9nt szolg\u00e1l.&nbsp;&nbsp;<\/p>\n\n\n\n<p><strong>1. F\u00fcgg\u00f6ny\u00f6k<\/strong>&nbsp;<\/p>\n\n\n\n<p>A f\u00fcgg\u00f6ny\u00f6k az egyik legismertebb \u00e9s legelterjedtebb bels\u0151 \u00e1rny\u00e9kol\u00e1si megold\u00e1sok. Sz\u00e1mos anyagb\u00f3l \u00e9s sz\u00ednben el\u00e9rhet\u0151k, \u00edgy k\u00f6nnyed\u00e9n alkalmazhat\u00f3k b\u00e1rmilyen irodai k\u00f6rnyezetben.&nbsp;<\/p>\n\n\n\n<p><strong>El\u0151ny\u00f6k:<\/strong>&nbsp;<\/p>\n\n\n\n<ul><li>Eszt\u00e9tika \u00e9s soksz\u00edn\u0171s\u00e9g: A f\u00fcgg\u00f6ny\u00f6k seg\u00edts\u00e9g\u00e9vel k\u00f6nnyed\u00e9n kialak\u00edthat\u00f3 b\u00e1rmilyen st\u00edlus, a klasszikus eleganci\u00e1t\u00f3l a modern minimalizmusig.&nbsp;<\/li><\/ul>\n\n\n\n<ul><li>Hangg\u00e1tl\u00e1s: A vastagabb anyagok seg\u00edtenek cs\u00f6kkenteni a zajszintet a bels\u0151 t\u00e9rben.&nbsp;<\/li><\/ul>\n\n\n\n<p><strong>H\u00e1tr\u00e1nyok:<\/strong>&nbsp;<\/p>\n\n\n\n<ul><li>Korl\u00e1tozott f\u00e9nykontroll: A f\u00fcgg\u00f6ny\u00f6k nem mindig teszik lehet\u0151v\u00e9 a f\u00e9ny\u00e1ram pontos szab\u00e1lyoz\u00e1s\u00e1t.&nbsp;<\/li><\/ul>\n\n\n\n<ul><li>Tiszt\u00edt\u00e1s: A f\u00fcgg\u00f6ny\u00f6k id\u0151nk\u00e9nti tiszt\u00edt\u00e1st ig\u00e9nyelnek, aminek a k\u00f6lts\u00e9g\u00e9t be kell \u00e9p\u00edteni a c\u00e9g takar\u00edt\u00e1sra ford\u00edtott kiad\u00e1saiba.&nbsp;<\/li><\/ul>\n\n\n\n<p><strong>2. Rol\u00f3k, relux\u00e1k \u00e9s szalagf\u00fcgg\u00f6ny\u00f6k<\/strong>&nbsp;<\/p>\n\n\n\n<p>A rol\u00f3k, a relux\u00e1k \u00e9s a szalagf\u00fcgg\u00f6ny\u00f6k egy egyszer\u0171, de hat\u00e9kony \u00e1rny\u00e9kol\u00e1si megold\u00e1st k\u00edn\u00e1lnak, amely szinte minden irodai k\u00f6rnyezetbe illik. Sz\u00e1mos anyagb\u00f3l, sz\u00ednben \u00e9s mint\u00e1zatban kaphat\u00f3k, \u00edgy k\u00f6nnyen integr\u00e1lhat\u00f3k az iroda bels\u0151 diz\u00e1jnj\u00e1ba.&nbsp;<\/p>\n\n\n\n<p><strong>El\u0151ny\u00f6k:<\/strong>&nbsp;<\/p>\n\n\n\n<ul><li>Egyszer\u0171s\u00e9g: K\u00f6nnyen kezelhet\u0151k \u00e9s telep\u00edthet\u0151k, a legt\u00f6bb szerkezet manu\u00e1lisan vagy motorosan m\u0171k\u00f6dtethet\u0151.&nbsp;<\/li><\/ul>\n\n\n\n<ul><li>K\u00f6lts\u00e9ghat\u00e9konys\u00e1g: A rol\u00f3k, a relux\u00e1k \u00e9s a szalagf\u00fcgg\u00f6ny\u00f6k gyakran olcs\u00f3bb megold\u00e1st jelentenek, mint egy hagyom\u00e1nyos textil f\u00fcgg\u00f6ny\u00f6k plusz karnis p\u00e1ros.&nbsp;<\/li><\/ul>\n\n\n\n<p><strong>H\u00e1tr\u00e1nyok:<\/strong>&nbsp;<\/p>\n\n\n\n<ul><li>Minim\u00e1lis h\u0151szigetel\u00e9s: A v\u00e9konyabb anyagok kev\u00e9sb\u00e9 hat\u00e9konyak a h\u0151szigetel\u00e9s ter\u00e9n, a vastagabbak viszont a f\u00e9nyt is kiz\u00e1rj\u00e1k, ami irodai k\u00f6rnyezetben nem ide\u00e1lis.&nbsp;<\/li><\/ul>\n\n\n\n<ul><li>Korl\u00e1tozott eszt\u00e9tikai lehet\u0151s\u00e9g: Az egyszer\u0171, gyakran minimalista megjelen\u00e9s\u00fck miatt nem illenek minden irodai st\u00edlushoz (pl. klasszikus elegancia), illetve r\u00e9gi, m\u0171eml\u00e9k jelleg\u0171 \u00e9p\u00fcletek ablakain\u00e1l a be\u00e9p\u00edt\u00e9s nem mindig lehets\u00e9ges.&nbsp;<\/li><\/ul>\n\n\n\n<h2><strong>Terasz \u00e1rny\u00e9kol\u00e1s \u00f6tletek<\/strong>&nbsp;<\/h2>\n\n\n\n<p>Az irodah\u00e1zak teraszai \u00e9s szabadt\u00e9ri ter\u00fcletei ide\u00e1lis helyek lehetnek a munkav\u00e1llal\u00f3k sz\u00e1m\u00e1ra, hogy friss leveg\u0151t sz\u00edvjanak \u00e9s egy kis sz\u00fcnetet tartsanak. Az \u00e1rny\u00e9kol\u00e1s ezeken a ter\u00fcleteken is fontos, hogy a pihen\u00e9shez kellemes k\u00f6rnyezetet biztos\u00edtsunk.&nbsp;<\/p>\n\n\n\n<p><strong>Pergol\u00e1k \u00e9s \u00e1rny\u00e9kol\u00f3 tet\u0151k<\/strong>&nbsp;<\/p>\n\n\n\n<p>Ide\u00e1lis megold\u00e1st ny\u00fajtanak a teraszok \u00e1rny\u00e9kol\u00e1s\u00e1ra. Ezek a szerkezetek lehetnek f\u00e1b\u00f3l, f\u00e9mb\u0151l vagy kompozit anyagokb\u00f3l, \u00e9s rugalmas megold\u00e1st k\u00edn\u00e1lnak a naps\u00fct\u00e9s \u00e9s a csapad\u00e9k elleni v\u00e9delemre.&nbsp;<\/p>\n\n\n\n<p><strong>Naperny\u0151k<\/strong>&nbsp;<\/p>\n\n\n\n<p>A naperny\u0151k egyszer\u0171, de hat\u00e9kony megold\u00e1st k\u00edn\u00e1lnak a teraszok \u00e1rny\u00e9kol\u00e1s\u00e1ra. K\u00f6nnyen mozgathat\u00f3k, \u00e1ll\u00edthat\u00f3k, \u00e9s sz\u00e1mos m\u00e9retben \u00e9s sz\u00ednben el\u00e9rhet\u0151k. Az irodai terasz b\u00e1rmely pontj\u00e1n alkalmazhat\u00f3k, olcs\u00f3k \u00e9s gyorsan telep\u00edthet\u0151k. Ugyanakkor csak korl\u00e1tozott ter\u00fcletet fednek le, \u00e9s er\u0151s sz\u00e9l eset\u00e9n s\u00e9r\u00fcl\u00e9kenyek.&nbsp;<\/p>\n\n\n\n<p><strong>Z\u00f6ld n\u00f6v\u00e9nyek<\/strong>&nbsp;<\/p>\n\n\n\n<p>Az irodai terasz k\u00f6r\u00e9 \u00fcltetett f\u00e1k, cserj\u00e9k \u00e9s \u00e9vel\u0151 n\u00f6v\u00e9nyek nemcsak eszt\u00e9tikus megjelen\u00e9st ny\u00fajtanak, hanem megfelel\u0151 elhelyez\u00e9s eset\u00e9n term\u00e9szetes \u00e1rny\u00e9kot adnak \u00e9s h\u0171tik leveg\u0151t, illetve a talajt.&nbsp;<\/p>\n\n\n\n<h2><strong>\u00c1rny\u00e9kol\u00e1si tippek<\/strong>&nbsp;<\/h2>\n\n\n\n<ul><li>\u00c9p\u00fcletg\u00e9p\u00e9sz szakemberek szerint hamarosan ugyanakkora k\u00f6lts\u00e9get tesz majd ki az \u00e9p\u00fcletek ny\u00e1ri h\u0171t\u00e9se, mint a t\u00e9li f\u0171t\u00e9s. Az irodah\u00e1zak korszer\u0171s\u00edt\u00e9sekor teh\u00e1t fontos, hogy megfelel\u0151 hangs\u00falyt kapjon az \u00e1rny\u00e9kol\u00e1s. A k\u00fcls\u0151 \u00e1rny\u00e9kol\u00e1s energiahat\u00e9konys\u00e1g szempontj\u00e1b\u00f3l el\u0151ny\u00f6sebb, mint a bels\u0151.&nbsp;<\/li><\/ul>\n\n\n\n<ul><li>A d\u00e9li fekv\u00e9s\u0171 irod\u00e1k vannak a legink\u00e1bb kit\u00e9ve a napnak, de az egyre forr\u00f3bb nyarak miatt ma m\u00e1r a nyugati t\u00e1jol\u00e1s\u00fa irod\u00e1k is komoly h\u0151- \u00e9s f\u00e9nyterhel\u00e9st kapnak. Ezek \u00e1rny\u00e9kol\u00e1s\u00e1ra kell a legink\u00e1bb \u00fcgyelni.&nbsp;&nbsp;<\/li><\/ul>\n\n\n\n<ul><li>A kl\u00edmaberendez\u00e9s nem helyettes\u00edti az \u00e1rny\u00e9kol\u00e1st! Hi\u00e1ba van ugyanis kellemes h\u0151m\u00e9rs\u00e9klet az irod\u00e1ban, ha a napf\u00e9ny elvak\u00edtja a munkav\u00e1llal\u00f3kat. C\u00e9ges k\u00f6rnyezetben az \u00e1rny\u00e9kol\u00e1s c\u00e9lja, hogy megv\u00e9dj\u00fck a munkav\u00e1llal\u00f3kat a k\u00f6zvetlen UV-sug\u00e1rz\u00e1st\u00f3l \u00e9s a sz\u00e1m\u00edt\u00f3g\u00e9pes munk\u00e1hoz t\u00fckr\u00f6z\u0151d\u00e9smentes, j\u00f3 l\u00e1t\u00e1si viszonyokat tudjunk biztos\u00edtani. Erre a jogszab\u00e1lyok is k\u00f6telezik a munkaad\u00f3kat.&nbsp;<\/li><\/ul>\n\n\n\n<ul><li>Ha az irodah\u00e1z k\u00f6r\u00e9 telep\u00edtett f\u00e1k \u00e9s cserj\u00e9k lobhullat\u00f3ak, akkor tavaszt\u00f3l \u0151szig \u00e1rny\u00e9kot adnak, t\u00e9len viszont utat engednek a szol\u00e1ris energi\u00e1nak, ami nem elhanyagolhat\u00f3 energiahat\u00e9konys\u00e1g szempontj\u00e1b\u00f3l.&nbsp;<\/li><\/ul>\n\n\n\n<p>Az \u00e1rny\u00e9kol\u00e1si rendszerek kiv\u00e1laszt\u00e1sa irodah\u00e1zak eset\u00e9ben sz\u00e1mos t\u00e9nyez\u0151t\u0151l f\u00fcgg, bele\u00e9rtve az \u00e9p\u00fclet elhelyezked\u00e9s\u00e9t, az ablakfel\u00fcletek m\u00e9ret\u00e9t, a k\u00f6lts\u00e9gvet\u00e9st \u00e9s a k\u00edv\u00e1nt eszt\u00e9tikai megjelen\u00e9st. A k\u00fcls\u0151 \u00e1rny\u00e9kol\u00e1si megold\u00e1sok kiv\u00e1l\u00f3an alkalmasak az \u00e9p\u00fclet energiahat\u00e9konys\u00e1g\u00e1nak n\u00f6vel\u00e9s\u00e9re, m\u00edg a bels\u0151 \u00e1rny\u00e9kol\u00f3k a bels\u0151 t\u00e9r hangulat\u00e1nak megteremt\u00e9s\u00e9ben j\u00e1tszanak kulcsszerepet. A teraszok \u00e9s k\u00fclt\u00e9ri pihen\u0151k \u00e1rny\u00e9kol\u00e1sa pedig lehet\u0151s\u00e9get biztos\u00edt arra, hogy a munkav\u00e1llal\u00f3k kellemes k\u00f6rnyezetben t\u00f6lthess\u00e9k szabadidej\u00fcket.&nbsp;<\/p>\n","protected":false},"excerpt":{"rendered":"<p>Az \u00e1rny\u00e9kol\u00e1s a munkahelyen is fontos. Nemcsak az eszt\u00e9tikai szempontok miatt, hanem a munkav\u00e1llal\u00f3k komfort\u00e9rzet\u00e9nek \u00e9s produktivit\u00e1s\u00e1nak n\u00f6vel\u00e9se \u00e9rdek\u00e9ben is. Az optim\u00e1lis \u00e1rny\u00e9kol\u00e1s lehet\u0151s\u00e9get ad arra, hogy a term\u00e9szetes f\u00e9ny megfelel\u0151 mennyis\u00e9gben jusson be az irod\u00e1kba, mik\u00f6zben meg\u00f3vja a dolgoz\u00f3kat a k\u00e1ros UV-sug\u00e1rz\u00e1st\u00f3l \u00e9s a t\u00falzott melegt\u0151l. A megfelel\u0151 \u00e1rny\u00e9kol\u00f3 eszk\u00f6z\u00f6k kiv\u00e1laszt\u00e1sa emellett energiahat\u00e9konys\u00e1gi szempontb\u00f3l [&hellip;]<\/p>\n","protected":false},"author":3,"featured_media":3786,"comment_status":"closed","ping_status":"closed","sticky":false,"template":"","format":"standard","meta":[],"categories":[5,522],"tags":[],"jetpack_featured_media_url":"https:\/\/www.manutan.hu\/blog\/wp-content\/uploads\/2024\/09\/arnyekolas.jpg","_links":{"self":[{"href":"https:\/\/www.manutan.hu\/blog\/wp-json\/wp\/v2\/posts\/3784"}],"collection":[{"href":"https:\/\/www.manutan.hu\/blog\/wp-json\/wp\/v2\/posts"}],"about":[{"href":"https:\/\/www.manutan.hu\/blog\/wp-json\/wp\/v2\/types\/post"}],"author":[{"embeddable":true,"href":"https:\/\/www.manutan.hu\/blog\/wp-json\/wp\/v2\/users\/3"}],"replies":[{"embeddable":true,"href":"https:\/\/www.manutan.hu\/blog\/wp-json\/wp\/v2\/comments?post=3784"}],"version-history":[{"count":2,"href":"https:\/\/www.manutan.hu\/blog\/wp-json\/wp\/v2\/posts\/3784\/revisions"}],"predecessor-version":[{"id":3787,"href":"https:\/\/www.manutan.hu\/blog\/wp-json\/wp\/v2\/posts\/3784\/revisions\/3787"}],"wp:featuredmedia":[{"embeddable":true,"href":"https:\/\/www.manutan.hu\/blog\/wp-json\/wp\/v2\/media\/3786"}],"wp:attachment":[{"href":"https:\/\/www.manutan.hu\/blog\/wp-json\/wp\/v2\/media?parent=3784"}],"wp:term":[{"taxonomy":"category","embeddable":true,"href":"https:\/\/www.manutan.hu\/blog\/wp-json\/wp\/v2\/categories?post=3784"},{"taxonomy":"post_tag","embeddable":true,"href":"https:\/\/www.manutan.hu\/blog\/wp-json\/wp\/v2\/tags?post=3784"}],"curies":[{"name":"wp","href":"https:\/\/api.w.org\/{rel}","templated":true}]}}