{"id":3772,"date":"2024-09-10T11:50:22","date_gmt":"2024-09-10T09:50:22","guid":{"rendered":"https:\/\/www.manutan.hu\/blog\/?p=3772"},"modified":"2025-04-16T13:20:22","modified_gmt":"2025-04-16T11:20:22","slug":"helytakarekos-etkezo-kialakitasa","status":"publish","type":"post","link":"https:\/\/www.manutan.hu\/blog\/helytakarekos-etkezo-kialakitasa\/","title":{"rendered":"Helytakar\u00e9kos \u00e9tkez\u0151 kialak\u00edt\u00e1sa kis irod\u00e1knak"},"content":{"rendered":"\n<p>A kis irod\u00e1kban gyakran jelent kih\u00edv\u00e1st az \u00e9tkez\u0151 kialak\u00edt\u00e1sa, k\u00fcl\u00f6n\u00f6sen akkor, ha korl\u00e1tozott a rendelkez\u00e9sre \u00e1ll\u00f3 hely. Azonban n\u00e9h\u00e1ny kreat\u00edv megold\u00e1ssal \u00e9s j\u00f3l \u00e1tgondolt tervez\u00e9ssel a legkisebb helyen is k\u00e9nyelmes \u00e9s funkcion\u00e1lis \u00e9tkez\u0151t hozhatunk l\u00e9tre. Ebben a cikkben hasznos tan\u00e1csokat adunk arra vonatkoz\u00f3an, hogyan \u00e9rdemes kialak\u00edtani egy helytakar\u00e9kos \u00e9tkez\u0151t kis irod\u00e1kban.\u00a0<\/p>\n\n\n\n<figure class=\"wp-block-image size-full\"><img loading=\"lazy\" width=\"996\" height=\"664\" src=\"https:\/\/www.manutan.hu\/blog\/wp-content\/uploads\/2024\/09\/helytakarekos-etkezo.jpg\" alt=\"helytakar\u00e9kos \u00e9tkez\u0151 irod\u00e1ban\" class=\"wp-image-3773\" srcset=\"https:\/\/www.manutan.hu\/blog\/wp-content\/uploads\/2024\/09\/helytakarekos-etkezo.jpg 996w, https:\/\/www.manutan.hu\/blog\/wp-content\/uploads\/2024\/09\/helytakarekos-etkezo-300x200.jpg 300w, https:\/\/www.manutan.hu\/blog\/wp-content\/uploads\/2024\/09\/helytakarekos-etkezo-768x512.jpg 768w\" sizes=\"(max-width: 996px) 100vw, 996px\" \/><\/figure>\n\n\n\n<h2><strong>Kis \u00e9tkez\u0151 kialak\u00edt\u00e1sa praktikus elrendez\u00e9ssel<\/strong>&nbsp;<\/h2>\n\n\n\n<p><strong>Fontos a t\u00e9rkihaszn\u00e1l\u00e1s<\/strong>&nbsp;<\/p>\n\n\n\n<p>A kis \u00e9tkez\u0151k kialak\u00edt\u00e1sakor fontos, hogy minden n\u00e9gyzetcentim\u00e9tert kihaszn\u00e1ljunk. A falak ment\u00e9n elhelyezett b\u00fatorok \u00e9s a sarokba illeszked\u0151 megold\u00e1sok seg\u00edtenek maximaliz\u00e1lni a rendelkez\u00e9sre \u00e1ll\u00f3 teret. Mivel az \u00e9tkez\u0151 egyben pihen\u0151helyis\u00e9g is, ez\u00e9rt az alapter\u00fclete legyen minimum 6 m2. Ezt \u00edrja el\u0151 a <a href=\"https:\/\/net.jogtar.hu\/jogszabaly?docid=A0200003.SCM\" target=\"_blank\" rel=\"noreferrer noopener\">3\/2002. (II. 8.) SzCsM\u2013E\u00fcM egy\u00fcttes rendelet<\/a>, amely a munkahelyek munkav\u00e9delmi k\u00f6vetelm\u00e9nyeinek minim\u00e1lis szintj\u00e9r\u0151l sz\u00f3l.&nbsp;<\/p>\n\n\n\n<p><strong>A nyitott polcok \u00e9s a vil\u00e1gos sz\u00ednek n\u00f6velik a teret<\/strong>&nbsp;<\/p>\n\n\n\n<p>A z\u00e1rt szekr\u00e9nyek helyett nyitott polcokkal n\u00f6velhetj\u00fck a t\u00e9r \u00e9rzet\u00e9t. Az ilyen polcok k\u00f6nnyen hozz\u00e1f\u00e9rhet\u0151v\u00e9 teszik a t\u00e1rolt t\u00e1rgyakat, \u00e9s rendezett megjelen\u00e9st k\u00f6lcs\u00f6n\u00f6znek a helyis\u00e9gnek. De legy\u00fcnk \u00f3vatosak! Ha t\u00fal sok \u00e9s t\u00fal k\u00fcl\u00f6nb\u00f6z\u0151 t\u00e1rggyal zs\u00fafoljuk tele a polcokat, akkor kaotikusnak fogjuk \u00e9rezni. Nyitott polcok eset\u00e9n v\u00e1lasszunk egys\u00e9ges sz\u00edn\u0171 \u00e9tk\u00e9szletet \u00e9s poharakat, az apr\u00f3bb holmikat pedig rakjuk kosarakba vagy dobozokba.&nbsp;<\/p>\n\n\n\n<p>Ha kicsi az \u00e9tkez\u0151, v\u00e1lasszunk vil\u00e1gos sz\u00edneket, amivel szint\u00e9n t\u00e1g\u00edthatjuk a teret. Ez vonatkozik a padl\u00f3ra, a falakra \u00e9s a b\u00fatorokra is.&nbsp;<\/p>\n\n\n\n<p><strong>\u00d6sszecsukhat\u00f3 b\u00fatorok a jobb helykihaszn\u00e1l\u00e1s\u00e9rt<\/strong>&nbsp;<\/p>\n\n\n\n<p>Az \u00f6sszecsukhat\u00f3 asztalok \u00e9s sz\u00e9kek remek v\u00e1laszt\u00e1snak bizonyulnak kis \u00e9tkez\u0151kben. Haszn\u00e1lat ut\u00e1n k\u00f6nnyed\u00e9n elrakhat\u00f3k, \u00edgy szabadon hagyj\u00e1k a helyet m\u00e1s tev\u00e9kenys\u00e9gekhez. Az \u00f6sszecsukhat\u00f3 \u00e9tkez\u0151sz\u00e9keket felakaszthatjuk a falra, amivel egy j\u00e1t\u00e9kos, modern irodai enteri\u0151rt alak\u00edthatunk ki.&nbsp;<\/p>\n\n\n\n<h2><strong>Helytakar\u00e9kos \u00e9tkez\u0151 garnit\u00fara<\/strong>&nbsp;<\/h2>\n\n\n\n<p><strong>Kompakt garnit\u00far\u00e1k:<\/strong> Az olyan \u00e9tkez\u0151 garnit\u00far\u00e1k, amelyek kisebb m\u00e9ret\u0171 asztallal \u00e9s hozz\u00e1 ill\u0151 sz\u00e9kekkel rendelkeznek, ide\u00e1lisak kis irodai \u00e9tkez\u0151k sz\u00e1m\u00e1ra. V\u00e1lasszunk olyan modellt, amelyn\u00e9l az \u00f6sszes sz\u00e9k betolhat\u00f3 az asztal al\u00e1, amikor nincsenek haszn\u00e1latban. A fent m\u00e1r eml\u00edtett rendelet el\u0151\u00edrja, hogy az asztal fel\u00fclete legyen k\u00f6nnyen tiszt\u00edthat\u00f3, ha sz\u00e9keknek pedig k\u00f6telez\u0151 h\u00e1tt\u00e1ml\u00e1val rendelkezni\u00fck. Ez ut\u00f3bbi szab\u00e1llyal felt\u00e9tlen\u00fcl tiszt\u00e1ban kell lenn\u00fcnk, mert ez egyben azt is jelenti, hogy puszt\u00e1n a sz\u0171k\u00f6s hely miatt nem v\u00e1s\u00e1rolhatunk h\u00e1tt\u00e1mla n\u00e9lk\u00fcli \u00fcl\u0151k\u00e9ket a c\u00e9ges \u00e9tkez\u0151be. K\u00f6nnyen tal\u00e1lhatunk viszont olyan <a href=\"https:\/\/www.manutan.hu\/hu\/mhu\/ettermek-es-recepciok-berendezesei\" target=\"_blank\" rel=\"noreferrer noopener\">\u00e9tkez\u0151sz\u00e9keket<\/a>, amelyek az asztal al\u00e1 tolva szinte alig foglalnak nagyobb helyet, mint az asztallap fel\u00fclete.&nbsp;<\/p>\n\n\n\n<p><strong>Kihajthat\u00f3 asztalok: <\/strong>Ha sz\u0171k\u00f6s a hely az irodai \u00e9tkez\u0151ben, v\u00e1laszthatunk falra szerelhet\u0151 asztallapot, amit haszn\u00e1lat el\u0151tt egy-k\u00e9t mozdulattal kihajthatunk. Ezek nagy el\u0151nye, hogy \u00e9tkez\u00e9sen k\u00edv\u00fcl szinte belesimulnak a falba \u00e9s alig p\u00e1r centi helyet foglalnak.&nbsp;<\/p>\n\n\n\n<p><strong>Sarkok kihaszn\u00e1l\u00e1sa: <\/strong>Sarokba illeszked\u0151 \u00e9tkez\u0151 garnit\u00far\u00e1k k\u00fcl\u00f6n\u00f6sen helytakar\u00e9kosak, mivel maxim\u00e1lisan kihaszn\u00e1lj\u00e1k a rendelkez\u00e9sre \u00e1ll\u00f3 teret an\u00e9lk\u00fcl, hogy akad\u00e1lyozn\u00e1k a k\u00f6zleked\u00e9st.&nbsp;<\/p>\n\n\n\n<p><strong>Be\u00e9p\u00edtett padok:<\/strong> A be\u00e9p\u00edtett padok helytakar\u00e9kos megold\u00e1st k\u00edn\u00e1lnak, mivel t\u00f6bb ember sz\u00e1m\u00e1ra biztos\u00edtanak \u00fcl\u0151helyet kevesebb helyig\u00e9nnyel. Az \u00fcl\u0151fel\u00fcletek alatt pedig extra t\u00e1rol\u00f3hely is kialak\u00edthat\u00f3.&nbsp;<\/p>\n\n\n\n<h2><strong>Kis konyha berendez\u00e9se az irod\u00e1ban<\/strong>&nbsp;<\/h2>\n\n\n\n<p><strong>Kompakt \u00e9s be\u00e9p\u00edthet\u0151 konyhai g\u00e9pek \u00e9s b\u00fatorok:<\/strong> A kis irodai konyh\u00e1kban k\u00fcl\u00f6n\u00f6sen fontos a helytakar\u00e9koss\u00e1g. Olyan kompakt konyhai g\u00e9peket v\u00e1lasszunk, amelyek t\u00f6bb funkci\u00f3t is ell\u00e1tnak, p\u00e9ld\u00e1ul k\u00e1v\u00e9f\u0151z\u0151 \u00e9s tejhabos\u00edt\u00f3 egyben, kombi h\u0171t\u0151szekr\u00e9ny vagy be\u00e9p\u00edthet\u0151 mikrohull\u00e1m\u00fa s\u00fct\u0151, ami nem a konyhapulton foglalja a helyet. Ha csak egy eg\u00e9szen kicsi hely\u00fcnk van, v\u00e1laszthatunk \u201einstant\u201d <a href=\"https:\/\/www.manutan.hu\/hu\/mhu\/konyhabutorok-es-konyhasarkak\" target=\"_blank\" rel=\"noreferrer noopener\">irodai teakonyh\u00e1t<\/a> is, aminek a kialak\u00edt\u00e1sa annyira praktikus, hogy csup\u00e1n 180 cm sz\u00e9less\u00e9gben tartalmaz mosogat\u00f3t, csapot, be\u00e9p\u00edtett h\u0171t\u0151t \u00e9s t\u00f6bb t\u00e1rol\u00f3fel\u00fcletet is.&nbsp;<\/p>\n\n\n\n<p><strong>Fali t\u00e1rol\u00f3k:<\/strong> B\u00e1r egy kis irodai konyha felszerelts\u00e9ge eg\u00e9szen m\u00e1s, mint az otthoni konyha, n\u00e9h\u00e1ny praktik\u00e1t m\u00e9gis elleshet\u00fcnk csal\u00e1di konyh\u00e1kb\u00f3l. Ilyen p\u00e9ld\u00e1ul, hogy a falra szerelhet\u0151 t\u00e1rol\u00f3k szabadon hagyj\u00e1k a pultfel\u00fcletet, \u00e9s k\u00f6nnyen hozz\u00e1f\u00e9rhet\u0151v\u00e9 teszik a mindennapi haszn\u00e1latban l\u00e9v\u0151 eszk\u00f6z\u00f6ket. A falra szerelt t\u00e1rol\u00f3kon helyezhetj\u00fck el a c\u00e9ges b\u00f6gr\u00e9ket, a k\u00e1v\u00e9t, te\u00e1t stb.&nbsp;<\/p>\n\n\n\n<p><strong>Mobil b\u00fatorok:<\/strong> Egy zs\u00farkocsin sokf\u00e9le holmi elf\u00e9r \u00e9s nagy el\u0151nye, hogy sz\u00fcks\u00e9g eset\u00e9n od\u00e9bb tolhatjuk, illetve c\u00e9ges vend\u00e9gek \u00e9rkez\u00e9sekor egyszer\u0171en \u00e1tgur\u00edthatjuk pl. a t\u00e1rgyal\u00f3ba, ahol a k\u00e1v\u00e9scs\u00e9sz\u00e9kt\u0151l a cukortart\u00f3ig minden elf\u00e9r rajta.&nbsp;&nbsp;<\/p>\n\n\n\n<h2><strong>Ergonomikus elrendez\u00e9s kis irodai konyh\u00e1kban<\/strong>&nbsp;<\/h2>\n\n\n\n<p><strong>U-alak\u00fa irodai konyha:<\/strong> Az U-alak\u00fa konyh\u00e1ban minden sz\u00fcks\u00e9ges eszk\u00f6z \u00e9s fel\u00fclet k\u00f6nnyen el\u00e9rhet\u0151 k\u00f6zels\u00e9gben van. Ez az elrendez\u00e9s k\u00fcl\u00f6n\u00f6sen helytakar\u00e9kos, ha megfelel\u0151en tervezett.&nbsp;<\/p>\n\n\n\n<p><strong>Egyfalas irodai konyha: <\/strong>Az egyfalas elrendez\u00e9s a legjobb v\u00e1laszt\u00e1s kis irodai konyh\u00e1k sz\u00e1m\u00e1ra, ahol egyetlen fal ment\u00e9n helyez\u00fcnk el minden berendez\u00e9st. Ez az elrendez\u00e9s nem csak egyszer\u0171, de funkcion\u00e1lis is.&nbsp;<\/p>\n\n\n\n<p><strong>Sarokkonyha:<\/strong> A sarokkonyha elrendez\u00e9s optim\u00e1lisan kihaszn\u00e1lja a mer\u0151leges fals\u00edkokat \u00e9s t\u00f6bb fel\u00fcletet biztos\u00edt an\u00e9lk\u00fcl, hogy sok helyet foglalna el. Akkor ide\u00e1lis, ha az irodai konyha alapter\u00fclete k\u00f6zel n\u00e9gyzet alak\u00fa. Hossz\u00fak\u00e1s helyis\u00e9gben a sarokkonyha el\u0151nyei nem \u00e9rv\u00e9nyes\u00fclnek.&nbsp;<\/p>\n\n\n\n<h2><strong>Tov\u00e1bbi tippek a helytakar\u00e9kos \u00e9tkez\u0151h\u00f6z<\/strong>&nbsp;<\/h2>\n\n\n\n<p><strong>Vil\u00e1g\u00edt\u00e1s:<\/strong> A megfelel\u0151 vil\u00e1g\u00edt\u00e1s n\u00f6veli a t\u00e9r \u00e9rzet\u00e9t. Haszn\u00e1ljunk be\u00e9p\u00edtett vil\u00e1g\u00edt\u00f3testeket, p\u00e9ld\u00e1ul LED szalagokat a konyhapult alatt, hogy vil\u00e1gosabb\u00e1 \u00e9s t\u00e1gasabb\u00e1 tegy\u00fck a teret.&nbsp;<\/p>\n\n\n\n<p><strong>T\u00fckr\u00f6k:<\/strong> A t\u00fckr\u00f6k haszn\u00e1lata vizu\u00e1lisan n\u00f6veli a t\u00e9r m\u00e9ret\u00e9t. Helyezz\u00fcnk el egy nagy t\u00fckr\u00f6t az \u00e9tkez\u0151 fal\u00e1n, hogy t\u00fckr\u00f6zze a f\u00e9nyt \u00e9s t\u00e1gasabbnak mutassa a helyis\u00e9get.&nbsp;<\/p>\n\n\n\n<p><strong>Sz\u00ednek \u00e9s anyagok:<\/strong> A vil\u00e1gos sz\u00ednek \u00e9s t\u00fckr\u00f6z\u0151d\u0151 anyagok haszn\u00e1lata, p\u00e9ld\u00e1ul \u00fcveg \u00e9s f\u00e9m fel\u00fcletek, n\u00f6velik a t\u00e9r \u00e9rzet\u00e9t \u00e9s modern, letisztult megjelen\u00e9st k\u00f6lcs\u00f6n\u00f6znek a kis \u00e9tkez\u0151nek.&nbsp;<\/p>\n\n\n\n<p>\u00dcvegajt\u00f3 vagy nyitott bej\u00e1rat: Ha az \u00e9tkez\u0151 \u00e1tl\u00e1tsz\u00f3 \u00fcvegajt\u00f3t kap, vagy a bej\u00e1ratot teljesen szabadon hagyjuk \u00e9s nem kap semmilyen ny\u00edl\u00e1sz\u00e1r\u00f3t, azzal vizu\u00e1lisan \u00f6sszekapcsoljuk az \u00e9tkez\u0151t azzal a helyis\u00e9ggel, ahonnan ny\u00edlik (pl. folyos\u00f3). Ez szint\u00e9n seg\u00edt, hogy ne \u00e9rezz\u00fck sz\u0171k\u00f6snek a teret.&nbsp;<\/p>\n\n\n\n<p>A kis irod\u00e1k helytakar\u00e9kos \u00e9tkez\u0151inek kialak\u00edt\u00e1sa nem kell, hogy kih\u00edv\u00e1s legyen. A megfelel\u0151 tervez\u00e9ssel, praktikus b\u00fatorokkal \u00e9s kreat\u00edv megold\u00e1sokkal egy k\u00e9nyelmes \u00e9s funkcion\u00e1lis \u00e9tkez\u0151t hozhatunk l\u00e9tre m\u00e9g a legkisebb helyen is. A tervez\u00e9shez ig\u00e9nybe vehetj\u00fck irod\u00e1kra specializ\u00e1l\u00f3dott lakberendez\u0151 seg\u00edts\u00e9g\u00e9t, de k\u00e9rhetj\u00fck a Manutan szak\u00e9rt\u0151inek t\u00e1mogat\u00e1s\u00e1t is, akik <a href=\"https:\/\/www.manutan.hu\/hu\/mhu\/szolgaltatas\" target=\"_blank\" rel=\"noreferrer noopener\">3D l\u00e1tv\u00e1nytervet<\/a> k\u00e9sz\u00edtenek az \u00faj iroda teljes berendez\u00e9s\u00e9r\u0151l, ha a b\u00fatorokat \u00e9s egy\u00e9b felszerel\u00e9seket a Manutan webshopj\u00e1b\u00f3l v\u00e1lasztjuk.&nbsp;<\/p>\n","protected":false},"excerpt":{"rendered":"<p>A kis irod\u00e1kban gyakran jelent kih\u00edv\u00e1st az \u00e9tkez\u0151 kialak\u00edt\u00e1sa, k\u00fcl\u00f6n\u00f6sen akkor, ha korl\u00e1tozott a rendelkez\u00e9sre \u00e1ll\u00f3 hely. Azonban n\u00e9h\u00e1ny kreat\u00edv megold\u00e1ssal \u00e9s j\u00f3l \u00e1tgondolt tervez\u00e9ssel a legkisebb helyen is k\u00e9nyelmes \u00e9s funkcion\u00e1lis \u00e9tkez\u0151t hozhatunk l\u00e9tre. Ebben a cikkben hasznos tan\u00e1csokat adunk arra vonatkoz\u00f3an, hogyan \u00e9rdemes kialak\u00edtani egy helytakar\u00e9kos \u00e9tkez\u0151t kis irod\u00e1kban.\u00a0 Kis \u00e9tkez\u0151 kialak\u00edt\u00e1sa praktikus [&hellip;]<\/p>\n","protected":false},"author":3,"featured_media":3773,"comment_status":"closed","ping_status":"closed","sticky":false,"template":"","format":"standard","meta":[],"categories":[527],"tags":[],"jetpack_featured_media_url":"https:\/\/www.manutan.hu\/blog\/wp-content\/uploads\/2024\/09\/helytakarekos-etkezo.jpg","_links":{"self":[{"href":"https:\/\/www.manutan.hu\/blog\/wp-json\/wp\/v2\/posts\/3772"}],"collection":[{"href":"https:\/\/www.manutan.hu\/blog\/wp-json\/wp\/v2\/posts"}],"about":[{"href":"https:\/\/www.manutan.hu\/blog\/wp-json\/wp\/v2\/types\/post"}],"author":[{"embeddable":true,"href":"https:\/\/www.manutan.hu\/blog\/wp-json\/wp\/v2\/users\/3"}],"replies":[{"embeddable":true,"href":"https:\/\/www.manutan.hu\/blog\/wp-json\/wp\/v2\/comments?post=3772"}],"version-history":[{"count":2,"href":"https:\/\/www.manutan.hu\/blog\/wp-json\/wp\/v2\/posts\/3772\/revisions"}],"predecessor-version":[{"id":3775,"href":"https:\/\/www.manutan.hu\/blog\/wp-json\/wp\/v2\/posts\/3772\/revisions\/3775"}],"wp:featuredmedia":[{"embeddable":true,"href":"https:\/\/www.manutan.hu\/blog\/wp-json\/wp\/v2\/media\/3773"}],"wp:attachment":[{"href":"https:\/\/www.manutan.hu\/blog\/wp-json\/wp\/v2\/media?parent=3772"}],"wp:term":[{"taxonomy":"category","embeddable":true,"href":"https:\/\/www.manutan.hu\/blog\/wp-json\/wp\/v2\/categories?post=3772"},{"taxonomy":"post_tag","embeddable":true,"href":"https:\/\/www.manutan.hu\/blog\/wp-json\/wp\/v2\/tags?post=3772"}],"curies":[{"name":"wp","href":"https:\/\/api.w.org\/{rel}","templated":true}]}}