{"id":3659,"date":"2024-07-15T10:48:57","date_gmt":"2024-07-15T08:48:57","guid":{"rendered":"https:\/\/www.manutan.hu\/blog\/?p=3659"},"modified":"2025-04-16T13:24:09","modified_gmt":"2025-04-16T11:24:09","slug":"mi-a-kulonbseg-a-logisztika-es-az-ellatasi-lanc-kozott","status":"publish","type":"post","link":"https:\/\/www.manutan.hu\/blog\/mi-a-kulonbseg-a-logisztika-es-az-ellatasi-lanc-kozott\/","title":{"rendered":"Mi a k\u00fcl\u00f6nbs\u00e9g a logisztika \u00e9s az ell\u00e1t\u00e1si l\u00e1nc k\u00f6z\u00f6tt?"},"content":{"rendered":"\n<figure class=\"wp-block-image size-large\"><img loading=\"lazy\" width=\"1024\" height=\"683\" src=\"https:\/\/www.manutan.hu\/blog\/wp-content\/uploads\/2024\/07\/Ellatasi-lanc-logisztika-A00304P1-min-1024x683.jpeg\" alt=\"Ell\u00e1t\u00e1si l\u00e1nc - logisztika\" class=\"wp-image-3660\" srcset=\"https:\/\/www.manutan.hu\/blog\/wp-content\/uploads\/2024\/07\/Ellatasi-lanc-logisztika-A00304P1-min-1024x683.jpeg 1024w, https:\/\/www.manutan.hu\/blog\/wp-content\/uploads\/2024\/07\/Ellatasi-lanc-logisztika-A00304P1-min-300x200.jpeg 300w, https:\/\/www.manutan.hu\/blog\/wp-content\/uploads\/2024\/07\/Ellatasi-lanc-logisztika-A00304P1-min-768x512.jpeg 768w, https:\/\/www.manutan.hu\/blog\/wp-content\/uploads\/2024\/07\/Ellatasi-lanc-logisztika-A00304P1-min-1536x1024.jpeg 1536w, https:\/\/www.manutan.hu\/blog\/wp-content\/uploads\/2024\/07\/Ellatasi-lanc-logisztika-A00304P1-min.jpeg 1920w\" sizes=\"(max-width: 1024px) 100vw, 1024px\" \/><\/figure>\n\n\n\n<p>E folyamatban a k\u00e9t kulcsfogalmat, a logisztik\u00e1t \u00e9s az ell\u00e1t\u00e1si l\u00e1ncot gyakran egym\u00e1s szinonim\u00e1jak\u00e9nt haszn\u00e1lj\u00e1k, pedig strat\u00e9giai k\u00fcl\u00f6nbs\u00e9gekkel rendelkeznek, amelyeket fontos meg\u00e9rteni a v\u00e1llalat m\u0171k\u00f6d\u00e9si teljes\u00edtm\u00e9ny\u00e9nek \u00e9s j\u00f6vedelmez\u0151s\u00e9g\u00e9nek optimaliz\u00e1l\u00e1sa \u00e9rdek\u00e9ben. N\u00e9zz\u00fck meg, hogyan lehet \u0151ket a legjobban megk\u00fcl\u00f6nb\u00f6ztetni.<\/p>\n\n\n\n<h2><strong>Logisztika: Defin\u00edci\u00f3 \u00e9s c\u00e9lkit\u0171z\u00e9sek<\/strong><\/h2>\n\n\n\n<p>A logisztika a fizikai \u00e1raml\u00e1sok (k\u00e9szletek, emberek, berendez\u00e9sek stb.) kezel\u00e9s\u00e9t jelenti m\u00f3dszereken, folyamatokon \u00e9s eszk\u00f6z\u00f6k\u00f6n kereszt\u00fcl. Pontosabban, ez mag\u00e1ban foglalja az \u00e1ruk \u00f6sszehangol\u00e1s\u00e1t \u00e9s mozgat\u00e1s\u00e1t a termel\u00e9si helyr\u0151l a sz\u00e1ll\u00edt\u00e1si pontra, bele\u00e9rtve a rakt\u00e1rter\u00fcletet is.<\/p>\n\n\n\n<p>A logisztika f\u0151 c\u00e9lja a k\u00f6lts\u00e9gek, a hely \u00e9s az id\u0151 optimaliz\u00e1l\u00e1sa az \u00e1ruk \u00e9s szolg\u00e1ltat\u00e1sok hat\u00e9kony eloszt\u00e1sa \u00e9rdek\u00e9ben. A f\u0151 hangs\u00faly a term\u00e9kek \u00e9s szolg\u00e1ltat\u00e1sok el\u00e9rhet\u0151s\u00e9g\u00e9nek garant\u00e1l\u00e1s\u00e1n van a lehet\u0151 legjobb felt\u00e9telek mellett (\u00e1tfut\u00e1si id\u0151, min\u0151s\u00e9g, k\u00f6lts\u00e9g), a vev\u0151i el\u00e9gedetts\u00e9g \u00e9rdek\u00e9ben. Ezt szem el\u0151tt tartva a v\u00e1llalkoz\u00e1sok jellemz\u0151en rakt\u00e1rfel\u00fcgyeleti rendszerekre t\u00e1maszkodnak a k\u00e9szletgazd\u00e1lkod\u00e1s jav\u00edt\u00e1sa, valamint a term\u00e9kt\u00e1rol\u00e1si, komissi\u00f3z\u00e1si \u00e9s csomagol\u00e1si folyamatok pontoss\u00e1g\u00e1nak \u00e9s hat\u00e9konys\u00e1g\u00e1nak n\u00f6vel\u00e9se \u00e9rdek\u00e9ben.<\/p>\n\n\n\n<p>A logisztikai menedzsment a szervezeten bel\u00fcli folyamatokra \u00f6sszpontos\u00edt, igyekszik jav\u00edtani a folyamat minden egyes l\u00e9p\u00e9s\u00e9t. Ez mag\u00e1ban foglalja a term\u00e9kekkel kapcsolatos m\u0171veletek sokas\u00e1g\u00e1t, amint azok legy\u00e1rt\u00e1sra ker\u00fclnek, az \u00e1ruk \u00e1tv\u00e9tel\u00e9t\u0151l a term\u00e9kvisszak\u00fcld\u00e9s kezel\u00e9s\u00e9ig, bele\u00e9rtve a rakt\u00e1roz\u00e1st, t\u00e1rol\u00e1st, anyagmozgat\u00e1st, csomagol\u00e1st, rakod\u00e1st \u00e9s sz\u00e1ll\u00edt\u00e1st. Egyes v\u00e1llalatok \u00fagy d\u00f6ntenek, hogy teljes m\u00e9rt\u00e9kben kiszervezik ezt a szolg\u00e1ltat\u00e1st szakosodott szerepl\u0151kh\u00f6z, hogy hasznot h\u00fazzanak szak\u00e9rtelm\u00fckb\u0151l ezen a ter\u00fcleten.<\/p>\n\n\n\n<h2><strong>Ell\u00e1t\u00e1si l\u00e1nc: Defin\u00edci\u00f3 \u00e9s \u00f6sszetev\u0151k<\/strong><\/h2>\n\n\n\n<p>Az ell\u00e1t\u00e1si l\u00e1nc \u00f6sszekapcsolt szervezetek teljes h\u00e1l\u00f3zat\u00e1t \u00f6leli fel, amelyek egy\u00fctt dolgoznak, hogy term\u00e9keket vagy szolg\u00e1ltat\u00e1sokat sz\u00e1ll\u00edtsanak a v\u00e9gfelhaszn\u00e1l\u00f3knak. Logisztikai l\u00e1ncnak is nevezik (innen ered a k\u00e9t fogalom \u00f6sszekever\u00e9se) \u00e9s mag\u00e1ban foglalja a gy\u00e1rt\u00f3\u00fczemeket, besz\u00e1ll\u00edt\u00f3kat, forgalmaz\u00f3kat, \u00fczleti partnereket, nagykeresked\u0151ket, sz\u00e1ll\u00edt\u00f3kat, logisztikai szolg\u00e1ltat\u00f3kat stb. adott term\u00e9k vagy szolg\u00e1ltat\u00e1s ny\u00fajt\u00e1sa sor\u00e1n. Sz\u00e1mos fizikai, inform\u00e1ci\u00f3s, p\u00e9nz\u00fcgyi \u00e9s adminisztrat\u00edv \u00e1raml\u00e1sb\u00f3l \u00e1ll, amelyek a l\u00e1nc k\u00fcl\u00f6nb\u00f6z\u0151 szerepl\u0151i k\u00f6z\u00f6tt keringenek.<\/p>\n\n\n\n<p>Amint az l\u00e1that\u00f3, az ell\u00e1t\u00e1si l\u00e1nc t\u00falny\u00falik a v\u00e1llalati hat\u00e1rokon, \u00e9s t\u00f6bb strukt\u00far\u00e1t foglal mag\u00e1ban a piaci kereslet kiel\u00e9g\u00edt\u00e9se \u00e9rdek\u00e9ben. F\u0151 c\u00e9lja az \u00fcgyfeleknek ny\u00fajtott \u00e9rt\u00e9k maximaliz\u00e1l\u00e1sa, mik\u00f6zben cs\u00f6kkenti a k\u00f6lts\u00e9geket \u00e9s az \u00e1tfut\u00e1si id\u0151t, hogy versenyel\u0151nyt szerezzen.<\/p>\n\n\n\n<p>Az ell\u00e1t\u00e1si l\u00e1nc mag\u00e1ban foglalja a term\u00e9kek \u00e9s szolg\u00e1ltat\u00e1sok tervez\u00e9s\u00e9t, gy\u00e1rt\u00e1s\u00e1t \u00e9s ellen\u0151rz\u00e9s\u00e9t. A folyamat a megrendel\u00e9s gener\u00e1l\u00e1s\u00e1val kezd\u0151dik, \u00e9s akkor \u00e9r v\u00e9get, amikor a term\u00e9ket vagy szolg\u00e1ltat\u00e1st lesz\u00e1ll\u00edtott\u00e1k \u00e9s kifizett\u00e9k. Az ell\u00e1t\u00e1si l\u00e1nc \u201el\u00e1ncszemei\u201d pl. a k\u00f6vetkez\u0151k is:<\/p>\n\n\n\n<ul><li>Kutat\u00e1s \u00e9s fejleszt\u00e9s;<\/li><li>Min\u0151s\u00e9gbiztos\u00edt\u00e1s;<\/li><li>Beszerz\u00e9s;<\/li><li>Sourcing;<\/li><li>Rakt\u00e1roz\u00e1s \u00e9s t\u00e1rol\u00e1s;<\/li><li>Anyagok kezel\u00e9se;<\/li><li>Keresletszab\u00e1lyoz\u00e1s;<\/li><li>Sz\u00e1ll\u00edt\u00e1s;<\/li><li>V\u00e1s\u00e1rl\u00f3i \u00e9lm\u00e9ny;<\/li><li>Vev\u0151szolg\u00e1lat stb.<\/li><\/ul>\n\n\n\n<p>A logisztikai tev\u00e9kenys\u00e9gek az ell\u00e1t\u00e1si l\u00e1nc m\u0171k\u00f6d\u00e9s\u00e9nek szerves r\u00e9sz\u00e9t k\u00e9pezik.<\/p>\n\n\n\n<p>Az ell\u00e1t\u00e1si l\u00e1nc tev\u00e9kenys\u00e9gei k\u00fcl\u00f6n\u00f6sen \u00f6sszetett folyamatok, amelyeket olyan digit\u00e1lis menedzsment eszk\u00f6z\u00f6kkel lehet el\u0151seg\u00edteni, mint az ERP (Enterprise Resource Planning), CRM (Customer Relationship Management) vagy SRM (Supplier Relationship Management).<\/p>\n\n\n\n<p>A szervezetek olyan innovat\u00edv megk\u00f6zel\u00edt\u00e9seket is felhaszn\u00e1lhatnak, mint a blokkl\u00e1nc, hogy jav\u00edts\u00e1k az ell\u00e1t\u00e1si l\u00e1nc kezel\u00e9s\u00e9t, garant\u00e1lj\u00e1k a biztons\u00e1got, az \u00e1tl\u00e1that\u00f3s\u00e1got \u00e9s az adatok nyomon k\u00f6vethet\u0151s\u00e9g\u00e9t az ell\u00e1t\u00e1si l\u00e1ncon kereszt\u00fcl, ez\u00e1ltal er\u0151s\u00edtve a kereskedelmi partnerek k\u00f6z\u00f6tti bizalmat \u00e9s cs\u00f6kkentve a zavarok kock\u00e1zat\u00e1t.<\/p>\n\n\n\n<h2><strong>Logisztika \u00e9s ell\u00e1t\u00e1si l\u00e1nc: Mi a k\u00fcl\u00f6nbs\u00e9g?<\/strong><\/h2>\n\n\n\n<p>A PwC tan\u00e1csad\u00f3 c\u00e9g eml\u00e9keztet arra, hogy sok v\u00e1llalatn\u00e1l a logisztika \u00e9s az ell\u00e1t\u00e1si l\u00e1nc az \u00f6sszes\u00edtett k\u00f6lts\u00e9g t\u00f6bb mint 10%-\u00e1t teszi ki. Teh\u00e1t ez \u00f3ri\u00e1si lehet\u0151s\u00e9geket jelent a k\u00f6lts\u00e9gcs\u00f6kkent\u00e9s \u00e9s a piaci differenci\u00e1l\u00f3d\u00e1s ter\u00e9n. Fontos azonban vil\u00e1gos k\u00fcl\u00f6nbs\u00e9get tenni a logisztika \u00e9s az ell\u00e1t\u00e1si l\u00e1nc k\u00f6z\u00f6tt a benn\u00fck rejl\u0151 lehet\u0151s\u00e9gek teljes kiakn\u00e1z\u00e1sa \u00e9rdek\u00e9ben, mivel e k\u00e9t fogalom hat\u00f3k\u00f6r\u00e9ben, f\u0151 c\u00e9lkit\u0171z\u00e9s\u00e9ben \u00e9s strat\u00e9giai j\u00f6v\u0151k\u00e9p\u00e9ben jelent\u0151sen elt\u00e9r egym\u00e1st\u00f3l.<\/p>\n\n\n\n<h3><strong>Hat\u00f3k\u00f6r<\/strong><\/h3>\n\n\n\n<p>A logisztika \u00e9s az ell\u00e1t\u00e1si l\u00e1nc k\u00f6z\u00f6tti f\u0151 k\u00fcl\u00f6nbs\u00e9g a hat\u00f3k\u00f6r\u00fckben rejlik. A logisztika a v\u00e1llalat bels\u0151 m\u0171k\u00f6d\u00e9s\u00e9re \u00f6sszpontos\u00edt, m\u00edg az ell\u00e1t\u00e1si l\u00e1nc sz\u00e9lesebb alkalmaz\u00e1si ter\u00fcletet fed le. Figyelembe veszi a teljes ell\u00e1t\u00e1si h\u00e1l\u00f3zatot, \u00e9s arra t\u00f6rekszik, hogy ezeket a szerepl\u0151ket \u00f6sszehangolja egym\u00e1ssal. Az ell\u00e1t\u00e1si l\u00e1nc olyan sz\u00e9les, hogy a Geodis \u00e1ltal v\u00e9gzett tanulm\u00e1ny szerint a v\u00e1llalatoknak mind\u00f6ssze 6%-a \u00e1ll\u00edtja, hogy teljes \u00e1tl\u00e1that\u00f3s\u00e1ga van az ell\u00e1t\u00e1si l\u00e1nc\u00e1ban.<\/p>\n\n\n\n<h3><strong>F\u0151 c\u00e9l<\/strong><\/h3>\n\n\n\n<p>A logisztik\u00e1nak \u00e9s az ell\u00e1t\u00e1si l\u00e1ncnak is vannak konkr\u00e9t c\u00e9ljai, amelyek t\u00e1pl\u00e1lj\u00e1k egym\u00e1st. A logisztika c\u00e9lja az \u00fcgyfelek el\u00e9gedetts\u00e9ge az optim\u00e1lis rendel\u00e9skezel\u00e9sen kereszt\u00fcl. Ek\u00f6zben az ell\u00e1t\u00e1si l\u00e1nc c\u00e9lja a versenyel\u0151ny megszerz\u00e9se \u00e9s a profit optimaliz\u00e1l\u00e1sa az agilit\u00e1s, az \u00e1tl\u00e1that\u00f3s\u00e1g \u00e9s a partnerek k\u00f6z\u00f6tti egy\u00fcttm\u0171k\u00f6d\u00e9s fokoz\u00e1s\u00e1val.<\/p>\n\n\n\n<h3><strong>Strat\u00e9giai j\u00f6v\u0151k\u00e9p<\/strong><\/h3>\n\n\n\n<p>A logisztika a k\u00e9szletgazd\u00e1lkod\u00e1s, a tehersz\u00e1ll\u00edt\u00e1s, az anyagmozgat\u00e1s \u00e9s az eloszt\u00e1s k\u00f6r\u00fcli folyamatok optimaliz\u00e1l\u00e1s\u00e1ra \u00f6sszpontos\u00edt. A c\u00e9l ezen m\u0171veletek minden l\u00e9p\u00e9s\u00e9nek egyszer\u0171s\u00edt\u00e9se a k\u00f6lts\u00e9gek cs\u00f6kkent\u00e9se \u00e9s a hat\u00e9konys\u00e1g jav\u00edt\u00e1sa \u00e9rdek\u00e9ben. Az ell\u00e1t\u00e1si l\u00e1nc ezzel szemben sz\u00e9lesebb, strat\u00e9giaibb megk\u00f6zel\u00edt\u00e9st alkalmaz. Ahelyett, hogy kiz\u00e1r\u00f3lag konkr\u00e9t folyamatokra \u00f6sszpontos\u00edtana, az ell\u00e1t\u00e1si l\u00e1nc \u00f6sszes l\u00e1ncszem\u00e9t egy\u00fcttm\u0171k\u00f6d\u0151 megk\u00f6zel\u00edt\u00e9ssel integr\u00e1lja. Az ell\u00e1t\u00e1si l\u00e1nc c\u00e9lja a v\u00e1s\u00e1rl\u00f3i \u00e9rt\u00e9k maximaliz\u00e1l\u00e1sa a tervez\u00e9si, beszerz\u00e9si, gy\u00e1rt\u00e1si, logisztikai \u00e9s disztrib\u00faci\u00f3s tev\u00e9kenys\u00e9gek hat\u00e9kony \u00f6sszehangol\u00e1s\u00e1val.<\/p>\n\n\n\n<p>R\u00f6viden, m\u00edg a logisztik\u00e1nak \u00e9s az ell\u00e1t\u00e1si l\u00e1ncnak hasonl\u00f3 amb\u00edci\u00f3i vannak a teljes\u00edtm\u00e9ny, a fenntarthat\u00f3s\u00e1g \u00e9s a j\u00f6vedelmez\u0151s\u00e9g ter\u00e9n, hat\u00f3k\u00f6r\u00fck \u00e9s j\u00f6v\u0151k\u00e9p\u00fck a v\u00e1llalati strat\u00e9gia k\u00fcl\u00f6n\u00e1ll\u00f3, de egym\u00e1st kieg\u00e9sz\u00edt\u0151 elemeiv\u00e9 teszik \u0151ket. Egy biztos: az \u00fczleti tev\u00e9kenys\u00e9gek \u00e9s a siker t\u00e1mogat\u00e1s\u00e1hoz t\u00f6k\u00e9letesen \u00f6ssze kell hangolni \u0151ket.<\/p>\n\n\n\n<h2><a rel=\"noreferrer noopener\" href=\"https:\/\/www.manutan.hu\/blog\/toltse-le-a-lean-beszerzesrol-szolo-tanulmanyunkat\/\" data-type=\"URL\" data-id=\"https:\/\/www.manutan.hu\/blog\/toltse-le-a-lean-beszerzesrol-szolo-tanulmanyunkat\/\" target=\"_blank\"><span class=\"has-inline-color has-primary-color\">T\u00f6ltse le a lean beszerz\u00e9sr\u0151l sz\u00f3l\u00f3 tanulm\u00e1nyunkat!<\/span><\/a><\/h2>\n","protected":false},"excerpt":{"rendered":"<p>Minden v\u00e1llalkoz\u00e1snak hat\u00e9kony ir\u00e1ny\u00edt\u00e1sra van sz\u00fcks\u00e9ge a m\u0171k\u00f6d\u00e9s, a logisztika \u00e9s az ell\u00e1t\u00e1si l\u00e1nc tekintet\u00e9ben.<\/p>\n","protected":false},"author":2,"featured_media":3660,"comment_status":"closed","ping_status":"closed","sticky":false,"template":"","format":"standard","meta":[],"categories":[530,522,531],"tags":[384,284],"jetpack_featured_media_url":"https:\/\/www.manutan.hu\/blog\/wp-content\/uploads\/2024\/07\/Ellatasi-lanc-logisztika-A00304P1-min.jpeg","_links":{"self":[{"href":"https:\/\/www.manutan.hu\/blog\/wp-json\/wp\/v2\/posts\/3659"}],"collection":[{"href":"https:\/\/www.manutan.hu\/blog\/wp-json\/wp\/v2\/posts"}],"about":[{"href":"https:\/\/www.manutan.hu\/blog\/wp-json\/wp\/v2\/types\/post"}],"author":[{"embeddable":true,"href":"https:\/\/www.manutan.hu\/blog\/wp-json\/wp\/v2\/users\/2"}],"replies":[{"embeddable":true,"href":"https:\/\/www.manutan.hu\/blog\/wp-json\/wp\/v2\/comments?post=3659"}],"version-history":[{"count":4,"href":"https:\/\/www.manutan.hu\/blog\/wp-json\/wp\/v2\/posts\/3659\/revisions"}],"predecessor-version":[{"id":3664,"href":"https:\/\/www.manutan.hu\/blog\/wp-json\/wp\/v2\/posts\/3659\/revisions\/3664"}],"wp:featuredmedia":[{"embeddable":true,"href":"https:\/\/www.manutan.hu\/blog\/wp-json\/wp\/v2\/media\/3660"}],"wp:attachment":[{"href":"https:\/\/www.manutan.hu\/blog\/wp-json\/wp\/v2\/media?parent=3659"}],"wp:term":[{"taxonomy":"category","embeddable":true,"href":"https:\/\/www.manutan.hu\/blog\/wp-json\/wp\/v2\/categories?post=3659"},{"taxonomy":"post_tag","embeddable":true,"href":"https:\/\/www.manutan.hu\/blog\/wp-json\/wp\/v2\/tags?post=3659"}],"curies":[{"name":"wp","href":"https:\/\/api.w.org\/{rel}","templated":true}]}}