{"id":3645,"date":"2024-07-04T10:16:53","date_gmt":"2024-07-04T08:16:53","guid":{"rendered":"https:\/\/www.manutan.hu\/blog\/?p=3645"},"modified":"2025-04-16T13:25:02","modified_gmt":"2025-04-16T11:25:02","slug":"szervezett-munkavegzes","status":"publish","type":"post","link":"https:\/\/www.manutan.hu\/blog\/szervezett-munkavegzes\/","title":{"rendered":"Szervezett munkav\u00e9gz\u00e9s: mit \u00e9rdemes tudni r\u00f3la?"},"content":{"rendered":"\n<p>A szervezett munkav\u00e9gz\u00e9s egyr\u00e9szt egy fontos jogi fogalom, m\u00e1sr\u00e9szt a munka hat\u00e9konys\u00e1g\u00e1t t\u00e1mogat\u00f3 m\u00f3dszer. Cikk\u00fcnkben k\u00f6rbej\u00e1rjuk ennek minden aspektus\u00e1t.&nbsp;<\/p>\n\n\n\n<figure class=\"wp-block-image size-large\"><img loading=\"lazy\" width=\"1024\" height=\"683\" src=\"https:\/\/www.manutan.hu\/blog\/wp-content\/uploads\/2024\/07\/szervezett-munkavegzes-1024x683.jpg\" alt=\"szervezett munkav\u00e9gz\u00e9s egy rakt\u00e1r\u00e9p\u00fcletben\" class=\"wp-image-3647\" srcset=\"https:\/\/www.manutan.hu\/blog\/wp-content\/uploads\/2024\/07\/szervezett-munkavegzes-1024x683.jpg 1024w, https:\/\/www.manutan.hu\/blog\/wp-content\/uploads\/2024\/07\/szervezett-munkavegzes-300x200.jpg 300w, https:\/\/www.manutan.hu\/blog\/wp-content\/uploads\/2024\/07\/szervezett-munkavegzes-768x512.jpg 768w, https:\/\/www.manutan.hu\/blog\/wp-content\/uploads\/2024\/07\/szervezett-munkavegzes.jpg 1380w\" sizes=\"(max-width: 1024px) 100vw, 1024px\" \/><\/figure>\n\n\n\n<h2><strong>Mit jelent pontosan a szervezett munkav\u00e9gz\u00e9s jogi szempontb\u00f3l?<\/strong>&nbsp;<\/h2>\n\n\n\n<p>A szervezett munkav\u00e9gz\u00e9s fogalm\u00e1t a munkav\u00e9delemr\u0151l sz\u00f3l\u00f3 <a href=\"https:\/\/net.jogtar.hu\/jogszabaly?docid=99300093.tv\" target=\"_blank\" rel=\"noreferrer noopener\">1993. \u00e9vi XCIII. t\u00f6rv\u00e9ny<\/a> \u00e9rtelmez\u0151 rendelkez\u00e9sei k\u00f6z\u00f6tt tal\u00e1ljuk (87. \u00a7 9. pont). Fontos tudni, hogy szervezett munk\u00e1nak sz\u00e1m\u00edt nemcsak a munkaviszony keret\u00e9ben v\u00e9gzett munka, hanem a k\u00fcl\u00f6nb\u00f6z\u0151 szolg\u00e1lati jogviszonyok, a k\u00f6zfoglalkoztat\u00e1s, a di\u00e1kmunka, a di\u00e1kok k\u00f6telez\u0151 gyakorlati ideje, de m\u00e9g az is, ha egy csapat\u00e9p\u00edt\u0151 program keret\u00e9ben t\u00e1rsadalmi munk\u00e1t v\u00e9gz\u00fcnk. A jogszab\u00e1ly eg\u00e9szen pontosan \u00edgy fogalmaz:&nbsp;<\/p>\n\n\n\n<p><strong><em>Szervezett munkav\u00e9gz\u00e9s: <\/em><\/strong><em>a munkaviszonyban \u2013 ide nem \u00e9rtve a term\u00e9szetes szem\u00e9ly munk\u00e1ltat\u00f3 h\u00e1ztart\u00e1s\u00e1ban t\u00f6rt\u00e9n\u0151 munkav\u00e9gz\u00e9st \u2013, a k\u00f6zfoglalkoztat\u00e1si, a korm\u00e1nyzati szolg\u00e1lati, a politikai szolg\u00e1lati, a biztosi, a k\u00f6zszolg\u00e1lati, a k\u00f6zalkalmazotti, a k\u00f6znevel\u00e9si foglalkoztatotti, az eg\u00e9szs\u00e9g\u00fcgyi szolg\u00e1lati jogviszonyban, az ad\u00f3- \u00e9s v\u00e1mhat\u00f3s\u00e1gi szolg\u00e1lati jogviszonyban, hivat\u00e1sos \u00e9s szerz\u0151d\u00e9ses szolg\u00e1lati viszonyban, a honv\u00e9delmi alkalmazotti jogviszonyban, rendv\u00e9delmi igazgat\u00e1si szolg\u00e1lati jogviszonyban, a b\u00edr\u00f3 szolg\u00e1lati viszony\u00e1ban, az igazs\u00e1g\u00fcgyi alkalmazottak szolg\u00e1lati jogviszony\u00e1ban, az \u00fcgy\u00e9szs\u00e9gi szolg\u00e1lati viszonyban, sz\u00f6vetkezeti tags\u00e1g eset\u00e9n a munkaviszony jelleg\u0171 jogviszonyban, szoci\u00e1lis sz\u00f6vetkezetben tags\u00e1gi jogviszonyon alapul\u00f3 k\u00f6zvetlen k\u00f6zrem\u0171k\u00f6d\u00e9s keret\u00e9ben, iskolasz\u00f6vetkezetben, kisgyermekkel otthon l\u00e9v\u0151k sz\u00f6vetkezet\u00e9ben \u00e9s k\u00f6z\u00e9rdek\u0171 nyugd\u00edjas sz\u00f6vetkezetben k\u00fcls\u0151 szolg\u00e1ltat\u00e1sra vonatkoz\u00f3 tags\u00e1gi meg\u00e1llapod\u00e1s alapj\u00e1n t\u00f6rt\u00e9n\u0151 szem\u00e9lyes k\u00f6zrem\u0171k\u00f6d\u00e9s keret\u00e9ben, a szakir\u00e1ny\u00fa oktat\u00e1s keret\u00e9ben a szakk\u00e9pz\u0151 int\u00e9zm\u00e9nyben, illetve a du\u00e1lis k\u00e9pz\u0151helyen, a hallgat\u00f3i jogviszonyban a gyakorlati k\u00e9pz\u00e9s sor\u00e1n, az el\u00edt\u00e9ltk\u00e9nt vagy egy\u00e9b jogc\u00edmen fogvatartottk\u00e9nt v\u00e9gzett munka, a szab\u00e1lys\u00e9rt\u00e9si elj\u00e1r\u00e1s sor\u00e1n alkalmazott k\u00f6z\u00e9rdek\u0171 munka, valamint a b\u00fcntet\u0151\u00fcgyben kiszabott k\u00f6z\u00e9rdek\u0171 munka, a rendv\u00e9delmi szervekn\u00e9l, az Orsz\u00e1ggy\u0171l\u00e9si \u0150rs\u00e9gn\u00e9l, az \u00f6nkorm\u00e1nyzati t\u0171zolt\u00f3s\u00e1gokn\u00e1l szolg\u00e1lati jogviszonyban v\u00e9gzett munka, valamint a k\u00f6z\u00e9rdek\u0171 \u00f6nk\u00e9ntes tev\u00e9kenys\u00e9gr\u0151l sz\u00f3l\u00f3 t\u00f6rv\u00e9ny szerinti k\u00f6z\u00e9rdek\u0171 \u00f6nk\u00e9ntes tev\u00e9kenys\u00e9g \u00e9s a munk\u00e1ltat\u00f3 \u00e1ltal szervezett (kezdem\u00e9nyezett, ir\u00e1ny\u00edtott vagy j\u00f3v\u00e1hagyott) t\u00e1rsadalmi munka.<\/em>&nbsp;<\/p>\n\n\n\n<p>Fontos tov\u00e1bb\u00e1, hogy a munkav\u00e9delmi <strong>t\u00f6rv\u00e9ny hat\u00e1lya<\/strong> <strong>minden szervezett munkav\u00e9gz\u00e9sre kiterjed<\/strong> Magyarorsz\u00e1g ter\u00fclet\u00e9n, f\u00fcggetlen\u00fcl att\u00f3l, hogy az milyen szervezeti vagy tulajdoni form\u00e1ban t\u00f6rt\u00e9nik. Vagyis nincs jelent\u0151s\u00e9ge annak, hogy a munk\u00e1ltat\u00f3 gazdas\u00e1gi t\u00e1rsas\u00e1g, egy\u00e9ni v\u00e1llalkoz\u00e1s, sz\u00f6vetkezet stb., ahogy annak sem, hogy a tulajdonos az \u00e1llam, egy mag\u00e1nszem\u00e9ly vagy \u00e9pp jogi szem\u00e9ly-e.&nbsp;&nbsp;<\/p>\n\n\n\n<p>Olyan alapvet\u0151 fogalomr\u00f3l van sz\u00f3, amire sz\u00e1mos esetben utal t\u00f6bb jogszab\u00e1ly is:&nbsp;<\/p>\n\n\n\n<ul><li>P\u00e9ld\u00e1ul a <strong>munkabaleset<\/strong> fogalmi meghat\u00e1roz\u00e1s\u00e1ban is sarkalatos pont a szervezett munkav\u00e9gz\u00e9s, hiszen az a balesetet tekintj\u00fck munkabalesetnek, amely a munkav\u00e1llal\u00f3t a szervezett munkav\u00e9gz\u00e9s sor\u00e1n vagy azzal \u00f6sszef\u00fcgg\u00e9sben \u00e9ri, annak hely\u00e9t\u0151l \u00e9s id\u0151pontj\u00e1t\u00f3l \u00e9s a munkav\u00e1llal\u00f3 (s\u00e9r\u00fclt) k\u00f6zrehat\u00e1s\u00e1nak m\u00e9rt\u00e9k\u00e9t\u0151l f\u00fcggetlen\u00fcl.&nbsp;&nbsp;<\/li><\/ul>\n\n\n\n<ul><li>De a <strong>munkav\u00e9delmi hat\u00f3s\u00e1g<\/strong> is gyakran \u00e9l azzal a jogk\u00f6r\u00e9vel, hogy a munk\u00e1ltat\u00f3 \u00e9s a munk\u00e1t v\u00e9gz\u0151 szem\u00e9ly k\u00f6z\u00f6tti jogviszonyt szervezett munkav\u00e9gz\u00e9snek min\u0151s\u00edti, ha&nbsp; a t\u00e9nyek ezt indokolj\u00e1k.&nbsp;&nbsp;<\/li><\/ul>\n\n\n\n<ul><li>A szervezett munkav\u00e9gz\u00e9s fogalma k\u00f6sz\u00f6n vissza a <a href=\"https:\/\/net.jogtar.hu\/jogszabaly?docid=a1600010.ngm\" target=\"_blank\" rel=\"noreferrer noopener\">10\/2016. (IV. 5.) NGM rendeletben<\/a> is, amely a <strong>munkaeszk\u00f6z\u00f6k \u00e9s haszn\u00e1latuk<\/strong> biztons\u00e1gi \u00e9s eg\u00e9szs\u00e9g\u00fcgyi k\u00f6vetelm\u00e9nyeinek minim\u00e1lis szintj\u00e9r\u0151l sz\u00f3l \u00e9s amelynek hat\u00e1lya a szervezett munkav\u00e9gz\u00e9s sor\u00e1n t\u00f6rt\u00e9n\u0151 haszn\u00e1lat\u00e1ra terjed ki.&nbsp;<\/li><\/ul>\n\n\n\n<h2><strong>Szervezett munkav\u00e9gz\u00e9s, mint m\u00f3dszertan<\/strong>&nbsp;<\/h2>\n\n\n\n<p>Ahol a munka j\u00f3l szervezett, ott biztos\u00edtott a munka folyamatoss\u00e1ga \u00e9s a hat\u00e1rid\u0151k tart\u00e1sa, illetve egy\u00e9rtelm\u0171ek a felel\u0151ss\u00e9gi \u00e9s hat\u00e1sk\u00f6r\u00f6k. Ilyen \u00e9rtelemben a jog \u00e1ltal megfogalmazott szervezett munkav\u00e9gz\u00e9s egyben vezet\u0151i m\u00f3dszertan is, hiszen az sz\u00e1mos olyan ter\u00fcletre kiterjed, amelyek jellemz\u0151en vezet\u0151i kompetenci\u00e1ba tartoznak, mint p\u00e9ld\u00e1ul:&nbsp;<\/p>\n\n\n\n<ul><li>a munkaid\u0151 beoszt\u00e1sa,&nbsp;<\/li><\/ul>\n\n\n\n<ul><li>a munkav\u00e9gz\u00e9shez sz\u00fcks\u00e9ges t\u00e1j\u00e9koztat\u00e1s \u00e9s ir\u00e1ny\u00edt\u00e1s megad\u00e1sa,&nbsp;<\/li><\/ul>\n\n\n\n<ul><li>a munk\u00e1val kapcsolatos utas\u00edt\u00e1sok ad\u00e1sa,&nbsp;<\/li><\/ul>\n\n\n\n<ul><li>a munkav\u00e1llal\u00f3k k\u00e9pz\u00e9se, fejleszt\u00e9se,&nbsp;<\/li><\/ul>\n\n\n\n<ul><li>ellen\u0151rz\u00e9si jogkor gyakorl\u00e1sa stb.&nbsp;<\/li><\/ul>\n\n\n\n<h2><strong>A munka szervez\u00e9se sor\u00e1n ezekre \u00e9rdemes figyelni<\/strong>&nbsp;<\/h2>\n\n\n\n<h3><strong>A munkaid\u0151 beoszt\u00e1sa<\/strong>&nbsp;<\/h3>\n\n\n\n<p>Sz\u00e1mos olyan v\u00e1llalkoz\u00e1s van, ahol az alkalmazottak nem norm\u00e1l 8 \u00f3r\u00e1s munkaviszonyban dolgoznak. Ak\u00e1r t\u00f6bb m\u0171szakos beoszt\u00e1sr\u00f3l, ak\u00e1r munkaid\u0151keretr\u0151l, ak\u00e1r t\u00fal\u00f3r\u00e1r\u00f3l van sz\u00f3, fontos, az mindenk\u00e9ppen t\u00f6bb adminisztr\u00e1ci\u00f3t \u00e9s k\u00f6r\u00fcltekint\u00e9st k\u00f6vetel meg a munka szervez\u00e9s\u00e9\u00e9rt felel\u0151s vezet\u0151t\u0151l. F\u0151szab\u00e1ly szerint a munk\u00e1ltat\u00f3nak a munkaid\u0151-beoszt\u00e1st legal\u00e1bb egy h\u00e9tre, a beoszt\u00e1s szerinti napi munkaid\u0151 kezdet\u00e9t megel\u0151z\u0151en legal\u00e1bb sz\u00e1zhatvannyolc \u00f3r\u00e1val kor\u00e1bban \u00edr\u00e1sban kell k\u00f6z\u00f6lnie.&nbsp;<\/p>\n\n\n\n<h3><strong>Kapacit\u00e1s tervez\u00e9se<\/strong>&nbsp;<\/h3>\n\n\n\n<p>Ny\u00e1ri f\u0151szezon vagy kar\u00e1csony el\u0151tti megrendel\u00e9si cs\u00facs? Szezonalit\u00e1s sz\u00e1mos ipar\u00e1gban el\u0151fordul.&nbsp; A munka szervez\u00e9sekor fontos, hogy el\u0151re ismerj\u00fck ezeket \u00e9s cs\u00facsokat, mert csak \u00edgy tudunk extra kapacit\u00e1ssal tervezni. Ha plusz munkaer\u0151re van sz\u00fcks\u00e9g, \u00e9rdemes az iskolasz\u00f6vetkezetekkel \u00e9s a munkaer\u0151 k\u00f6zvet\u00edt\u0151 c\u00e9gekkel h\u00f3napokkal a cs\u00facsszezon el\u0151tt leszerz\u0151dni, hogy biztosan legyen szabad, b\u00e9rbe adhat\u00f3 munkaerej\u00fck a tervezett id\u0151pontra.&nbsp;&nbsp;<\/p>\n\n\n\n<h3><strong>T\u00e1j\u00e9koztat\u00e1s<\/strong>&nbsp;<\/h3>\n\n\n\n<p>A megfelel\u0151 inform\u00e1ci\u00f3\u00e1raml\u00e1s mindenkinek k\u00f6z\u00f6s \u00e9rdeke, ami a munka szervez\u00e9se szempontj\u00e1b\u00f3l kiemelten fontos. Ide\u00e1lis esetben a munkahelyi kult\u00fara lehet\u0151v\u00e9 teszi, hogy b\u00e1rmelyik f\u00e9l szabadon kifejezhesse v\u00e9lem\u00e9ny\u00e9t, megoszthassa \u00e9szrev\u00e9teleit, \u00f6tleteit. Fontos, hogy a munkav\u00e9gz\u00e9st \u00e9rint\u0151 relev\u00e1ns inform\u00e1ci\u00f3k id\u0151ben eljussanak az \u00e9rintettekhez. A vezet\u0151k felel\u0151ss\u00e9ge, hogy valamennyi \u00e9rdekelt felet bevonjanak az inform\u00e1ci\u00f3\u00e1raml\u00e1sba. Nem szabad megfeledkezni arr\u00f3l sem, hogy a <a href=\"https:\/\/net.jogtar.hu\/jogszabaly?docid=A1200001.TV\" target=\"_blank\" rel=\"noreferrer noopener\">Munka T\u00f6rv\u00e9nyk\u00f6nyve<\/a> sz\u00e1mos esetben \u00edr\u00e1sbeli t\u00e1j\u00e9koztat\u00e1si k\u00f6telezetts\u00e9get \u00edr el\u0151.&nbsp;<\/p>\n\n\n\n<h3><strong>Hat\u00e9konys\u00e1g<\/strong>&nbsp;<\/h3>\n\n\n\n<p>A munka szervez\u00e9se akkor lesz hat\u00e9kony, ha mindenki tudja, mi a pontos feladat, azt milyen hat\u00e1rid\u0151re kell elv\u00e9gezni, kinek tartoznak besz\u00e1mol\u00e1si k\u00f6telezetts\u00e9ggel \u00e9s kit\u0151l k\u00e9rhetnek seg\u00edts\u00e9get, ha elakadnak. Ezek egy r\u00e9sz\u00e9t tartalmazza a munkak\u00f6ri le\u00edr\u00e1s is, de az ilyen jelleg\u0171 dokumentumok nem helyettes\u00edtik a csapaton bel\u00fcli folyamatos kommunik\u00e1ci\u00f3t. A vezet\u0151knek azt tan\u00e1csoljuk, hogy mindig sz\u00e1njanak kell\u0151 id\u0151t az egyeztet\u00e9sre, ami a feladatok kioszt\u00e1s\u00e1n t\u00fal terjedjen ki a visszacsatol\u00e1sra, a sikerek \u00e9s a j\u00f3 teljes\u00edtm\u00e9ny elismer\u00e9s\u00e9re, illetve az esetleges hib\u00e1k kik\u00fcsz\u00f6b\u00f6l\u00e9s\u00e9re is.&nbsp;&nbsp;<\/p>\n\n\n\n<p>A munkaszervez\u00e9s hat\u00e9konys\u00e1g\u00e1t a lean m\u00f3dszertanb\u00f3l ismert 5S-sel is t\u00e1mogathatjuk. Az 5S nem csup\u00e1n a rendr\u0151l \u00e9s a takar\u00edt\u00e1sr\u00f3l sz\u00f3l. Sokkal ink\u00e1bb egy olyan folyamatszervez\u00e9si m\u00f3dszer, ami a fizikai val\u00f3s\u00e1gban alak\u00edtja ki a munkav\u00e9gz\u00e9s keretrendszer\u00e9t \u00e9s felt\u00e9teleit. Pontosan meghat\u00e1rozza p\u00e9ld\u00e1ul, hogy honnan hov\u00e1 ker\u00fclnek az alapanyagok, mit hol kell t\u00e1rolni \u00e9s minden egyes szersz\u00e1mnak, eszk\u00f6znek dedik\u00e1lt helyet \u00edr el\u0151. Ez a szigor\u00fa rend az alapja a j\u00f3l szervezett, \u00e1tl\u00e1that\u00f3 \u00e9s biztons\u00e1gos munkav\u00e9gz\u00e9snek, \u00e9ppen ez\u00e9rt aj\u00e1nlott az alkalmaz\u00e1sa termel\u00e9si \u00e9s gy\u00e1rt\u00e1si folyamatokban. A lean m\u00f3dszertanr\u00f3l ebben a <a href=\"https:\/\/www.manutan.hu\/blog\/lean-menedzsment-fogalma-eszkozei-es-elonyei\/\" target=\"_blank\" rel=\"noreferrer noopener\">cikkben \u00edrtunk r\u00e9szletesen.<\/a>&nbsp;<\/p>\n\n\n\n<p>Szervezett munkav\u00e9gz\u00e9s eset\u00e9n fontos, hogy tiszt\u00e1ban legy\u00fcnk a jog \u00e1ltal t\u00e1masztott k\u00f6vetelm\u00e9nyekkel, de legal\u00e1bb ilyen fontos, hogy ismerj\u00fck \u00e9s alkalmazzuk azokat a vezet\u0151i m\u00f3dszereket is, amelyekkel n\u00f6velhetj\u00fck a munka hat\u00e9konys\u00e1g\u00e1t.&nbsp;<\/p>\n","protected":false},"excerpt":{"rendered":"<p>A szervezett munkav\u00e9gz\u00e9s egyr\u00e9szt egy fontos jogi fogalom, m\u00e1sr\u00e9szt a munka hat\u00e9konys\u00e1g\u00e1t t\u00e1mogat\u00f3 m\u00f3dszer. Cikk\u00fcnkben k\u00f6rbej\u00e1rjuk ennek minden aspektus\u00e1t.&nbsp; Mit jelent pontosan a szervezett munkav\u00e9gz\u00e9s jogi szempontb\u00f3l?&nbsp; A szervezett munkav\u00e9gz\u00e9s fogalm\u00e1t a munkav\u00e9delemr\u0151l sz\u00f3l\u00f3 1993. \u00e9vi XCIII. t\u00f6rv\u00e9ny \u00e9rtelmez\u0151 rendelkez\u00e9sei k\u00f6z\u00f6tt tal\u00e1ljuk (87. \u00a7 9. pont). Fontos tudni, hogy szervezett munk\u00e1nak sz\u00e1m\u00edt nemcsak a munkaviszony [&hellip;]<\/p>\n","protected":false},"author":3,"featured_media":3647,"comment_status":"closed","ping_status":"closed","sticky":false,"template":"","format":"standard","meta":[],"categories":[530,522],"tags":[],"jetpack_featured_media_url":"https:\/\/www.manutan.hu\/blog\/wp-content\/uploads\/2024\/07\/szervezett-munkavegzes.jpg","_links":{"self":[{"href":"https:\/\/www.manutan.hu\/blog\/wp-json\/wp\/v2\/posts\/3645"}],"collection":[{"href":"https:\/\/www.manutan.hu\/blog\/wp-json\/wp\/v2\/posts"}],"about":[{"href":"https:\/\/www.manutan.hu\/blog\/wp-json\/wp\/v2\/types\/post"}],"author":[{"embeddable":true,"href":"https:\/\/www.manutan.hu\/blog\/wp-json\/wp\/v2\/users\/3"}],"replies":[{"embeddable":true,"href":"https:\/\/www.manutan.hu\/blog\/wp-json\/wp\/v2\/comments?post=3645"}],"version-history":[{"count":3,"href":"https:\/\/www.manutan.hu\/blog\/wp-json\/wp\/v2\/posts\/3645\/revisions"}],"predecessor-version":[{"id":3649,"href":"https:\/\/www.manutan.hu\/blog\/wp-json\/wp\/v2\/posts\/3645\/revisions\/3649"}],"wp:featuredmedia":[{"embeddable":true,"href":"https:\/\/www.manutan.hu\/blog\/wp-json\/wp\/v2\/media\/3647"}],"wp:attachment":[{"href":"https:\/\/www.manutan.hu\/blog\/wp-json\/wp\/v2\/media?parent=3645"}],"wp:term":[{"taxonomy":"category","embeddable":true,"href":"https:\/\/www.manutan.hu\/blog\/wp-json\/wp\/v2\/categories?post=3645"},{"taxonomy":"post_tag","embeddable":true,"href":"https:\/\/www.manutan.hu\/blog\/wp-json\/wp\/v2\/tags?post=3645"}],"curies":[{"name":"wp","href":"https:\/\/api.w.org\/{rel}","templated":true}]}}