{"id":3631,"date":"2024-07-01T11:02:30","date_gmt":"2024-07-01T09:02:30","guid":{"rendered":"https:\/\/www.manutan.hu\/blog\/?p=3631"},"modified":"2025-04-16T13:25:35","modified_gmt":"2025-04-16T11:25:35","slug":"melyik-alacsony-energiafogyasztasu-izzot-valassza-cegenek","status":"publish","type":"post","link":"https:\/\/www.manutan.hu\/blog\/melyik-alacsony-energiafogyasztasu-izzot-valassza-cegenek\/","title":{"rendered":"Melyik alacsony energiafogyaszt\u00e1s\u00fa izz\u00f3t v\u00e1lassza c\u00e9g\u00e9nek?"},"content":{"rendered":"\n<figure class=\"wp-block-image size-full\"><img loading=\"lazy\" width=\"940\" height=\"788\" src=\"https:\/\/www.manutan.hu\/blog\/wp-content\/uploads\/2024\/07\/LED-izzok-Manutan.png\" alt=\"\" class=\"wp-image-3632\" srcset=\"https:\/\/www.manutan.hu\/blog\/wp-content\/uploads\/2024\/07\/LED-izzok-Manutan.png 940w, https:\/\/www.manutan.hu\/blog\/wp-content\/uploads\/2024\/07\/LED-izzok-Manutan-300x251.png 300w, https:\/\/www.manutan.hu\/blog\/wp-content\/uploads\/2024\/07\/LED-izzok-Manutan-768x644.png 768w\" sizes=\"(max-width: 940px) 100vw, 940px\" \/><\/figure>\n\n\n\n<p>Az irod\u00e1kban \u00e9s a rakt\u00e1rakban alacsony energiafogyaszt\u00e1s\u00fa izz\u00f3k haszn\u00e1lat\u00e1val tehetnek egy l\u00e9p\u00e9st a sz\u00e9n-dioxid-kibocs\u00e1t\u00e1s m\u00e9rs\u00e9kl\u00e9se fel\u00e9, k\u00f6zben cs\u00f6kkentik a kiad\u00e1saikat is. Cikk\u00fcnkben seg\u00edt\u00fcnk \u00d6nnek eld\u00f6nteni, melyik alacsony energiafogyaszt\u00e1s\u00fa izz\u00f3t \u00e9rdemes v\u00e1lasztania c\u00e9g\u00e9nek.<\/p>\n\n\n\n<h2>Mi az az alacsony energiafogyaszt\u00e1s\u00fa izz\u00f3?<\/h2>\n\n\n\n<p>Az \u201eenergiatakar\u00e9kos izz\u00f3kk\u00e9nt\u201d is ismert alacsony energiafogyaszt\u00e1s\u00fa izz\u00f3k olyan izz\u00f3k, amelyeknek a m\u0171k\u00f6d\u00e9s\u00e9hez a hagyom\u00e1nyos izz\u00f3k\u00e9n\u00e1l kevesebb villamosenergi\u00e1ra van sz\u00fcks\u00e9g. Az alacsony energiafogyaszt\u00e1s\u00fa izz\u00f3k \u00faj gener\u00e1ci\u00f3j\u00e1ban k\u00e9t f\u0151 technol\u00f3gi\u00e1t k\u00fcl\u00f6nb\u00f6ztethet\u00fcnk meg: f<strong>\u00e9nycs\u00f6vek \u00e9s LED-ek<a href=\"#sdfootnote1sym\"><sup>1<\/sup><\/a><\/strong>. A f\u00e9nycs\u0151 75%-kal kevesebb villamosenergi\u00e1t fogyaszt, mint a hagyom\u00e1nyos izz\u00f3k. A LED-izz\u00f3k eset\u00e9ben ez a mutat\u00f3 80%-kal kevesebb.<\/p>\n\n\n\n<p>Mivel seg\u00edtenek a v\u00e1llalatoknak energi\u00e1t megtakar\u00edtani, az <strong>alacsony energiafogyaszt\u00e1s\u00fa izz\u00f3k <\/strong><strong>k\u00f6rnyezet<\/strong><strong>tudatos<\/strong><strong> term\u00e9kek, amelyeket a rakt\u00e1rak \u00e9s irod\u00e1k k\u00f6lts\u00e9geinek cs\u00f6kkent\u00e9se \u00e9rdek\u00e9ben \u00e9rdemes el\u0151nyben r\u00e9szes\u00edteni<\/strong>. Az energiafogyaszt\u00e1s cs\u00f6kkent\u00e9se az energiasz\u00e1ml\u00e1k m\u00e9rs\u00e9kl\u00e9s\u00e9ben is seg\u00edt a v\u00e1llalatoknak, k\u00fcl\u00f6n\u00f6sen a jelenlegi infl\u00e1ci\u00f3s helyzetben. B\u00e1rmelyik alacsony energiafogyaszt\u00e1s\u00fa izz\u00f3t v\u00e1lasztja, az hosszabb \u00e9lettartam\u00fa egy hagyom\u00e1nyos izz\u00f3n\u00e1l. Ez\u00e9rt ezt a fajta fogy\u00f3eszk\u00f6zt ritk\u00e1bban kell cser\u00e9lni. V\u00e9g\u00fcl elmondhat\u00f3, hogy az alacsony energiafogyaszt\u00e1s\u00fa izz\u00f3knak <strong>jelent\u0151s biztons\u00e1gi el\u0151ny\u00fck is van, mivel nagyon kev\u00e9s h\u0151t bocs\u00e1tanak ki<\/strong>.<\/p>\n\n\n\n<p>A fenntarthat\u00f3 fejl\u0151d\u00e9ssel kapcsolatos sz\u00e1mos krit\u00e9riumnak megfelel\u0151 alacsony energiafogyaszt\u00e1s\u00fa izz\u00f3k hozz\u00e1j\u00e1rulnak a munkahelyek fenntarthat\u00f3bb\u00e1 t\u00e9tel\u00e9hez. Az alacsony energiafogyaszt\u00e1s\u00fa izz\u00f3k v\u00e1laszt\u00e1sa a k\u00f6vetkez\u0151 lehet\u0151s\u00e9geket k\u00edn\u00e1lja a v\u00e1llalatoknak:<\/p>\n\n\n\n<ul><li>Az energiafogyaszt\u00e1suk cs\u00f6kkent\u00e9se.<\/li><li>A hullad\u00e9ktermel\u00e9s\u00fck cs\u00f6kkent\u00e9se az izz\u00f3k hosszabb \u00e9lettartam\u00e1nak k\u00f6sz\u00f6nhet\u0151en.<\/li><li>A munkav\u00e1llal\u00f3i j\u00f3ll\u00e9t biztos\u00edt\u00e1sa a h\u0151kibocs\u00e1t\u00f3 izz\u00f3khoz kapcsol\u00f3d\u00f3 kock\u00e1zatok kontroll\u00e1l\u00e1s\u00e1val.<\/li><\/ul>\n\n\n\n<h2>K\u00fcl\u00f6nf\u00e9le izz\u00f3t\u00edpusok<\/h2>\n\n\n\n<p>Ahhoz, hogy el tudja d\u00f6nteni, melyik alacsony energiafogyaszt\u00e1s\u00fa izz\u00f3t v\u00e1lassza a c\u00e9g\u00e9nek, ismernie kell a forgalomban kaphat\u00f3 izz\u00f3k n\u00e9gy f\u0151 kateg\u00f3ri\u00e1j\u00e1t.<\/p>\n\n\n\n<h3>Izz\u00f3l\u00e1mp\u00e1k<\/h3>\n\n\n\n<p>Az izz\u00f3l\u00e1mpa a <strong>hagyom\u00e1nyos t\u00edpus\u00fa izz\u00f3<\/strong>. \u00c9lettartama mind\u00f6ssze 1000 \u00f3ra, r\u00e1ad\u00e1sul sok h\u0151t termel. Az izz\u00f3l\u00e1mp\u00e1k <strong>t\u00f6r\u00e9kenyek \u00e9s energiafal\u00f3k<\/strong>, de olcs\u00f3n hozz\u00e1juk lehet jutni.<\/p>\n\n\n\n<h3>Halog\u00e9n izz\u00f3k<\/h3>\n\n\n\n<p>A halog\u00e9n izz\u00f3 az <strong>izz\u00f3l\u00e1mpa tov\u00e1bbfejlesztett v\u00e1ltozata<\/strong>. Ez ut\u00f3bbihoz k\u00e9pest 30%-os energiamegtakar\u00edt\u00e1st k\u00edn\u00e1l, k\u00f6zben pedig azonos teljes\u00edtm\u00e9ny (watt) mellett t\u00f6bb f\u00e9nyt \u00e1ll\u00edt el\u0151. A halog\u00e9n izz\u00f3k tov\u00e1bbra is fokozottan energiaig\u00e9nyesek, \u00e9lettartamuk pedig r\u00f6vidnek mondhat\u00f3 (\u00e1tlagosan 2000 \u00f3ra).<\/p>\n\n\n\n<h3>CFL izz\u00f3k<\/h3>\n\n\n\n<p>A <strong>kompakt f\u00e9nycs\u00f6vek<\/strong><strong> (CFL)<\/strong> gyakran henger alak\u00faak vagy spir\u00e1l alakban hajtogatott f\u00e9nycs\u00f6vekb\u0151l \u00e1llnak, \u00edgy kevesebb helyet foglalnak el. Az ilyen t\u00edpus\u00fa izz\u00f3 \u00e9lettartama hozz\u00e1vet\u0151legesen <strong>8000 \u00f3ra, ami az izz\u00f3k\u00e9nak majdnem a 10-szerese<\/strong>. R\u00e1ad\u00e1sul ez a t\u00edpus\u00fa alacsony energiafogyaszt\u00e1s\u00fa izz\u00f3 kevesebb h\u0151t is termel.<\/p>\n\n\n\n<h3>LED izz\u00f3k<\/h3>\n\n\n\n<p>A LED izz\u00f3 <strong>fokozottan energiahat\u00e9kony<\/strong>. \u00c9lettartama el\u00e9rheti az <strong>50 000 \u00f3r\u00e1t<\/strong>, emellett pedig jobban toler\u00e1lja a gyakori be-\/kikapcsol\u00e1si ciklusokat, mint az izz\u00f3l\u00e1mp\u00e1k. Tov\u00e1bb\u00e1 szinte egy\u00e1ltal\u00e1n nem bocs\u00e1t ki h\u0151t.<\/p>\n\n\n\n<p>Ezek az izz\u00f3k t\u00f6bb p\u00e9nzbe ker\u00fclnek. \u00c1rukat azonban ellens\u00falyozza az <strong>\u00e1tlagos \u00fczemeltet\u00e9si k\u00f6lts\u00e9g\u00fck, amely 4-szer kevesebb<\/strong>, mint a hagyom\u00e1nyos izz\u00f3k\u00e9 (ha a v\u00e9tel\u00e1rat \u00f6sszehasonl\u00edtjuk az \u00e9lettartam\u00e1val). V\u00e9g\u00fcl pedig azt is fontos kiemelni, hogy a LED izz\u00f3k <strong>\u00fajrahasznos\u00edthat\u00f3k<\/strong>.<\/p>\n\n\n\n<h2>Melyik alacsony energiafogyaszt\u00e1s\u00fa izz\u00f3t v\u00e1lassza az eur\u00f3pai el\u0151\u00edr\u00e1soknak val\u00f3 megfelel\u00e9s \u00e9rdek\u00e9ben?<\/h2>\n\n\n\n<p>Az Eur\u00f3pai Uni\u00f3 2009 \u00f3ta <strong>fokozatosan kivonja a legkev\u00e9sb\u00e9 fenntarthat\u00f3 izz\u00f3kat a piaci forgalomb\u00f3l<\/strong>. Az EU a sz\u00e9n-dioxid-kibocs\u00e1t\u00e1s cs\u00f6kkent\u00e9se ir\u00e1nti elk\u00f6telezetts\u00e9g\u00e9nek r\u00e9szek\u00e9nt a h\u00e1ztart\u00e1sokban \u00e9s a v\u00e1llalatokn\u00e1l egyar\u00e1nt szeretn\u00e9 sztenderdiz\u00e1lni az izz\u00f3k haszn\u00e1lat\u00e1t, hogy <strong>csak a leghat\u00e9konyabb modellek maradjanak a forgalomban<\/strong>.<\/p>\n\n\n\n<p>El\u0151bb korl\u00e1tozta, majd betiltotta az <strong>izz\u00f3l\u00e1mp\u00e1k \u00e9s halog\u00e9n izz\u00f3k forgalmaz\u00e1s\u00e1t<\/strong> a teljes\u00edtm\u00e9ny\u00fck szerint. 2015-ben betilt\u00e1sra ker\u00fcltek a <strong>higanyg\u0151zl\u00e1mp\u00e1k \u00e9s a n\u00e1triuml\u00e1mp\u00e1k<\/strong>. Ez az int\u00e9zked\u00e9s ennek a term\u00e9knek az energiafogyaszt\u00e1s\u00e1ra, a l\u00e1mpa gy\u00e1rt\u00e1s\u00e1nak a k\u00f6rnyezetre gyakorolt hat\u00e1s\u00e1ra, valamint a hullad\u00e9kkezel\u00e9sre ir\u00e1nyul. R\u00e1ad\u00e1sul a <a href=\"https:\/\/www.eea.europa.eu\/highlights\/mercury-pollution-remains-a-problem\" target=\"_blank\" rel=\"noreferrer noopener\">higany jelent\u0151s kock\u00e1zat<\/a> a bolyg\u00f3ra \u00e9s az \u00e9l\u0151l\u00e9nyekre is.<\/p>\n\n\n\n<p>2023-ban k\u00e9t \u00fajabb eur\u00f3pai int\u00e9zked\u00e9s l\u00e9pett \u00e9rv\u00e9nybe az izz\u00f3k tekintet\u00e9ben. Febru\u00e1r \u00f3ta tilos olyan f\u00e9nycs\u00f6veket \u00e9s CLF izz\u00f3kat gy\u00e1rtani, amelyek \u00e9lettartama 20 000 \u00f3r\u00e1n\u00e1l r\u00f6videbb. Augusztus \u00f3ta pedig <strong>minden egy\u00e9b t\u00edpus\u00fa f\u00e9nycs\u0151 \u00e9s CFL izz\u00f3t ki kell vonni a forgalomb\u00f3l<\/strong>. A tilalom ezeknek az alacsony fesz\u00fclts\u00e9g\u0171 izz\u00f3knak a gy\u00e1rt\u00e1s\u00e1ra vonatkozik \u2013 a kiskeresked\u0151k tov\u00e1bbra is \u00e9rt\u00e9kes\u00edthetik a k\u00e9szleten l\u00e9v\u0151 term\u00e9keiket.<\/p>\n\n\n\n<h2>Hogyan v\u00e1lasszon c\u00e9g\u00e9nek alacsony energiafogyaszt\u00e1s\u00fa izz\u00f3kat?<\/h2>\n\n\n\n<p>Az energiateljes\u00edtm\u00e9nnyel \u00e9s fenntarthat\u00f3s\u00e1ggal kapcsolatos el\u0151nyeikre tekintettel az alacsony energiafogyaszt\u00e1s\u00fa izz\u00f3k (LED vagy CFL) <strong>beleillenek a v\u00e1llalatok <\/strong><strong>fenntarthat\u00f3 beszerz\u00e9si politik\u00e1j\u00e1ba<\/strong>. Bizonyos krit\u00e9riumokat figyelembe kell venni annak eld\u00f6nt\u00e9s\u00e9hez, hogy melyik alacsony energiafogyaszt\u00e1s\u00fa izz\u00f3t \u00e9rdemes v\u00e1lasztani.<\/p>\n\n\n\n<p><strong>Az alacsony energiafogyaszt\u00e1s\u00fa izz\u00f3k kiv\u00e1laszt\u00e1s\u00e1nak alapelemei<\/strong>:<\/p>\n\n\n\n<ul><li>Az izz\u00f3 alakja<\/li><li>M\u00e9rete<\/li><li>A foglalat t\u00edpusa (csavaros, bajonettes)<\/li><li>Fesz\u00fclts\u00e9g (voltban)<\/li><\/ul>\n\n\n\n<p>Az eur\u00f3pai ir\u00e1nyelvekkel \u00f6sszhangban <strong>2021 m\u00e1rciusa \u00f3ta k\u00f6telez\u0151<\/strong> <strong>energiac\u00edmk\u00e9t<\/strong> haszn\u00e1lni az elektromos k\u00e9sz\u00fcl\u00e9kek hat\u00e9konys\u00e1g\u00e1nak a jelz\u00e9s\u00e9re. Ez \u00e9pp \u00fagy vonatkozik az izz\u00f3kra, mint p\u00e9ld\u00e1ul az aut\u00f3kra vagy a h\u0171t\u0151szekr\u00e9nyekre. <strong>7 energiaoszt\u00e1lyt<\/strong> k\u00fcl\u00f6nb\u00f6ztet\u00fcnk meg (A-t\u00f3l G-ig). Az A kateg\u00f3ri\u00e1ba azok a term\u00e9kek tartoznak, amelyek a legkevesebb villamosenergi\u00e1t fogyasztj\u00e1k. A m\u00e1sik v\u00e9gen szerepl\u0151 G bet\u0171t az energiafogyaszt\u00e1s szempontj\u00e1b\u00f3l \u201elegmoh\u00f3bb\u201d term\u00e9kek kapj\u00e1k. Az <strong>energiac\u00edmk\u00e9n tal\u00e1lhat\u00f3 QR-k\u00f3d<\/strong> seg\u00edts\u00e9g\u00e9vel el\u00e9rhet\u0151 egy adatb\u00e1zis, amelyben tov\u00e1bbi inform\u00e1ci\u00f3k tal\u00e1lhat\u00f3k a term\u00e9kkel kapcsolatban.<\/p>\n\n\n\n<p>Az izz\u00f3k teljes\u00edtm\u00e9ny\u00e9t tradicion\u00e1lisan wattban adt\u00e1k meg, ami a f\u00e9nyer\u0151ss\u00e9get jelezte. Azonban <strong>a LED-izz\u00f3k eset\u00e9ben m\u00e1r nem azonos a wattok sz\u00e1ma \u00e9s a f\u00e9nyer\u0151 k\u00f6z\u00f6tti kapcsolat<\/strong>. A fogyaszt\u00f3knak most m\u00e1r a lumen alapj\u00e1n kell felismerni\u00fck a f\u00e9ny\u00e1ram intenzit\u00e1s\u00e1t. Ennek oka, hogy a LED-izz\u00f3k a r\u00e9gebbi modellekn\u00e9l kevesebb wattot fogyasztanak azonos f\u00e9nyer\u0151 mellett.<\/p>\n\n\n\n<p>A <strong>wattok \u00e9s a lumenek k\u00f6z\u00f6tti egyen\u00e9rt\u00e9kek \u00f6ssze<\/strong><strong>hasonl\u00edt\u00e1sa<\/strong>:<\/p>\n\n\n\n<figure class=\"wp-block-table\"><table><tbody><tr><td><strong>Izz\u00f3 t\u00edpusa<\/strong><\/td><td><strong>300\u2013500&nbsp;lm<\/strong><\/td><td><strong>500\u2013700&nbsp;lm<\/strong><\/td><td><strong>1000\u20131250&nbsp;lm<\/strong><\/td><td><strong>1250\u20132000&nbsp;lm<\/strong><\/td><\/tr><tr><td>Izz\u00f3l\u00e1mpa<\/td><td>40 W<\/td><td>60 W<\/td><td>120 W<\/td><td>150\u2013250&nbsp;W<\/td><\/tr><tr><td>Halog\u00e9n izz\u00f3<\/td><td>35 W<\/td><td>50 W<\/td><td>100 W<\/td><td>125 W<\/td><\/tr><tr><td>CFL izz\u00f3<\/td><td>8 W<\/td><td>11 W<\/td><td>20 W<\/td><td>20\u201333&nbsp;W<\/td><\/tr><tr><td>LED izz\u00f3<\/td><td>3\u20135&nbsp;W<\/td><td>5\u20137&nbsp;W<\/td><td>10\u201313&nbsp;W<\/td><td>13\u201320&nbsp;W<\/td><\/tr><\/tbody><\/table><\/figure>\n\n\n\n<p>A Kelvin-fokban kifejezett <strong>sz\u00ednh\u0151m\u00e9rs\u00e9klet<\/strong> att\u00f3l f\u00fcgg, hogy milyen helyis\u00e9gben haszn\u00e1lj\u00e1k az izz\u00f3t. <strong>Min\u00e9l magasabb a h\u0151m\u00e9rs\u00e9klet Kelvin \u00e9rt\u00e9ke, ann\u00e1l hidegebb a kibocs\u00e1tott f\u00e9ny<\/strong>.<\/p>\n\n\n\n<p>1800 \u00e9s 2700 \u00b0K k\u00f6z\u00f6tt a f\u00e9nyt nagyon meleg feh\u00e9rnek szokt\u00e1k nevezni. Ezt a pihentet\u0151 hat\u00e1s\u00fa vil\u00e1g\u00edt\u00e1s p\u00e9ld\u00e1ul pihen\u0151szob\u00e1khoz vagy \u00e9ttermekhez alkalmas.<\/p>\n\n\n\n<p>A 3000 \u00b0K h\u0151m\u00e9rs\u00e9klet\u0171 izz\u00f3kat meleg feh\u00e9rnek nevezik. A l\u00e9gk\u00f6r hangulatos marad, de a l\u00e1t\u00e1sviszonyok tiszt\u00e1k lesznek, \u00edgy olyan helyeken lehet alkalmas, ahol \u00fcgyfeleket fogadnak (p\u00e9ld\u00e1ul recepci\u00f3k vagy t\u00e1rgyal\u00f3termek).<\/p>\n\n\n\n<p>A j\u00f3 l\u00e1that\u00f3s\u00e1got ig\u00e9nyl\u0151 helyeken (p\u00e9ld\u00e1ul irod\u00e1kban vagy m\u0171helyekben) a hideg feh\u00e9r (4000 \u00b0K) a prefer\u00e1lt v\u00e1laszt\u00e1s.<\/p>\n\n\n\n<p>6500 \u00b0K felett a f\u00e9nyt nappali f\u00e9nynek nevezik, vagyis a l\u00e1that\u00f3s\u00e1g ugyanolyan j\u00f3 a belt\u00e9rben, mint k\u00fclt\u00e9ren, amikor a nap a legmagasabban \u00e1ll. Ez a h\u0151m\u00e9rs\u00e9klet a prec\u00edzi\u00f3s munk\u00e1khoz alkalmas. Laborat\u00f3riumokban \u00e9s ipari k\u00f6rnyezetekben szokt\u00e1k haszn\u00e1lni.<\/p>\n\n\n\n<div class=\"wp-block-image\"><figure class=\"alignleft size-full\"><img loading=\"lazy\" width=\"100\" height=\"50\" src=\"https:\/\/www.manutan.hu\/blog\/wp-content\/uploads\/2024\/07\/LED-izzok-Manutan-200-x-150-keppont-1.png\" alt=\"\" class=\"wp-image-3634\"\/><\/figure><\/div>\n\n\n\n<p>Ha <strong>f\u00e9nyer\u0151-szab\u00e1lyoz\u00f3 kapcsol\u00f3t<\/strong> haszn\u00e1lunk, akkor az izz\u00f3 f\u00e9nyereje \u201etomp\u00edthat\u00f3\u201d \u00e9s a felhaszn\u00e1l\u00f3k ig\u00e9nyeire szabhat\u00f3. Hogy az adott izz\u00f3 alkalmas-e ilyen t\u00edpus\u00fa haszn\u00e1latra, azt a term\u00e9ken elhelyezett ikonr\u00f3l lehet felismerni. A bal oldali izz\u00f3 alkalmas a f\u00e9nyer\u0151-szab\u00e1lyoz\u00f3val val\u00f3 haszn\u00e1latra, a jobb oldali pedig nem.<\/p>\n\n\n\n<p>Bizonyos izz\u00f3kat <strong>kifejezetten vesz\u00e9lyes k\u00f6rnyezetben t\u00f6rt\u00e9n\u0151 haszn\u00e1latra terveznek<\/strong>. Ezeket ATEX (EXplosive ATmospheres) tan\u00fas\u00edt\u00e1s\u00fa izz\u00f3knak szokt\u00e1k h\u00edvni.<\/p>\n\n\n\n<p><\/p>\n\n\n\n<h2>Melyek a legalacsonyabb energiafogyaszt\u00e1s\u00fa izz\u00f3k?<\/h2>\n\n\n\n<p>Ahogyan m\u00e1r eml\u00edtett\u00fck, a <strong>LED \u00e9s CFL izz\u00f3k a leghat\u00e9konyabbak<\/strong>. R\u00e1ad\u00e1sul hosszabb az \u00e9lettartamuk, mint a hagyom\u00e1nyos izz\u00f3knak. Egy CFL izz\u00f3 \u00e9lettartama 6000 \u00e9s 10 000 \u00f3ra, egy LED izz\u00f3\u00e9 pedig 15 000 \u00e9s 100 000 \u00f3ra k\u00f6z\u00f6tt mozog.<\/p>\n\n\n\n<p>A CFL izz\u00f3k \u00e1ltal\u00e1ban olcs\u00f3bban beszerezhet\u0151k, mint a LED-ek. Azonban a hosszabb \u00e9lettartamuk miatt a <strong>LED-ek id\u0151vel k\u00f6lts\u00e9ghat\u00e9konynak bizonyulnak<\/strong>. Amikor az izz\u00f3k \u00e9letciklus\u00e1t m\u00e9rlegeli, arra is gondoljon, hogy mi t\u00f6rt\u00e9nik vel\u00fck, ha el\u00e9rik az \u00e9lettartamuk v\u00e9g\u00e9t. Itt is a LED izz\u00f3 van el\u0151ny\u00f6sebb helyzetben. \u00dajrahasznos\u00edthat\u00f3 \u2013 k\u00f6zben a CFL-t tov\u00e1bbra is neh\u00e9z \u00fajrahasznos\u00edtani, f\u0151k\u00e9nt a benne l\u00e9v\u0151 g\u00e1zok miatt. R\u00e1ad\u00e1sul a CFL-eknek id\u0151be telik, hogy felgyulladjanak, m\u00edg a <strong>LED-ek azonnal vil\u00e1g\u00edtani kezdenek<\/strong>.<\/p>\n\n\n\n<p><strong>A LED izz\u00f3k technol\u00f3gi\u00e1ja folyamatosan fejl\u0151dik<\/strong>. A \u201eretrofit\u201d n\u00e9ven emlegetett leg\u00fajabb gener\u00e1ci\u00f3 azonos f\u00e9nyer\u0151 mellett kevesebb energi\u00e1t fogyaszt, mint a klasszikus LED izz\u00f3k. A LED sz\u00e1las izz\u00f3 dekor\u00e1ci\u00f3s l\u00e1mpak\u00e9nt haszn\u00e1lhat\u00f3, \u00e9s nem kell hozz\u00e1 l\u00e1mpaerny\u0151t haszn\u00e1lni. A dekor\u00e1ci\u00f3s izz\u00f3k k\u00fcl\u00f6nb\u00f6z\u0151 form\u00e1j\u00faak lehetnek, \u00edgy ak\u00e1r gyertyal\u00e1ngot is ut\u00e1nozhatnak (ahogyan p\u00e9ld\u00e1ul a pisl\u00e1kol\u00f3 l\u00e1ng hat\u00e1s\u00fa izz\u00f3k). A LED izz\u00f3k el\u0151nyei, valamint a nem \u00fajrahasznos\u00edthat\u00f3 CFL-ek k\u00f6rnyezeti hat\u00e1sai miatt az Eur\u00f3pai Uni\u00f3 a LED-eket r\u00e9szes\u00edti el\u0151nyben.<\/p>\n\n\n\n<p><a href=\"https:\/\/www.manutan.hu\/hu\/mhu\/led-izzok\" data-type=\"URL\" data-id=\"https:\/\/www.manutan.hu\/hu\/mhu\/led-izzok\" target=\"_blank\" rel=\"noreferrer noopener\"><span class=\"has-inline-color has-primary-color\">Tekintse meg a LED izz\u00f3k term\u00e9kkateg\u00f3ri\u00e1nkat!<\/span><\/a><\/p>\n\n\n\n<hr class=\"wp-block-separator\"\/>\n\n\n\n<p><a href=\"#sdfootnote1anc\">1<\/a> F\u00e9nykibocs\u00e1t\u00f3 di\u00f3da<\/p>\n","protected":false},"excerpt":{"rendered":"<p>A v\u00e1llalatok sz\u00e1m\u00e1ra fontos k\u00e9rd\u00e9s a karbonsemlegess\u00e9g, amihez t\u00f6bbek k\u00f6z\u00f6tt az energiafogyaszt\u00e1s cs\u00f6kkent\u00e9se is sz\u00fcks\u00e9ges.<\/p>\n","protected":false},"author":2,"featured_media":3632,"comment_status":"closed","ping_status":"closed","sticky":false,"template":"","format":"standard","meta":[],"categories":[522],"tags":[425,454,453],"jetpack_featured_media_url":"https:\/\/www.manutan.hu\/blog\/wp-content\/uploads\/2024\/07\/LED-izzok-Manutan.png","_links":{"self":[{"href":"https:\/\/www.manutan.hu\/blog\/wp-json\/wp\/v2\/posts\/3631"}],"collection":[{"href":"https:\/\/www.manutan.hu\/blog\/wp-json\/wp\/v2\/posts"}],"about":[{"href":"https:\/\/www.manutan.hu\/blog\/wp-json\/wp\/v2\/types\/post"}],"author":[{"embeddable":true,"href":"https:\/\/www.manutan.hu\/blog\/wp-json\/wp\/v2\/users\/2"}],"replies":[{"embeddable":true,"href":"https:\/\/www.manutan.hu\/blog\/wp-json\/wp\/v2\/comments?post=3631"}],"version-history":[{"count":2,"href":"https:\/\/www.manutan.hu\/blog\/wp-json\/wp\/v2\/posts\/3631\/revisions"}],"predecessor-version":[{"id":3636,"href":"https:\/\/www.manutan.hu\/blog\/wp-json\/wp\/v2\/posts\/3631\/revisions\/3636"}],"wp:featuredmedia":[{"embeddable":true,"href":"https:\/\/www.manutan.hu\/blog\/wp-json\/wp\/v2\/media\/3632"}],"wp:attachment":[{"href":"https:\/\/www.manutan.hu\/blog\/wp-json\/wp\/v2\/media?parent=3631"}],"wp:term":[{"taxonomy":"category","embeddable":true,"href":"https:\/\/www.manutan.hu\/blog\/wp-json\/wp\/v2\/categories?post=3631"},{"taxonomy":"post_tag","embeddable":true,"href":"https:\/\/www.manutan.hu\/blog\/wp-json\/wp\/v2\/tags?post=3631"}],"curies":[{"name":"wp","href":"https:\/\/api.w.org\/{rel}","templated":true}]}}