{"id":3622,"date":"2024-06-25T10:15:19","date_gmt":"2024-06-25T08:15:19","guid":{"rendered":"https:\/\/www.manutan.hu\/blog\/?p=3622"},"modified":"2025-04-16T13:25:47","modified_gmt":"2025-04-16T11:25:47","slug":"hogyan-lehet-elerni-a-netto-zero-kibocsatasu-beszerzesi-strategiat","status":"publish","type":"post","link":"https:\/\/www.manutan.hu\/blog\/hogyan-lehet-elerni-a-netto-zero-kibocsatasu-beszerzesi-strategiat\/","title":{"rendered":"Hogyan lehet el\u00e9rni a \u201enett\u00f3 z\u00e9r\u00f3 kibocs\u00e1t\u00e1s\u00fa\u201d beszerz\u00e9si strat\u00e9gi\u00e1t?"},"content":{"rendered":"\n<figure class=\"wp-block-image size-full\"><img loading=\"lazy\" width=\"940\" height=\"788\" src=\"https:\/\/www.manutan.hu\/blog\/wp-content\/uploads\/2024\/06\/Netto-zero-kibocsatas-Manutan.png\" alt=\"\" class=\"wp-image-3625\" srcset=\"https:\/\/www.manutan.hu\/blog\/wp-content\/uploads\/2024\/06\/Netto-zero-kibocsatas-Manutan.png 940w, https:\/\/www.manutan.hu\/blog\/wp-content\/uploads\/2024\/06\/Netto-zero-kibocsatas-Manutan-300x251.png 300w, https:\/\/www.manutan.hu\/blog\/wp-content\/uploads\/2024\/06\/Netto-zero-kibocsatas-Manutan-768x644.png 768w\" sizes=\"(max-width: 940px) 100vw, 940px\" \/><\/figure>\n\n\n\n<h2><strong>Mit jelent a \u201enett\u00f3 z\u00e9r\u00f3 kibocs\u00e1t\u00e1s\u201d?<\/strong><\/h2>\n\n\n\n<p>A nett\u00f3 z\u00e9r\u00f3 kibocs\u00e1t\u00e1s elve mag\u00e1ba foglalja az emberi tev\u00e9kenys\u00e9g \u00e1ltal el\u0151id\u00e9zett \u00fcvegh\u00e1zhat\u00e1s\u00fa g\u00e1zok kibocs\u00e1t\u00e1s\u00e1nak lehet\u0151s\u00e9g szerinti minimaliz\u00e1l\u00e1s\u00e1t. Ebben a szeml\u00e9letben a l\u00e9gk\u00f6rben marad\u00f3 kibocs\u00e1t\u00e1sokat a sz\u00e9n-dioxid-elnyel\u0151k, p\u00e9ld\u00e1ul az \u00f3ce\u00e1nok \u00e9s az erd\u0151k k\u00e9pesek \u00fajra elnyelni. A v\u00e9gs\u0151 c\u00e9l a kibocs\u00e1t\u00e1s drasztikus cs\u00f6kkent\u00e9se, hogy egyens\u00falyba ker\u00fclj\u00f6n a l\u00e9gk\u00f6rbe ker\u00fcl\u0151 \u00e9s a F\u00f6ld \u00e1ltal elnyelni k\u00e9pes sz\u00e9n-dioxid mennyis\u00e9ge.<\/p>\n\n\n\n<blockquote class=\"wp-block-quote\"><p><em>Tudta, hogy az energiaszektor felel\u0151s a jelenlegi \u00fcvegh\u00e1zhat\u00e1s\u00fa g\u00e1zok kibocs\u00e1t\u00e1s\u00e1nak csaknem h\u00e1romnegyed\u00e9\u00e9rt? A meg\u00fajul\u00f3 \u00e9s\/vagy alacsony sz\u00e9n-dioxid-kibocs\u00e1t\u00e1s\u00fa energi\u00e1ra val\u00f3 \u00e1t\u00e1ll\u00e1s tov\u00e1bbra is kulcsfontoss\u00e1g\u00fa a nett\u00f3 z\u00e9r\u00f3 kibocs\u00e1t\u00e1s\u00fa strat\u00e9gia szempontj\u00e1b\u00f3l. Ezen t\u00falmen\u0151en sok kl\u00edmatudom\u00e1nyi szak\u00e9rt\u0151 egyet\u00e9rt abban, hogy a glob\u00e1lis meg\u00fajul\u00f3energia-kapacit\u00e1st (nap- \u00e9s sz\u00e9lenergia, v\u00edz- \u00e9s geotermikus energia) 2030-ra h\u00e1romszoros\u00e1ra kell n\u00f6velni a fosszilis t\u00fczel\u0151anyagok (p\u00e9ld\u00e1ul olaj \u00e9s g\u00e1z) helyettes\u00edt\u00e9s\u00e9hez.<\/em><\/p><\/blockquote>\n\n\n\n<p>A p\u00e1rizsi meg\u00e1llapod\u00e1s kulcsfontoss\u00e1g\u00fa c\u00e9lk\u00e9nt t\u0171zte ki a glob\u00e1lis h\u0151m\u00e9rs\u00e9klet-emelked\u00e9s \u00e9s a kl\u00edmav\u00e1ltoz\u00e1s elleni k\u00fczdelmet. A glob\u00e1lis felmeleged\u00e9st j\u00f3val 2 \u00b0C (ide\u00e1lis esetben 1,5 \u00b0C) al\u00e1 kell szor\u00edtani az iparosod\u00e1s el\u0151tti szinthez k\u00e9pest. Ennek eredm\u00e9nyek\u00e9nt sok orsz\u00e1g k\u00f6telezetts\u00e9get v\u00e1llalt arra, hogy 2030-ig 55%-kal cs\u00f6kkenti a glob\u00e1lis kibocs\u00e1t\u00e1st, miel\u0151tt 2050-re el\u00e9rn\u00e9 a nett\u00f3 z\u00e9r\u00f3 kibocs\u00e1t\u00e1si c\u00e9lt.<\/p>\n\n\n\n<blockquote class=\"wp-block-quote\"><p><em>A nett\u00f3 z\u00e9r\u00f3 kibocs\u00e1t\u00e1s c\u00e9lkit\u0171z\u00e9s t\u00falmutat a sz\u00e9n-dioxid-semlegess\u00e9gen, mivel mag\u00e1ban foglalja az \u00fcvegh\u00e1zhat\u00e1s\u00fa g\u00e1zok \u00f6sszes kibocs\u00e1t\u00e1s\u00e1t \u00e9s a tiszta energia bevezet\u00e9s\u00e9t. A sz\u00e9n-dioxidon k\u00edv\u00fcl ide tartozik m\u00e9g a met\u00e1n, a dinitrog\u00e9n-oxid, a fluorozott sz\u00e9nhidrog\u00e9nek, a v\u00edzg\u0151z stb.<\/em><\/p><\/blockquote>\n\n\n\n<p>Az energiahat\u00e9konys\u00e1g fel\u00e9 val\u00f3 \u00e1tmenet teljes \u00e1talakul\u00e1st ig\u00e9nyel a termel\u00e9sben, a fogyaszt\u00e1sban \u00e9s az utaz\u00e1sban. Az e megk\u00f6zel\u00edt\u00e9s mellett elk\u00f6telezett v\u00e1llalatok sz\u00e1m\u00e1ra fontos elemezni, hogy az ell\u00e1t\u00e1si l\u00e1nc egyes l\u00e1ncszemei \u200b\u200bhogyan j\u00e1rulnak hozz\u00e1 az \u00fcvegh\u00e1zhat\u00e1st okoz\u00f3 g\u00e1zok k\u00f6zvetlen \u00e9s k\u00f6zvetett kibocs\u00e1t\u00e1s\u00e1hoz. Azonos\u00edtani kell a forr\u00e1sokat \u00e9s fel kell m\u00e9rni azok hat\u00e1s\u00e1t, hogy megc\u00e9lozz\u00e1k azokat a ter\u00fcleteket, ahol v\u00e1ltoz\u00e1sra van sz\u00fcks\u00e9g a kl\u00edmapolitika keretein bel\u00fcl.<\/p>\n\n\n\n<h2><strong>A h\u00e1rom kibocs\u00e1t\u00e1si hat\u00f3k\u00f6r jelent\u0151s\u00e9ge a nett\u00f3 z\u00e9r\u00f3 kibocs\u00e1t\u00e1s\u00fa strat\u00e9gi\u00e1ban<\/strong><\/h2>\n\n\n\n<p>Ahhoz, hogy csatlakozzanak ehhez a nemzetk\u00f6zi kl\u00edmav\u00e9delmi mozgalomhoz, elengedhetetlen, hogy a v\u00e1llalatok t\u00f6rekedjenek nett\u00f3 \u00fcvegh\u00e1zhat\u00e1s\u00fag\u00e1z-kibocs\u00e1t\u00e1suk cs\u00f6kkent\u00e9s\u00e9re, amelyek m\u00f3dszertanilag h\u00e1rom kateg\u00f3ri\u00e1ba sorolhat\u00f3k: 1., 2. \u00e9s 3. hat\u00f3k\u00f6r.<\/p>\n\n\n\n<h3><strong>1. hat\u00f3k\u00f6r: k\u00f6zvetlen hat\u00e1s<\/strong><\/h3>\n\n\n\n<p>Az 1. hat\u00f3k\u00f6r a v\u00e1llalat tulajdon\u00e1ban l\u00e9v\u0151 \u00e9s\/vagy ellen\u0151rz\u00e9se alatt \u00e1ll\u00f3 forr\u00e1sokb\u00f3l sz\u00e1rmaz\u00f3 k\u00f6zvetlen \u00fcvegh\u00e1zhat\u00e1s\u00fa g\u00e1zkibocs\u00e1t\u00e1sra vonatkozik. Ez a termel\u00e9shez (berendez\u00e9sek \u00e9s helyhez k\u00f6t\u00f6tt \u00e9s\/vagy mobil berendez\u00e9sek) felhaszn\u00e1lt energi\u00e1b\u00f3l, valamint a j\u00e1rm\u0171flott\u00e1kb\u00f3l sz\u00e1rmaz\u00f3 kibocs\u00e1t\u00e1sra vonatkozik.<\/p>\n\n\n\n<h3><strong>2. hat\u00f3k\u00f6r: k\u00f6zvetett kibocs\u00e1t\u00e1sok<\/strong><\/h3>\n\n\n\n<p>A 2. hat\u00f3k\u00f6r al\u00e1 tartozik az energi\u00e1hoz kapcsol\u00f3d\u00f3 k\u00f6zvetett \u00fcvegh\u00e1zhat\u00e1s\u00fa g\u00e1zkibocs\u00e1t\u00e1s. Ez mag\u00e1ban foglalja a v\u00e1llalat tev\u00e9kenys\u00e9geinek t\u00e1mogat\u00e1s\u00e1ra v\u00e1s\u00e1rolt \u00e9s\/vagy import\u00e1lt villamosenergia-, h\u0151-, g\u0151z- vagy h\u0171t\u00e9stermel\u00e9st.<\/p>\n\n\n\n<h3><strong>3. hat\u00f3k\u00f6r: egy\u00e9b k\u00f6zvetett kibocs\u00e1t\u00e1sok<\/strong><\/h3>\n\n\n\n<p>A 3. hat\u00f3k\u00f6r minden egy\u00e9b k\u00f6zvetett \u00fcvegh\u00e1zhat\u00e1s\u00fa g\u00e1zkibocs\u00e1t\u00e1sra vonatkozik. Ezek a kibocs\u00e1t\u00e1sok a v\u00e1llalat tev\u00e9kenys\u00e9g\u00e9b\u0151l sz\u00e1rmaznak, de k\u00fcls\u0151 forr\u00e1sb\u00f3l sz\u00e1rmaznak. Val\u00f3j\u00e1ban a teljes upstream \u00e9s downstream ell\u00e1t\u00e1si l\u00e1ncra vonatkoznak, a nyersanyagok beszerz\u00e9s\u00e9t\u0151l a hullad\u00e9kkezel\u00e9sig. Ez a fajta kibocs\u00e1t\u00e1s \u00e1ltal\u00e1ban a v\u00e1llalat teljes kibocs\u00e1t\u00e1s\u00e1nak 80-90%-\u00e1t teszi ki. B\u00e1r ezt a hat\u00f3k\u00f6rt k\u00fcl\u00f6n\u00f6sen neh\u00e9z ellen\u0151rizni, tov\u00e1bbra is elengedhetetlen egy hat\u00e9kony nett\u00f3 z\u00e9r\u00f3 kibocs\u00e1t\u00e1s\u00fa strat\u00e9gia szempontj\u00e1b\u00f3l.<\/p>\n\n\n\n<h2><strong>A beszerz\u00e9si oszt\u00e1lyok szerepe a nett\u00f3 z\u00e9r\u00f3 kibocs\u00e1t\u00e1s el\u00e9r\u00e9s\u00e9ben<\/strong><\/h2>\n\n\n\n<p>Egy hiteles \u00e9s hat\u00e9kony nett\u00f3 z\u00e9r\u00f3 kibocs\u00e1t\u00e1s\u00fa strat\u00e9gi\u00e1nak le kell fednie a teljes \u00e9rt\u00e9kl\u00e1ncot, k\u00fcl\u00f6n\u00f6s tekintettel az \u00f6sszetett \u00e9s bonyolult 3. hat\u00f3k\u00f6rre.<\/p>\n\n\n\n<p>M\u00e1ra a legt\u00f6bb v\u00e1llalat elkezdte elemezni \u00e9s cs\u00f6kkenteni az 1. \u00e9s 2. hat\u00f3k\u00f6r al\u00e1 tartoz\u00f3 kibocs\u00e1t\u00e1sokat. Term\u00e9szetesen er\u0151fesz\u00edt\u00e9seiket azokra a ter\u00fcletekre \u00f6sszpontos\u00edtott\u00e1k, amelyek felett k\u00f6zvetlenebb ellen\u0151rz\u00e9s\u00fck van. A 3. hat\u00f3k\u00f6r kibocs\u00e1t\u00e1sa azonban a legnagyobb ar\u00e1nyt k\u00e9pviseli. Minden egyes v\u00e1llalat saj\u00e1t r\u00e1hat\u00e1s\u00e1n m\u00falik, hogy az \u00e9rt\u00e9kl\u00e1ncon bel\u00fcli befoly\u00e1s\u00e1t a glob\u00e1lis gazdas\u00e1g sz\u00e9n-dioxid-mentes\u00edt\u00e9s\u00e9re haszn\u00e1lja fel.<\/p>\n\n\n\n<p>Mivel a beszerz\u00e9si oszt\u00e1ly kezeli a v\u00e1llalat k\u00fcls\u0151 er\u0151forr\u00e1sait, kulcsszerepet j\u00e1tszik a besz\u00e1ll\u00edt\u00f3in\u00e1l a 3. hat\u00f3k\u00f6r\u0171 kibocs\u00e1t\u00e1sok cs\u00f6kkent\u00e9s\u00e9ben. A beszerz\u0151k feladata, hogy bevonj\u00e1k-e partnereiket, akik n\u00e9lk\u00fcl\u00f6zhetetlenek v\u00e1llalatuk nett\u00f3 z\u00e9r\u00f3 kibocs\u00e1t\u00e1s\u00fa strat\u00e9gi\u00e1j\u00e1nak sikeres megval\u00f3s\u00edt\u00e1s\u00e1hoz. A Science-Based Targets (SBTi) kezdem\u00e9nyez\u00e9s jelent\u00e9se szerint egy besz\u00e1ll\u00edt\u00f3 68%-kal nagyobb val\u00f3sz\u00edn\u0171s\u00e9ggel k\u00f6telezi el mag\u00e1t e megk\u00f6zel\u00edt\u00e9s mellett, ha k\u00e9t v\u00e1llalat k\u00e9ri, \u00e9s 76%-kal nagyobb val\u00f3sz\u00edn\u0171s\u00e9ggel, ha h\u00e1rom v\u00e1llalat k\u00e9ri. Ideje elind\u00edtani a mozgalmat\u2026<\/p>\n\n\n\n<h2><strong>Nett\u00f3 z\u00e9r\u00f3 kibocs\u00e1t\u00e1s\u00fa beszerz\u00e9si strat\u00e9gia<\/strong><\/h2>\n\n\n\n<p>A nett\u00f3 z\u00e9r\u00f3 kibocs\u00e1t\u00e1s\u00fa beszerz\u00e9si strat\u00e9gia h\u00e1rom kulcsfontoss\u00e1g\u00fa, egym\u00e1st\u00f3l f\u00fcgg\u0151 elvre \u00e9p\u00fcl.<\/p>\n\n\n\n<h3><strong>Fenntarthat\u00f3s\u00e1gi krit\u00e9riumok be\u00e9p\u00edt\u00e9se a beszerz\u00e9si folyamatokba<\/strong><\/h3>\n\n\n\n<p>A fenntarthat\u00f3s\u00e1gi krit\u00e9riumok beszerz\u00e9si folyamataiba val\u00f3 integr\u00e1l\u00e1s\u00e1val a v\u00e1llalatok arra \u00f6szt\u00f6nzik besz\u00e1ll\u00edt\u00f3ikat, hogy alkalmazzanak k\u00f6rnyezetbar\u00e1tabb gyakorlatokat, \u00e9s t\u00f6rekedjenek a sz\u00e9n-dioxid-semlegess\u00e9gre. P\u00e9ld\u00e1ul olyan z\u00e1rad\u00e9kokat foglalhatnak a szerz\u0151d\u00e9seikbe, amelyek el\u0151seg\u00edtik a kibocs\u00e1t\u00e1s cs\u00f6kkent\u00e9s\u00e9t a teljes ell\u00e1t\u00e1si l\u00e1ncban.<\/p>\n\n\n\n<h3><strong>Az ell\u00e1t\u00e1si l\u00e1nc k\u00f6rnyezeti l\u00e1bnyom\u00e1nak m\u00e9r\u00e9se<\/strong><\/h3>\n\n\n\n<p>Alapvet\u0151 fontoss\u00e1g\u00fa a v\u00e1llalatok \u00e1ltal megv\u00e1s\u00e1rolt term\u00e9kek \u00e9s szolg\u00e1ltat\u00e1sok k\u00f6rnyezeti l\u00e1bnyom\u00e1nak, k\u00fcl\u00f6n\u00f6sen az \u00fcvegh\u00e1zhat\u00e1s\u00fa g\u00e1zok kibocs\u00e1t\u00e1s\u00e1nak m\u00e9r\u00e9se, mind k\u00f6zvetlen\u00fcl, mind k\u00f6zvetve. A kibocs\u00e1t\u00e1si forr\u00e1sokra \u00e9s mennyis\u00e9gekre vonatkoz\u00f3 megb\u00edzhat\u00f3 adatok lehet\u0151v\u00e9 teszik sz\u00e1mukra, hogy hat\u00e9konyan megc\u00e9lozz\u00e1k a nett\u00f3 z\u00e9r\u00f3 kibocs\u00e1t\u00e1s\u00fa beszerz\u00e9si strat\u00e9gi\u00e1jukat, nyomon k\u00f6vess\u00e9k \u00e9s \u00e9rt\u00e9kelj\u00e9k az e ter\u00fcleten el\u00e9rt el\u0151rehalad\u00e1st.<\/p>\n\n\n\n<h3><strong>Az innov\u00e1ci\u00f3 \u00e9s a fenntarthat\u00f3 fejl\u0151d\u00e9s el\u0151seg\u00edt\u00e9se<\/strong><\/h3>\n\n\n\n<p>A v\u00e1llalatoknak \u00f6szt\u00f6n\u00f6zni\u00fck kell az innov\u00e1ci\u00f3t besz\u00e1ll\u00edt\u00f3ik k\u00f6r\u00e9ben is, akik a j\u00f6v\u0151 term\u00e9keit \u00e9s szolg\u00e1ltat\u00e1sait tervezik. A fenntarthat\u00f3s\u00e1gra \u00f6sszpontos\u00edt\u00f3 strat\u00e9giai partners\u00e9gek megnyitj\u00e1k az utat a k\u00f6rnyezet \u00e9s a v\u00e1llalkoz\u00e1sok sz\u00e1m\u00e1ra el\u0151ny\u00f6s innovat\u00edv megold\u00e1sok el\u0151tt.<\/p>\n\n\n\n<p>A nett\u00f3 z\u00e9r\u00f3 kibocs\u00e1t\u00e1s\u00fa beszerz\u00e9si strat\u00e9gia biztos\u00edthatja a fenntarthat\u00f3 j\u00f6v\u0151t \u00e9s az \u00e9ghajlatv\u00e1ltoz\u00e1ssal szembeni ellen\u00e1ll\u00f3-k\u00e9pess\u00e9get. A kibocs\u00e1t\u00e1s cs\u00f6kkent\u00e9s\u00e9vel az ell\u00e1t\u00e1si l\u00e1nc minden szintj\u00e9n a v\u00e1llalatok nemcsak korl\u00e1tozhatj\u00e1k \u00e9s cs\u00f6kkenthetik a bolyg\u00f3ra gyakorolt hat\u00e1sukat, hanem \u00f6szt\u00f6n\u00f6zhetik az innov\u00e1ci\u00f3t \u00e9s meger\u0151s\u00edthetik piaci poz\u00edci\u00f3jukat felel\u0151s szerepl\u0151k\u00e9nt<\/p>\n","protected":false},"excerpt":{"rendered":"<p>Az \u00e9ghajlatv\u00e1ltoz\u00e1s \u00e9s a glob\u00e1lis felmeleged\u00e9s elleni harcban sz\u00e1mos c\u00e9g v\u00e1llalja, hogy cs\u00f6kkenti az \u00fcvegh\u00e1zhat\u00e1s\u00fa g\u00e1zok kibocs\u00e1t\u00e1s\u00e1t, illetve t\u00f6rekednek a nett\u00f3 z\u00e9r\u00f3 kibocs\u00e1t\u00e1s el\u00e9r\u00e9s\u00e9re. A kibocs\u00e1t\u00e1scs\u00f6kkent\u00e9si c\u00e9lok el\u00e9r\u00e9s\u00e9ben a beszerz\u00e9si oszt\u00e1lyoknak is fontos szerepe van.<\/p>\n","protected":false},"author":2,"featured_media":3625,"comment_status":"closed","ping_status":"closed","sticky":false,"template":"","format":"standard","meta":[],"categories":[530,522,531],"tags":[225,384,452,451],"jetpack_featured_media_url":"https:\/\/www.manutan.hu\/blog\/wp-content\/uploads\/2024\/06\/Netto-zero-kibocsatas-Manutan.png","_links":{"self":[{"href":"https:\/\/www.manutan.hu\/blog\/wp-json\/wp\/v2\/posts\/3622"}],"collection":[{"href":"https:\/\/www.manutan.hu\/blog\/wp-json\/wp\/v2\/posts"}],"about":[{"href":"https:\/\/www.manutan.hu\/blog\/wp-json\/wp\/v2\/types\/post"}],"author":[{"embeddable":true,"href":"https:\/\/www.manutan.hu\/blog\/wp-json\/wp\/v2\/users\/2"}],"replies":[{"embeddable":true,"href":"https:\/\/www.manutan.hu\/blog\/wp-json\/wp\/v2\/comments?post=3622"}],"version-history":[{"count":7,"href":"https:\/\/www.manutan.hu\/blog\/wp-json\/wp\/v2\/posts\/3622\/revisions"}],"predecessor-version":[{"id":3630,"href":"https:\/\/www.manutan.hu\/blog\/wp-json\/wp\/v2\/posts\/3622\/revisions\/3630"}],"wp:featuredmedia":[{"embeddable":true,"href":"https:\/\/www.manutan.hu\/blog\/wp-json\/wp\/v2\/media\/3625"}],"wp:attachment":[{"href":"https:\/\/www.manutan.hu\/blog\/wp-json\/wp\/v2\/media?parent=3622"}],"wp:term":[{"taxonomy":"category","embeddable":true,"href":"https:\/\/www.manutan.hu\/blog\/wp-json\/wp\/v2\/categories?post=3622"},{"taxonomy":"post_tag","embeddable":true,"href":"https:\/\/www.manutan.hu\/blog\/wp-json\/wp\/v2\/tags?post=3622"}],"curies":[{"name":"wp","href":"https:\/\/api.w.org\/{rel}","templated":true}]}}