{"id":3604,"date":"2024-06-11T10:17:23","date_gmt":"2024-06-11T08:17:23","guid":{"rendered":"https:\/\/www.manutan.hu\/blog\/?p=3604"},"modified":"2025-04-16T13:26:41","modified_gmt":"2025-04-16T11:26:41","slug":"5-tanacs-a-munkahely-kulteri-tereinek-tervezesehez","status":"publish","type":"post","link":"https:\/\/www.manutan.hu\/blog\/5-tanacs-a-munkahely-kulteri-tereinek-tervezesehez\/","title":{"rendered":"5 tan\u00e1cs a munkahely k\u00fclt\u00e9ri tereinek tervez\u00e9s\u00e9hez"},"content":{"rendered":"\n<figure class=\"wp-block-image size-full\"><img loading=\"lazy\" width=\"940\" height=\"788\" src=\"https:\/\/www.manutan.hu\/blog\/wp-content\/uploads\/2024\/06\/Kulteri-terek-berendezese-Manutan.png\" alt=\"K\u00fclt\u00e9ri terek berendez\u00e9se - Manutan\" class=\"wp-image-3606\" srcset=\"https:\/\/www.manutan.hu\/blog\/wp-content\/uploads\/2024\/06\/Kulteri-terek-berendezese-Manutan.png 940w, https:\/\/www.manutan.hu\/blog\/wp-content\/uploads\/2024\/06\/Kulteri-terek-berendezese-Manutan-300x251.png 300w, https:\/\/www.manutan.hu\/blog\/wp-content\/uploads\/2024\/06\/Kulteri-terek-berendezese-Manutan-768x644.png 768w\" sizes=\"(max-width: 940px) 100vw, 940px\" \/><\/figure>\n\n\n\n<p>A j\u00f3l megtervezett k\u00fclt\u00e9ri t\u00e9r jav\u00edtja a munkahelyi \u00e9letmin\u0151s\u00e9get, er\u0151s\u00edti a szervezet CSR-politik\u00e1j\u00e1t<sup>1<\/sup> \u00e9s szebb\u00e9 teszi az \u00e9p\u00fcleteket. \u00cdme n\u00e9h\u00e1ny \u00f6tlet, amelyeket \u00e9rdemes alkalmazni, ha ilyen tereket szeretne \u00e1talak\u00edtani.<\/p>\n\n\n\n<h2><strong>1. T\u00e1maszkodjon a k\u00fclt\u00e9ri terek jellemz\u0151ire<\/strong><\/h2>\n\n\n\n<p>A k\u00fclt\u00e9ri t\u00e9r kialak\u00edt\u00e1s\u00e1nak els\u0151 l\u00e9p\u00e9se a kialak\u00edtand\u00f3 ter\u00fclet vizsg\u00e1lata. A felteend\u0151 k\u00e9rd\u00e9sek t\u00f6bb elemet \u00e9rintenek:<\/p>\n\n\n\n<ul><li>Benapozotts\u00e1g;<\/li><li>Kitetts\u00e9g az elemeknek: es\u0151, sz\u00e9l, zaj;<\/li><li>A t\u00e9r topogr\u00e1fi\u00e1ja;<\/li><li>Megk\u00f6zel\u00edthet\u0151s\u00e9g;<\/li><li>Azon szem\u00e9lyek sz\u00e1ma, akik ugyanazon a napon \u00e9s egyidej\u0171leg haszn\u00e1lj\u00e1k a helyet;<\/li><li>A munkater\u00fcletek k\u00f6zels\u00e9ge;<\/li><li>A kialak\u00edtand\u00f3 st\u00edlus.<\/li><\/ul>\n\n\n\n<p>Az \u00edgy azonos\u00edtott korl\u00e1tok lehet\u0151v\u00e9 teszik a megfelel\u0151 k\u00fclt\u00e9ri b\u00fatorok \u00e9s felszerel\u00e9sek kiv\u00e1laszt\u00e1s\u00e1t. Az olyan anyagok, mint p\u00e9ld\u00e1ul az alum\u00ednium, id\u0151j\u00e1r\u00e1s\u00e1ll\u00f3ak, mint ahogy bizonyos egzotikus fafajt\u00e1k is. A fa mindig egy kis melegs\u00e9get \u00e9s term\u00e9szetess\u00e9get adnak a b\u00fatoroknak. Egy kis k\u00e9nyelem \u00e9rdek\u00e9ben olyan p\u00e1rn\u00e1k is rendelhet\u0151k, amelyek v\u00edz\u00e1ll\u00f3 textilb\u0151l k\u00e9sz\u00fcltek \u00e9s a szabadban hagyva is kiel\u00e9g\u00edt\u0151 \u00e9lettartamot biztos\u00edtanak.<\/p>\n\n\n\n<p>Az eg\u00e9sz \u00e9vben napos helyen \u00e9rdemes \u00e1rny\u00e9kol\u00f3 lombkoron\u00e1r\u00f3l gondoskodni n\u00e9h\u00e1ny fa \u00fcltet\u00e9s\u00e9vel, \u00edgy ny\u00e1ri meleg napokon is haszn\u00e1lhat\u00f3 lesz ter\u00fclet. Azon a helyeken, ahol csak bizonyos \u00f3r\u00e1kban van naps\u00fct\u00e9s, naperny\u0151k felszerel\u00e9s\u00e9vel lehet gondoskodni az \u00e1rny\u00e9kol\u00e1sr\u00f3l. Ez sz\u00fcks\u00e9g szerint kinyithat\u00f3 vagy \u00f6ssszez\u00e1rhat\u00f3. A zajforr\u00e1s k\u00f6zel\u00e9ben elhelyezked\u0151 helyeken (\u00fat, gy\u00e1rt\u00f3g\u00e9pek) vagy m\u0171szaki megold\u00e1sokat haszn\u00e1lunk (hangpanelek), vagy term\u00e9szetesek zajsz\u0171r\u0151kkel dolgozunk (z\u00f6ldfal, s\u00f6v\u00e9ny), amelyek cs\u00f6kkentik ezt a kellemetlens\u00e9get.<\/p>\n\n\n\n<h2><strong>2. Tart\u00f3s \u00e9s biztons\u00e1gos megold\u00e1sokat v\u00e1lasszunk<\/strong><\/h2>\n\n\n\n<p>A k\u00fclt\u00e9ri berendez\u00e9sek \u00e9s n\u00f6v\u00e9nyek be\u00e9p\u00fclnek a v\u00e1llalat fenntarthat\u00f3 beszerz\u00e9si politik\u00e1j\u00e1ba, ez\u00e9rt azonos\u00edtani kell a t\u00e1rsadalmi \u00e9s k\u00f6rnyezeti szinten elk\u00f6telezett sz\u00e1ll\u00edt\u00f3kat. A v\u00e1llalatnak olyan term\u00e9keket kell v\u00e1lasztania, amelyek elismert k\u00f6rnyezetv\u00e9delmi tan\u00fas\u00edtv\u00e1nnyal vagy c\u00edmk\u00e9vel rendelkeznek. A b\u00fatorok \u00e9s felszerel\u00e9sek min\u0151s\u00e9gi krit\u00e9riuma az\u00e9rt fontos, mert ha tart\u00f3sabb term\u00e9keket v\u00e1lasztunk, akkor ritk\u00e1bban van sz\u00fcks\u00e9g \u00faj beszerz\u00e9sre. Az el\u0151ny\u00f6k teh\u00e1t pozit\u00edvak a v\u00e1llalat CSR elk\u00f6telezetts\u00e9ge \u00e9s k\u00f6lts\u00e9gvet\u00e9se szempontj\u00e1b\u00f3l. A k\u00f6nnyen karbantarthat\u00f3 \u00e9s jav\u00edthat\u00f3 term\u00e9kek id\u0151vel fenntarthat\u00f3bbak is.<\/p>\n\n\n\n<p>A tart\u00f3s berendez\u00e9sek el\u0151nyben r\u00e9szes\u00edt\u00e9se azt is jelenti, hogy mindent meg kell tenni annak \u00e9rdek\u00e9ben, hogy k\u00fclt\u00e9ri tere jav\u00edtsa a munkahelyi \u00e9letmin\u0151s\u00e9get. A kock\u00e1zatmegel\u0151z\u00e9st ott is alkalmazni kell, mint a t\u00e1rsas\u00e1g b\u00e1rmely m\u00e1s r\u00e9sz\u00e9ben. K\u00fcl\u00f6n\u00f6sk\u00e9ppen meg kell n\u00e9zni a sz\u00f3ban forg\u00f3 t\u00e9rhez vezet\u0151 gyalogos \u00fatvonalakat. Kock\u00e1zatok sz\u00e1rmazhatnak a szennyez\u0151anyagoknak, zajnak stb. val\u00f3 kitetts\u00e9gb\u0151l is. Minden kock\u00e1zatforr\u00e1st azonos\u00edtani kell, \u00e9s megfelel\u0151 int\u00e9zked\u00e9seket kell hozni.<\/p>\n\n\n\n<h2><strong>3. Egy- vagy t\u00f6bbfunkci\u00f3s lesz a t\u00e9r?<\/strong><\/h2>\n\n\n\n<p>Egy m\u00e1sik k\u00f6vetend\u0151 \u00fat, hogy legyen a k\u00fclt\u00e9ri t\u00e9rnek funkci\u00f3ja. Ez lehet egy szabadt\u00e9ri \u00e9tkez\u0151hely eb\u00e9dre, ebben az esetben sz\u00edvesen l\u00e1tunk piknikasztalokat, valamint szemeteseket. Ha az alkalmazottak a sz\u00fcnetekben ott akarnak elt\u00f6lteni n\u00e9h\u00e1ny percet egy hangulatos pihen\u0151helyet keresve, \u00e9rdemes lehet kerti \u00e9s teraszos t\u00e1rsalg\u00f3b\u00fatorokat v\u00e1lasztani, p\u00e9ld\u00e1ul k\u00fclt\u00e9ri kanap\u00e9kat, foteleket stb. Ha a hely a doh\u00e1nyz\u00f3knak van, hamutart\u00f3t kell telep\u00edteni stb.<\/p>\n\n\n\n<p>Ugyanaz a k\u00fclt\u00e9ri t\u00e9r t\u00f6bb funkci\u00f3t is bet\u00f6lthet a nap folyam\u00e1n, az \u00e9vszakt\u00f3l vagy a jelenl\u00e9v\u0151kt\u0151l f\u00fcgg\u0151en. Ilyenkor sokoldal\u00fa helynek kell tekinteni, amely elegend\u0151 ember befogad\u00e1s\u00e1ra k\u00e9pes. Az egyik megold\u00e1s, hogy k\u00e9nyelmes, k\u00e1v\u00e9z\u00e1sra vagy eb\u00e9dre alkalmas, alkalmank\u00e9nt sok embert vend\u00e9g\u00fcl l\u00e1t\u00f3 helly\u00e9 tegy\u00fck, ha magas asztalokat \u00e9s sz\u00e9keket biztos\u00edtunk. V\u00e9g\u00fcl a k\u00fclt\u00e9ri t\u00e9r teljes \u00e9rt\u00e9k\u0171 munkater\u00fcletk\u00e9nt szolg\u00e1lhat a flex office<sup>2<\/sup>-t gyakorl\u00f3 c\u00e9gekn\u00e9l. Ekkor j\u00f3 internetkapcsolatra \u00e9s \u00fcl\u0151- vagy \u00e1ll\u00f3 munkav\u00e9gz\u00e9shez alkalmas b\u00fatorokra van sz\u00fcks\u00e9g.<\/p>\n\n\n\n<h2><strong>4. A n\u00f6v\u00e9nyek a t\u00e9r szerves r\u00e9sz\u00e9t k\u00e9pezik<\/strong><\/h2>\n\n\n\n<p>A n\u00f6v\u00e9nyek jelenl\u00e9te ma m\u00e1r elengedhetetlen a k\u00fclt\u00e9ri t\u00e9r kialak\u00edt\u00e1s\u00e1hoz. A b\u00fatorokat nagyobb val\u00f3sz\u00edn\u0171s\u00e9ggel haszn\u00e1lj\u00e1k az alkalmazottak, ha azok kellemes \u00e9s \u00e1rny\u00e9kos k\u00f6rnyezetben, p\u00e9ld\u00e1ul f\u00e1k k\u00f6zel\u00e9ben helyezkednek el. A z\u00f6ldfel\u00fclet kialak\u00edt\u00e1sa a vir\u00e1g\u00e1gy\u00e1sok, s\u00f6v\u00e9ny vagy ker\u00edt\u00e9s telep\u00edt\u00e9s\u00e9t\u0151l a vetem\u00e9nyeskertig terjedhet, amelynek k\u00f6z\u00f6s gondoz\u00e1sa a csapaton bel\u00fcli koh\u00e9zi\u00f3 forr\u00e1sa lehet.<\/p>\n\n\n\n<p>Azok a v\u00e1llalatok, amelyek a CSR k\u00fcldet\u00e9s\u00fcket igaz\u00e1n komolyan veszik, m\u00e9hlegel\u0151k kialak\u00edt\u00e1s\u00e1val t\u00e1mogathatj\u00e1k a term\u00e9szet diverzit\u00e1s\u00e1t. Ilyenkor egy adott ter\u00fcletet csak \u00e9vente 1-2 alkalommal ny\u00edrnak. Az ilyen z\u00f6ldfel\u00fcletek kedveznek a beporz\u00f3knak, b\u00fav\u00f3helyet ny\u00fajtanak par\u00e1ny l\u00e9nyeknek, jav\u00edtj\u00e1k a mikrokl\u00edm\u00e1t, cs\u00f6kkentik a talaj kisz\u00e1rad\u00e1s\u00e1t \u00e9s t\u00falmeleged\u00e9s\u00e9t, illetve kevesebb \u00f6nt\u00f6z\u00e9sre van sz\u00fcks\u00e9g. A n\u00f6v\u00e9nyekkel \u00e9s vir\u00e1gokkal rendelkez\u0151 kert kialak\u00edt\u00e1sa nemcsak eszt\u00e9tikus, hanem a beporz\u00f3k, p\u00e9ld\u00e1ul a m\u00e9hek sz\u00e1m\u00e1ra is el\u0151ny\u00f6s. N\u00e9h\u00e1ny c\u00e9g m\u00e9g kapt\u00e1rak telep\u00edt\u00e9s\u00e9re is felk\u00e9rik a m\u00e9h\u00e9szeket. A v\u00e1llalatok z\u00f6ldfel\u00fcletei szint\u00e9n hozz\u00e1j\u00e1rulnak a helyis\u00e9gek h\u0151m\u00e9rs\u00e9klet\u00e9nek cs\u00f6kkent\u00e9s\u00e9hez, \u00e9s term\u00e9szetes l\u00e1tv\u00e1nyt biztos\u00edtanak.<\/p>\n\n\n\n<p>A n\u00f6v\u00e9nyeket a munkahelyi \u00e9letmin\u0151s\u00e9g sz\u00f6vets\u00e9geseik\u00e9nt is kell tekinteni. A vetem\u00e9nyeskertnek \u00e9s a komposzt\u00e1l\u00f3nak k\u00f6sz\u00f6nhet\u0151en a dolgoz\u00f3k profit\u00e1lhatnak a kert\u00e9szked\u00e9s j\u00f3t\u00e9kony hat\u00e1s\u00e1b\u00f3l.<\/p>\n\n\n\n<h2><strong>5. K\u00e9rje ki az alkalmazottai v\u00e9lem\u00e9ny\u00e9t!<\/strong><\/h2>\n\n\n\n<p>Ahhoz, hogy ennek az \u00faj k\u00fclt\u00e9ri \u00e9lett\u00e9rnek a kialak\u00edt\u00e1sa megfeleljen az alkalmazottak t\u00f6rekv\u00e9seinek, \u00e9rdemes kik\u00e9rni v\u00e9lem\u00e9ny\u00fcket. Nem tudj\u00e1k majd a legt\u00f6bbet kihozni az ig\u00e9nyeiknek nem megfelel\u0151 terekb\u0151l. Egy olyan id\u0151szakban, amikor a home office egyre elterjedtebb, a bels\u0151 koh\u00e9zi\u00f3 szempontj\u00e1b\u00f3l kulcsfontoss\u00e1g\u00fa, hogy olyan tereket hozzunk l\u00e9tre, amelyek el\u0151seg\u00edtik a szoci\u00e1lis kapcsolatokat.<\/p>\n\n\n\n<p>Az alkalmazottak bevon\u00e1sa a tervez\u00e9si folyamatba kreat\u00edv megold\u00e1sokhoz, motiv\u00e1ci\u00f3s forr\u00e1shoz, ez\u00e1ltal a termel\u00e9kenys\u00e9g n\u00f6veked\u00e9s\u00e9hez vezethet. N\u00e9h\u00e1nyan esetleg csapatsportot szeretn\u00e9nek j\u00e1tszani a sz\u00fcnetben. Nem ritka, hogy a c\u00e9gekn\u00e9l van p\u00e9ld\u00e1ul kos\u00e1rlabda- vagy r\u00f6plabdap\u00e1lya.<\/p>\n\n\n\n<p>A c\u00e9l az, hogy a k\u00fclt\u00e9ri t\u00e9r egy teljes \u00e9rt\u00e9k\u0171 professzion\u00e1lis \u00e9lett\u00e9r legyen, amely t\u00fckr\u00f6zi a c\u00e9g \u00e9rt\u00e9keit.<\/p>\n\n\n\n<hr class=\"wp-block-separator\"\/>\n\n\n\n<p>1 A CSR a v\u00e1llalati t\u00e1rsadalmi felel\u0151ss\u00e9gv\u00e1llal\u00e1st jelenti.<\/p>\n\n\n\n<p>2 A flex office, vagy magyarul rugalmas iroda olyan munkater\u00fclet, ahol nincs k\u00fcl\u00f6n, dedik\u00e1lt irod\u00e1ja \u00e9s \u00edr\u00f3asztala az alkalmazottaknak.<\/p>\n","protected":false},"excerpt":{"rendered":"<p>Teraszok, erk\u00e9lyek, tet\u0151teraszok: teljes m\u00e9rt\u00e9kben kihaszn\u00e1lja c\u00e9ge k\u00fclt\u00e9ri tereit?<\/p>\n","protected":false},"author":2,"featured_media":3606,"comment_status":"closed","ping_status":"closed","sticky":false,"template":"","format":"standard","meta":[],"categories":[522],"tags":[322,323,324],"jetpack_featured_media_url":"https:\/\/www.manutan.hu\/blog\/wp-content\/uploads\/2024\/06\/Kulteri-terek-berendezese-Manutan.png","_links":{"self":[{"href":"https:\/\/www.manutan.hu\/blog\/wp-json\/wp\/v2\/posts\/3604"}],"collection":[{"href":"https:\/\/www.manutan.hu\/blog\/wp-json\/wp\/v2\/posts"}],"about":[{"href":"https:\/\/www.manutan.hu\/blog\/wp-json\/wp\/v2\/types\/post"}],"author":[{"embeddable":true,"href":"https:\/\/www.manutan.hu\/blog\/wp-json\/wp\/v2\/users\/2"}],"replies":[{"embeddable":true,"href":"https:\/\/www.manutan.hu\/blog\/wp-json\/wp\/v2\/comments?post=3604"}],"version-history":[{"count":3,"href":"https:\/\/www.manutan.hu\/blog\/wp-json\/wp\/v2\/posts\/3604\/revisions"}],"predecessor-version":[{"id":3608,"href":"https:\/\/www.manutan.hu\/blog\/wp-json\/wp\/v2\/posts\/3604\/revisions\/3608"}],"wp:featuredmedia":[{"embeddable":true,"href":"https:\/\/www.manutan.hu\/blog\/wp-json\/wp\/v2\/media\/3606"}],"wp:attachment":[{"href":"https:\/\/www.manutan.hu\/blog\/wp-json\/wp\/v2\/media?parent=3604"}],"wp:term":[{"taxonomy":"category","embeddable":true,"href":"https:\/\/www.manutan.hu\/blog\/wp-json\/wp\/v2\/categories?post=3604"},{"taxonomy":"post_tag","embeddable":true,"href":"https:\/\/www.manutan.hu\/blog\/wp-json\/wp\/v2\/tags?post=3604"}],"curies":[{"name":"wp","href":"https:\/\/api.w.org\/{rel}","templated":true}]}}