{"id":3568,"date":"2024-06-04T14:39:39","date_gmt":"2024-06-04T12:39:39","guid":{"rendered":"https:\/\/www.manutan.hu\/blog\/?p=3568"},"modified":"2025-04-16T13:33:32","modified_gmt":"2025-04-16T11:33:32","slug":"munkahelyi-kert-kialakitasa","status":"publish","type":"post","link":"https:\/\/www.manutan.hu\/blog\/munkahelyi-kert-kialakitasa\/","title":{"rendered":"Munkahelyi kert kialak\u00edt\u00e1sa"},"content":{"rendered":"\n<p>A c\u00e9gek egyre t\u00f6bb figyelmet ford\u00edtanak az olyan kezdem\u00e9nyez\u00e9sekre, amelyek jav\u00edtj\u00e1k a munkak\u00f6r\u00fclm\u00e9nyeket \u00e9s n\u00f6velik a dolgoz\u00f3k j\u00f3ll\u00e9t\u00e9t. Az egyik ilyen kezdem\u00e9nyez\u00e9s a munkahelyi kertek \u00e9s a k\u00fclt\u00e9ri k\u00f6z\u00f6ss\u00e9gi terek kialak\u00edt\u00e1sa, amelyeknek nem csup\u00e1n eszt\u00e9tikai \u00e9rt\u00e9k\u00fck van, hanem sz\u00e1mos m\u00e1s el\u0151nnyel is j\u00e1rnak. De mi\u00e9rt is \u00e9rdemes a munkahely szerves r\u00e9szek\u00e9nt tekinteni az irodai kertre? Cikk\u00fcnkben erre keress\u00fck a v\u00e1laszt.\u00a0<\/p>\n\n\n\n<figure class=\"wp-block-image size-full\"><img loading=\"lazy\" width=\"749\" height=\"471\" src=\"https:\/\/www.manutan.hu\/blog\/wp-content\/uploads\/2024\/06\/munkahelyi-kert-kialakitasa.jpg\" alt=\"munkahelyi kert kialak\u00edt\u00e1sa paddal\" class=\"wp-image-3584\" srcset=\"https:\/\/www.manutan.hu\/blog\/wp-content\/uploads\/2024\/06\/munkahelyi-kert-kialakitasa.jpg 749w, https:\/\/www.manutan.hu\/blog\/wp-content\/uploads\/2024\/06\/munkahelyi-kert-kialakitasa-300x189.jpg 300w\" sizes=\"(max-width: 749px) 100vw, 749px\" \/><\/figure>\n\n\n\n<h2><strong>Milyen el\u0151ny\u00f6kkel j\u00e1r egy munkahelyi kert?<\/strong>&nbsp;<\/h2>\n\n\n\n<p>A munkahelyi kert sz\u00e1mos c\u00e9lt szolg\u00e1lhat a v\u00e1llalat sz\u00e1m\u00e1ra \u00e9s a dolgoz\u00f3k sz\u00e1m\u00e1ra egyar\u00e1nt. A z\u00f6ld fel\u00fcletek a munkav\u00e1llal\u00f3kra \u00e9s a mikrokl\u00edm\u00e1ra is pozit\u00edvan hatnak.&nbsp;<\/p>\n\n\n\n<ul><li><strong>Stresszcs\u00f6kkent\u00e9s \u00e9s j\u00f3ll\u00e9t n\u00f6vel\u00e9se: <\/strong>A z\u00f6ld k\u00f6rnyezetben val\u00f3 tart\u00f3zkod\u00e1s bizony\u00edtottan cs\u00f6kkenti a stresszt \u00e9s jav\u00edthatja a dolgoz\u00f3k ment\u00e1lis eg\u00e9szs\u00e9g\u00e9t \u00e9s j\u00f3ll\u00e9t\u00e9t.&nbsp;<\/li><li><strong>Jobb koncentr\u00e1ci\u00f3 \u00e9s teljes\u00edtm\u00e9ny:<\/strong> A szabad t\u00e9rben val\u00f3 tart\u00f3zkod\u00e1s seg\u00edthet n\u00f6velni a figyelmet \u00e9s a koncentr\u00e1ci\u00f3t, ami pedig jav\u00edthatja a munkateljes\u00edtm\u00e9nyt.&nbsp;<\/li><li><strong>Kreativit\u00e1s \u00e9s teljes\u00edtm\u00e9ny n\u00f6vel\u00e9se: <\/strong>A kertben val\u00f3 r\u00f6vid s\u00e9t\u00e1k vagy pihen\u00e9sek seg\u00edthetnek felfriss\u00fclni \u00e9s \u00faj lend\u00fcletet adni a munkav\u00e9gz\u00e9shez.&nbsp;<\/li><li><strong>Fizikai eg\u00e9szs\u00e9g: <\/strong>A friss leveg\u0151n val\u00f3 tart\u00f3zkod\u00e1s \u00e9s m\u00e1r a r\u00f6vid s\u00e9t\u00e1k is seg\u00edthet fenntartani vagy jav\u00edtani a fizikai eg\u00e9szs\u00e9get.&nbsp;<\/li><li><strong>Munkaer\u0151 megtart\u00e1sa \u00e9s vonz\u00e1sa:<\/strong> Egy vonz\u00f3 munkahelyi k\u00f6rnyezet kialak\u00edt\u00e1sa, amelyben van egy sz\u00e9p \u00e9s gondozott kert, seg\u00edthet a v\u00e1llalatnak megtartani \u00e9s vonzani a tehets\u00e9ges munkaer\u0151t.&nbsp;<\/li><li><strong>Cs\u00f6kkenti a v\u00e1rosi h\u0151sziget hat\u00e1s\u00e1t:<\/strong> A f\u00e1k \u00e9s a cserj\u00e9k \u00e1rny\u00e9kot adnak, a f\u0171 \u00e9s a l\u00e1gysz\u00e1r\u00fa n\u00f6v\u00e9nyek pedig h\u0171tik a talaj fel\u00fclet\u00e9t, illetve a leveleiken sok p\u00e1ra csap\u00f3dik le, amit a sz\u00e1rakon kereszt\u00fcl a talajba vezetnek el. Mindez drasztikusan k\u00e9pes cs\u00f6kkenteni a k\u00f6rnyezeti h\u0151m\u00e9rs\u00e9kletet a forr\u00f3 ny\u00e1ri napokon.&nbsp;&nbsp;<\/li><li><strong>Tiszt\u00edtj\u00e1k a leveg\u0151t:<\/strong> A n\u00f6v\u00e9nyek fotoszint\u00e9zise sor\u00e1n oxig\u00e9nt termelnek, \u00e9s sz\u00e1mos k\u00e1ros anyagot elnyelnek a leveg\u0151b\u0151l, \u00edgy jav\u00edtva a leveg\u0151min\u0151s\u00e9get.&nbsp;<\/li><li><strong>Zajcs\u00f6kkent\u00e9s: <\/strong>Az irodah\u00e1z k\u00f6r\u00e9 \u00fcltetett n\u00f6v\u00e9nyek a v\u00e1rosi zaj jelent\u0151s r\u00e9sz\u00e9t k\u00e9pesek tomp\u00edtani, \u00edgy a munkav\u00e1llal\u00f3k csendesebb k\u00f6rnyezetben dolgozhatnak.&nbsp;<\/li><\/ul>\n\n\n\n<h2><strong>K\u00fclt\u00e9ri k\u00f6z\u00f6ss\u00e9gi t\u00e9r a munkahelyen<\/strong>&nbsp;<\/h2>\n\n\n\n<p>A munkahelyi kert nemcsak egy egyszer\u0171 d\u00edsz\u00edt\u0151elem, hanem egy val\u00f3di k\u00f6z\u00f6ss\u00e9gi t\u00e9r is lehet a dolgoz\u00f3k sz\u00e1m\u00e1ra. Ez a t\u00e9r lehet\u0151s\u00e9get teremt arra, hogy a koll\u00e9g\u00e1k laz\u00edthassanak, felt\u00f6lt\u0151djenek \u00e9s ha el\u00e9g nagy a kert, akkor ak\u00e1r szabadid\u0151s tev\u00e9kenys\u00e9geket \u0171zzenek egy hossz\u00fa munkanap ut\u00e1n. A munkahelyi kert kialak\u00edt\u00e1sakor \u00e9rdemes t\u00f6bbf\u00e9le funkci\u00f3ban gondolkodni, mert \u00edgy lehet igaz\u00e1n soksz\u00edn\u0171en kihaszn\u00e1lni a teret.&nbsp;<\/p>\n\n\n\n<p><strong>Szabadt\u00e9ri \u00e9tkez\u00e9si \u00e9s grillterasz:<\/strong> A munkahelyi kert ide\u00e1lis helysz\u00edn lehet k\u00f6z\u00f6s eb\u00e9dekre a koll\u00e9g\u00e1kkal, vagy ak\u00e1r grillez\u00e9sre is. Megfelel\u0151 b\u00fatorokkal \u00e9s \u00e1rny\u00e9kol\u00e1ssal tavaszt\u00f3l \u0151szig egy kellemes k\u00fclt\u00e9ri \u00e9tkez\u0151v\u00e9 alak\u00edthat\u00f3 a kert egy szeglete.&nbsp;<\/p>\n\n\n\n<p><strong>Rendezv\u00e9nyek \u00e9s teambuilding programok: <\/strong>A kert alkalmas lehet rendezv\u00e9nyek, \u00f6sszej\u00f6vetelek vagy ak\u00e1r teambuilding programok szervez\u00e9s\u00e9re is. Az iroda n\u00e9gy fala k\u00f6z\u00fcl j\u00f3l esik n\u00e9ha kiszabadulni, r\u00e1ad\u00e1sul a z\u00f6ld k\u00f6rnyezet a kreativit\u00e1st is serkenti. Sok c\u00e9g az \u00fcgyf\u00e9ltal\u00e1lkoz\u00f3kat, VIP rendezv\u00e9nyeket is szabadt\u00e9rre szervezi, ami olyan n\u00e9pszer\u0171 programokra is lehet\u0151s\u00e9get ad, ami irod\u00e1n bel\u00fcl nem lenne megval\u00f3s\u00edthat\u00f3 (pl. food truck catering).&nbsp;&nbsp;<\/p>\n\n\n\n<h2><strong>A munkahelyi kert r\u00e9szei: hogyan tervezz\u00fcnk?<\/strong>&nbsp;<\/h2>\n\n\n\n<p>A munkahelyi kert lehet\u0151s\u00e9get teremt arra, hogy egy kis o\u00e1zist hozzunk l\u00e9tre a dolgoz\u00f3k sz\u00e1m\u00e1ra. A kert kialak\u00edt\u00e1sa sor\u00e1n \u00e9rdemes figyelembe venni a k\u00f6vetkez\u0151ket:&nbsp;<\/p>\n\n\n\n<p><strong>Vir\u00e1gok, f\u00e1k \u00e9s z\u00f6ldfel\u00fcletek:<\/strong> A n\u00f6v\u00e9nyek az irodai kert legfontosabb elemei. Ezek lehetnek vir\u00e1g\u00e1gy\u00e1sok, cserj\u00e9k, f\u00e1k vagy ak\u00e1r kis gyepfel\u00fcletek is. Fontos, hogy a n\u00f6v\u00e9nyek kiv\u00e1laszt\u00e1sa \u00e9s elhelyez\u00e9se harmoniz\u00e1ljon a k\u00f6rnyezettel \u00e9s t\u00e1mogassa a dolgoz\u00f3k pihen\u00e9s\u00e9t \u00e9s relax\u00e1ci\u00f3j\u00e1t. A fajtav\u00e1laszt\u00e1shoz \u00e9rdemes kert\u00e9sz seg\u00edts\u00e9g\u00e9t k\u00e9rni, aki fenntarthat\u00f3s\u00e1gi szempontb\u00f3l is hasznos tan\u00e1csokkal l\u00e1that el minket. \u00d6kol\u00f3giai szempontb\u00f3l a t\u00f6k\u00e9letesen ny\u00edrt z\u00f6ld p\u00e1zsit helyett ma m\u00e1r ink\u00e1bb a vad gyepet aj\u00e1nlj\u00e1k, ami sokkal kevesebb gondoz\u00e1st ig\u00e9nyel \u00e9s legnagyobb forr\u00f3s\u00e1got is b\u00edrja. Az egyny\u00e1ri vir\u00e1gok helyett ha \u00e9vel\u0151ket telep\u00edt\u00fcnk, akkor az \u00e9v minden szak\u00e1ban lesz olyan n\u00f6v\u00e9ny, ami a vir\u00e1gaival d\u00edsz\u00edt. Arr\u00f3l m\u00e1r nem is besz\u00e9lve, hogy az \u00e9vel\u0151k sokkal k\u00f6lts\u00e9gtakar\u00e9kosabbak, hiszen csak egyszer kell r\u00e1juk k\u00f6lteni.&nbsp;<\/p>\n\n\n\n<p><strong>\u00dcl\u0151helyek \u00e9s pihen\u0151z\u00f3n\u00e1k:<\/strong> K\u00e9nyelmes \u00fcl\u0151helyek kialak\u00edt\u00e1s\u00e1val seg\u00edthet\u00fcnk a dolgoz\u00f3knak kikapcsol\u00f3dni \u00e9s friss leveg\u0151n pihenni. Ehhez v\u00e1laszthatunk utcab\u00fatorokat, piknikasztalokat de ak\u00e1r&nbsp; rattan \u00fcl\u0151garnit\u00far\u00e1kat is.&nbsp;<\/p>\n\n\n\n<p><strong>Kerti t\u00f3 \u00e9s iv\u00f3k\u00fat:<\/strong> M\u00e1r egy eg\u00e9szen kicsi, 1 m<sup>2<\/sup> fel\u00fclet\u0171 vizes \u00e9l\u0151hely is sokat jelent a mikrokl\u00edma jav\u00edt\u00e1sa \u00e9s a biodiverzit\u00e1s fokoz\u00e1sa szempontj\u00e1b\u00f3l. Ha van r\u00e1 lehet\u0151s\u00e9g, \u00e9rdemes egy kis kerti tavat is tervezni az iroda kertj\u00e9be. Egy iv\u00f3k\u00fat pedig plusz vizu\u00e1lis \u00e9s hangulati elemet k\u00f6lcs\u00f6n\u00f6z a kertnek.&nbsp;<\/p>\n\n\n\n<p><strong>S\u00e9ta\u00fatvonalak \u00e9s edz\u00e9si lehet\u0151s\u00e9g: <\/strong>A munkahelyi kertbe vezet\u0151 s\u00e9ta\u00fatvonal lehet\u0151s\u00e9get ad a dolgoz\u00f3knak a testmozg\u00e1sra \u00e9s az eg\u00e9szs\u00e9ges \u00e9letm\u00f3d fenntart\u00e1s\u00e1ra. N\u00e9h\u00e1ny k\u00fclt\u00e9ri fitnesz eszk\u00f6z elhelyez\u00e9s\u00e9vel pedig ak\u00e1r a reggeli vagy a munka ut\u00e1ni edz\u00e9s is letudhat\u00f3 az iroda kertj\u00e9ben.&nbsp;<\/p>\n\n\n\n<p><strong>Meg\u00fajul\u00f3 energiaforr\u00e1sok haszn\u00e1lata: <\/strong>A kertben tal\u00e1lhat\u00f3 j\u00e1rd\u00e1kat, ker\u00e9kp\u00e1rt\u00e1rol\u00f3kat \u00e9s pihen\u0151helyeket \u00e9rdemes megvil\u00e1g\u00edtani, amihez ma m\u00e1r sz\u00e1mos napenergi\u00e1val m\u0171k\u00f6d\u0151 f\u00e9nyforr\u00e1st haszn\u00e1lhatunk. R\u00e9szes\u00edts\u00fck el\u0151nyben ezeket, amivel egyben j\u00f3 p\u00e9ld\u00e1t is mutatunk.&nbsp;<\/p>\n\n\n\n<p><strong>K\u00fclt\u00e9ri kuk\u00e1k \u00e9s komposzt\u00e1l\u00f3k:<\/strong> K\u00fclt\u00e9ri hullad\u00e9kgy\u0171jt\u0151t minden olyan helyre \u00e9rdemes tervezni, ahol a munkav\u00e1llal\u00f3k megpihenhetnek. Ilyenek a kijel\u00f6lt doh\u00e1nyz\u00f3helyek, a padok k\u00f6rny\u00e9ke, a terasz, az \u00e9tkez\u00e9sre sz\u00e1nt helyek. A kert \u00e9szaki fekv\u00e9s\u0171, t\u00e1volabbi pontj\u00e1ra pedig telep\u00edts\u00fcnk kerti komposzt\u00e1l\u00f3t, amivel nemcsak az irodah\u00e1zban keletkez\u0151 hullad\u00e9kot cs\u00f6kkenthetj\u00fck, hanem magunk \u00e1ll\u00edthatjuk el\u0151 a kertben tal\u00e1lhat\u00f3 n\u00f6v\u00e9nyek sz\u00e1m\u00e1ra a t\u00e1panyag ut\u00e1np\u00f3tl\u00e1st jelent\u0151 humuszt is. A komposzt\u00e1l\u00f3ba ker\u00fclhet a k\u00e1v\u00e9zacc, a teafilter, a gy\u00fcm\u00f6lcs\u00f6k h\u00e9ja \u00e9s a kerti z\u00f6ldhullad\u00e9k is. Ez ut\u00f3bbit egy\u00e9bk\u00e9nt az \u00f6kol\u00f3gusok nem sz\u00edvesen illetik a \u201ehullad\u00e9k\u201d sz\u00f3val, hanem z\u00f6ld javakk\u00e9nt tekintenek r\u00e1, amit k\u00e1r veszi hagyni.&nbsp;<\/p>\n\n\n\n<h2><strong>Amire az irodai kert berendez\u00e9sekor sz\u00fcks\u00e9g\u00fcnk lehet<\/strong>&nbsp;<\/h2>\n\n\n\n<ul><li>Utcab\u00fatorok, <a href=\"https:\/\/www.manutan.hu\/hu\/mhu\/piknik-asztalok-gmc01229\" target=\"_blank\" rel=\"noreferrer noopener\">piknikasztalok<\/a> \u00e9s padok, vagy k\u00fclt\u00e9ri haszn\u00e1latra sz\u00e1nt \u00fcl\u0151b\u00fatorok&nbsp;<\/li><li><a href=\"https:\/\/www.manutan.hu\/hu\/mhu\/kulteri-szemetes-kosar\" target=\"_blank\" rel=\"noreferrer noopener\">K\u00fclt\u00e9ri hullad\u00e9kgy\u0171jt\u0151k<\/a> (kommun\u00e1lis \u00e9s szelekt\u00edv hullad\u00e9kra egyar\u00e1nt)&nbsp;<\/li><li><a href=\"https:\/\/www.manutan.hu\/hu\/mhu\/komposztalok\" target=\"_blank\" rel=\"noreferrer noopener\">Kerti komposzt<\/a><a href=\"https:\/\/www.manutan.hu\/hu\/mhu\/komposztalok\" target=\"_blank\" rel=\"noreferrer noopener\">\u00e1l\u00f3<\/a>&nbsp;<\/li><li><a href=\"https:\/\/www.manutan.hu\/hu\/mhu\/hamutartok-es-hamutartos-hulladekgyujtok\" target=\"_blank\" rel=\"noreferrer noopener\">Hamutart\u00f3k,<\/a> vagy hamutart\u00f3val kombin\u00e1lt kuk\u00e1k&nbsp;<\/li><li>Kerti f\u00e9nyforr\u00e1sok (ha lehet, napelemes l\u00e1mp\u00e1kat v\u00e1lasszunk)&nbsp;<\/li><li><a href=\"https:\/\/www.manutan.hu\/hu\/mhu\/ladak-es-zoldsegeskert\" target=\"_blank\" rel=\"noreferrer noopener\">Vir\u00e1gl\u00e1d\u00e1k \u00e9s d\u00e9zs\u00e1k,<\/a> ha nincs el\u00e9g szabad fel\u00fclet\u00fcnk az \u00fcltet\u00e9shez&nbsp;<\/li><li><a href=\"https:\/\/www.manutan.hu\/hu\/mhu\/kert-kerti-eszkozok\" target=\"_blank\" rel=\"noreferrer noopener\">Kerti szersz\u00e1mok<\/a> a n\u00f6v\u00e9nyek gondoz\u00e1s\u00e1hoz&nbsp;<\/li><\/ul>\n\n\n\n<p>A munkahelyi kert kialak\u00edt\u00e1sa nemcsak eszt\u00e9tikai szempontb\u00f3l fontos, hanem sz\u00e1mos el\u0151nnyel j\u00e1r mind a v\u00e1llalat, mind pedig a dolgoz\u00f3k sz\u00e1m\u00e1ra. A z\u00f6ld k\u00f6rnyezetben val\u00f3 tart\u00f3zkod\u00e1s pozit\u00edv hat\u00e1ssal van az emberek ment\u00e1lis \u00e9s fizikai eg\u00e9szs\u00e9g\u00e9re, mik\u00f6zben seg\u00edt jav\u00edtani a mikrokl\u00edm\u00e1t \u00e9s cs\u00f6kkenteni a v\u00e1rosi h\u0151sziget hat\u00e1s\u00e1t. A munkahelyi kertek kialak\u00edt\u00e1s\u00e1t tekinthetj\u00fck olyan befektet\u00e9snek, amelynek hossz\u00fa t\u00e1v\u00fa el\u0151nyei vannak a munkav\u00e1llal\u00f3k \u00e9s a k\u00f6rnyezet sz\u00e1m\u00e1ra egyar\u00e1nt.&nbsp;<\/p>\n","protected":false},"excerpt":{"rendered":"<p>A c\u00e9gek egyre t\u00f6bb figyelmet ford\u00edtanak az olyan kezdem\u00e9nyez\u00e9sekre, amelyek jav\u00edtj\u00e1k a munkak\u00f6r\u00fclm\u00e9nyeket \u00e9s n\u00f6velik a dolgoz\u00f3k j\u00f3ll\u00e9t\u00e9t. Az egyik ilyen kezdem\u00e9nyez\u00e9s a munkahelyi kertek \u00e9s a k\u00fclt\u00e9ri k\u00f6z\u00f6ss\u00e9gi terek kialak\u00edt\u00e1sa, amelyeknek nem csup\u00e1n eszt\u00e9tikai \u00e9rt\u00e9k\u00fck van, hanem sz\u00e1mos m\u00e1s el\u0151nnyel is j\u00e1rnak. De mi\u00e9rt is \u00e9rdemes a munkahely szerves r\u00e9szek\u00e9nt tekinteni az irodai kertre? [&hellip;]<\/p>\n","protected":false},"author":3,"featured_media":3584,"comment_status":"closed","ping_status":"closed","sticky":false,"template":"","format":"standard","meta":[],"categories":[522],"tags":[],"jetpack_featured_media_url":"https:\/\/www.manutan.hu\/blog\/wp-content\/uploads\/2024\/06\/munkahelyi-kert-kialakitasa.jpg","_links":{"self":[{"href":"https:\/\/www.manutan.hu\/blog\/wp-json\/wp\/v2\/posts\/3568"}],"collection":[{"href":"https:\/\/www.manutan.hu\/blog\/wp-json\/wp\/v2\/posts"}],"about":[{"href":"https:\/\/www.manutan.hu\/blog\/wp-json\/wp\/v2\/types\/post"}],"author":[{"embeddable":true,"href":"https:\/\/www.manutan.hu\/blog\/wp-json\/wp\/v2\/users\/3"}],"replies":[{"embeddable":true,"href":"https:\/\/www.manutan.hu\/blog\/wp-json\/wp\/v2\/comments?post=3568"}],"version-history":[{"count":2,"href":"https:\/\/www.manutan.hu\/blog\/wp-json\/wp\/v2\/posts\/3568\/revisions"}],"predecessor-version":[{"id":3585,"href":"https:\/\/www.manutan.hu\/blog\/wp-json\/wp\/v2\/posts\/3568\/revisions\/3585"}],"wp:featuredmedia":[{"embeddable":true,"href":"https:\/\/www.manutan.hu\/blog\/wp-json\/wp\/v2\/media\/3584"}],"wp:attachment":[{"href":"https:\/\/www.manutan.hu\/blog\/wp-json\/wp\/v2\/media?parent=3568"}],"wp:term":[{"taxonomy":"category","embeddable":true,"href":"https:\/\/www.manutan.hu\/blog\/wp-json\/wp\/v2\/categories?post=3568"},{"taxonomy":"post_tag","embeddable":true,"href":"https:\/\/www.manutan.hu\/blog\/wp-json\/wp\/v2\/tags?post=3568"}],"curies":[{"name":"wp","href":"https:\/\/api.w.org\/{rel}","templated":true}]}}