{"id":3564,"date":"2024-06-04T14:32:03","date_gmt":"2024-06-04T12:32:03","guid":{"rendered":"https:\/\/www.manutan.hu\/blog\/?p=3564"},"modified":"2025-04-16T13:33:51","modified_gmt":"2025-04-16T11:33:51","slug":"coworking-irodak-elonyei-es-hatranyai","status":"publish","type":"post","link":"https:\/\/www.manutan.hu\/blog\/coworking-irodak-elonyei-es-hatranyai\/","title":{"rendered":"A coworking irod\u00e1k el\u0151nyei \u00e9s h\u00e1tr\u00e1nyai"},"content":{"rendered":"\n<p>A modern munkahelyek dinamikusan v\u00e1ltoznak, \u00e9s egyre ink\u00e1bb elterjednek az alternat\u00edv munkav\u00e9gz\u00e9si lehet\u0151s\u00e9gek, mint p\u00e9ld\u00e1ul a home office, a t\u00e1vmunka vagy a k\u00f6z\u00f6ss\u00e9gi irod\u00e1kban val\u00f3 munkav\u00e9gz\u00e9s, az \u00fan. coworking terek. Ezek a k\u00f6z\u00f6ss\u00e9gi irod\u00e1k, mint nev\u00fck is sugallja, olyan munkater\u00fcletek, ahol k\u00fcl\u00f6nb\u00f6z\u0151 v\u00e1llalkoz\u00e1sok \u00e9s szabad\u00fasz\u00f3k osztoznak egy k\u00f6z\u00f6s munkater\u00fcleten \u00e9s er\u0151forr\u00e1sokon. Milyen el\u0151nyei \u00e9s h\u00e1tr\u00e1nyai vannak a coworking irod\u00e1knak? Mikor \u00e9rdemes \u00e9s mikor nem \u00e9rdemes ezt a munkav\u00e9gz\u00e9si form\u00e1t v\u00e1lasztani? Ezekre keress\u00fck a v\u00e1laszt cikk\u00fcnkben.<\/p>\n\n\n\n<figure class=\"wp-block-image size-full\"><img loading=\"lazy\" width=\"825\" height=\"445\" src=\"https:\/\/www.manutan.hu\/blog\/wp-content\/uploads\/2024\/06\/coworking-iroda-elonyei-hatranyai.jpg\" alt=\"a coworking iroda el\u0151nye a sok t\u00e9r\" class=\"wp-image-3580\" srcset=\"https:\/\/www.manutan.hu\/blog\/wp-content\/uploads\/2024\/06\/coworking-iroda-elonyei-hatranyai.jpg 825w, https:\/\/www.manutan.hu\/blog\/wp-content\/uploads\/2024\/06\/coworking-iroda-elonyei-hatranyai-300x162.jpg 300w, https:\/\/www.manutan.hu\/blog\/wp-content\/uploads\/2024\/06\/coworking-iroda-elonyei-hatranyai-768x414.jpg 768w\" sizes=\"(max-width: 825px) 100vw, 825px\" \/><\/figure>\n\n\n\n<h2><strong>Mi az a k\u00f6z\u00f6ss\u00e9gi iroda?<\/strong>&nbsp;<\/h2>\n\n\n\n<p>A k\u00f6z\u00f6ss\u00e9gi irod\u00e1k vagy coworking terek olyan rugalmas munkater\u00fcletek, amelyeket k\u00fcl\u00f6nb\u00f6z\u0151 c\u00e9gek \u00e9s szabad\u00fasz\u00f3k b\u00e9relnek vagy haszn\u00e1lnak k\u00f6z\u00f6sen. A coworking irod\u00e1k \u00e1ltal\u00e1ban teljes k\u00f6r\u0171 szolg\u00e1ltat\u00e1st ny\u00fajtanak a b\u00e9rl\u0151k sz\u00e1m\u00e1ra:&nbsp;<\/p>\n\n\n\n<ul><li>ergonomikus munka\u00e1llom\u00e1sok modern \u00edr\u00f3asztalokkal \u00e9s sz\u00e9kekkel (valljuk be, home office eset\u00e9n ezek sokszor hi\u00e1nyoznak),&nbsp;<\/li><li>a munkahelyi j\u00f3ll\u00e9tet t\u00e1mogat\u00f3 felszerel\u00e9sek (pl. asztali l\u00e1mpa, zajcs\u00f6kkent\u0151 parav\u00e1nok, z\u00f6ld n\u00f6v\u00e9nyek), amelyek kellemes atmoszf\u00e9r\u00e1t teremtenek,&nbsp;<\/li><li>wi-fi hozz\u00e1f\u00e9r\u00e9s,&nbsp;<\/li><li>konferenciatermek \u00e9s meetingszob\u00e1k teljes technikai felszerelts\u00e9ggel (pl. projektor, flipchart, whiteboard),&nbsp;<\/li><li>pihen\u0151sarkok k\u00e9nyelmes \u00fcl\u0151b\u00fatorokkal \u00e9s relax\u00e1ci\u00f3ra lehet\u0151s\u00e9get ad\u00f3 felszerel\u00e9sekkel,&nbsp;<\/li><li>teakonyha, k\u00e1v\u00e9z\u00f3, \u00e9tterem vagy b\u00fcf\u00e9,&nbsp;<\/li><li>csomagmeg\u0151rz\u0151 szekr\u00e9nyek \u00e9s ruhat\u00e1r,&nbsp;<\/li><li>ak\u00e1r \u00f6lt\u00f6z\u0151 \u00e9s zuhanyz\u00e1si lehet\u0151s\u00e9g,&nbsp;<\/li><li>k\u00fcls\u0151 parkol\u00f3 az aut\u00f3val \u00e9s ker\u00e9kp\u00e1rral k\u00f6zleked\u0151knek,&nbsp;<\/li><li>sz\u00e1mos esetben 24 \u00f3r\u00e1s portaszolg\u00e1lat \u00e9s karbantart\u00f3 szem\u00e9lyzet.&nbsp;<\/li><\/ul>\n\n\n\n<p>T\u00f6bb k\u00f6z\u00f6ss\u00e9gi iroda ny\u00fajt ezeken fel\u00fcl valamilyen tags\u00e1gi lehet\u0151s\u00e9get, amelynek keret\u00e9ben az elk\u00f6telez\u0151d\u00e9st b\u00e9rleti kedvezm\u00e9nnyel honor\u00e1lj\u00e1k, esetleg dedik\u00e1lt hely b\u00e9rl\u00e9s\u00e9t teszik el\u00e9rhet\u0151v\u00e9. De a sz\u00e9khelyszolg\u00e1ltat\u00e1s, a priv\u00e1t iroda \u00e9s a workshop helysz\u00edn b\u00e9rl\u00e9s is gyakran jelenik meg extra szolg\u00e1ltat\u00e1sk\u00e9nt, amelyekkel igyekeznek lefedni minden felmer\u00fcl\u0151 \u00fczleti ig\u00e9nyt.&nbsp;<\/p>\n\n\n\n<p>A coworking irod\u00e1k \u00e1ltal\u00e1ban meghat\u00e1roznak egy fix nyitvatart\u00e1si id\u0151t (pl. 8-20 \u00f3ra k\u00f6z\u00f6tt), de a tags\u00e1ggal rendelkez\u0151 b\u00e9rl\u0151k sz\u00e1m\u00e1ra ezt az id\u0151t gyakran kib\u0151v\u00edtik, akik \u00edgy ak\u00e1r h\u00e9tv\u00e9g\u00e9n vagy munkasz\u00fcneti napokon is ig\u00e9nybe vehetik a k\u00f6z\u00f6ss\u00e9gi iroda szolg\u00e1ltat\u00e1sait. Ez k\u00fcl\u00f6n\u00f6sen azok sz\u00e1m\u00e1ra el\u0151ny\u00f6s, akik tengerent\u00fali \u00fcgyfelekkel dolgoznak, ahol az id\u0151eltol\u00f3d\u00e1s \u00e9s az elt\u00e9r\u0151 \u00fcnnepnapok eg\u00e9szen m\u00e1s munkaritmust k\u00edv\u00e1nnak.&nbsp;<\/p>\n\n\n\n<p>A coworking irod\u00e1k elterjed\u00e9se az elm\u00falt \u00e9vekben l\u00e1tv\u00e1nyos n\u00f6veked\u00e9st mutatott vil\u00e1gszerte, k\u00fcl\u00f6n\u00f6sen a digit\u00e1lis technol\u00f3gia \u00e9s az internet terjed\u00e9s\u00e9vel. A v\u00e1rosi ter\u00fcletek, k\u00fcl\u00f6n\u00f6sen az \u00fczleti k\u00f6zpontok \u00e9s startup f\u00f3kusz\u00fa v\u00e1rosok, gyakran adnak otthont ezeknek az irod\u00e1knak, ahol a v\u00e1llalkoz\u00e1sok \u00e9s a kreat\u00edv ipar\u00e1gak jelent\u0151s sz\u00e1mban tal\u00e1lhat\u00f3k. Magyarorsz\u00e1gon a k\u00f6z\u00f6ss\u00e9gi irod\u00e1k megjelen\u00e9se k\u00f6zel k\u00f6vette a glob\u00e1lis trendeket. Az elm\u00falt t\u00edz \u00e9vben t\u00f6bb ilyen iroda is ny\u00edlt Budapesten \u00e9s m\u00e1s nagyv\u00e1rosokban, v\u00e1laszul az egyre n\u00f6vekv\u0151 ig\u00e9nyekre a rugalmas munkav\u00e9gz\u00e9s \u00e9s az \u00fczleti k\u00f6z\u00f6ss\u00e9gi t\u00e9r ir\u00e1nt.&nbsp;<\/p>\n\n\n\n<h2><strong>Milyen munkak\u00f6r\u00f6k eset\u00e9n aj\u00e1nlott k\u00f6z\u00f6ss\u00e9gi irod\u00e1ban dolgozni?<\/strong>&nbsp;<\/h2>\n\n\n\n<p>A coworking irod\u00e1k ide\u00e1lisak olyan munkav\u00e1llal\u00f3k \u00e9s v\u00e1llalkoz\u00e1sok sz\u00e1m\u00e1ra, akiknek rugalmas munkav\u00e9gz\u00e9si lehet\u0151s\u00e9gre van sz\u00fcks\u00e9g\u00fck, \u00e9s akik szeretn\u00e9k kihaszn\u00e1lni az \u00fczleti k\u00f6z\u00f6ss\u00e9gi t\u00e9r el\u0151nyeit. K\u00fcl\u00f6n\u00f6sen alkalmasak szabad\u00fasz\u00f3k, kisv\u00e1llalkoz\u00f3k, startupok \u00e9s digit\u00e1lis nom\u00e1dok sz\u00e1m\u00e1ra, akiknek v\u00e1ltoz\u00f3 munkarendj\u00fck van \u00e9s szeretn\u00e9nek inspir\u00e1ci\u00f3t mer\u00edteni m\u00e1s v\u00e1llalkoz\u00f3kt\u00f3l. Nem v\u00e9letlen, hogy a programoz\u00f3k, az egy\u00e9b IT szakemberek, a kreat\u00edv ter\u00fcleteken dolgoz\u00f3k \u00e9s az \u00fczleti szolg\u00e1ltat\u00e1sok ny\u00fajt\u00f3k k\u00f6r\u00e9ben a legn\u00e9pszer\u0171bbek a k\u00f6z\u00f6ss\u00e9gi irod\u00e1k.&nbsp;<\/p>\n\n\n\n<p>Szint\u00e9n j\u00f3 v\u00e1laszt\u00e1s azok sz\u00e1m\u00e1ra, akiknek rugalmas a munkarendj\u00fck, de \u00fagy \u00e9rzik, hogy otthoni k\u00f6r\u00fclm\u00e9nyek k\u00f6z\u00f6tt nem tudnak kell\u0151k\u00e9ppen f\u00f3kusz\u00e1lni (pl. kisgyermek\u00fck van), vagy akik szeretn\u00e9k tudatosan sz\u00e9tv\u00e1lasztani a munk\u00e1t \u00e9s a mag\u00e1n\u00e9letet \u00e9s ezt a sz\u00f3 legszorosabb \u00e9rtelm\u00e9ben, t\u00e9rben \u00e9s fizikailag is szeretn\u00e9k megval\u00f3s\u00edtani.&nbsp;<\/p>\n\n\n\n<p>Indul\u00f3 kisebb c\u00e9gek sz\u00e1m\u00e1ra szint\u00e9n el\u0151ny\u00f6s egy k\u00f6z\u00f6ss\u00e9gi iroda, hiszen 2-5 f\u0151 sz\u00e1m\u00e1ra k\u00f6lts\u00e9ghat\u00e9konyabb megold\u00e1st jelenthet, mint a fix iroda b\u00e9rl\u00e9se, k\u00fcl\u00f6n\u00f6sen akkor, ha a tagok hetente csak 1-2 napot dolgoznak egy\u00fctt, a t\u00f6bbi napon pedig home office-ban vannak.&nbsp;<\/p>\n\n\n\n<h2><strong>Mikor nem aj\u00e1nlott a coworking?<\/strong>&nbsp;<\/h2>\n\n\n\n<p>B\u00e1r a coworking irod\u00e1k sz\u00e1mos el\u0151nnyel j\u00e1rnak, nem mindenki sz\u00e1m\u00e1ra ide\u00e1lisak. Nagyobb v\u00e1llalatoknak, amelyek sz\u00e1m\u00e1ra fontos a teljes k\u00f6r\u0171 biztons\u00e1g \u00e9s az egyedi irodai k\u00f6rnyezet, lehet, hogy nem megfelel\u0151 megold\u00e1st ny\u00fajtanak ezek a k\u00f6z\u00f6ss\u00e9gi terek. A nagy eszk\u00f6zig\u00e9nnyel vagy sok iratanyaggal j\u00e1r\u00f3 v\u00e1llalkoz\u00e1sok sz\u00e1m\u00e1ra szint\u00e9n nem ide\u00e1lis, mivel a k\u00f6z\u00f6ss\u00e9gi irod\u00e1k a laptop, telefon, \u00edr\u00f3asztal koncepci\u00f3ra \u00e9p\u00fclnek. Emellett olyan munkav\u00e1llal\u00f3knak, szabad\u00fasz\u00f3knak sem aj\u00e1nlott, akiknek sz\u00fcks\u00e9g\u00fck van a csendre \u00e9s a mag\u00e1n\u00e9letre a munkav\u00e9gz\u00e9shez. Sz\u00e1mukra zavar\u00f3 lehet a nyitott irodai k\u00f6rnyezet.&nbsp;<\/p>\n\n\n\n<h2><strong>Milyen el\u0151nyei vannak \u00e9s mik a h\u00e1tr\u00e1nyai, ha coworking irod\u00e1ban dolgozunk?<\/strong>\u00a0<\/h2>\n\n\n\n<h3><strong>El\u0151ny\u00f6k:<\/strong>&nbsp;<\/h3>\n\n\n\n<ul><li>Rugalmas munkav\u00e9gz\u00e9si lehet\u0151s\u00e9g&nbsp;<\/li><li>\u00dczleti k\u00f6z\u00f6ss\u00e9g \u00e9s h\u00e1l\u00f3zat\u00e9p\u00edt\u00e9s lehet\u0151s\u00e9ge&nbsp;<\/li><\/ul>\n\n\n\n<ul><li>Inspir\u00e1l\u00f3 k\u00f6rnyezet&nbsp;<\/li><li>Ergonomikus irodab\u00fatorok&nbsp;<\/li><li>Teljes k\u00f6r\u0171, modern infrastrukt\u00fara&nbsp;<\/li><li>\u00c1ltal\u00e1ban kiv\u00e1l\u00f3 megk\u00f6zel\u00edthet\u0151s\u00e9g aut\u00f3val \u00e9s k\u00f6z\u00f6ss\u00e9gi k\u00f6zleked\u00e9ssel egyar\u00e1nt&nbsp;<\/li><li>K\u00f6lts\u00e9ghat\u00e9kony megold\u00e1s a hagyom\u00e1nyos irodab\u00e9rl\u00e9shez k\u00e9pest (ak\u00e1r egy \u00f3r\u00e1ra is lehet b\u00e9relni)&nbsp;<\/li><\/ul>\n\n\n\n<h3><strong>H\u00e1tr\u00e1nyok:<\/strong>&nbsp;<\/h3>\n\n\n\n<ul><li>Zavar\u00f3 zajszint&nbsp;<\/li><li>Hi\u00e1nyz\u00f3 mag\u00e1n\u00e9let \u00e9s intim t\u00e9r&nbsp;<\/li><li>Korl\u00e1tozott szabads\u00e1g \u00e9s kontroll (az irodahaszn\u00e1lat szab\u00e1lyair\u00f3l, a felszerel\u00e9sekr\u0151l \u00e9s a szolg\u00e1ltat\u00e1sokr\u00f3l az \u00fczemeltet\u0151 d\u00f6nt)&nbsp;<\/li><li>Kev\u00e9sb\u00e9 kisz\u00e1m\u00edthat\u00f3 (a legt\u00f6bb helyen a munka\u00e1llom\u00e1sok csak el\u0151zetes foglal\u00e1s ut\u00e1n vehet\u0151k ig\u00e9nybe)&nbsp;<\/li><\/ul>\n\n\n\n<p>A k\u00f6z\u00f6ss\u00e9gi irod\u00e1k egyre n\u00e9pszer\u0171bb\u00e9 v\u00e1lnak, k\u00fcl\u00f6n\u00f6sen a fiatalok k\u00f6r\u00e9ben. A coworking irod\u00e1k&nbsp; sz\u00e1mos el\u0151nnyel j\u00e1rnak a rugalmas munkav\u00e9gz\u00e9s \u00e9s az \u00fczleti k\u00f6z\u00f6ss\u00e9g el\u0151seg\u00edt\u00e9se ter\u00e9n, azonban fontos m\u00e9rlegelni minden szempontot (pl. egy\u00e9ni munkast\u00edlus, szem\u00e9lyes preferenci\u00e1k, lok\u00e1ci\u00f3)&nbsp; annak \u00e9rdek\u00e9ben, hogy eld\u00f6nts\u00fck, ezek a k\u00f6z\u00f6ss\u00e9gi terek ide\u00e1lisak-e az adott munkav\u00e9gz\u00e9shez.&nbsp;&nbsp;<\/p>\n","protected":false},"excerpt":{"rendered":"<p>A modern munkahelyek dinamikusan v\u00e1ltoznak, \u00e9s egyre ink\u00e1bb elterjednek az alternat\u00edv munkav\u00e9gz\u00e9si lehet\u0151s\u00e9gek, mint p\u00e9ld\u00e1ul a home office, a t\u00e1vmunka vagy a k\u00f6z\u00f6ss\u00e9gi irod\u00e1kban val\u00f3 munkav\u00e9gz\u00e9s, az \u00fan. coworking terek. Ezek a k\u00f6z\u00f6ss\u00e9gi irod\u00e1k, mint nev\u00fck is sugallja, olyan munkater\u00fcletek, ahol k\u00fcl\u00f6nb\u00f6z\u0151 v\u00e1llalkoz\u00e1sok \u00e9s szabad\u00fasz\u00f3k osztoznak egy k\u00f6z\u00f6s munkater\u00fcleten \u00e9s er\u0151forr\u00e1sokon. Milyen el\u0151nyei \u00e9s h\u00e1tr\u00e1nyai [&hellip;]<\/p>\n","protected":false},"author":3,"featured_media":3580,"comment_status":"closed","ping_status":"closed","sticky":false,"template":"","format":"standard","meta":[],"categories":[527],"tags":[],"jetpack_featured_media_url":"https:\/\/www.manutan.hu\/blog\/wp-content\/uploads\/2024\/06\/coworking-iroda-elonyei-hatranyai.jpg","_links":{"self":[{"href":"https:\/\/www.manutan.hu\/blog\/wp-json\/wp\/v2\/posts\/3564"}],"collection":[{"href":"https:\/\/www.manutan.hu\/blog\/wp-json\/wp\/v2\/posts"}],"about":[{"href":"https:\/\/www.manutan.hu\/blog\/wp-json\/wp\/v2\/types\/post"}],"author":[{"embeddable":true,"href":"https:\/\/www.manutan.hu\/blog\/wp-json\/wp\/v2\/users\/3"}],"replies":[{"embeddable":true,"href":"https:\/\/www.manutan.hu\/blog\/wp-json\/wp\/v2\/comments?post=3564"}],"version-history":[{"count":2,"href":"https:\/\/www.manutan.hu\/blog\/wp-json\/wp\/v2\/posts\/3564\/revisions"}],"predecessor-version":[{"id":3581,"href":"https:\/\/www.manutan.hu\/blog\/wp-json\/wp\/v2\/posts\/3564\/revisions\/3581"}],"wp:featuredmedia":[{"embeddable":true,"href":"https:\/\/www.manutan.hu\/blog\/wp-json\/wp\/v2\/media\/3580"}],"wp:attachment":[{"href":"https:\/\/www.manutan.hu\/blog\/wp-json\/wp\/v2\/media?parent=3564"}],"wp:term":[{"taxonomy":"category","embeddable":true,"href":"https:\/\/www.manutan.hu\/blog\/wp-json\/wp\/v2\/categories?post=3564"},{"taxonomy":"post_tag","embeddable":true,"href":"https:\/\/www.manutan.hu\/blog\/wp-json\/wp\/v2\/tags?post=3564"}],"curies":[{"name":"wp","href":"https:\/\/api.w.org\/{rel}","templated":true}]}}