{"id":3562,"date":"2024-06-04T14:30:34","date_gmt":"2024-06-04T12:30:34","guid":{"rendered":"https:\/\/www.manutan.hu\/blog\/?p=3562"},"modified":"2025-04-16T13:34:43","modified_gmt":"2025-04-16T11:34:43","slug":"szervezeti-kommunikacio","status":"publish","type":"post","link":"https:\/\/www.manutan.hu\/blog\/szervezeti-kommunikacio\/","title":{"rendered":"A szervezeti kommunik\u00e1ci\u00f3 fejleszt\u00e9se"},"content":{"rendered":"\n<p>Egy c\u00e9g kommunik\u00e1ci\u00f3s k\u00e9pess\u00e9ge kulcsfontoss\u00e1g\u00fa az eredm\u00e9nyess\u00e9ge szempontj\u00e1b\u00f3l. Min\u00e9l hat\u00e9konyabban kommunik\u00e1l ugyanis egy v\u00e1llalat, ann\u00e1l hat\u00e9konyabban k\u00e9pes el\u00e9rni az \u00fczleti c\u00e9ljait. Ez a k\u00e9pess\u00e9g egyr\u00e9szt fejleszthet\u0151, m\u00e1sr\u00e9szt sz\u00e1mos egyszer\u0171 eszk\u00f6zzel t\u00e1mogathat\u00f3 is az\u00a0 inform\u00e1ci\u00f3k megfelel\u0151 \u00e1raml\u00e1sa. Cikk\u00fcnkben igyeksz\u00fcnk k\u00f6rbej\u00e1rni, hogyan lehet t\u00e1mogatni a hat\u00e9kony bels\u0151 szervezeti kommunik\u00e1ci\u00f3t megfelel\u0151 irodakialak\u00edt\u00e1si m\u00f3dszerekkel \u00e9s felszerel\u00e9sekkel.\u00a0<\/p>\n\n\n\n<figure class=\"wp-block-image size-full\"><img loading=\"lazy\" width=\"826\" height=\"542\" src=\"https:\/\/www.manutan.hu\/blog\/wp-content\/uploads\/2024\/06\/szervezeti-kommunikacio.jpg\" alt=\"szervezeti-kommunikacio\" class=\"wp-image-3578\" srcset=\"https:\/\/www.manutan.hu\/blog\/wp-content\/uploads\/2024\/06\/szervezeti-kommunikacio.jpg 826w, https:\/\/www.manutan.hu\/blog\/wp-content\/uploads\/2024\/06\/szervezeti-kommunikacio-300x197.jpg 300w, https:\/\/www.manutan.hu\/blog\/wp-content\/uploads\/2024\/06\/szervezeti-kommunikacio-768x504.jpg 768w\" sizes=\"(max-width: 826px) 100vw, 826px\" \/><\/figure>\n\n\n\n<h2><strong>Mi\u00e9rt fontos a hat\u00e9kony szervezeti kommunik\u00e1ci\u00f3?<\/strong>&nbsp;<\/h2>\n\n\n\n<p>A szervezeti kommunik\u00e1ci\u00f3ban megk\u00fcl\u00f6nb\u00f6ztethet\u00fcnk k\u00fcls\u0151, \u00e9s bels\u0151 kommunik\u00e1ci\u00f3s csatorn\u00e1kat. M\u00edg a k\u00fcls\u0151 csatorn\u00e1kon kereszt\u00fcl az \u00fczletfelekkel, az \u00fcgyfelekkel, a helyi k\u00f6z\u00f6ss\u00e9gekkel \u00e9s a korm\u00e1nyzati szervekkel kommunik\u00e1lnak a c\u00e9gek, addig a bels\u0151 kommunik\u00e1ci\u00f3 a v\u00e1llalaton bel\u00fcli inform\u00e1ci\u00f3 \u00e1raml\u00e1st jelenti, amibe a feladatok deleg\u00e1l\u00e1s\u00e1t\u00f3l a tud\u00e1smegoszt\u00e1son \u00e1t a&nbsp; munkav\u00e1llal\u00f3kat \u00e9rint\u0151 napi inform\u00e1ci\u00f3kig sok minden beletartozik. Mindkett\u0151h\u00f6z t\u00f6bbf\u00e9le kommunik\u00e1ci\u00f3s csatorna haszn\u00e1lhat\u00f3, de a c\u00e9l \u00e1ltal\u00e1ban azonos: pontos \u00e9s teljes k\u00f6r\u0171 inform\u00e1ci\u00f3t adni a c\u00e9get \u00e9rint\u0151 relev\u00e1ns k\u00e9rd\u00e9sekben.&nbsp;&nbsp;<\/p>\n\n\n\n<p>Mindk\u00e9t ter\u00fcleten a megfelel\u0151 kommunik\u00e1ci\u00f3s folyamatok ki\u00e9p\u00edt\u00e9s\u00e9re \u00e9s fenntart\u00e1s\u00e1ra kell t\u00f6rekedni, mert a j\u00f3l szervezett kommunik\u00e1ci\u00f3val rendelkez\u0151 v\u00e1llalatok eredm\u00e9nyesebbek azokhoz a c\u00e9gekhez k\u00e9pest, ahol a inform\u00e1ci\u00f3-\u00e1raml\u00e1s nem megfelel\u0151.&nbsp;<\/p>\n\n\n\n<h3><strong>Egy\u00fcttm\u0171k\u00f6d\u00e9s \u00e9s produktivit\u00e1s<\/strong>&nbsp;<\/h3>\n\n\n\n<p>A hat\u00e9kony kommunik\u00e1ci\u00f3 seg\u00edti az egy\u00fcttm\u0171k\u00f6d\u00e9st a k\u00fcl\u00f6nb\u00f6z\u0151 r\u00e9szlegek \u00e9s csapatok k\u00f6z\u00f6tt, n\u00f6velve ezzel a produktivit\u00e1st \u00e9s az eredm\u00e9nyess\u00e9get. A j\u00f3l kommunik\u00e1l\u00f3 csapatok gyorsabban tudnak d\u00f6nt\u00e9seket hozni \u00e9s hat\u00e9konyabban is dolgoznak.&nbsp;<\/p>\n\n\n\n<h3><strong>Szervezeti kult\u00fara \u00e9s elk\u00f6telezetts\u00e9g<\/strong>&nbsp;<\/h3>\n\n\n\n<p>A megfelel\u0151 szervezeti kommunik\u00e1ci\u00f3 seg\u00edt kialak\u00edtani \u00e9s fenntartani a pozit\u00edv szervezeti kult\u00far\u00e1t (pl. k\u00f6z\u00f6s \u00e9rt\u00e9kek, c\u00e9lok), amelyben az alkalmazottak \u00e9rzik, hogy v\u00e9lem\u00e9ny\u00fck fontos \u00e9s meghallgat\u00e1sra tal\u00e1l. Ez n\u00f6veli az alkalmazottak elk\u00f6telezetts\u00e9g\u00e9t \u00e9s lojalit\u00e1s\u00e1t a c\u00e9g ir\u00e1nt.&nbsp;<\/p>\n\n\n\n<h3><strong>Konfliktuskezel\u00e9s<\/strong>&nbsp;<\/h3>\n\n\n\n<p>Ny\u00edlt \u00e9s \u0151szinte kommunik\u00e1ci\u00f3val k\u00f6nnyebben kezelhet\u0151k \u00e9s oldhat\u00f3k meg a c\u00e9gen bel\u00fcli konfliktusok \u00e9s probl\u00e9m\u00e1k. Mindez lehet\u0151v\u00e9 teszi azt is, hogy az alkalmazottak id\u0151ben megossz\u00e1k aggodalmaikat \u00e9s javaslataikat, amivel megel\u0151zhet\u0151 a konfliktus elm\u00e9ly\u00fcl\u00e9se vagy \u00e1lland\u00f3sul\u00e1sa.&nbsp;<\/p>\n\n\n\n<h3><strong>Innov\u00e1ci\u00f3 \u00e9s fejl\u0151d\u00e9s<\/strong>&nbsp;<\/h3>\n\n\n\n<p>Azokn\u00e1l a v\u00e1llalatokn\u00e1l, ahol a bels\u0151 szervezeti kommunik\u00e1ci\u00f3 folyamatos \u00e9s arra \u00f6szt\u00f6nzik a munkav\u00e1llal\u00f3kat, hogy ossz\u00e1k meg \u00f6tleteiket, nagyobb az es\u00e9lye az innov\u00e1ci\u00f3nak \u00e9s fejl\u0151d\u00e9snek. Az \u00faj \u00f6tletek \u00e9s perspekt\u00edv\u00e1k k\u00f6nnyebben juthatnak el az innov\u00e1ci\u00f3s folyamatban a d\u00f6nt\u00e9shoz\u00f3kig, ami hossz\u00fa t\u00e1von versenyel\u0151nyt jelenthet.&nbsp;<\/p>\n\n\n\n<h2><strong>Vezet\u0151i kommunik\u00e1ci\u00f3<\/strong>&nbsp;<\/h2>\n\n\n\n<p>A vezet\u0151k kommunik\u00e1ci\u00f3j\u00e1ra \u00e9rdemes nagyobb hangs\u00falyt fektetni, hiszen \u0151k a bels\u0151 kommunik\u00e1ci\u00f3n t\u00fal \u00e1ltal\u00e1ban k\u00fcls\u0151 kommunik\u00e1ci\u00f3t is folytatnak, amivel a c\u00e9gr\u0151l kialakul\u00f3 meg\u00edt\u00e9l\u00e9st is befoly\u00e1solj\u00e1k. M\u00e9g a legjobban kommunik\u00e1l\u00f3 vezet\u0151knek is j\u00f3t tesz, ha id\u0151nk\u00e9nt r\u00e9szt vehetnek egy-egy vezet\u0151i kommunik\u00e1ci\u00f3s tr\u00e9ningen, ahol egy k\u00fcls\u0151 szak\u00e9rt\u0151t\u0151l kaphatnak visszacsatol\u00e1st.&nbsp;<\/p>\n\n\n\n<h2><strong>A szervezeti kommunik\u00e1ci\u00f3 fejleszt\u00e9se irodakialak\u00edt\u00e1si m\u00f3dszerekkel \u00e9s felszerel\u00e9sekkel<\/strong>&nbsp;<\/h2>\n\n\n\n<p>A kommunik\u00e1ci\u00f3t sok c\u00e9g szervezetfejleszt\u00e9ssel, c\u00e9lir\u00e1nyos tr\u00e9ningekkel igyekszik jav\u00edtani. Ezek l\u00e9tjogosults\u00e1ga nem k\u00e9rd\u00e9ses, hiszen senki sem sz\u00fcletik t\u00f6k\u00e9letes kommunik\u00e1ci\u00f3s k\u00e9szs\u00e9gekkel. A hat\u00e9kony kommunik\u00e1ci\u00f3 tanulhat\u00f3. Ugyanakkor sz\u00e1mos olyan m\u00f3dszert \u00e9s felszerel\u00e9st is bevethet\u00fcnk, amelyek hozz\u00e1j\u00e1rulnak a hat\u00e9konyabb bels\u0151 kommunik\u00e1ci\u00f3hoz.&nbsp;<\/p>\n\n\n\n<p><strong>Nyitott irodater\u00fcletek: <\/strong>A nyitott irodater\u00fcletek lehet\u0151s\u00e9get teremtenek az inform\u00e1lis kommunik\u00e1ci\u00f3ra \u00e9s az azonnali egy\u00fcttm\u0171k\u00f6d\u00e9sre. Ezek a t\u00e9rbeli elrendez\u00e9sek el\u0151seg\u00edtik a k\u00f6zvetlen kapcsolatot az alkalmazottak k\u00f6z\u00f6tt, ami gyakran inspir\u00e1l\u00f3 \u00e9s \u00f6szt\u00f6nz\u0151 hat\u00e1ssal van a munkafolyamatokra.&nbsp;<\/p>\n\n\n\n<p><strong>Kommunik\u00e1ci\u00f3s eszk\u00f6z\u00f6k:<\/strong> Az interakt\u00edv t\u00e1bl\u00e1k, videokonferencia rendszerek \u00e9s csoportmunka platformok lehet\u0151v\u00e9 teszik az alkalmazottak sz\u00e1m\u00e1ra, hogy k\u00f6nnyen kommunik\u00e1ljanak egym\u00e1ssal, ak\u00e1r t\u00e1volr\u00f3l is. Ezek az eszk\u00f6z\u00f6k seg\u00edtenek cs\u00f6kkenteni a t\u00e1vols\u00e1gokat \u00e9s el\u0151seg\u00edtik a hat\u00e9kony virtu\u00e1lis egy\u00fcttm\u0171k\u00f6d\u00e9st. Sz\u00e1mos online platformot ma m\u00e1r nemcsak a bels\u0151, hanem a k\u00fcls\u0151 kommunik\u00e1ci\u00f3ban is alkalmaznak.&nbsp;<\/p>\n\n\n\n<p><strong>K\u00e9nyelmes t\u00e1rgyal\u00f3k:<\/strong> A k\u00e9nyelmes \u00e9s j\u00f3l felszerelt t\u00e1rgyal\u00f3k ide\u00e1lis helysz\u00ednt biztos\u00edtanak a csoportos megbesz\u00e9l\u00e9sekhez, \u00f6tletel\u00e9shez \u00e9s inform\u00e1lis tal\u00e1lkoz\u00f3khoz. A k\u00e9nyelmes, ergonomikus <a href=\"https:\/\/www.manutan.hu\/hu\/mhu\/ulobutor-szekek\" target=\"_blank\" rel=\"noreferrer noopener\">irodasz\u00e9k<\/a> kulcsfontoss\u00e1g\u00fa, de a <a href=\"https:\/\/www.manutan.hu\/hu\/mhu\/magneses-tablak-gmc00543\" target=\"_blank\" rel=\"noreferrer noopener\">whiteboard<\/a> \u00e9s a projektor is alapvet\u0151 felszerel\u00e9snek sz\u00e1m\u00edt egy t\u00e1rgyal\u00f3ban.&nbsp;&nbsp;<\/p>\n\n\n\n<p><strong>Pihen\u0151terek: <\/strong>Ezek a ter\u00fcletek seg\u00edtenek felt\u00f6lt\u0151dni a sz\u00fcnetek idej\u00e9n, a kreativit\u00e1st ig\u00e9nyl\u0151 munkak\u00f6rben dolgoz\u00f3k sz\u00e1m\u00e1ra pedig inspir\u00e1ci\u00f3t adhatnak. Az sem v\u00e9letlen, hogy a pihen\u0151terekben sokszor j\u00e1t\u00e9kra (pl. csocs\u00f3) vagy mozg\u00e1sra (pl. hint\u00e1z\u00e1s) \u00f6szt\u00f6nzik az alkalmazottakat. A mozg\u00e1s- \u00e9s tev\u00e9kenys\u00e9gform\u00e1k v\u00e1ltogat\u00e1s\u00e1val sokkal hosszabb ideig tarthat\u00f3 fenn a figyelem, ami a kommunik\u00e1ci\u00f3 sor\u00e1n \u00e1tadott inform\u00e1ci\u00f3 befogad\u00e1s\u00e1t is seg\u00edti.&nbsp;<\/p>\n\n\n\n<p><strong>Hangszigetel\u00e9s \u00e9s priv\u00e1t ter\u00fcletek:<\/strong> A hangszigetel\u00e9s \u00e9s a priv\u00e1t ter\u00fcletek lehet\u0151v\u00e9 teszik az alkalmazottak sz\u00e1m\u00e1ra, hogy zavartalanul dolgozzanak \u00e9s koncentr\u00e1ljanak, amikor a munk\u00e1juk ezt megk\u00edv\u00e1nja. A nyitott irod\u00e1kban mindig \u00e9rdemes kialak\u00edtani ilyen helyis\u00e9get, a haszn\u00e1lat\u00e1ra vonatkoz\u00f3 etikett szab\u00e1lyokat pedig egy\u00e9rtelm\u0171en kommunik\u00e1lni. <a href=\"https:\/\/www.manutan.hu\/hu\/mhu\/akusztikus-paravanok-es-butorok\" target=\"_blank\" rel=\"noreferrer noopener\">Hangv\u00e9d\u0151 parav\u00e1nokkal<\/a> a nyitott&nbsp; irod\u00e1kban is lehet\u0151s\u00e9g van a priv\u00e1t szf\u00e9ra megteremt\u00e9s\u00e9re.&nbsp;<\/p>\n\n\n\n<p><strong>\u00dczen\u0151falak \u00e9s fali\u00fajs\u00e1gok:<\/strong> A v\u00e1llalat sikereit, a h\u00f3nap dolgoz\u00f3j\u00e1t vagy egy k\u00f6zelg\u0151 csapat\u00e9p\u00edt\u0151 programot olyan egyszer\u0171 m\u00f3dszerekkel is kommunik\u00e1lhatjuk, mint egy plak\u00e1t. A k\u00f6z\u00f6ss\u00e9gi terekben, az \u00e9tkez\u0151kben vagy \u00e9pp az \u00f6lt\u00f6z\u0151k k\u00f6zel\u00e9ben b\u00e1tran lehet haszn\u00e1lni a k\u00fcl\u00f6nf\u00e9le <a href=\"https:\/\/www.manutan.hu\/hu\/mhu\/parafa-termekek\" target=\"_blank\" rel=\"noreferrer noopener\">\u00fczen\u0151falakat.<\/a>&nbsp;<\/p>\n\n\n\n<p><strong>\u00d6tletl\u00e1da vagy online szavaz\u00e1s:<\/strong> A szervezeti kommunik\u00e1ci\u00f3ban kulcsfontoss\u00e1g\u00fa, hogy az k\u00e9tir\u00e1ny\u00fa legyen. Mindig biztos\u00edtsunk teret annak, hogy a munkav\u00e1llal\u00f3k kifejthess\u00e9k v\u00e9lem\u00e9ny\u00fcket a fontos k\u00e9rd\u00e9sekben. Ehhez rendszeres\u00edthet\u00fcnk egy \u00f6tletl\u00e1d\u00e1t, de az online szavaz\u00f3 platformokat is rendszeres\u00edthetj\u00fck a v\u00e1llalatn\u00e1l, mint pl. a <a href=\"https:\/\/www.mentimeter.com\/\" target=\"_blank\" rel=\"noreferrer noopener\">Mentimeter.<\/a>&nbsp;<\/p>\n\n\n\n<p>A hat\u00e9kony szervezeti kommunik\u00e1ci\u00f3 nem csup\u00e1n egy eszk\u00f6z a v\u00e1llalati siker el\u00e9r\u00e9s\u00e9hez, hanem alapvet\u0151 fontoss\u00e1g\u00fa t\u00e9nyez\u0151. Azok a c\u00e9gek, amelyek megfelel\u0151 figyelmet ford\u00edtanak erre a ter\u00fcletre, hossz\u00fa t\u00e1von versenyel\u0151nyre tehetnek szert, n\u00f6velve ezzel alkalmazottaik elk\u00f6telezetts\u00e9g\u00e9t \u00e9s hat\u00e9konys\u00e1g\u00e1t. Az irodakialak\u00edt\u00e1si m\u00f3dszerek \u00e9s felszerel\u00e9sek megfelel\u0151 alkalmaz\u00e1s\u00e1val pedig t\u00e1mogathatj\u00e1k \u00e9s er\u0151s\u00edthetik a bels\u0151 kommunik\u00e1ci\u00f3s folyamatokat.&nbsp;<\/p>\n","protected":false},"excerpt":{"rendered":"<p>Egy c\u00e9g kommunik\u00e1ci\u00f3s k\u00e9pess\u00e9ge kulcsfontoss\u00e1g\u00fa az eredm\u00e9nyess\u00e9ge szempontj\u00e1b\u00f3l. Min\u00e9l hat\u00e9konyabban kommunik\u00e1l ugyanis egy v\u00e1llalat, ann\u00e1l hat\u00e9konyabban k\u00e9pes el\u00e9rni az \u00fczleti c\u00e9ljait. Ez a k\u00e9pess\u00e9g egyr\u00e9szt fejleszthet\u0151, m\u00e1sr\u00e9szt sz\u00e1mos egyszer\u0171 eszk\u00f6zzel t\u00e1mogathat\u00f3 is az\u00a0 inform\u00e1ci\u00f3k megfelel\u0151 \u00e1raml\u00e1sa. Cikk\u00fcnkben igyeksz\u00fcnk k\u00f6rbej\u00e1rni, hogyan lehet t\u00e1mogatni a hat\u00e9kony bels\u0151 szervezeti kommunik\u00e1ci\u00f3t megfelel\u0151 irodakialak\u00edt\u00e1si m\u00f3dszerekkel \u00e9s felszerel\u00e9sekkel.\u00a0 Mi\u00e9rt fontos a [&hellip;]<\/p>\n","protected":false},"author":3,"featured_media":3578,"comment_status":"closed","ping_status":"closed","sticky":false,"template":"","format":"standard","meta":[],"categories":[530,531],"tags":[],"jetpack_featured_media_url":"https:\/\/www.manutan.hu\/blog\/wp-content\/uploads\/2024\/06\/szervezeti-kommunikacio.jpg","_links":{"self":[{"href":"https:\/\/www.manutan.hu\/blog\/wp-json\/wp\/v2\/posts\/3562"}],"collection":[{"href":"https:\/\/www.manutan.hu\/blog\/wp-json\/wp\/v2\/posts"}],"about":[{"href":"https:\/\/www.manutan.hu\/blog\/wp-json\/wp\/v2\/types\/post"}],"author":[{"embeddable":true,"href":"https:\/\/www.manutan.hu\/blog\/wp-json\/wp\/v2\/users\/3"}],"replies":[{"embeddable":true,"href":"https:\/\/www.manutan.hu\/blog\/wp-json\/wp\/v2\/comments?post=3562"}],"version-history":[{"count":2,"href":"https:\/\/www.manutan.hu\/blog\/wp-json\/wp\/v2\/posts\/3562\/revisions"}],"predecessor-version":[{"id":3579,"href":"https:\/\/www.manutan.hu\/blog\/wp-json\/wp\/v2\/posts\/3562\/revisions\/3579"}],"wp:featuredmedia":[{"embeddable":true,"href":"https:\/\/www.manutan.hu\/blog\/wp-json\/wp\/v2\/media\/3578"}],"wp:attachment":[{"href":"https:\/\/www.manutan.hu\/blog\/wp-json\/wp\/v2\/media?parent=3562"}],"wp:term":[{"taxonomy":"category","embeddable":true,"href":"https:\/\/www.manutan.hu\/blog\/wp-json\/wp\/v2\/categories?post=3562"},{"taxonomy":"post_tag","embeddable":true,"href":"https:\/\/www.manutan.hu\/blog\/wp-json\/wp\/v2\/tags?post=3562"}],"curies":[{"name":"wp","href":"https:\/\/api.w.org\/{rel}","templated":true}]}}