{"id":3555,"date":"2024-05-28T10:57:53","date_gmt":"2024-05-28T08:57:53","guid":{"rendered":"https:\/\/www.manutan.hu\/blog\/?p=3555"},"modified":"2025-04-16T13:34:56","modified_gmt":"2025-04-16T11:34:56","slug":"sokszinuseg-a-munkahelyen-gyakorlati-utmutato-a-munkahelyi-sokszinuseg-elomozditasahoz","status":"publish","type":"post","link":"https:\/\/www.manutan.hu\/blog\/sokszinuseg-a-munkahelyen-gyakorlati-utmutato-a-munkahelyi-sokszinuseg-elomozditasahoz\/","title":{"rendered":"Soksz\u00edn\u0171s\u00e9g a munkahelyen: Gyakorlati \u00fatmutat\u00f3 a munkahelyi soksz\u00edn\u0171s\u00e9g el\u0151mozd\u00edt\u00e1s\u00e1hoz"},"content":{"rendered":"\n<figure class=\"wp-block-image size-large\"><img loading=\"lazy\" width=\"1024\" height=\"683\" src=\"https:\/\/www.manutan.hu\/blog\/wp-content\/uploads\/2024\/05\/Diverzitas2-A00225P2-min-1024x683.jpeg\" alt=\"\" class=\"wp-image-3556\" srcset=\"https:\/\/www.manutan.hu\/blog\/wp-content\/uploads\/2024\/05\/Diverzitas2-A00225P2-min-1024x683.jpeg 1024w, https:\/\/www.manutan.hu\/blog\/wp-content\/uploads\/2024\/05\/Diverzitas2-A00225P2-min-300x200.jpeg 300w, https:\/\/www.manutan.hu\/blog\/wp-content\/uploads\/2024\/05\/Diverzitas2-A00225P2-min-768x512.jpeg 768w, https:\/\/www.manutan.hu\/blog\/wp-content\/uploads\/2024\/05\/Diverzitas2-A00225P2-min-1536x1024.jpeg 1536w, https:\/\/www.manutan.hu\/blog\/wp-content\/uploads\/2024\/05\/Diverzitas2-A00225P2-min.jpeg 1920w\" sizes=\"(max-width: 1024px) 100vw, 1024px\" \/><\/figure>\n\n\n\n<p>Mindenkit azonos munkalehet\u0151s\u00e9gek \u00e9s el\u0151l\u00e9ptet\u00e9si lehet\u0151s\u00e9gek illetnek meg, f\u00fcggetlen\u00fcl sz\u00e1rmaz\u00e1s\u00e1t\u00f3l, vall\u00e1s\u00e1t\u00f3l, szexu\u00e1lis ir\u00e1nyults\u00e1g\u00e1t\u00f3l, nem\u00e9t\u0151l vagy b\u00e1rmely m\u00e1s jellemz\u0151j\u00e9t\u0151l. A soksz\u00edn\u0171s\u00e9g t\u00f6bb, mint erk\u00f6lcsi k\u00f6teless\u00e9g, val\u00f3di \u00e9rt\u00e9k a v\u00e1llalkoz\u00e1sok sz\u00e1m\u00e1ra, \u00e9s teljes\u00edtm\u00e9nyfokoz\u00f3k\u00e9nt m\u0171k\u00f6dik. De hogyan \u00f6szt\u00f6n\u00f6zhetj\u00fck? Ebb\u0151l a cikk\u00fcnkb\u0151l olyan m\u00f3dszereket ismerhet meg, amelyek a befogad\u00e1s \u00e9s a soksz\u00edn\u0171s\u00e9g sikeres el\u0151mozd\u00edt\u00e1s\u00e1hoz sz\u00fcks\u00e9gesek a munkahelyen.<\/p>\n\n\n\n<h2><strong>Soksz\u00edn\u0171s\u00e9g a munkahelyen, \u00e1ttekint\u00e9s<\/strong><\/h2>\n\n\n\n<p>A munkahelyi soksz\u00edn\u0171s\u00e9g \u00e9s befogad\u00e1s el\u0151mozd\u00edt\u00e1sa a jogi k\u00f6telezetts\u00e9g \u00e9s a CSR (Corporate Social Responsibility) politik\u00e1k metsz\u00e9spontj\u00e1ban \u00e1ll. A soksz\u00edn\u0171s\u00e9g fogalm\u00e1nak meg\u00e9rt\u00e9se \u00e9s a jogszab\u00e1lyok betart\u00e1sa az els\u0151 l\u00e9p\u00e9s egy befogad\u00f3bb v\u00e1llalkoz\u00e1s fel\u00e9.<\/p>\n\n\n\n<h3><strong>A soksz\u00edn\u0171s\u00e9g meghat\u00e1roz\u00e1sa a munkahelyen<\/strong><\/h3>\n\n\n\n<p>A soksz\u00edn\u0171s\u00e9g olyan jellemz\u0151k sz\u00e9les sk\u00e1l\u00e1j\u00e1t \u00f6leli fel, amelyek meghat\u00e1rozz\u00e1k az egy\u00e9n identit\u00e1s\u00e1t \u00e9s szem\u00e9lyis\u00e9g\u00e9t. A lista \u00f6ssze\u00e1ll\u00edt\u00e1sa er\u0151sen korl\u00e1toz\u00f3 lenne, mivel az egy\u00e9nek k\u00f6z\u00f6tti k\u00fcl\u00f6nbs\u00e9gek szinte v\u00e9gtelenek. B\u00e1r n\u00e9h\u00e1ny tulajdons\u00e1g l\u00e1that\u00f3, m\u00e1sok l\u00e1thatatlanok maradnak: etnikai sz\u00e1rmaz\u00e1s, politikai meggy\u0151z\u0151d\u00e9s, vall\u00e1s, t\u00e1rsadalmi st\u00e1tusz, szexu\u00e1lis ir\u00e1nyults\u00e1g, sz\u00fcl\u0151i hovatartoz\u00e1s, iskolai v\u00e9gzetts\u00e9g, \u00e9letkor, s\u00faly stb.<\/p>\n\n\n\n<h3><strong>A soksz\u00edn\u0171s\u00e9get t\u00e1mogat\u00f3 eur\u00f3pai keretrendszer<\/strong><\/h3>\n\n\n\n<p>A megk\u00fcl\u00f6nb\u00f6ztet\u00e9s minden form\u00e1ja elleni k\u00fczdelem alapvet\u0151 eleme az eur\u00f3pai jognak. Sz\u00e1mos ir\u00e1nyelvet fogadtak el az egyenl\u0151 b\u00e1n\u00e1sm\u00f3d biztos\u00edt\u00e1sa \u00e9s a megk\u00fcl\u00f6nb\u00f6ztet\u00e9s megel\u0151z\u00e9se \u00e9rdek\u00e9ben. 2017 \u00f3ta a szoci\u00e1lis jogok eur\u00f3pai pill\u00e9re h\u00e1rom r\u00e9szb\u0151l \u00e1ll\u00f3 cselekv\u00e9si tervet javasolt a munkahelyi soksz\u00edn\u0171s\u00e9g n\u00f6vel\u00e9s\u00e9re:<\/p>\n\n\n\n<ul><li>Es\u00e9lyegyenl\u0151s\u00e9g \u00e9s munkaer\u0151-piaci hozz\u00e1f\u00e9r\u00e9s;<\/li><li>Tisztess\u00e9ges munkak\u00f6r\u00fclm\u00e9nyek;<\/li><li>Szoci\u00e1lis v\u00e9delem \u00e9s befogad\u00e1s.<\/li><\/ul>\n\n\n\n<h3><strong>A munkahelyi soksz\u00edn\u0171s\u00e9get meghat\u00e1roz\u00f3 eur\u00f3pai ir\u00e1nyelvek:<\/strong><\/h3>\n\n\n\n<ul><li><a href=\"https:\/\/eur-lex.europa.eu\/legal-content\/EN\/TXT\/?uri=celex%3A32006L0054\" target=\"_blank\" rel=\"noreferrer noopener\">2006\/54\/EK ir\u00e1nyelv<\/a> a f\u00e9rfiak \u00e9s n\u0151k k\u00f6z\u00f6tti es\u00e9lyegyenl\u0151s\u00e9g \u00e9s egyenl\u0151 b\u00e1n\u00e1sm\u00f3d elv\u00e9nek alkalmaz\u00e1s\u00e1r\u00f3l a foglalkoztat\u00e1s \u00e9s a foglalkoz\u00e1s ter\u00e9n;<\/li><li><a href=\"https:\/\/eur-lex.europa.eu\/legal-content\/EN\/ALL\/?uri=celex%3A32002L0073\" target=\"_blank\" rel=\"noreferrer noopener\">2002\/73\/EK ir\u00e1nyelv<\/a> a f\u00e9rfiak \u00e9s n\u0151k k\u00f6z\u00f6tti egyenl\u0151 b\u00e1n\u00e1sm\u00f3d elv\u00e9nek a munk\u00e1hoz jut\u00e1s, a szakk\u00e9pz\u00e9s \u00e9s az el\u0151menetel, valamint a munkafelt\u00e9telek tekintet\u00e9ben t\u00f6rt\u00e9n\u0151 v\u00e9grehajt\u00e1s\u00e1r\u00f3l;<\/li><li><a href=\"https:\/\/eur-lex.europa.eu\/legal-content\/EN\/ALL\/?uri=CELEX%3A32000L0043\" target=\"_blank\" rel=\"noreferrer noopener\">2000\/43\/EK ir\u00e1nyelv<\/a> a szem\u00e9lyek k\u00f6z\u00f6tti, faji vagy etnikai sz\u00e1rmaz\u00e1sra val\u00f3 tekintet n\u00e9lk\u00fcli egyenl\u0151 b\u00e1n\u00e1sm\u00f3d elv\u00e9nek v\u00e9grehajt\u00e1s\u00e1r\u00f3l;<\/li><li><a href=\"https:\/\/eur-lex.europa.eu\/legal-content\/EN\/TXT\/?uri=CELEX%3A32000L0078\" target=\"_blank\" rel=\"noreferrer noopener\">2000\/78\/EK ir\u00e1nyelv<\/a> a foglalkoztat\u00e1s \u00e9s a munkav\u00e9gz\u00e9s sor\u00e1n alkalmazott egyenl\u0151 b\u00e1n\u00e1sm\u00f3d \u00e1ltal\u00e1nos kereteinek l\u00e9trehoz\u00e1s\u00e1r\u00f3l.<\/li><\/ul>\n\n\n\n<p>Magyarorsz\u00e1gon az egyik legfontosabb jogszab\u00e1ly a t\u00e9m\u00e1ban a <a href=\"https:\/\/net.jogtar.hu\/jogszabaly?docid=A0300125.TV\" target=\"_blank\" rel=\"noreferrer noopener\">2003. \u00e9vi CXXV. t\u00f6rv\u00e9ny<\/a> az egyenl\u0151 b\u00e1n\u00e1sm\u00f3dr\u00f3l \u00e9s az es\u00e9lyegyenl\u0151s\u00e9g el\u0151mozd\u00edt\u00e1s\u00e1r\u00f3l.<\/p>\n\n\n\n<h3><strong>A soksz\u00edn\u0171s\u00e9g \u00e9s befogad\u00e1s h\u00f3napja Eur\u00f3p\u00e1ban<\/strong><\/h3>\n\n\n\n<p>Az Eur\u00f3pai Bizotts\u00e1g minden \u00e9v m\u00e1jus\u00e1ban \u00fcnnepli a soksz\u00edn\u0171s\u00e9g eur\u00f3pai h\u00f3napj\u00e1t, \u00e9s felk\u00e9ri a v\u00e1llalkoz\u00e1sokat, hogy csatlakozzanak ehhez. A Bizotts\u00e1g ezut\u00e1n rendezv\u00e9nyeket szervez azzal a c\u00e9llal, hogy felh\u00edvja a figyelmet a munkahelyi soksz\u00edn\u0171s\u00e9g \u00e9s befogad\u00e1s erej\u00e9re. 2022 \u00f3ta a legink\u00e1bb befogad\u00f3 v\u00e1rosokat m\u00e9g a befogad\u00e1s \u00e9s a soksz\u00edn\u0171s\u00e9g eur\u00f3pai f\u0151v\u00e1rosa d\u00edjjal is jutalmazz\u00e1k.<\/p>\n\n\n\n<figure class=\"wp-block-pullquote\"><blockquote><p><em><strong>Tudta?<\/strong><\/em><\/p><p><em>A Homof\u00f3bia \u00e9s Transzf\u00f3bia Elleni Nemzetk\u00f6zi Napot minden \u00e9vben m\u00e1jus 17-\u00e9n \u00fcnneplik. Mi\u00e9rt ez a d\u00e1tum? <\/em><\/p><p><em>Ennek a d\u00e1tumnak szimbolikus jelent\u0151s\u00e9ge van: 1990. m\u00e1jus 17-\u00e9n az Eg\u00e9szs\u00e9g\u00fcgyi Vil\u00e1gszervezet (WHO) levette a homoszexualit\u00e1st a ment\u00e1lis betegs\u00e9gek list\u00e1j\u00e1r\u00f3l.<\/em><\/p><\/blockquote><\/figure>\n\n\n\n<h2><strong>A munkahelyi soksz\u00edn\u0171s\u00e9g el\u0151nyei a v\u00e1llalkoz\u00e1sok sz\u00e1m\u00e1ra<\/strong><\/h2>\n\n\n\n<p>A munkahelyi soksz\u00edn\u0171s\u00e9g egy nyer\u0151 strat\u00e9gia, amely sz\u00e1mos el\u0151nnyel j\u00e1r, mivel jobb \u00e1ltal\u00e1nos teljes\u00edtm\u00e9nyhez \u00e9s a munkahelyi j\u00f3ll\u00e9t javul\u00e1s\u00e1hoz vezet. A k\u00fcl\u00f6nb\u00f6z\u0151 munkav\u00e1llal\u00f3k b\u00e1tor\u00edt\u00e1sa serkenti a kreativit\u00e1st, az innov\u00e1ci\u00f3t \u00e9s az alkalmazkod\u00f3k\u00e9pess\u00e9get, mik\u00f6zben er\u0151s\u00edti a m\u00e1rka im\u00e1zs\u00e1t.<\/p>\n\n\n\n<h3><strong>T\u00f6bb tehets\u00e9g<\/strong><\/h3>\n\n\n\n<p>A munkahelyi egyenl\u0151s\u00e9g \u00e9s soksz\u00edn\u0171s\u00e9g el\u0151mozd\u00edt\u00e1sa hozz\u00e1\u00e9rt\u0151 \u00e9s tapasztalt jel\u00f6ltek sz\u00e9lesebb tehets\u00e9gt\u00e1r\u00e1t hozza l\u00e9tre. P\u00e9ld\u00e1ul az 50 \u00e9v feletti eur\u00f3pai munkav\u00e1llal\u00f3k a munkaer\u0151 n\u00f6vekv\u0151 h\u00e1nyad\u00e1t k\u00e9pviselik. Milli\u00f3f\u00e9le tehets\u00e9get k\u00e9pviselnek, akik k\u00f6z\u00fcl n\u00e9h\u00e1ny val\u00f3di hozz\u00e1adott \u00e9rt\u00e9ket hozhat a c\u00e9g sz\u00e1m\u00e1ra. Ezzel szemben a diszkriminat\u00edv toborz\u00e1s a tehets\u00e9g \u00e9s a k\u00e9szs\u00e9gek elveszt\u00e9s\u00e9hez vezet.<\/p>\n\n\n\n<h3><strong>Jobb teljes\u00edtm\u00e9ny<\/strong><\/h3>\n\n\n\n<p>A soksz\u00edn\u0171 csapat v\u00e1ltozatos tapasztalatokat, egyedi n\u00e9z\u0151pontokat \u00e9s egym\u00e1st kieg\u00e9sz\u00edt\u0151 k\u00e9szs\u00e9geket egyes\u00edt. Az eredm\u00e9nyek pedig leny\u0171g\u00f6z\u0151ek: a <a href=\"https:\/\/www.mckinsey.com\/~\/media\/mckinsey\/featured%20insights\/diversity%20and%20inclusion\/diversity%20wins%20how%20inclusion%20matters\/diversity-wins-how-inclusion-matters-vf.pdf\" target=\"_blank\" rel=\"noreferrer noopener\">McKinsey &amp; Company tanulm\u00e1nya<\/a> szerint azok a v\u00e1llalatok, amelyeknek vezet\u0151i csapataiban t\u00f6bb mint 30% n\u0151, sokkal nagyobb val\u00f3sz\u00edn\u0171s\u00e9ggel teljes\u00edtenek jobban, mint ahol csak 10-30% a n\u0151k ar\u00e1nya. Az etnikai \u00e9s kultur\u00e1lis soksz\u00edn\u0171s\u00e9get a teljes\u00edtm\u00e9ny motorjak\u00e9nt is azonos\u00edtott\u00e1k, ami a j\u00f6vedelmez\u0151s\u00e9g 36%-os n\u00f6veked\u00e9s\u00e9t eredm\u00e9nyezte.<\/p>\n\n\n\n<h3><strong>\u00c9rt\u00e9kes munk\u00e1ltat\u00f3i m\u00e1rka<\/strong><\/h3>\n\n\n\n<p>A val\u00f3di emberi megfontol\u00e1sok \u00e1ltal vez\u00e9relt soksz\u00edn\u0171s\u00e9g a v\u00e1llalat m\u00e1rkaim\u00e1zs\u00e1nak egyik f\u0151 el\u0151nye. Az autentikus \u00e9rt\u00e9kek fenntart\u00e1s\u00e1val a v\u00e1llalatot nyitottnak \u00e9s minden munkat\u00e1rs\u00e1t tiszteletben tart\u00f3nak fogj\u00e1k fel. A c\u00e9g h\u00edrnev\u00e9t ez a pozit\u00edv im\u00e1zs er\u0151s\u00edti, vonz\u00f3bb\u00e1 teszi.<\/p>\n\n\n\n<h2><strong>Hogyan lehet el\u0151seg\u00edteni a befogad\u00e1st \u00e9s a soksz\u00edn\u0171s\u00e9get a munkahelyen?<\/strong><\/h2>\n\n\n\n<p>A cselekv\u00e9si terv kidolgoz\u00e1sa el\u0151tt nemcsak az akad\u00e1lyokat, hanem a strukt\u00far\u00e1n bel\u00fcli soksz\u00edn\u0171s\u00e9g mozgat\u00f3rug\u00f3it is fel kell m\u00e9rni. Ez az elemz\u00e9s konstrukt\u00edv \u00e9s c\u00e9lzott inputk\u00e9nt szolg\u00e1l majd a csoportok sz\u00e1m\u00e1ra a befogad\u00e1si politika keretein bel\u00fcl.<\/p>\n\n\n\n<h3><strong>Az el\u0151\u00edt\u00e9letek felold\u00e1sa<\/strong><\/h3>\n\n\n\n<p>Minden diszkriminat\u00edv cselekedetet el\u0151\u00edt\u00e9let motiv\u00e1l. Az el\u0151\u00edt\u00e9letek m\u00e9lyen r\u00f6gz\u00fclt \u00e9rz\u00e9sek az egy\u00e9nben. Ezek megsz\u00fcntet\u00e9s\u00e9hez a pedag\u00f3gia \u00e9s a t\u00fcrelem a kulcs. A kollektivit\u00e1s erej\u00e9nek kihaszn\u00e1l\u00e1s\u00e1val el\u00e9rhetj\u00fck azt a c\u00e9lt, hogy a soksz\u00edn\u0171s\u00e9get a v\u00e1llalat k\u00f6z\u00e9ppontj\u00e1ba helyezz\u00fck.<\/p>\n\n\n\n<p>A sztereot\u00edpi\u00e1k lebont\u00e1s\u00e1nak moraliz\u00e1l\u00f3 megk\u00f6zel\u00edt\u00e9se ellent\u00e9tes hat\u00e1st v\u00e1lthat ki, \u00e9s az elm\u00e9ket v\u00e9dekez\u00e9sre k\u00e9szteti. Jobb a j\u00f3zan \u00e9sszel \u00e9s egy kis humorral kommunik\u00e1lni. C\u00e9lzott figyelemfelkelt\u0151 akci\u00f3k hajthat\u00f3k v\u00e9gre, p\u00e9ld\u00e1ul:<\/p>\n\n\n\n<ul><li>Plak\u00e1tkamp\u00e1ny, amely hagyom\u00e1nyosan f\u00e9rfi poz\u00edci\u00f3t bet\u00f6lt\u0151 n\u0151ket mutat be;<\/li><li>Szerepj\u00e1t\u00e9kok, ahol a r\u00e9sztvev\u0151k k\u00fcl\u00f6nb\u00f6z\u0151 profilokat vesznek fel, hogy jobban meg\u00e9rts\u00e9k a diszkrimin\u00e1ci\u00f3s helyzeteket;<\/li><li>K\u00e9pz\u00e9s az interkultur\u00e1lis kommunik\u00e1ci\u00f3r\u00f3l \u00e9s strat\u00e9gi\u00e1kr\u00f3l, amelyek seg\u00edts\u00e9g\u00e9vel a k\u00fcl\u00f6nbs\u00e9geket a kreativit\u00e1s \u00e9s az innov\u00e1ci\u00f3 er\u0151ss\u00e9g\u00e9v\u00e9 lehet v\u00e1ltoztatni.<\/li><\/ul>\n\n\n\n<h3><strong>Toborz\u00e1s megk\u00fcl\u00f6nb\u00f6ztet\u00e9s n\u00e9lk\u00fcl<\/strong><\/h3>\n\n\n\n<p>A toborz\u00e1sszociol\u00f3gi\u00e1ban a homof\u00edlia fogalma arra utal, hogy az egy\u00e9nek hajlamosak hozz\u00e1juk hasonl\u00f3 embereket toborozni. Ez a kognit\u00edv torz\u00edt\u00e1s, m\u00e9g ha tudattalan is, m\u00e9gis diszkriminat\u00edv. Amikor munkaer\u0151t keres egy HR-es, tudat\u00e1ban kell lennie az \u00e1ll\u00e1skeres\u0151kkel kapcsolatos \u00f6ntudatlan elfogults\u00e1g\u00e1nak. Ez az els\u0151 l\u00e9p\u00e9s egy semlegesebb toborz\u00e1si folyamat fel\u00e9.<\/p>\n\n\n\n<p>A munk\u00e1ltat\u00f3k kognit\u00edv torz\u00edt\u00e1s\u00e1nak megel\u0151z\u00e9se \u00e9rdek\u00e9ben a toborz\u00e1st a soft skillek \u00e9s a hard skillek szempontj\u00e1b\u00f3l kell megk\u00f6zel\u00edteni. Az \u00e1ll\u00e1shirdet\u00e9s \u00edr\u00e1s\u00e1nak szakasz\u00e1t\u00f3l kezdve egyetlen jel\u00f6lt sem \u00e9rezheti mag\u00e1t kihagyva. A soksz\u00edn\u0171s\u00e9g \u00e9s a toborz\u00e1s teljes k\u00f6r\u0171 \u00f6szt\u00f6nz\u00e9se \u00e9rdek\u00e9ben a HR oszt\u00e1ly a fogyat\u00e9kkal \u00e9l\u0151k sz\u00e1m\u00e1ra fenntartott toborz\u00e1si csatorn\u00e1kon is megjelen\u00edtheti az \u00e1ll\u00e1saj\u00e1nlat\u00e1t.<\/p>\n\n\n\n<h3><strong>Valamennyi alkalmazottal tisztess\u00e9gesen b\u00e1nni<\/strong><\/h3>\n\n\n\n<p>Csak\u00fagy, mint a toborz\u00f3knak, a vezet\u0151knek is tiszt\u00e1ban kell lenni\u00fck saj\u00e1t kognit\u00edv elfogults\u00e1gaikkal \u00e9s sztereot\u00edpi\u00e1ikkal. \u00c9rdekes lehet felsorolni az \u00f6sszes lehets\u00e9ges diszkrimin\u00e1ci\u00f3s mot\u00edvumot, \u00e9s meghat\u00e1rozni a munkahelyi soksz\u00edn\u0171s\u00e9get \u00f6szt\u00f6nz\u0151 cselekv\u00e9si eszk\u00f6z\u00f6ket. \u00cdme n\u00e9h\u00e1ny \u00fatmutat\u00e1s a gyakori el\u0151\u00edt\u00e9letek lek\u00fczd\u00e9s\u00e9re:<\/p>\n\n\n\n<ul><li>Ha nem vesznek fel id\u0151seket azzal az \u00fcr\u00fcggyel, hogy nem \u00e9rzik j\u00f3l magukat a technol\u00f3gi\u00e1ban, az azt jelenten\u00e9, hogy az id\u0151sebb munkav\u00e1llal\u00f3k elvesz\u00edthetik naprak\u00e9sz tud\u00e1sukat \u00e9s tapasztalataikat, ami felbecs\u00fclhetetlen \u00e9rt\u00e9k\u0171nek bizonyulhat;<\/li><li>A kr\u00f3nikus betegs\u00e9gben szenved\u0151 munkat\u00e1rs nem kev\u00e9sb\u00e9 hat\u00e9kony, mint egy \u201eeg\u00e9szs\u00e9ges\u201d csapatt\u00e1rs, a munkahelyi adapt\u00e1ci\u00f3 seg\u00edtheti a szakmai \u00e9letben val\u00f3 boldogul\u00e1st;<\/li><li>A sz\u00fcl\u00e9si szabads\u00e1g jobb kezel\u00e9se \u00e9rdek\u00e9ben el\u0151re kell sz\u00e1molni a helyettes\u00edt\u00e9ssel, \u00e9s a munkav\u00e1llal\u00f3val val\u00f3 rendszeres kommunik\u00e1ci\u00f3val el\u0151seg\u00edteni a munk\u00e1ba val\u00f3 visszat\u00e9r\u00e9st.<\/li><\/ul>\n\n\n\n<p>A hossz\u00fa t\u00e1v\u00fa, tisztess\u00e9ges \u00e9s eredm\u00e9nyes gondoskod\u00e1s hozz\u00e1j\u00e1rul minden munkav\u00e1llal\u00f3 szakmai teljes\u00edtm\u00e9ny\u00e9hez. Mindenki tiszteletben \u00e9s megbecs\u00fcl\u00e9sben \u00e9rzi mag\u00e1t. Az ilyen gondoskod\u00e1s azonban t\u00e9vesen diszkriminat\u00edvnak tekinthet\u0151.<\/p>\n\n\n\n<p>Annak \u00e9rdek\u00e9ben, hogy elker\u00fclj\u00e9k az elutas\u00edt\u00e1s \u00e9rz\u00e9s\u00e9t egyesek k\u00f6r\u00e9ben, a vezet\u0151knek a lehet\u0151 leg\u00e1tl\u00e1that\u00f3bbnak kell lenni\u00fck. P\u00e9ld\u00e1ul egy bels\u0151 el\u0151l\u00e9ptet\u00e9s k\u00f6nnyebben elfogadhat\u00f3, ha a kiv\u00e1laszt\u00e1si folyamat egy\u00e9rtelm\u0171en meghat\u00e1rozott, amit a munkav\u00e1llal\u00f3k is ismernek.<\/p>\n\n\n\n<h2><strong>Befogad\u00e1s \u00e9s soksz\u00edn\u0171s\u00e9g a munkahelyi k\u00f6rnyezetben<\/strong><\/h2>\n\n\n\n<p>A munkahelyi k\u00f6rnyezet a soksz\u00edn\u0171s\u00e9g t\u00fckre. Egyszer\u0171 megold\u00e1sokkal lehet\u0151s\u00e9g ny\u00edlik pl. olyan b\u00fatorokba fektetni, amelyek haszn\u00e1lata sor\u00e1n minden dolgoz\u00f3 egyenrang\u00fa lehet.<\/p>\n\n\n\n<h3><strong>Irod\u00e1k \u00e9s m\u0171helyek, ahol minden alkalmazott j\u00f3l \u00e9rzi mag\u00e1t<\/strong><\/h3>\n\n\n\n<p>A befogad\u00f3 munkater\u00fcletek figyelembe veszik a munkav\u00e1llal\u00f3k saj\u00e1tos ig\u00e9nyeit. A c\u00e9l az, hogy mindenki k\u00e9nyelmesen \u00e9s eredm\u00e9nyesen tudjon dolgozni. Ez mag\u00e1ban foglalhatja a rugalmas irodahelyis\u00e9geket, amelyek lehet\u0151v\u00e9 teszik a sz\u00fcl\u0151k sz\u00e1m\u00e1ra, hogy t\u00e1volr\u00f3l dolgozhassanak, \u00e9s k\u00f6nnyebben egyens\u00falyba hozz\u00e1k a szakmai \u00e9s csal\u00e1di \u00e9let\u00fcket.<\/p>\n\n\n\n<p>Az inkluz\u00edv munkater\u00fcleteken ergonomikus munka\u00e1llom\u00e1sok is kialak\u00edthat\u00f3k, amelyek alkalmazkodni tudnak az alacsony vagy magas termet\u0171 emberekhez.<\/p>\n\n\n\n<h3><strong>Fogyat\u00e9kkal \u00e9l\u0151k sz\u00e1m\u00e1ra kialak\u00edtott munka\u00e1llom\u00e1sok<\/strong><\/h3>\n\n\n\n<p>A fogyat\u00e9kkal \u00e9l\u0151k szakmai beilleszked\u00e9s\u00e9nek el\u0151seg\u00edt\u00e9se \u00e9rdek\u00e9ben figyelmet kell ford\u00edtani a munka\u00e1llom\u00e1sok egyedi kialak\u00edt\u00e1s\u00e1ra. Egyes esetekben ez mag\u00e1ban foglalhatja a munkahely \u00e1talak\u00edt\u00e1s\u00e1t vagy a kifejezetten mozg\u00e1skorl\u00e1tozottak sz\u00e1m\u00e1ra tervezett b\u00fatorok felszerel\u00e9s\u00e9t.<\/p>\n\n\n\n<p>Ezenk\u00edv\u00fcl a matric\u00e1k \u00e9s egy\u00e9b jelz\u00e9sek alkalmaz\u00e1sa megk\u00f6nny\u00edti a navig\u00e1ci\u00f3t \u00e9s a t\u00e1j\u00e9koz\u00f3d\u00e1st a munkak\u00f6rnyezetben. Ezek a m\u00f3dos\u00edt\u00e1sok elengedhetetlenek ahhoz, hogy a fogyat\u00e9koss\u00e1ggal \u00e9l\u0151 munkav\u00e1llal\u00f3k optim\u00e1lis k\u00f6r\u00fclm\u00e9nyek k\u00f6z\u00f6tt dolgozhassanak, \u00e9s biztos\u00edts\u00e1k biztons\u00e1gukat a munkahelyen.<\/p>\n\n\n\n<h3><strong>Egy\u00fcttm\u0171k\u00f6d\u0151 munkater\u00fcletek<\/strong><\/h3>\n\n\n\n<p>A munkahelyi soksz\u00edn\u0171s\u00e9g el\u0151mozd\u00edt\u00e1sa \u00e9rdek\u00e9ben fontos olyan befogad\u00f3 k\u00f6rnyezet kialak\u00edt\u00e1sa, amely \u00f6szt\u00f6nzi az egy\u00fcttm\u0171k\u00f6d\u00e9st \u00e9s a cser\u00e9t. Ezeknek a tereknek a kialak\u00edt\u00e1sakor b\u00f6lcs dolog lehet figyelembe venni az egyes egy\u00e9nek ig\u00e9nyeit \u00e9s preferenci\u00e1it, k\u00fcl\u00f6n\u00f6sen a b\u00fatorok tekintet\u00e9ben. P\u00e9ld\u00e1ul egy kerek vagy ov\u00e1lis t\u00e1rgyal\u00f3asztal fokozza az \u00f6sszetartoz\u00e1s \u00e9rz\u00e9s\u00e9t. Az ehhez hasonl\u00f3 apr\u00f3 r\u00e9szletek hozz\u00e1j\u00e1rulnak a csapat koh\u00e9zi\u00f3j\u00e1nak jav\u00edt\u00e1s\u00e1hoz.<\/p>\n\n\n\n<p>A munkahelyi soksz\u00edn\u0171s\u00e9gi politika k\u00f6vet\u00e9se folyamatos elk\u00f6telezetts\u00e9g, ami \u00e1tgondolt m\u00e9rlegel\u00e9st \u00e9s c\u00e9lzott cselekv\u00e9si tervet ig\u00e9nyel. A tisztess\u00e9ges \u00e9s soksz\u00edn\u0171 v\u00e1llalati kult\u00fara megval\u00f3s\u00edt\u00e1sa a CSR-politika alapvet\u0151 eleme, ugyan\u00fagy, mint a dolgoz\u00f3k eg\u00e9szs\u00e9g\u00e9nek biztos\u00edt\u00e1sa a higi\u00e9niai \u00e9s biztons\u00e1gi int\u00e9zked\u00e9sek v\u00e9grehajt\u00e1s\u00e1val.<\/p>\n\n\n\n<p>T\u00f6ltse le a \u201e<a href=\"https:\/\/www.manutan.hu\/blog\/tarsadalmi-felelossegvallalas-a-sikeres-csr-strategiahoz-szukseges-szempontok\/\"><span class=\"has-inline-color has-primary-color\">T\u00e1rsadalmi felel\u0151ss\u00e9gv\u00e1llal\u00e1s: A sikeres CSR-strat\u00e9gi\u00e1hoz sz\u00fcks\u00e9ges szempontok<\/span><\/a>\u201d c\u00edm\u0171 tanulm\u00e1nyunkat!<\/p>\n","protected":false},"excerpt":{"rendered":"<p>A soksz\u00edn\u0171s\u00e9g t\u00f6bb, mint erk\u00f6lcsi k\u00f6teless\u00e9g, val\u00f3di \u00e9rt\u00e9k a v\u00e1llalkoz\u00e1sok sz\u00e1m\u00e1ra, \u00e9s teljes\u00edtm\u00e9nyfokoz\u00f3k\u00e9nt m\u0171k\u00f6dik. De hogyan \u00f6szt\u00f6n\u00f6zhetj\u00fck?<\/p>\n","protected":false},"author":2,"featured_media":3556,"comment_status":"closed","ping_status":"closed","sticky":false,"template":"","format":"standard","meta":[],"categories":[522,531],"tags":[439,225,437,438],"jetpack_featured_media_url":"https:\/\/www.manutan.hu\/blog\/wp-content\/uploads\/2024\/05\/Diverzitas2-A00225P2-min.jpeg","_links":{"self":[{"href":"https:\/\/www.manutan.hu\/blog\/wp-json\/wp\/v2\/posts\/3555"}],"collection":[{"href":"https:\/\/www.manutan.hu\/blog\/wp-json\/wp\/v2\/posts"}],"about":[{"href":"https:\/\/www.manutan.hu\/blog\/wp-json\/wp\/v2\/types\/post"}],"author":[{"embeddable":true,"href":"https:\/\/www.manutan.hu\/blog\/wp-json\/wp\/v2\/users\/2"}],"replies":[{"embeddable":true,"href":"https:\/\/www.manutan.hu\/blog\/wp-json\/wp\/v2\/comments?post=3555"}],"version-history":[{"count":5,"href":"https:\/\/www.manutan.hu\/blog\/wp-json\/wp\/v2\/posts\/3555\/revisions"}],"predecessor-version":[{"id":3561,"href":"https:\/\/www.manutan.hu\/blog\/wp-json\/wp\/v2\/posts\/3555\/revisions\/3561"}],"wp:featuredmedia":[{"embeddable":true,"href":"https:\/\/www.manutan.hu\/blog\/wp-json\/wp\/v2\/media\/3556"}],"wp:attachment":[{"href":"https:\/\/www.manutan.hu\/blog\/wp-json\/wp\/v2\/media?parent=3555"}],"wp:term":[{"taxonomy":"category","embeddable":true,"href":"https:\/\/www.manutan.hu\/blog\/wp-json\/wp\/v2\/categories?post=3555"},{"taxonomy":"post_tag","embeddable":true,"href":"https:\/\/www.manutan.hu\/blog\/wp-json\/wp\/v2\/tags?post=3555"}],"curies":[{"name":"wp","href":"https:\/\/api.w.org\/{rel}","templated":true}]}}