{"id":3468,"date":"2024-04-08T14:32:47","date_gmt":"2024-04-08T12:32:47","guid":{"rendered":"https:\/\/www.manutan.hu\/blog\/?p=3468"},"modified":"2025-04-16T14:01:52","modified_gmt":"2025-04-16T12:01:52","slug":"munkahelyi-etkezo-berendezese","status":"publish","type":"post","link":"https:\/\/www.manutan.hu\/blog\/munkahelyi-etkezo-berendezese\/","title":{"rendered":"Munkahelyi \u00e9tkez\u0151 berendez\u00e9se"},"content":{"rendered":"\n<p>A munkahelyi \u00e9tkez\u0151 az iroda egyik k\u00f6zponti helyis\u00e9ge. Felszerel\u00e9s\u00e9re \u00e9s berendez\u00e9s\u00e9re legal\u00e1bb akkora hangs\u00falyt kell fektetni, mint a munka\u00e1llom\u00e1sok kialak\u00edt\u00e1s\u00e1ra. Mutatjuk, mi mindenre \u00e9rdemes figyelni.\u00a0<\/p>\n\n\n\n<figure class=\"wp-block-image size-full\"><img loading=\"lazy\" width=\"836\" height=\"542\" src=\"https:\/\/www.manutan.hu\/blog\/wp-content\/uploads\/2024\/04\/munkahelyi-etkezo.jpg\" alt=\"munkahelyi \u00e9tkez\u0151 berendez\u00e9se\" class=\"wp-image-3469\" srcset=\"https:\/\/www.manutan.hu\/blog\/wp-content\/uploads\/2024\/04\/munkahelyi-etkezo.jpg 836w, https:\/\/www.manutan.hu\/blog\/wp-content\/uploads\/2024\/04\/munkahelyi-etkezo-300x194.jpg 300w, https:\/\/www.manutan.hu\/blog\/wp-content\/uploads\/2024\/04\/munkahelyi-etkezo-768x498.jpg 768w\" sizes=\"(max-width: 836px) 100vw, 836px\" \/><\/figure>\n\n\n\n<h2><strong>\u00c9tkez\u0151 az irod\u00e1ban: k\u00f6z\u00f6ss\u00e9gi t\u00e9r \u00e9s praktikus funkci\u00f3k egyben<\/strong>&nbsp;<\/h2>\n\n\n\n<p>Ak\u00e1r apr\u00f3cska teakonyh\u00e1r\u00f3l van sz\u00f3, ak\u00e1r egy t\u00e1gas munkahelyi \u00e9tkez\u0151r\u0151l, a felszerelts\u00e9ge \u00e9s a kialak\u00edt\u00e1sa alapvet\u0151en befoly\u00e1solja a munkav\u00e1llal\u00f3k j\u00f3ll\u00e9t\u00e9t. A legt\u00f6bb koll\u00e9ga itt fogja kezdeni a napj\u00e1t egy friss\u00edt\u0151 k\u00e1v\u00e9 vagy egy finom tea k\u00e9sz\u00edt\u00e9s\u00e9vel. Akik otthonr\u00f3l hoznak eb\u00e9det, \u00e9rkez\u00e9s ut\u00e1n els\u0151 \u00fatjuk az irodai h\u0171t\u0151szekr\u00e9nyhez vezet majd. Eb\u00e9did\u0151ben szint\u00e9n itt tal\u00e1lkoznak a koll\u00e9g\u00e1k. A k\u00f6z\u00f6s \u00e9tkez\u00e9sek \u00f6sszekov\u00e1csolj\u00e1k a csapatot, \u00edgy ha van elegend\u0151 hely, mindenk\u00e9pp \u00e9rdemes erre lehet\u0151s\u00e9get biztos\u00edtani k\u00e9nyelmes \u00e9tkez\u0151b\u00fatorok, ill. az \u00e9tkez\u00e9shez sz\u00fcks\u00e9ges felszerel\u00e9sek beszerz\u00e9s\u00e9vel. Ha pedig gyakran \u00e9rkeznek vend\u00e9gek az irod\u00e1ba, akkor a munkahelyi \u00e9tkez\u0151ben k\u00e9sz\u00edtik el\u0151 sz\u00e1mukra az italokat (pl. k\u00e1v\u00e9, tea, \u00e1sv\u00e1nyv\u00edz), de hosszabb t\u00e1rgyal\u00e1sok eset\u00e9n ak\u00e1r kisebb harapnival\u00f3kat is (pl. pog\u00e1csa, gy\u00fcm\u00f6lcs). A munkahelyi \u00e9tkez\u0151t teh\u00e1t \u00fagy kell berendezni, hogy ezek mindegyik\u00e9re alkalmas legyen.&nbsp;&nbsp;<\/p>\n\n\n\n<h2><strong>Mi mindenre van sz\u00fcks\u00e9g egy modern munkahelyi \u00e9tkez\u0151ben?<\/strong>&nbsp;<\/h2>\n\n\n\n<h3><strong>Konyhab\u00fator \u00e9s h\u00e1ztart\u00e1si g\u00e9pek<\/strong>&nbsp;<\/h3>\n\n\n\n<p>A be\u00e9p\u00edtett konyhab\u00fatorok a legpraktikusabbak, mert ezek m\u00e9rete t\u00f6k\u00e9letesen passzolni fog a helyis\u00e9g m\u00e9ret\u00e9hez. Nem lesznek \u00fcres sarkok, rejtett zugok, amik azt\u00e1n megnehez\u00edtik a munkahelyi \u00e9tkez\u0151 takar\u00edt\u00e1s\u00e1t. Helytakar\u00e9koss\u00e1gi szempontok miatt ak\u00e1rcsak az otthonainkban, az irodai konyh\u00e1ban is \u00e9rdemes elhelyezni n\u00e9h\u00e1ny fali szekr\u00e9nyt. Ezekbe ker\u00fclhetnek a t\u00e1ny\u00e9rok, a poharak, illetve ide\u00e1lis hely egy be\u00e9p\u00edtett mikr\u00f3 sz\u00e1m\u00e1ra is. A mikr\u00f3k sz\u00e1m\u00e1t a munkav\u00e1llal\u00f3k l\u00e9tsz\u00e1m\u00e1hoz \u00e9s a munkaid\u0151 rugalmass\u00e1g\u00e1hoz \u00e9rdemes igaz\u00edtani. Ha a munkaid\u0151 rugalmas \u00e9s 10-15 f\u0151n\u00e9l t\u00f6bben nem haszn\u00e1lj\u00e1k az \u00e9tkez\u0151t, akkor a koll\u00e9g\u00e1k \u00e1ltal\u00e1ban m\u00e1s-m\u00e1s id\u0151pontokban eb\u00e9delnek, \u00edgy nem alakulnak ki sorok a mikr\u00f3n\u00e1l. Ha viszont mindenkinek fix id\u0151pontban van az eb\u00e9dsz\u00fcnete, vagy t\u00f6bb mint 15 f\u0151 haszn\u00e1lja ugyanazt a munkahelyi \u00e9tkez\u0151t, akkor t\u00f6bb mikr\u00f3ra is sz\u00fcks\u00e9g van, k\u00fcl\u00f6nben lej\u00e1r az eb\u00e9did\u0151, mire mindenki sorra ker\u00fcl.&nbsp;<\/p>\n\n\n\n<p>Als\u00f3 szekr\u00e9nyekb\u0151l nincs sz\u00fcks\u00e9g t\u00fal sokra. Egy mosogat\u00f3, egy mosogat\u00f3g\u00e9p \u00e9s 2-3 szekr\u00e9ny \u00e1ltal\u00e1ban elegend\u0151. A munkapult fel\u00fclete legyen el\u00e9g nagy ahhoz, hogy azon elf\u00e9rjen a k\u00e1v\u00e9f\u0151z\u0151, a v\u00edzforral\u00f3 \u00e9s maradjon el\u00e9g hely az el\u0151k\u00e9sz\u00edt\u0151 feladatokhoz is. Az als\u00f3 szekr\u00e9nyekben t\u00e1rolhatjuk a k\u00e1v\u00e9z\u00e1shoz, te\u00e1z\u00e1shoz haszn\u00e1lt c\u00e9ges k\u00e9szletet, illetve praktikus, ha helyet kap egy fi\u00f3k is, ahol az ev\u0151eszk\u00f6z\u00f6k kapnak helyet.&nbsp;<\/p>\n\n\n\n<p>A tapasztalatok szerint egy j\u00f3 k\u00e1v\u00e9f\u0151z\u0151 sokat dob a munkahelyi j\u00f3ll\u00e9ten. Kiv\u00e1laszt\u00e1sakor \u00e9rdemes figyelembe venni, hogy mindenki m\u00e1s-m\u00e1s t\u00edpus\u00fa k\u00e1v\u00e9t szeret. Egy automata, dar\u00e1l\u00f3s k\u00e1v\u00e9f\u0151z\u0151 dr\u00e1g\u00e1bb ugyan, mint egy filteres, vagy karos k\u00e1v\u00e9f\u0151z\u0151, viszont a sz\u00e1mtalan egyedi be\u00e1ll\u00edt\u00e1si lehet\u0151s\u00e9gnek k\u00f6sz\u00f6nhet\u0151en egy ilyen g\u00e9ppel mindenki olyan k\u00e1v\u00e9t f\u0151zhet mag\u00e1nak, amit legink\u00e1bb szeret. Egy j\u00f3 k\u00e1v\u00e9f\u0151z\u0151re tekints\u00fcnk \u00fagy, mint produktivit\u00e1st fokoz\u00f3 beruh\u00e1z\u00e1s.&nbsp;&nbsp;<\/p>\n\n\n\n<p>Az ink\u00e1bb te\u00e1z\u00f3 koll\u00e9g\u00e1k nagyra \u00e9rt\u00e9kelik majd, ha h\u0151fokszab\u00e1lyoz\u00f3val ell\u00e1tott <a href=\"https:\/\/www.manutan.hu\/hu\/mhu\/vizforralo-sencor-swk-1890ss\" target=\"_blank\" rel=\"noreferrer noopener\">v\u00edzforral\u00f3t<\/a> v\u00e1laszt. Ezzel optim\u00e1lis h\u0151fokon k\u00e9sz\u00edthet\u0151 el a fekete, a z\u00f6ld, a feh\u00e9r \u00e9s a herba tea is.&nbsp;&nbsp;<\/p>\n\n\n\n<p>A mosogat\u00f3g\u00e9p nagyban hozz\u00e1j\u00e1rul a munkahelyi \u00e9tkez\u0151 higi\u00e9ni\u00e1j\u00e1hoz. Irod\u00e1kba \u00e9rdemes nagyobb, 12 ter\u00edt\u00e9kes g\u00e9pet v\u00e1lasztani. Sok munkahelyen \u201eMosogat\u00f3g\u00e9p etikettet\u201d is kif\u00fcggesztenek, amelyben pontokba foglalj\u00e1k a k\u00f6z\u00f6sen kialak\u00edtott szok\u00e1sokat. P\u00e9ld\u00e1ul a koszos t\u00e1ny\u00e9rokat, poharakat mindenki maga pakolja a g\u00e9pbe, vagy ha az m\u00e1r megtelt, akkor elind\u00edtj\u00e1k \u00e9s nem v\u00e1rj\u00e1k meg a takar\u00edt\u00f3 szem\u00e9lyzetet vele. A be\u00e9p\u00edtett mosogat\u00f3g\u00e9pekn\u00e9l sokszor nem l\u00e1that\u00f3 \u00e9s hallhat\u00f3, hogy \u00e9ppen m\u0171k\u00f6d\u00e9sben van, ez\u00e9rt ezekhez egy \u201eDolgozom\/V\u00e9geztem\u201d forgathat\u00f3 t\u00e1bl\u00e1cska is praktikus kieg\u00e9sz\u00edt\u0151.&nbsp;&nbsp;<\/p>\n\n\n\n<p>A h\u0171t\u0151szekr\u00e9ny m\u00e9ret\u00e9t szint\u00e9n a munkav\u00e1llal\u00f3k l\u00e9tsz\u00e1m\u00e1hoz kell igaz\u00edtani. A h\u00e1ztart\u00e1sokban haszn\u00e1lt kombi h\u0171t\u0151szekr\u00e9nyek helyett ink\u00e1bb olyan t\u00edpust v\u00e1lasszunk, amiben a fagyaszt\u00f3 rekesz kisebb m\u00e9ret\u0171 \u00e9s a norm\u00e1l h\u0171t\u0151t\u00e9r a nagyobb. Sok munkahelyi \u00e9tkez\u0151ben teremt konfliktushelyzetet&nbsp; a h\u0171t\u0151ben felejtett \u00e9telek k\u00e9rd\u00e9se, ez\u00e9rt a mosogat\u00f3g\u00e9phez hasonl\u00f3an itt is \u00e9rdemes egy etikett szab\u00e1lyt kif\u00fcggeszteni. Ebbe olyan szab\u00e1lyok ker\u00fclhetnek, mint pl. n\u00e9vvel, d\u00e1tummal ell\u00e1tva ker\u00fclj\u00f6n az \u00e9tel a h\u0171t\u0151be, mikor ker\u00fcl kidob\u00e1sra valami, illetve mikor takar\u00edt\u00e1s miatt mindenk\u00e9pp ki\u00fcr\u00edteni az irodai h\u0171t\u0151szekr\u00e9nyt.&nbsp;<\/p>\n\n\n\n<h3><strong>\u00c9tkez\u0151b\u00fatorok irod\u00e1ba<\/strong>&nbsp;<\/h3>\n\n\n\n<p>Legyen sz\u00f3 k\u00f6z\u00f6s k\u00e1v\u00e9z\u00e1sr\u00f3l vagy eb\u00e9dr\u0151l, j\u00f3l esik a koll\u00e9g\u00e1kkal egy asztal k\u00f6r\u00e9 gy\u0171lni, besz\u00e9lgetni \u00e9s felt\u00f6lt\u0151dni kicsit, miel\u0151tt visszat\u00e9rn\u00e9nk az \u00edr\u00f3asztal mell\u00e9. A munkahelyi \u00e9tkez\u0151ben az \u00e9tkez\u0151b\u00fatornak k\u00f6zponti szerepe van, hiszen az nemcsak praktikus funkci\u00f3t t\u00f6lt be, hanem a k\u00f6z\u00f6ss\u00e9gform\u00e1l\u00e1sban is r\u00e9szt vesz. A k\u00e9tszem\u00e9lyes asztalok helyett c\u00e9lszer\u0171bb 4-6, vagy ak\u00e1r 8 szem\u00e9lyes <a href=\"https:\/\/www.manutan.hu\/hu\/mhu\/ettermi-es-etkezoasztalok-tobb-fore\" target=\"_blank\" rel=\"noreferrer noopener\">\u00e9tkez\u0151asztalokat<\/a> v\u00e1lasztani, hiszen azzal arra \u00f6szt\u00f6n\u00f6zz\u00fck a koll\u00e9g\u00e1kat, hogy \u00e9tkez\u00e9s k\u00f6zben besz\u00e9lgessenek egym\u00e1ssal, ami fontos a csapatszellem szempontj\u00e1b\u00f3l. Az \u00e9tkez\u0151asztal kiv\u00e1laszt\u00e1sakor t\u00f6rekedni kell az eszt\u00e9tikumra \u00e9s a praktikumra is. Az asztallap fel\u00fclete legyen strapab\u00edr\u00f3, hiszen sokkal nagyobb ig\u00e9nybev\u00e9telnek van kit\u00e9ve, mint egy otthoni \u00e9tkez\u0151asztal, r\u00e1ad\u00e1sul minden nap fert\u0151tlen\u00edteni is sz\u00fcks\u00e9ges.&nbsp;<\/p>\n\n\n\n<p>A munkahelyi \u00e9tkez\u0151be c\u00e9lszer\u0171 olyan sz\u00e9keket v\u00e1lasztani, amelyek k\u00e9nyelmesek \u00e9s k\u00f6nnyen tiszt\u00edthat\u00f3ak. A legpraktikusabb a fa vagy m\u0171anyag \u00fcl\u0151fel\u00fclettel gy\u00e1rtott <a href=\"https:\/\/www.manutan.hu\/hu\/mhu\/etkezoszekek-szekek\" target=\"_blank\" rel=\"noreferrer noopener\">\u00e9tkez\u0151sz\u00e9k,<\/a> mert ezek j\u00f3l b\u00edrj\u00e1k a rendszeres mos\u00e1st, fert\u0151tlen\u00edt\u00e9st. A textil sz\u00f6vetes sz\u00e9kek is sz\u00f3ba j\u00f6hetnek, de sz\u00e1molnunk kell azzal, hogy azok huzata nem fert\u0151tlen\u00edthet\u0151 \u00e9s moshat\u00f3, ez\u00e9rt gyakoribb cser\u00e9re lehet sz\u00fcks\u00e9g.&nbsp;<\/p>\n\n\n\n<h3><strong>Kieg\u00e9sz\u00edt\u0151k a munkahelyi \u00e9tkez\u0151be<\/strong>&nbsp;<\/h3>\n\n\n\n<p>Az \u00e9tkez\u0151be mindenk\u00e9pp ker\u00fclj\u00f6n megfelel\u0151 sz\u00e1m\u00fa \u00e9s t\u00edpus\u00fa hullad\u00e9kgy\u0171jt\u0151. A kommun\u00e1lis hullad\u00e9khoz olyan szemetest kell v\u00e1lasztani, ami alkalmas \u00e9telmarad\u00e9kok gy\u0171jt\u00e9s\u00e9re is. A teteje legyen z\u00e1rt, higi\u00e9niai okokb\u00f3l pedig praktikus, ha ped\u00e1llal nyithat\u00f3. F\u00e9m, m\u0171anyag \u00e9s pap\u00edr <a href=\"https:\/\/www.manutan.hu\/hu\/mhu\/szemetes-kosar-szelektiv-hulladekgyujtesre\" target=\"_blank\" rel=\"noreferrer noopener\">szelekt\u00edv hullad\u00e9kgy\u0171jt\u0151kre<\/a> is sz\u00fcks\u00e9g lesz, amit a kommun\u00e1lis hullad\u00e9kgy\u0171jt\u0151 mell\u00e9 \u00e9rdemes helyezni.&nbsp;<\/p>\n\n\n\n<p>Egy <a href=\"https:\/\/www.manutan.hu\/hu\/mhu\/faliorak\" target=\"_blank\" rel=\"noreferrer noopener\">fali\u00f3ra<\/a> seg\u00edt tartani az \u00e9tkez\u00e9si id\u0151t, a falra akasztott sz\u00ednes k\u00e9pekkel pedig vid\u00e1m hangulatot teremthet\u00fcnk. Sok munkahelyen ker\u00fcl a konyh\u00e1ba egy <a href=\"https:\/\/www.manutan.hu\/hu\/mhu\/magneses-tablak-gmc01017\" target=\"_blank\" rel=\"noreferrer noopener\">falit\u00e1bla<\/a> (parafa vagy m\u00e1gneses) is, ahol ki lehet f\u00fcggeszteni a legfontosabb tudnival\u00f3kat (pl. negyed\u00e9ves eredm\u00e9nyek, a h\u00f3nap dolgoz\u00f3ja, fontos d\u00e1tumok stb.).&nbsp;<\/p>\n\n\n\n<h2><strong>Ezek is helyet kaphatnak egy modern munkahelyi \u00e9tkez\u0151ben<\/strong>&nbsp;<\/h2>\n\n\n\n<p>Az \u00f6kotudatos v\u00e1llalatokn\u00e1l ma m\u00e1r komposzt gy\u0171jt\u0151 ed\u00e9ny is tal\u00e1lhat\u00f3 kommun\u00e1lis \u00e9s a szelekt\u00edv szemetesek mellett. Ez egy olyan z\u00e1rt ed\u00e9ny, amibe a k\u00e1v\u00e9zaccot, a teafiltereket vagy a gy\u00fcm\u00f6lcs\u00f6k h\u00e9j\u00e1t lehet gy\u0171jteni, ami azt\u00e1n az irodah\u00e1z kertj\u00e9ben tal\u00e1lhat\u00f3 komposzt\u00e1l\u00f3ba ker\u00fcl. Ezzel a m\u00f3dszerrel a szerves hullad\u00e9kokat \u00e9rt\u00e9kes humussz\u00e1 alak\u00edthatjuk, amit azt\u00e1n az iroda kertj\u00e9ben hasznos\u00edthatunk. A komposzt gy\u0171jt\u0151 ed\u00e9ny \u00fcr\u00edt\u00e9s\u00e9r\u0151l naponta \u00e9rdemes gondoskodni, k\u00fcl\u00f6nben a z\u00e1rt ed\u00e9nyben rothad\u00e1si folyamatok indulhatnak el.&nbsp;<\/p>\n\n\n\n<p>Ha a fal egy r\u00e9sz\u00e9t t\u00e1blafest\u00e9kkel kenj\u00fck le, akkor t\u00e1blafilc vagy kr\u00e9ta seg\u00edts\u00e9g\u00e9vel a koll\u00e9g\u00e1k \u00fczenhetnek egym\u00e1snak, de ak\u00e1r \u00f6tletgy\u0171jt\u0151, vagy szavazatgy\u0171jt\u0151 falk\u00e9nt is haszn\u00e1lhatjuk a fel\u00fcletet.&nbsp;<\/p>\n\n\n\n<p>Ha a munkahelyi \u00e9tkez\u0151 kell\u0151en elszepar\u00e1lt az irod\u00e1kt\u00f3l, akkor halk zene is sz\u00f3lhat, ami kellemes atmoszf\u00e9r\u00e1t teremt, de nem zavarja a munka\u00e1llom\u00e1sokon dolgoz\u00f3kat. Erre a c\u00e9lra haszn\u00e1lhatunk egyszer\u0171 r\u00e1di\u00f3t, de kihelyezhet\u00fcnk hordozhat\u00f3 hangsz\u00f3r\u00f3t is, amihez mobiltelefonjaikkal csatlakozhatnak a koll\u00e9g\u00e1k.&nbsp;<\/p>\n\n\n\n<p>Ha a munkahelyi \u00e9tkez\u0151 kell\u0151en t\u00e1gas, kialak\u00edthatunk egy k\u00fcl\u00f6n\u00e1ll\u00f3 k\u00e1v\u00e9z\u00f3sarkot is k\u00e9nyelmes fotelekkel \u00e9s doh\u00e1nyz\u00f3asztallal. Ez lehet\u0151s\u00e9get ny\u00fajt egy kis ejt\u0151z\u00e9sre, illetve k\u00f6tetlenebb\u00e9 teszi a k\u00e1v\u00e9z\u00e1s idej\u00e9t. Egy ilyen sarok ak\u00e1r meetingeknek is otthont adhat.&nbsp;<\/p>\n\n\n\n<p>A Manutan k\u00edn\u00e1lat\u00e1ban minden sz\u00fcks\u00e9ges felszerel\u00e9st megtal\u00e1l, amire egy munkahelyi \u00e9tkez\u0151 berendez\u00e9s\u00e9hez sz\u00fcks\u00e9ge lehet. Keressen minket bizalommal!&nbsp;<\/p>\n","protected":false},"excerpt":{"rendered":"<p>A munkahelyi \u00e9tkez\u0151 az iroda egyik k\u00f6zponti helyis\u00e9ge. Felszerel\u00e9s\u00e9re \u00e9s berendez\u00e9s\u00e9re legal\u00e1bb akkora hangs\u00falyt kell fektetni, mint a munka\u00e1llom\u00e1sok kialak\u00edt\u00e1s\u00e1ra. Mutatjuk, mi mindenre \u00e9rdemes figyelni.\u00a0 \u00c9tkez\u0151 az irod\u00e1ban: k\u00f6z\u00f6ss\u00e9gi t\u00e9r \u00e9s praktikus funkci\u00f3k egyben&nbsp; Ak\u00e1r apr\u00f3cska teakonyh\u00e1r\u00f3l van sz\u00f3, ak\u00e1r egy t\u00e1gas munkahelyi \u00e9tkez\u0151r\u0151l, a felszerelts\u00e9ge \u00e9s a kialak\u00edt\u00e1sa alapvet\u0151en befoly\u00e1solja a munkav\u00e1llal\u00f3k j\u00f3ll\u00e9t\u00e9t. A [&hellip;]<\/p>\n","protected":false},"author":3,"featured_media":3469,"comment_status":"closed","ping_status":"closed","sticky":false,"template":"","format":"standard","meta":[],"categories":[522],"tags":[],"jetpack_featured_media_url":"https:\/\/www.manutan.hu\/blog\/wp-content\/uploads\/2024\/04\/munkahelyi-etkezo.jpg","_links":{"self":[{"href":"https:\/\/www.manutan.hu\/blog\/wp-json\/wp\/v2\/posts\/3468"}],"collection":[{"href":"https:\/\/www.manutan.hu\/blog\/wp-json\/wp\/v2\/posts"}],"about":[{"href":"https:\/\/www.manutan.hu\/blog\/wp-json\/wp\/v2\/types\/post"}],"author":[{"embeddable":true,"href":"https:\/\/www.manutan.hu\/blog\/wp-json\/wp\/v2\/users\/3"}],"replies":[{"embeddable":true,"href":"https:\/\/www.manutan.hu\/blog\/wp-json\/wp\/v2\/comments?post=3468"}],"version-history":[{"count":1,"href":"https:\/\/www.manutan.hu\/blog\/wp-json\/wp\/v2\/posts\/3468\/revisions"}],"predecessor-version":[{"id":3470,"href":"https:\/\/www.manutan.hu\/blog\/wp-json\/wp\/v2\/posts\/3468\/revisions\/3470"}],"wp:featuredmedia":[{"embeddable":true,"href":"https:\/\/www.manutan.hu\/blog\/wp-json\/wp\/v2\/media\/3469"}],"wp:attachment":[{"href":"https:\/\/www.manutan.hu\/blog\/wp-json\/wp\/v2\/media?parent=3468"}],"wp:term":[{"taxonomy":"category","embeddable":true,"href":"https:\/\/www.manutan.hu\/blog\/wp-json\/wp\/v2\/categories?post=3468"},{"taxonomy":"post_tag","embeddable":true,"href":"https:\/\/www.manutan.hu\/blog\/wp-json\/wp\/v2\/tags?post=3468"}],"curies":[{"name":"wp","href":"https:\/\/api.w.org\/{rel}","templated":true}]}}