{"id":3348,"date":"2024-02-07T12:19:58","date_gmt":"2024-02-07T11:19:58","guid":{"rendered":"https:\/\/www.manutan.hu\/blog\/?p=3348"},"modified":"2025-04-16T14:07:39","modified_gmt":"2025-04-16T12:07:39","slug":"fenntarthato-mobilitas-a-vallalatok-eleteben","status":"publish","type":"post","link":"https:\/\/www.manutan.hu\/blog\/fenntarthato-mobilitas-a-vallalatok-eleteben\/","title":{"rendered":"Fenntarthat\u00f3 mobilit\u00e1s a v\u00e1llalatok \u00e9let\u00e9ben"},"content":{"rendered":"\n<figure class=\"wp-block-image size-large\"><img loading=\"lazy\" width=\"1024\" height=\"683\" src=\"https:\/\/www.manutan.hu\/blog\/wp-content\/uploads\/2024\/02\/Fenntarthatosag2_A00259P2-min-1024x683.jpeg\" alt=\"\" class=\"wp-image-3349\" srcset=\"https:\/\/www.manutan.hu\/blog\/wp-content\/uploads\/2024\/02\/Fenntarthatosag2_A00259P2-min-1024x683.jpeg 1024w, https:\/\/www.manutan.hu\/blog\/wp-content\/uploads\/2024\/02\/Fenntarthatosag2_A00259P2-min-300x200.jpeg 300w, https:\/\/www.manutan.hu\/blog\/wp-content\/uploads\/2024\/02\/Fenntarthatosag2_A00259P2-min-768x512.jpeg 768w, https:\/\/www.manutan.hu\/blog\/wp-content\/uploads\/2024\/02\/Fenntarthatosag2_A00259P2-min-1536x1024.jpeg 1536w, https:\/\/www.manutan.hu\/blog\/wp-content\/uploads\/2024\/02\/Fenntarthatosag2_A00259P2-min.jpeg 1920w\" sizes=\"(max-width: 1024px) 100vw, 1024px\" \/><\/figure>\n\n\n\n<p>Mint ismert, a hagyom\u00e1nyos k\u00f6zleked\u00e9si m\u00f3dok, p\u00e9ld\u00e1ul a szem\u00e9lyg\u00e9pkocsik haszn\u00e1lata felel\u0151s az \u00fcvegh\u00e1zhat\u00e1s\u00fa g\u00e1zok kibocs\u00e1t\u00e1s\u00e1nak jelent\u0151s r\u00e9sz\u00e9\u00e9rt. Ezzel a t\u00e9nnyel szembes\u00fclve egyre t\u00f6bb v\u00e1llalat t\u00f6rekszik arra, hogy \u00f6szt\u00f6n\u00f6zze az \u00f6kol\u00f3giai \u00e9s k\u00f6rnyezetbar\u00e1t k\u00f6zleked\u00e9si rendszerek elfogad\u00e1s\u00e1t.<\/p>\n\n\n\n<p>Ennek a cikknek a c\u00e9lja, hogy bemutassa a v\u00e1llalatokn\u00e1l manaps\u00e1g haszn\u00e1lhat\u00f3 k\u00fcl\u00f6nb\u00f6z\u0151 fenntarthat\u00f3 mobilit\u00e1si lehet\u0151s\u00e9geket, valamint ezek el\u0151nyeit \u00e9s bev\u00e1lt gyakorlatait az \u00e1t\u00e1ll\u00e1s \u00f6szt\u00f6nz\u00e9s\u00e9re.<\/p>\n\n\n\n<h2><strong>A fenntarthat\u00f3 mobilit\u00e1s k\u00fcl\u00f6nb\u00f6z\u0151 t\u00edpusai a v\u00e1llalatokn\u00e1l<\/strong><\/h2>\n\n\n\n<p>A szem\u00e9lyg\u00e9pkocsikkal val\u00f3 ing\u00e1z\u00e1s kiv\u00e1lt\u00e1s\u00e1ra (vagy legal\u00e1bbis cs\u00f6kkent\u00e9s\u00e9re) sz\u00e1mos megold\u00e1s l\u00e9tezik. Alkalmazottaik tudatos\u00edt\u00e1s\u00e1val a v\u00e1llalatok felel\u0151ss\u00e9gteljes megk\u00f6zel\u00edt\u00e9st alkalmazhatnak a k\u00f6rnyezet meg\u00f3v\u00e1sa \u00e9s a hat\u00e1lyos szab\u00e1lyoz\u00e1sok betart\u00e1sa \u00e9rdek\u00e9ben.<\/p>\n\n\n\n<h3><strong>Ker\u00e9kp\u00e1roz\u00e1s<\/strong><\/h3>\n\n\n\n<p>Legyen sz\u00f3 hagyom\u00e1nyos vagy elektromos ker\u00e9kp\u00e1rr\u00f3l, ez a k\u00f6zleked\u00e9si m\u00f3d az egyik legink\u00e1bb k\u00f6rnyezetk\u00edm\u00e9l\u0151 megold\u00e1s, r\u00e1ad\u00e1sul az eg\u00e9szs\u00e9g\u00fcnkre is pozit\u00edvan hat. Cs\u00f6kkenti a sz\u00e9n-dioxid-kibocs\u00e1t\u00e1st \u00e9s cs\u00f6kkenti a forgalmi dug\u00f3kat a v\u00e1rosokban, ami hozz\u00e1j\u00e1rul a leveg\u0151min\u0151s\u00e9g javul\u00e1s\u00e1hoz.<\/p>\n\n\n\n<p>Az elektromos r\u00e1seg\u00edt\u00e9s\u0171 ker\u00e9kp\u00e1rok j\u00f3 alternat\u00edv\u00e1t jelentenek ak\u00e1r hosszabb utakra is, vagy azoknak, akiknek neh\u00e9zs\u00e9get okoz hagyom\u00e1nyos ker\u00e9kp\u00e1rt haszn\u00e1lni. Magas szint\u0171 k\u00e9nyelmet k\u00edn\u00e1l, \u00e9s cs\u00f6kkenti a sz\u00fcks\u00e9ges fizikai er\u0151fesz\u00edt\u00e9s intenzit\u00e1s\u00e1t, mik\u00f6zben megmaradnak a ker\u00e9kp\u00e1roz\u00e1s \u00f6kol\u00f3giai el\u0151nyei.<\/p>\n\n\n\n<h3><strong>T\u00f6megk\u00f6zleked\u00e9s<\/strong><\/h3>\n\n\n\n<p>A t\u00f6megk\u00f6zleked\u00e9s sokak \u00e1ltal prefer\u00e1lt, k\u00f6rnyezetbar\u00e1t lehet\u0151s\u00e9g, sok munkav\u00e1llal\u00f3 v\u00e1lasztja ezt a k\u00f6zleked\u00e9st az otthonuk \u00e9s a munkahely\u00fck k\u00f6z\u00f6tti ing\u00e1z\u00e1shoz. A t\u00f6megk\u00f6zleked\u00e9s:<\/p>\n\n\n\n<ul><li>V\u00e1roson bel\u00fcl a ker\u00e9kp\u00e1r mellett a leggyorsabb k\u00f6zleked\u00e9si m\u00f3d;<\/li><li>Cs\u00f6kkenti a forgalmi dug\u00f3kat \u00e9s az \u00fcvegh\u00e1zhat\u00e1s\u00fa g\u00e1zok kibocs\u00e1t\u00e1s\u00e1t;<\/li><li>Praktikus \u00e9s k\u00e9nyelmes megold\u00e1st jelent t\u00e1volabbi \u00fati c\u00e9l eset\u00e9n is (pl. vonattal ak\u00e1r a szomsz\u00e9dos orsz\u00e1gokba is k\u00e9nyelmesen utazhatunk \u00fczleti megbesz\u00e9l\u00e9sekre).<\/li><\/ul>\n\n\n\n<h3><strong>Telekocsi<\/strong><\/h3>\n\n\n\n<p>A telekocsiz\u00e1s k\u00f6zben az emberek olyanokkal osztj\u00e1k meg a j\u00e1rm\u0171vet, akik ugyanazt az utat teszik meg. Sz\u00e1mos el\u0151nye van:<\/p>\n\n\n\n<ul><li>Az utakon k\u00f6zleked\u0151 aut\u00f3k sz\u00e1ma cs\u00f6kken;<\/li><li>A CO\u00b2-kibocs\u00e1t\u00e1s \u00e9s az egy f\u0151re jut\u00f3 utaz\u00e1si k\u00f6lts\u00e9g is cs\u00f6kken;<\/li><li>El\u0151seg\u00edti a koll\u00e9g\u00e1k k\u00f6z\u00f6tti eszmecser\u00e9ket.<\/li><\/ul>\n\n\n\n<h3><strong>S\u00e9ta<\/strong><\/h3>\n\n\n\n<p>A gyalogl\u00e1s a legel\u0151ny\u00f6sebb k\u00f6zleked\u00e9si m\u00f3d, ha az \u00f6kol\u00f3giai szempontokat \u00e9s az eg\u00e9szs\u00e9gre gyakorolt hat\u00e1st vessz\u00fck figyelembe. A munkahely\u00fck k\u00f6zel\u00e9ben \u00e9l\u0151 munkav\u00e1llal\u00f3k sz\u00e1m\u00e1ra lehet\u0151s\u00e9get biztos\u00edthat a mindennapos k\u00edm\u00e9letes fizikai aktivit\u00e1sra.<\/p>\n\n\n\n<h3><strong>Elektromos robog\u00f3k<\/strong><\/h3>\n\n\n\n<p>A praktikus \u00e9s k\u00f6rnyezetbar\u00e1t alternat\u00edva. Az elektromos robog\u00f3k intelligens mobilit\u00e1si megold\u00e1st jelentenek a r\u00f6vid t\u00e1v\u00fa v\u00e1rosi utaz\u00e1sokhoz.<\/p>\n\n\n\n<h2><strong>A fenntarthat\u00f3 mobilit\u00e1s el\u0151nyei a v\u00e1llalatok sz\u00e1m\u00e1ra<\/strong><\/h2>\n\n\n\n<p>A fenntarthat\u00f3 mobilit\u00e1s a v\u00e1llalatokn\u00e1l sz\u00e1mos el\u0151nnyel j\u00e1r, mind a k\u00f6rnyezeti, mind az emberi t\u00e9nyez\u0151k tekintet\u00e9ben.<\/p>\n\n\n\n<h3><strong>A k\u00f6rnyezeti l\u00e1bnyom cs\u00f6kkent\u00e9se<\/strong><\/h3>\n\n\n\n<p>A fenntarthat\u00f3 k\u00f6zleked\u00e9si m\u00f3dok hozz\u00e1j\u00e1rulnak az \u00fcvegh\u00e1zhat\u00e1st okoz\u00f3 g\u00e1zok kibocs\u00e1t\u00e1s\u00e1nak \u00e9s a munk\u00e1ba j\u00e1r\u00e1sb\u00f3l ered\u0151 l\u00e9gszennyez\u00e9s cs\u00f6kkent\u00e9s\u00e9hez. A k\u00f6rnyezetbar\u00e1t megold\u00e1sok v\u00e1laszt\u00e1s\u00e1val a v\u00e1llalatok akt\u00edvan r\u00e9szt vesznek a kl\u00edmav\u00e1ltoz\u00e1s elleni k\u00fczdelemben \u00e9s a bolyg\u00f3 meg\u0151rz\u00e9s\u00e9ben.<\/p>\n\n\n\n<h3><strong>A munkav\u00e1llal\u00f3k eg\u00e9szs\u00e9g\u00e9nek \u00e9s j\u00f3ll\u00e9t\u00e9nek jav\u00edt\u00e1sa<\/strong><\/h3>\n\n\n\n<p>Az akt\u00edv k\u00f6zleked\u00e9si m\u00f3dok, mint p\u00e9ld\u00e1ul a ker\u00e9kp\u00e1roz\u00e1s vagy a gyalogl\u00e1s, el\u0151seg\u00edtik a testmozg\u00e1st \u00e9s seg\u00edtenek megel\u0151zni a mozg\u00e1sszeg\u00e9ny \u00e9letm\u00f3ddal \u00f6sszef\u00fcgg\u0151 betegs\u00e9geket. Ezenk\u00edv\u00fcl a forgalmi dug\u00f3kkal \u00e9s parkol\u00e1si probl\u00e9m\u00e1kkal kapcsolatos stressz cs\u00f6kkent\u00e9se hozz\u00e1j\u00e1rul az alkalmazottak \u00e1ltal\u00e1nos j\u00f3ll\u00e9t\u00e9hez. Ez pozit\u00edvan befoly\u00e1solja termel\u00e9kenys\u00e9g\u00fcket \u00e9s c\u00e9g\u00fck ir\u00e1nti elk\u00f6telezetts\u00e9g\u00fcket.<\/p>\n\n\n\n<h3><strong>Tehets\u00e9gek vonz\u00e1sa<\/strong><\/h3>\n\n\n\n<p>A fenntarthat\u00f3 mobilit\u00e1s ir\u00e1nt elk\u00f6telezett v\u00e1llalatokat t\u00e1rsadalmilag felel\u0151snek tekintik, akik t\u00f6r\u0151dnek munkav\u00e1llal\u00f3ik j\u00f3ll\u00e9t\u00e9vel is. Ez el\u0151nyt jelenthet a tehets\u00e9gek vonz\u00e1s\u00e1ban \u00e9s megtart\u00e1s\u00e1ban, akik egyre tudatosabbak a k\u00f6rnyezeti k\u00e9rd\u00e9sekben \u00e9s olyan munkahelyet keresnek, amely az \u00e9letmin\u0151s\u00e9gre is hangs\u00falyt fektet.<\/p>\n\n\n\n<h3><strong>Sz\u00e1ll\u00edt\u00e1si \u00e9s parkol\u00e1si k\u00f6lts\u00e9gek cs\u00f6kkent\u00e9se<\/strong><\/h3>\n\n\n\n<p>Azzal, hogy az alkalmazottakat alternat\u00edv k\u00f6zleked\u00e9si m\u00f3dok haszn\u00e1lat\u00e1ra \u00f6szt\u00f6nzik, a v\u00e1llalatok megtakar\u00edthatj\u00e1k a parkol\u00e1si d\u00edjakat \u00e9s a j\u00e1rm\u0171park kezel\u00e9s\u00e9nek k\u00f6lts\u00e9geit. A t\u00f6megk\u00f6zleked\u00e9st vagy telekocsit haszn\u00e1l\u00f3 alkalmazottak ak\u00e1r p\u00e9nz\u00fcgyi \u00f6szt\u00f6nz\u0151ket is \u00e9lvezhetnek.<\/p>\n\n\n\n<h2><strong>Hogyan lehet \u00f6szt\u00f6n\u00f6zni a fenntarthat\u00f3 munkahelyi mobilit\u00e1st?<\/strong><\/h2>\n\n\n\n<p>A fenntarthat\u00f3 k\u00f6zleked\u00e9si m\u00f3dszerek alkalmazottak k\u00f6r\u00e9ben t\u00f6rt\u00e9n\u0151 elterjed\u00e9s\u00e9nek el\u0151seg\u00edt\u00e9s\u00e9re egy v\u00e1llalat t\u00f6bbf\u00e9le strat\u00e9gi\u00e1t is megval\u00f3s\u00edthat.<\/p>\n\n\n\n<h3><strong>Hozz\u00e1j\u00e1rul\u00e1s az alkalmazottak t\u00f6megk\u00f6zleked\u00e9si k\u00f6lts\u00e9g\u00e9hez<\/strong><\/h3>\n\n\n\n<p>Annak \u00e9rdek\u00e9ben, hogy az alkalmazottak t\u00f6megk\u00f6zleked\u00e9si eszk\u00f6z\u00f6ket haszn\u00e1ljanak az ing\u00e1z\u00e1shoz, a v\u00e1llalatok felaj\u00e1nlhatj\u00e1k a b\u00e9rlet\u00fck v\u00e9tel\u00e1r\u00e1nak teljes (vagy r\u00e9szleges) visszat\u00e9r\u00edt\u00e9s\u00e9t.<\/p>\n\n\n\n<h3><strong>Megfelel\u0151 infrastrukt\u00fara telep\u00edt\u00e9se<\/strong><\/h3>\n\n\n\n<p>A fenntarthat\u00f3 mobilit\u00e1s elfogad\u00e1sa mag\u00e1ban foglalja olyan l\u00e9tes\u00edtm\u00e9nyek fel\u00e1ll\u00edt\u00e1s\u00e1t is, mint a ker\u00e9kp\u00e1rok \u00e9s robog\u00f3k sz\u00e1m\u00e1ra fenntartott <a href=\"https:\/\/www.manutan.hu\/hu\/mhu\/kerekpartarolok-es-fedett-beallok\" data-type=\"URL\" data-id=\"https:\/\/www.manutan.hu\/hu\/mhu\/kerekpartarolok-es-fedett-beallok\" target=\"_blank\" rel=\"noreferrer noopener\"><span class=\"has-inline-color has-primary-color\">be\u00e1ll\u00f3k, parkol\u00f3k,<\/span><\/a> elektromos j\u00e1rm\u0171vek (aut\u00f3k, ker\u00e9kp\u00e1rok \u00e9s robog\u00f3k) sz\u00e1m\u00e1ra kialak\u00edtott t\u00f6lt\u0151pontok \u00e9s telekocsik sz\u00e1m\u00e1ra fenntartott parkol\u00f3helyek.<\/p>\n\n\n\n<h3><strong>Szeml\u00e9letform\u00e1l\u00e1s \u00e9s k\u00e9pz\u00e9s<\/strong><\/h3>\n\n\n\n<p>Az energiahat\u00e9konys\u00e1gi politika r\u00e9szek\u00e9nt elengedhetetlen a munkav\u00e1llal\u00f3k oktat\u00e1sa \u00e9s k\u00e9pz\u00e9se a fenntarthat\u00f3 mobilit\u00e1s kih\u00edv\u00e1sair\u00f3l \u00e9s a k\u00fcl\u00f6nf\u00e9le el\u00e9rhet\u0151 megold\u00e1sokr\u00f3l. Bels\u0151 kommunik\u00e1ci\u00f3s kamp\u00e1nyok, workshopok vagy k\u00e9pz\u00e9sek szervezhet\u0151k az alternat\u00edv k\u00f6zleked\u00e9si m\u00f3dok n\u00e9pszer\u0171s\u00edt\u00e9s\u00e9re \u00e9s a munkav\u00e1llal\u00f3k magatart\u00e1s\u00e1nak megv\u00e1ltoztat\u00e1s\u00e1ra.<\/p>\n\n\n\n<h3><strong>P\u00e9nz\u00fcgyi \u00e9s nem p\u00e9nz\u00fcgyi \u00f6szt\u00f6nz\u0151k bevezet\u00e9se<\/strong><\/h3>\n\n\n\n<p>A p\u00e9nz\u00fcgyi \u00f6szt\u00f6nz\u0151k mellett a v\u00e1llalatok nem anyagi \u00f6szt\u00f6nz\u0151kkel is motiv\u00e1lhatj\u00e1k munkav\u00e1llal\u00f3ikat a k\u00f6rnyezetbar\u00e1t k\u00f6zleked\u00e9si m\u00f3dok alkalmaz\u00e1s\u00e1ra.<\/p>\n\n\n\n<ul><li>Hat\u00e9kony lehet p\u00e9ld\u00e1ul c\u00e9ges ker\u00e9kp\u00e1rok biztos\u00edt\u00e1sa b\u00e9ren k\u00edv\u00fcli juttat\u00e1sk\u00e9nt.<\/li><li>H\u00e1zon bel\u00fcl l\u00e9trehozhatunk egy olyan platformot, amely a koll\u00e9g\u00e1k telekocsis fuvarjainak egyszer\u0171s\u00edt\u00e9s\u00e9t szolg\u00e1lja.<\/li><li>Lehet\u0151s\u00e9get biztos\u00edthatunk arra is, hogy az alkalmazottak elektromos robog\u00f3khoz juthassanak b\u00e9rel\u00e9ssel vagy kedvez\u0151 v\u00e1s\u00e1rl\u00e1si megold\u00e1sokkal.<\/li><li>A munkat\u00e1rsak sz\u00edvesebben s\u00e9t\u00e1lnak majd, ha a telephelyen l\u00e9v\u0151 \u00e9p\u00fcleteket z\u00f6ldfel\u00fcletek k\u00f6tik \u00f6ssze.<\/li><li>A c\u00e9ges csapattal r\u00e9szt vehet\u00fcnk k\u00fcl\u00f6nf\u00e9le sportos rendezv\u00e9nyeken \u00e9s bekapcsol\u00f3dhatunk kih\u00edv\u00e1sokba is (pl. bring\u00e1zz a munk\u00e1ba).<\/li><\/ul>\n\n\n\n<h2><strong>Partners\u00e9gek a helyi \u00e9rdekelt felekkel<\/strong><\/h2>\n\n\n\n<p>A v\u00e1llalatok partners\u00e9get alak\u00edthatnak ki a helyi \u00e9rdekelt felekkel (egyes\u00fcletekkel, helyi k\u00f6z\u00f6ss\u00e9gekkel, \u00f6nkorm\u00e1nyzattal stb.), hogy az ig\u00e9nyeikhez \u00e9s ter\u00fclet\u00fckh\u00f6z igazod\u00f3, fenntarthat\u00f3 mobilit\u00e1si megold\u00e1sokat dolgozzanak ki. Ilyen lehet p\u00e9ld\u00e1ul egy \u00faj t\u00f6megk\u00f6zleked\u00e9si meg\u00e1ll\u00f3hely kialak\u00edt\u00e1sa a c\u00e9g telephelye el\u0151tt. Ezek az egy\u00fcttm\u0171k\u00f6d\u00e9sek seg\u00edthetnek a k\u00f6lts\u00e9gek \u00e9s a szak\u00e9rtelem megoszt\u00e1s\u00e1ban, \u00e9s felgyors\u00edthatj\u00e1k a fenntarthat\u00f3bb k\u00f6zleked\u00e9sre val\u00f3 \u00e1t\u00e1ll\u00e1st.<\/p>\n\n\n\n<blockquote class=\"wp-block-quote\"><p><strong>Hogyan val\u00f3s\u00edtotta meg sikeresen a Walmart a fenntarthat\u00f3 mobilit\u00e1st?<\/strong><\/p><p>2022-ben az amerikai Walmart \u00faj poz\u00edci\u00f3t hozott l\u00e9tre \u201eWorkplace Mobility Director\u201d n\u00e9vvel az arkansasi Bentonville-ben, ahol k\u00f6r\u00fclbel\u00fcl 15 000 alkalmazott dolgozik. Az \u00faj poz\u00edci\u00f3nak a f\u0151 c\u00e9lja annak biztos\u00edt\u00e1sa volt, hogy az alkalmazottak 10%-a alternat\u00edv k\u00f6zleked\u00e9si m\u00f3dok haszn\u00e1lat\u00e1val j\u00e1rjon munk\u00e1ba, ahelyett, hogy egyed\u00fcl vezetne aut\u00f3j\u00e1ban.<\/p><p>E c\u00e9l el\u00e9r\u00e9se \u00e9rdek\u00e9ben a Walmart egy\u00fcttm\u0171k\u00f6d\u00f6tt a People for Bikes nev\u0171 szervezettel, amely a ker\u00e9kp\u00e1rosok \u00e9s a ker\u00e9kp\u00e1rszektorban tev\u00e9kenyked\u0151 v\u00e1llalkoz\u00e1sokat t\u00e1mogatja a ker\u00e9kp\u00e1ros infrastrukt\u00fara fejleszt\u00e9s\u00e9ben \u00e9s a k\u00f6zv\u00e9lem\u00e9ny szeml\u00e9letform\u00e1l\u00e1s\u00e1ban.<\/p><p>Ezen k\u00edv\u00fcl a Walmart ker\u00e9kp\u00e1rt\u00e1rol\u00f3kat, zuhanyz\u00f3kat \u00e9s \u00f6lt\u00f6z\u0151szekr\u00e9nyeket alak\u00edtott ki, hogy m\u00e9g k\u00e9nyelmesebb\u00e9 \u00e9s vonz\u00f3bb\u00e1 tegye a ker\u00e9kp\u00e1roz\u00e1st. Ezekkel a l\u00e9p\u00e9ssekkel j\u00f3l demonstr\u00e1lt\u00e1k a fenntarthat\u00f3 mobilit\u00e1s ir\u00e1nti elk\u00f6telezetts\u00e9g fontoss\u00e1g\u00e1t az \u00fczleti szektorban. Amellett, hogy hozz\u00e1j\u00e1rul a sz\u00e9n-dioxid-kibocs\u00e1t\u00e1s cs\u00f6kkent\u00e9s\u00e9hez, ez a kezdem\u00e9nyez\u00e9s el\u0151seg\u00edti az alkalmazottak eg\u00e9szs\u00e9g\u00e9t \u00e9s j\u00f3ll\u00e9t\u00e9t, valamint n\u00f6veli a v\u00e1llalat vonzerej\u00e9t a tehets\u00e9gek k\u00f6r\u00e9ben.<\/p><\/blockquote>\n\n\n\n<p>A fenntarthat\u00f3 mobilit\u00e1s elfogad\u00e1sa a v\u00e1llalatokn\u00e1l sz\u00e1mos el\u0151nnyel j\u00e1r. T\u00f6bb pozit\u00edv p\u00e9lda is mutatja, hogy \u00e1tgondolt kezdem\u00e9nyez\u00e9sekkel ki lehet alak\u00edtani olyan munkak\u00f6rnyezetet, amely jobban tiszteletben tartja a k\u00f6rnyezetet \u00e9s a munkav\u00e1llal\u00f3k eg\u00e9szs\u00e9g\u00e9t. A fenntarthat\u00f3 mobilit\u00e1s \u00e9rdek\u00e9ben tett int\u00e9zked\u00e9sek akt\u00edvan hozz\u00e1j\u00e1rulnak egy z\u00f6ldebb \u00e9s eg\u00e9szs\u00e9gesebb j\u00f6v\u0151h\u00f6z.<\/p>\n","protected":false},"excerpt":{"rendered":"<p>A fenntarthat\u00f3 mobilit\u00e1s egyre gyakoribb k\u00e9rd\u00e9ss\u00e9 v\u00e1lik a v\u00e1llalatokn\u00e1l is, akik ezzel nemcsak a k\u00f6rnyezeti hat\u00e1sokat igyekeznek cs\u00f6kkenteni, hanem a alkalmazottak j\u00f3ll\u00e9t\u00e9re is t\u00f6rekszenek.<\/p>\n","protected":false},"author":2,"featured_media":3349,"comment_status":"closed","ping_status":"closed","sticky":false,"template":"","format":"standard","meta":[],"categories":[530,522,531],"tags":[382,410,409],"jetpack_featured_media_url":"https:\/\/www.manutan.hu\/blog\/wp-content\/uploads\/2024\/02\/Fenntarthatosag2_A00259P2-min.jpeg","_links":{"self":[{"href":"https:\/\/www.manutan.hu\/blog\/wp-json\/wp\/v2\/posts\/3348"}],"collection":[{"href":"https:\/\/www.manutan.hu\/blog\/wp-json\/wp\/v2\/posts"}],"about":[{"href":"https:\/\/www.manutan.hu\/blog\/wp-json\/wp\/v2\/types\/post"}],"author":[{"embeddable":true,"href":"https:\/\/www.manutan.hu\/blog\/wp-json\/wp\/v2\/users\/2"}],"replies":[{"embeddable":true,"href":"https:\/\/www.manutan.hu\/blog\/wp-json\/wp\/v2\/comments?post=3348"}],"version-history":[{"count":10,"href":"https:\/\/www.manutan.hu\/blog\/wp-json\/wp\/v2\/posts\/3348\/revisions"}],"predecessor-version":[{"id":3359,"href":"https:\/\/www.manutan.hu\/blog\/wp-json\/wp\/v2\/posts\/3348\/revisions\/3359"}],"wp:featuredmedia":[{"embeddable":true,"href":"https:\/\/www.manutan.hu\/blog\/wp-json\/wp\/v2\/media\/3349"}],"wp:attachment":[{"href":"https:\/\/www.manutan.hu\/blog\/wp-json\/wp\/v2\/media?parent=3348"}],"wp:term":[{"taxonomy":"category","embeddable":true,"href":"https:\/\/www.manutan.hu\/blog\/wp-json\/wp\/v2\/categories?post=3348"},{"taxonomy":"post_tag","embeddable":true,"href":"https:\/\/www.manutan.hu\/blog\/wp-json\/wp\/v2\/tags?post=3348"}],"curies":[{"name":"wp","href":"https:\/\/api.w.org\/{rel}","templated":true}]}}