{"id":3339,"date":"2024-02-01T11:14:31","date_gmt":"2024-02-01T10:14:31","guid":{"rendered":"https:\/\/www.manutan.hu\/blog\/?p=3339"},"modified":"2025-04-16T14:08:23","modified_gmt":"2025-04-16T12:08:23","slug":"a-hegesztes-menete-szabalyai","status":"publish","type":"post","link":"https:\/\/www.manutan.hu\/blog\/a-hegesztes-menete-szabalyai\/","title":{"rendered":"A hegeszt\u00e9s menete, szab\u00e1lyai"},"content":{"rendered":"\n<p>Irodah\u00e1zak, k\u00f6zint\u00e9zm\u00e9nyek \u00e9s csal\u00e1di h\u00e1zak k\u00f6r\u00fcl is el\u0151fordul, hogy egy-egy karbantart\u00e1si vagy \u00e9p\u00edt\u00e9si munka sor\u00e1n hegeszt\u00e9sre van sz\u00fcks\u00e9g. Cikk\u00fcnkben \u00f6sszefoglaltuk a hegeszt\u00e9s t\u00edpusait \u00e9s azokat az alapvet\u0151 szab\u00e1lyokat, amelyek ismeret\u00e9ben egy kis m\u0171szaki \u00e9rz\u00e9kkel b\u00e1rki el tudja v\u00e9gezni a sz\u00fcks\u00e9ges hegeszt\u00e9st saj\u00e1t kez\u0171leg is.&nbsp;<\/p>\n\n\n\n<p><strong>Legyen k\u00f6r\u00fcltekint\u0151 \u00e9s ne becs\u00fclje al\u00e1 a balesetv\u00e9delmi \u00f3vint\u00e9zked\u00e9seket!<\/strong>&nbsp;<\/p>\n\n\n\n<p>B\u00e1rmilyen hegeszt\u00e9si munka el\u0151tt fontos tiszt\u00e1ban lenni azzal, hogy nem vesz\u00e9lytelen m\u0171veletr\u0151l van sz\u00f3. Professzion\u00e1lis k\u00e9pzetts\u00e9g n\u00e9lk\u00fcl csak akkor fogjunk bele a munk\u00e1ba, ha biztosak vagyunk benne, hogy marad\u00e9ktalanul meg\u00e9rtett\u00fck a hegeszt\u00e9s szab\u00e1lyait \u00e9s megtett\u00fck a sz\u00fcks\u00e9ges \u00f3vint\u00e9zked\u00e9seket.\u00a0\u00a0<\/p>\n\n\n\n<figure class=\"wp-block-image size-large\"><img loading=\"lazy\" width=\"1024\" height=\"683\" src=\"https:\/\/www.manutan.hu\/blog\/wp-content\/uploads\/2024\/02\/hegesztes-menete-1024x683.jpg\" alt=\"a hegeszt\u00e9s menete\" class=\"wp-image-3340\" srcset=\"https:\/\/www.manutan.hu\/blog\/wp-content\/uploads\/2024\/02\/hegesztes-menete-1024x683.jpg 1024w, https:\/\/www.manutan.hu\/blog\/wp-content\/uploads\/2024\/02\/hegesztes-menete-300x200.jpg 300w, https:\/\/www.manutan.hu\/blog\/wp-content\/uploads\/2024\/02\/hegesztes-menete-768x512.jpg 768w, https:\/\/www.manutan.hu\/blog\/wp-content\/uploads\/2024\/02\/hegesztes-menete.jpg 1380w\" sizes=\"(max-width: 1024px) 100vw, 1024px\" \/><\/figure>\n\n\n\n<h2><strong>Mire j\u00f3 a hegeszt\u00e9s?<\/strong>&nbsp;<\/h2>\n\n\n\n<p>A hegeszt\u00e9s c\u00e9lja, hogy k\u00e9t f\u00e9m k\u00f6z\u00f6tt koh\u00e9zi\u00f3s k\u00f6t\u00e9st hozzon r\u00e9tre, amely tart\u00f3san egym\u00e1shoz k\u00f6ti (\u00f6sszeolvasztja) a k\u00e9t anyagot.&nbsp;&nbsp;<\/p>\n\n\n\n<h2><strong>Hegeszt\u00e9s t\u00edpusok<\/strong>&nbsp;<\/h2>\n\n\n\n<h3><strong>MMA, azaz bevont elektr\u00f3d\u00e1s \u00edvhegeszt\u00e9s: <\/strong><\/h3>\n\n\n\n<p>Bark\u00e1csc\u00e9lra, otthoni \u00e9s kisipari hegeszt\u00e9sekhez ezt a hegeszt\u00e9si m\u00f3dot haszn\u00e1lj\u00e1k legink\u00e1bb, ez\u00e9rt \u00e9rdemes kezd\u0151knek is ezt megtanulni el\u0151sz\u00f6r. Az \u00edvhegeszt\u00e9shez elektr\u00f3d\u00e1s hegeszt\u0151re van sz\u00fcks\u00e9g\u00fcnk.\u00a0<\/p>\n\n\n\n<h3><strong>MIG\/MAG, vagy CO hegeszt\u00e9s:<\/strong> <\/h3>\n\n\n\n<p>Hivatalos nev\u00e9n fogy\u00f3elektr\u00f3d\u00e1s v\u00e9d\u0151g\u00e1zas hegeszt\u00e9s a neve, de a k\u00f6znyelvben csak CO hegeszt\u00e9snek h\u00edvj\u00e1k. J\u00f3 min\u0151s\u00e9g\u0171, \u00e1lland\u00f3 varrat k\u00e9sz\u00edthet\u0151 vele. Term\u00e9szetesen speci\u00e1lis g\u00e9p sz\u00fcks\u00e9ges hozz\u00e1, amit CO hegeszt\u0151k\u00e9nt vagy fogy\u00f3elektr\u00f3d\u00e1s v\u00e9d\u0151g\u00e1zas hegeszt\u0151k\u00e9nt tal\u00e1lunk meg az \u00fczletekben \u00e9s <a rel=\"noreferrer noopener\" href=\"https:\/\/www.manutan.hu\/hu\/mhu\/mig-mag-hegesztogepek\" target=\"_blank\">web\u00e1ruh\u00e1zakban.<\/a>\u00a0<\/p>\n\n\n\n<h3><strong>AWI (TIG) hegeszt\u00e9s: <\/strong><\/h3>\n\n\n\n<p>A hivatalos neve volfr\u00e1melektr\u00f3d\u00e1s v\u00e9d\u0151g\u00e1zas \u00edvhegeszt\u00e9s, amihez AWI\/TIG hegeszt\u0151 sz\u00fcks\u00e9ges. F\u0151leg v\u00e9kony anyagokhoz haszn\u00e1lj\u00e1k. Nagyon sz\u00e9p varratokat lehet vele k\u00e9pezni, de ezt a hegeszt\u00e9si technik\u00e1t a legnehezebb elsaj\u00e1t\u00edtani.\u00a0<\/p>\n\n\n\n<h2><strong>Hegeszt\u00e9s alapismeretek: amire figyelni kell!<\/strong>&nbsp;<\/h2>\n\n\n\n<p>Ahogy az el\u0151z\u0151ekben m\u00e1r tiszt\u00e1ztuk, bark\u00e1cs c\u00e9lra \u00e9s kisipari munk\u00e1khoz \u00edvhegeszt\u00e9st haszn\u00e1lnak, amit inverteres hegeszt\u0151vel v\u00e9geznek. Enn\u00e9l a hegeszt\u0151 t\u00edpusn\u00e1l a vezet\u00e9kek megfelel\u0151 csatlakoz\u00e1s\u00e1ra kell figyelni. A negat\u00edv oldalt (testk\u00e1bel) kell a hegesztend\u0151 anyaghoz csatlakoztatni, a pozit\u00edv oldalon (munkak\u00e1bel) pedig az elektr\u00f3dafog\u00f3 tal\u00e1lhat\u00f3. A gy\u00e1rt\u00f3k nagy hangs\u00falyt fektetnek az egy\u00e9rtelm\u0171 jel\u00f6l\u00e9sre, hogy a kett\u0151t ne lehessen v\u00e9letlen\u00fcl se felcser\u00e9lni.&nbsp;<\/p>\n\n\n\n<h2><strong>H\u00e1ny amperrel kell hegeszteni?<\/strong>&nbsp;<\/h2>\n\n\n\n<p>A sz\u00e9p varrat k\u00e9pz\u00e9s\u00e9hez az \u00e1ramer\u0151ss\u00e9g be\u00e1ll\u00edt\u00e1sa ig\u00e9nyel n\u00e9mi rutint, mert azt mindig a hegesztend\u0151 anyaghoz kell igaz\u00edtani. A leggyakoribb hibajelens\u00e9gek:&nbsp;<\/p>\n\n\n\n<ul><li>Az elektr\u00f3da ragad, az \u00edv instabil: T\u00fal alacsony az \u00e1ramer\u0151ss\u00e9g, emelj\u00fcnk rajta.&nbsp;<\/li><li>A p\u00e1lca fr\u00f6csk\u00f6l, az anyag kilyukad: T\u00fal magas az \u00e1ramer\u0151ss\u00e9g, cs\u00f6kkents\u00fcnk rajta.&nbsp;<\/li><\/ul>\n\n\n\n<p>A hegeszt\u0151\u00e1ram-tartom\u00e1ny jellemz\u0151en 55-250 amper k\u00f6z\u00f6tt mozog, az \u00e1tlagos be\u00e1ll\u00edt\u00e1s pedig <strong>60-140 aper<\/strong> k\u00f6r\u00fcli, ami el\u00e9gs\u00e9ges szokott lenni a bark\u00e1cs c\u00e9l\u00fa munkadarabok hegeszt\u00e9s\u00e9hez. Vastagabb anyaghoz nagyobb \u00e1ramer\u0151ss\u00e9g \u00e9s vastagabb elektr\u00f3da (hegeszt\u0151 p\u00e1lca), v\u00e9konyabb anyaghoz kisebb \u00e1ramer\u0151ss\u00e9g \u00e9s v\u00e9konyabb elektr\u00f3da (hegeszt\u0151 p\u00e1lca) sz\u00fcks\u00e9ges.&nbsp;&nbsp;<\/p>\n\n\n\n<h2><strong>Milyen elektr\u00f3d\u00e1t v\u00e1lasszunk?<\/strong>&nbsp;<\/h2>\n\n\n\n<p>A v\u00e1laszt\u00e9k zavarba ejt\u0151en sz\u00e9les, de ha betartjuk azt az alapvet\u0151 szab\u00e1lyt, hogy mindig olyan elektr\u00f3d\u00e1val kell dolgozni, ami a lehet\u0151 legjobban hasonl\u00edt a hegeszteni k\u00edv\u00e1nt anyagra, akkor nem l\u0151het\u00fcnk mell\u00e9. A k\u00e9rd\u00e9s persze az, hogy ismerj\u00fck-e az anyag t\u00edpus\u00e1t? Ha nem professzion\u00e1lis hegeszt\u00e9si munk\u00e1r\u00f3l van sz\u00f3 (pl. egy \u00fajonnan \u00e9p\u00fcl\u0151 ac\u00e9lszerkezet gy\u00e1rt\u00e1sa), akkor erre csek\u00e9ly az es\u00e9ly, de m\u00e1r az is seg\u00edts\u00e9g, ha azt meg tudjuk \u00edt\u00e9lni, hogy er\u0151sen, k\u00f6zepesen vagy gyeng\u00e9n \u00f6tv\u00f6z\u00f6tt-e az ac\u00e9l. Az \u00edvhegeszt\u00e9s gyenge \u00e9s k\u00f6zepes \u00f6tv\u00f6zetekn\u00e9l haszn\u00e1lhat\u00f3. Hobbi c\u00e9lokra \u00e1ltal\u00e1ban rutilos vagy b\u00e1zikus bevonat\u00fa hegeszt\u0151 p\u00e1lc\u00e1t (elektr\u00f3d\u00e1t) haszn\u00e1lnak 2,5 mm-es m\u00e9retben.&nbsp;&nbsp;<\/p>\n\n\n\n<h2><strong>A CO hegeszt\u00e9s alapjai<\/strong>&nbsp;<\/h2>\n\n\n\n<p>MIG\/MAG hegeszt\u00e9ssel (vagy m\u00e1s n\u00e9ven fogy\u00f3elektr\u00f3d\u00e1s v\u00e9d\u0151g\u00e1zas hegeszt\u00e9s, CO hegeszt\u00e9s) nagyon j\u00f3 min\u0151s\u00e9g\u0171 varrat k\u00e9pezhet\u0151, de nagyobb rutint is ig\u00e9nyel. Az \u00edv a huzalelektr\u00f3da \u00e9s a munkaanyag k\u00f6z\u00f6tt \u00e9g v\u00e9d\u0151g\u00e1z atmoszf\u00e9r\u00e1ban, ami \u00e1lland\u00f3 varratot k\u00e9pez. A huzalelektr\u00f3d\u00e1t a pozit\u00edv p\u00f3lusra, m\u00edg a munkaanyagot a negat\u00edv p\u00f3lusra kell k\u00f6tni.&nbsp;&nbsp;<\/p>\n\n\n\n<h2><strong>V\u00e9d\u0151g\u00e1z a hegeszt\u00e9shez<\/strong>&nbsp;<\/h2>\n\n\n\n<p>A hegeszt\u00e9shez haszn\u00e1lt v\u00e9d\u0151g\u00e1z lehet semleges (MIG), pl. h\u00e9lium, argon, vagy akt\u00edv v\u00e9d\u0151g\u00e1z (MAG), ami sz\u00e9n-dioxid. Ritk\u00e1bban kever\u00e9k v\u00e9d\u0151g\u00e1zt \u00e9s v\u00e9d\u0151g\u00e1z n\u00e9lk\u00fcli hegeszt\u00e9st is alkalmaznak porbeles huzalelektr\u00f3d\u00e1val.&nbsp;<\/p>\n\n\n\n<h2><strong>A hegeszt\u00e9s menete, praktikus tan\u00e1csok kezd\u0151knek<\/strong>&nbsp;<\/h2>\n\n\n\n<p>A hegesztend\u0151 anyagot el\u0151 kell k\u00e9sz\u00edteni. Ha t\u00f6bb mint 3 mm az anyagvastags\u00e1g, sarokk\u00f6sz\u00f6r\u0171vel \u00e9rdemes V alak\u00fa m\u00e9lyed\u00e9st k\u00e9sz\u00edteni, mert ez seg\u00edt az \u00f6sszeolvad\u00e1sban. Ha a munkaanyag festett vagy rozsd\u00e1s, csiszoljuk le. A fel\u00fclet nem lehet sem olajos, sem vizes.&nbsp;<\/p>\n\n\n\n<p>Csatlakoztassuk az elektr\u00f3da csipeszt, az elektr\u00f3d\u00e1t pedig fogjuk be a fog\u00f3ba. Az \u00edvgy\u00fajt\u00e1shoz a elektr\u00f3d\u00e1t \u00e9rints\u00fck a munkaanyagon kialak\u00edtand\u00f3 varra elej\u00e9hez, majd finoman h\u00fazzuk vissza, de csak egy gondolatnyit (2-3 mm). Ha kezd\u0151k vagyunk, \u00e9rdemes r\u00f6videbb p\u00e1lc\u00e1val k\u00eds\u00e9rletezni, mert azzal k\u00f6nnyebb dolgozni. Ha helyesen \u00e9rintj\u00fck a p\u00e1lc\u00e1t az anyaghoz (a fogy\u00e1s ir\u00e1ny\u00e1val), akkor kialakul az \u00edv. Ne egyenes mozdulatokkal, hanem pici f\u00e9lholdakban haladjunk. A p\u00e1lc\u00e1t pr\u00f3b\u00e1ljuk meg 45-60\u00b0-os sz\u00f6gben tartani. \u00cdvhegeszt\u00e9sn\u00e9l salak k\u00e9pz\u0151dik, amit akkor kell elt\u00e1vol\u00edtani, amikor a munkaanyag m\u00e1r kih\u0171lt. Ehhez haszn\u00e1ljunk salakol\u00f3 kalap\u00e1csot.&nbsp;<\/p>\n\n\n\n<h2><strong>\u00d3vint\u00e9zked\u00e9sek hegeszt\u00e9shez, amit nem szabad elmulasztani!<\/strong>&nbsp;<\/h2>\n\n\n\n<p>Hegeszt\u0151t f\u00f6ldel\u00e9s n\u00e9lk\u00fcl \u00fczemeltetni tilos! Csak j\u00f3l szell\u0151z\u0151 helyis\u00e9gben vagy szabadban hegessz\u00fcnk \u00e9s gy\u0151z\u0151dj\u00fcnk meg arr\u00f3l, hogy a k\u00f6zelben nincs gy\u00fal\u00e9kony, t\u0171zvesz\u00e9lyes anyag. A k\u00f6rnyez\u0151 falakat, eszk\u00f6z\u00f6ket <a href=\"https:\/\/www.manutan.hu\/hu\/mhu\/hegeszto-vedofuggony-zold\" target=\"_blank\" rel=\"noreferrer noopener\">hegeszt\u0151 v\u00e9d\u0151f\u00fcgg\u00f6nnyel<\/a> \u00f3vhatjuk meg.&nbsp;<\/p>\n\n\n\n<p>A hegeszt\u00e9s balesetvesz\u00e9lyes munka, ez\u00e9rt mindig <a href=\"https:\/\/www.manutan.hu\/hu\/mhu\/hegeszto-maszkok\" target=\"_blank\" rel=\"noreferrer noopener\">viselj\u00fcnk<\/a>&nbsp;<\/p>\n\n\n\n<ul><li><a href=\"https:\/\/www.manutan.hu\/hu\/mhu\/hegeszto-maszkok\" target=\"_blank\" rel=\"noreferrer noopener\">v\u00e9d\u0151pajzsot,<\/a>&nbsp;&nbsp;<\/li><li>a teljes test\u00fcnket fed\u0151 ruh\u00e1t,&nbsp;<\/li><li><a href=\"https:\/\/www.manutan.hu\/hu\/mhu\/munkavedelmi-kesztyuk\" target=\"_blank\" rel=\"noreferrer noopener\">v\u00e9d\u0151keszty\u0171t,<\/a> \u00e9s&nbsp;<\/li><li><a href=\"https:\/\/www.manutan.hu\/hu\/mhu\/munkavedelmi-cipok\" target=\"_blank\" rel=\"noreferrer noopener\">z\u00e1rt cip\u0151t.<\/a>&nbsp;&nbsp;<\/li><\/ul>\n","protected":false},"excerpt":{"rendered":"<p>A hegeszt\u00e9s c\u00e9lja, hogy k\u00e9t f\u00e9m k\u00f6z\u00f6tt koh\u00e9zi\u00f3s k\u00f6t\u00e9st hozzon r\u00e9tre, amely tart\u00f3san egym\u00e1shoz k\u00f6ti (\u00f6sszeolvasztja) a k\u00e9t anyagot.<\/p>\n","protected":false},"author":3,"featured_media":3340,"comment_status":"closed","ping_status":"closed","sticky":false,"template":"","format":"standard","meta":[],"categories":[522],"tags":[],"jetpack_featured_media_url":"https:\/\/www.manutan.hu\/blog\/wp-content\/uploads\/2024\/02\/hegesztes-menete.jpg","_links":{"self":[{"href":"https:\/\/www.manutan.hu\/blog\/wp-json\/wp\/v2\/posts\/3339"}],"collection":[{"href":"https:\/\/www.manutan.hu\/blog\/wp-json\/wp\/v2\/posts"}],"about":[{"href":"https:\/\/www.manutan.hu\/blog\/wp-json\/wp\/v2\/types\/post"}],"author":[{"embeddable":true,"href":"https:\/\/www.manutan.hu\/blog\/wp-json\/wp\/v2\/users\/3"}],"replies":[{"embeddable":true,"href":"https:\/\/www.manutan.hu\/blog\/wp-json\/wp\/v2\/comments?post=3339"}],"version-history":[{"count":1,"href":"https:\/\/www.manutan.hu\/blog\/wp-json\/wp\/v2\/posts\/3339\/revisions"}],"predecessor-version":[{"id":3341,"href":"https:\/\/www.manutan.hu\/blog\/wp-json\/wp\/v2\/posts\/3339\/revisions\/3341"}],"wp:featuredmedia":[{"embeddable":true,"href":"https:\/\/www.manutan.hu\/blog\/wp-json\/wp\/v2\/media\/3340"}],"wp:attachment":[{"href":"https:\/\/www.manutan.hu\/blog\/wp-json\/wp\/v2\/media?parent=3339"}],"wp:term":[{"taxonomy":"category","embeddable":true,"href":"https:\/\/www.manutan.hu\/blog\/wp-json\/wp\/v2\/categories?post=3339"},{"taxonomy":"post_tag","embeddable":true,"href":"https:\/\/www.manutan.hu\/blog\/wp-json\/wp\/v2\/tags?post=3339"}],"curies":[{"name":"wp","href":"https:\/\/api.w.org\/{rel}","templated":true}]}}