{"id":3324,"date":"2024-02-01T10:49:00","date_gmt":"2024-02-01T09:49:00","guid":{"rendered":"https:\/\/www.manutan.hu\/blog\/?p=3324"},"modified":"2025-04-16T14:09:32","modified_gmt":"2025-04-16T12:09:32","slug":"a-modern-iroda-jellemzoi-kialakitasa","status":"publish","type":"post","link":"https:\/\/www.manutan.hu\/blog\/a-modern-iroda-jellemzoi-kialakitasa\/","title":{"rendered":"A modern iroda jellemz\u0151i, kialak\u00edt\u00e1sa"},"content":{"rendered":"\n<p>Milyen egy igaz\u00e1n trendi, modern iroda? Mit\u0151l lesz az vonz\u00f3 a munkav\u00e1llal\u00f3k sz\u00e1m\u00e1ra \u00e9s hogyan teszi hat\u00e9konyabb\u00e1 a munk\u00e1t egy j\u00f3l szervezett t\u00e9r? Olvassa el a modern iroda kialak\u00edt\u00e1s\u00e1ra vonatkoz\u00f3 tippjeinket!&nbsp;<\/p>\n\n\n\n<h2><strong>Megv\u00e1ltozott vil\u00e1g, megv\u00e1ltozott munkak\u00f6rnyezet<\/strong>&nbsp;<\/h2>\n\n\n\n<h3><strong>Amikor a kis, z\u00e1rt irod\u00e1k voltak a jellemz\u0151k<\/strong>&nbsp;<\/h3>\n\n\n\n<p>Magyarorsz\u00e1gon a rendszerv\u00e1lt\u00e1s el\u0151tti id\u0151kig az irodah\u00e1zakban kisebb helyis\u00e9gek ker\u00fcltek kialak\u00edt\u00e1sra, ahol 2-3 f\u0151s csoportok dolgoztak egy l\u00e9gt\u00e9rben, de az egyf\u0151s irod\u00e1k sem voltak szokatlanok. K\u00e9s\u0151bb kezdtek elterjedni a nagyobb irod\u00e1k, ahol m\u00e1r 5-10 f\u0151s oszt\u00e1lyok is dolgoztak egy helyis\u00e9gben. Ezek m\u00e9g mindig elszepar\u00e1lt, falakkal tagolt \u00e9s ajt\u00f3kkal z\u00e1rt irod\u00e1k voltak, de m\u00e1r lehet\u0151s\u00e9g volt arra, hogy az azonos munkak\u00f6rben vagy az egy projekten dolgoz\u00f3 munkav\u00e1llal\u00f3k k\u00f6zvetlen\u00fcl kommunik\u00e1ljanak egym\u00e1ssal, hiszen kor\u00e1bban volt id\u0151 \u2013 ez a fiatal p\u00e1lyakezd\u0151k sz\u00e1m\u00e1ra m\u00e1r ismeretlen fogalom \u2013, amikor a k\u00f6zvetlen koll\u00e9g\u00e1k asztali vezet\u00e9kes telefonon egyeztettek egym\u00e1ssal a szem\u00e9lyes megbesz\u00e9l\u00e9sek helyett.&nbsp;<\/p>\n\n\n\n<h3><strong>Az egy l\u00e9gter\u0171, modern irod\u00e1k t\u00e9rh\u00f3d\u00edt\u00e1sa<\/strong>&nbsp;<\/h3>\n\n\n\n<p>A munkak\u00f6r\u00f6k \u00e9s a munkam\u00f3dszerek \u00e1talakul\u00e1s\u00e1val sz\u00fcks\u00e9gess\u00e9 v\u00e1lt ezeknek a fizikai falaknak a lebont\u00e1sa, mert a szakemberek megfigyelt\u00e9k, hogy ha a munkav\u00e1llal\u00f3knak lehet\u0151s\u00e9get biztos\u00edtanak a kollabor\u00e1ci\u00f3ra, a kreat\u00edv \u00f6tletek megoszt\u00e1s\u00e1ra, a gyors egyeztet\u00e9sekre, akkor hat\u00e9konyabb a munkav\u00e9gz\u00e9s is. \u00c9rdekess\u00e9g, hogy az USA-ban az egy l\u00e9gter\u0171 irod\u00e1k m\u00e1r az 1950-es \u00e9vekben megjelentek, m\u00edg n\u00e1lunk csak a 2000-es \u00e9vekt\u0151l v\u00e1lt elterjedt\u00e9. Az \u00e9llovasok a nemzetk\u00f6zi multinacion\u00e1lis c\u00e9gek voltak, akik az anyav\u00e1llalatn\u00e1l alkalmazott munkam\u00f3dszereket honos\u00edtott\u00e1k meg idehaza is.&nbsp;<\/p>\n\n\n\n<h2><strong>A koronav\u00edrus hat\u00e1sa az irodahaszn\u00e1latra<\/strong>&nbsp;<\/h2>\n\n\n\n<p>A koronav\u00edrus el\u0151tti \u00e9vekben t\u00f6bb olyan tanulm\u00e1ny is megjelent, ami az egy l\u00e9gter\u0171 irod\u00e1k l\u00e9tjogosults\u00e1g\u00e1t b\u00edr\u00e1lta, mondv\u00e1n, hogy a munkav\u00e1llal\u00f3knak nincs szem\u00e9lyes ter\u00fck, t\u00fal nagy a zajterhel\u00e9s \u00e9s az elm\u00e9ly\u00fclt munk\u00e1nak sem kedvez, ha sokan dolgoznak egy helyis\u00e9gben. Azt\u00e1n a j\u00e1rv\u00e1ny berobban\u00e1s\u00e1val \u00e9s a k\u00e9nyszer\u0171 home office-szal \u00fajabb v\u00e1ltoz\u00e1s indult el. A munkav\u00e1llal\u00f3k hossz\u00fa id\u0151re elmag\u00e1nyosodtak, sokan kifejezetten szenvedtek a szoci\u00e1lis kapcsolatok hi\u00e1ny\u00e1t\u00f3l, vagy \u00e9ppen att\u00f3l, hogy otthoni k\u00f6r\u00fclm\u00e9nyek k\u00f6z\u00f6tt nem tudtak a munk\u00e1ra f\u00f3kusz\u00e1lni \u00e9s elmos\u00f3dtak a hat\u00e1rok a munka-mag\u00e1n\u00e9let k\u00f6z\u00f6tt. B\u00e1r az otthoni munkav\u00e9gz\u00e9sre val\u00f3 \u00e1tt\u00e9r\u00e9s sok szempontb\u00f3l sikeres volt, c\u00e9gek \u00e9s munkav\u00e1llal\u00f3k t\u00f6megei v\u00e1rt\u00e1k az \u201e\u00fajranyit\u00e1st\u201d, amikor v\u00e9gre \u00fajra be lehetett j\u00e1rni az irod\u00e1ba \u00e9s szem\u00e9lyesen lehetett tal\u00e1lkozni a koll\u00e9g\u00e1kkal.&nbsp;<\/p>\n\n\n\n<p>Napjainkban m\u00e1r jellemz\u0151, hogy a szellemi munk\u00e1t ig\u00e9nyl\u0151 munkak\u00f6r\u00f6kben a c\u00e9gek felk\u00edn\u00e1lj\u00e1k az otthoni munkav\u00e9gz\u00e9s lehet\u0151s\u00e9g\u00e9t heti 2-3 napban \u00e9s csak a fennmarad\u00f3 id\u0151t t\u00f6ltik az alkalmazottak az irod\u00e1ban. Ezzel egy\u00fctt a munkaszervez\u00e9s is \u00e1talakult. A home office napok idej\u00e9n a munkav\u00e1llal\u00f3k jellemz\u0151en az \u00f6n\u00e1ll\u00f3, elm\u00e9ly\u00fclt munk\u00e1t ig\u00e9nyl\u0151 feladatokat l\u00e1tj\u00e1k el, az irodai napok idej\u00e9n pedig csapatmeetingeket, kooper\u00e1ci\u00f3t, \u00f6tletel\u00e9st ig\u00e9nyl\u0151 megbesz\u00e9l\u00e9seken vesznek r\u00e9szt.&nbsp;<\/p>\n\n\n\n<p>\u00c9ppen ez\u00e9rt a c\u00e9gek megpr\u00f3b\u00e1lj\u00e1k az irod\u00e1kat munkav\u00e1llal\u00f3 bar\u00e1tt\u00e1 tenni azzal, hogy olyan tereket alak\u00edtanak ki, amelyek az \u00f6n\u00e1ll\u00f3 munkav\u00e9gz\u00e9st, a csapatban egy\u00fcttgondolkod\u00e1st \u00e9s a munkav\u00e1llal\u00f3k k\u00f6z\u00f6tti szoci\u00e1lis kapcsolatok er\u0151s\u00edt\u00e9s\u00e9t is lehet\u0151v\u00e9 teszik. S\u0151t, egyre t\u00f6bb modern irod\u00e1ban kap helyet egy-egy rekre\u00e1ci\u00f3s sarok vagy sportol\u00e1sra alkalmas t\u00e9r is, hiszen az \u00fcl\u0151 munka \u00e9s a ment\u00e1lis f\u00e1rads\u00e1g negat\u00edv hat\u00e1sait remek\u00fcl lehet ellens\u00falyozni azzal, ha az alkalmazottak munka k\u00f6zben ny\u00fajthatnak, j\u00f3g\u00e1zhatnak, vagy \u00e9pp csocs\u00f3zhatnak p\u00e1r percet.&nbsp;<\/p>\n\n\n\n<h2><strong>Mi jellemzi a mai modern irod\u00e1kat?<\/strong>&nbsp;<\/h2>\n\n\n\n<p>A sz\u00ednek haszn\u00e1lat\u00e1ra jellemz\u0151, hogy \u00e1ltal\u00e1ban egy domin\u00e1ns sz\u00ednt v\u00e1lasztanak, amiben sokszor visszak\u00f6sz\u00f6n a c\u00e9ges arculatb\u00f3l egy karakteres \u00e1rnyalat. A falak sz\u00edne t\u00f6bbnyire feh\u00e9r \u00e9s domin\u00e1ns sz\u00edn ink\u00e1bb a kieg\u00e9sz\u00edt\u0151kben jelenik meg.&nbsp;<\/p>\n\n\n\n<p>A modern irod\u00e1kban egy-egy falszakaszt el\u0151szeretettel burkolnak k\u00fcl\u00f6nleges anyagokkal, p\u00e9ld\u00e1ul f\u00e1val vagy ak\u00e1r \u00e9l\u0151 n\u00f6v\u00e9nyekkel.&nbsp;<\/p>\n\n\n\n<p>A terek szell\u0151sek, t\u00e1gasak \u00e9s letisztultak. A t\u00e1gass\u00e1g \u00e9rz\u00e9s\u00e9hez a szok\u00e1sost\u00f3l nagyobb belmagass\u00e1g \u00e9s az eszt\u00e9tikus, egys\u00e9ges b\u00fatorok is hozz\u00e1j\u00e1rulnak. Az el\u0151szeretettel haszn\u00e1lt \u00fcvegfalak szint\u00e9n hozz\u00e1j\u00e1rulnak a szell\u0151ss\u00e9ghez. A modern irod\u00e1kban a t\u00e1rgyal\u00f3k, a meeting szob\u00e1k \u00e9s ak\u00e1r az \u00e9tkez\u0151k fala is \u00fcvegb\u0151l k\u00e9sz\u00fcl.&nbsp;&nbsp;<\/p>\n\n\n\n<p>A modern irodatrendekben megjelen\u0151 megold\u00e1sok nem \u00f6nc\u00e9l\u00faak \u00e9s messze nem csak az eszt\u00e9tikumr\u00f3l sz\u00f3lnak. Kutat\u00e1sok t\u00e1masztj\u00e1k al\u00e1 p\u00e9ld\u00e1ul, hogy a term\u00e9szetk\u00f6zelis\u00e9g \u00e9rz\u00e9se vagy a term\u00e9szetes f\u00e9nyforr\u00e1s hogyan befoly\u00e1solj\u00e1k a munkav\u00e1llal\u00f3k teljes\u00edtm\u00e9ny\u00e9t. Ezen tapasztalatokat veszik figyelembe az \u00e9p\u00edt\u00e9szek \u00e9s a lakberendez\u0151k, amikor nagy ablakokat, hatalmas szoban\u00f6v\u00e9nyeket \u00e9s \u00e9l\u0151 n\u00f6v\u00e9nyfalakat javasolnak a modern irod\u00e1kba.&nbsp;<\/p>\n\n\n\n<p>A nagy, egy l\u00e9gter\u0171 irod\u00e1k egy\u00e1ltal\u00e1n nem lesznek zajosak, ha megfelel\u0151 akusztikai elemeket alkalmaznak. A z\u00f6ld n\u00f6v\u00e9nyek, a <a href=\"https:\/\/www.manutan.hu\/hu\/mhu\/akusztikus-paravanok-es-butorok\" target=\"_blank\" rel=\"noreferrer noopener\">t\u00e9relv\u00e1laszt\u00f3 parav\u00e1nok<\/a>, a textillel vagy f\u00e1val burkolt falak \u00e9s a szigetszer\u0171en kialak\u00edtott munka\u00e1llom\u00e1sok mind-mind j\u00f3 megold\u00e1st k\u00edn\u00e1lnak erre. Egy-egy sziget 4-8 \u00edr\u00f3asztalb\u00f3l \u00e1llhat. Ezek k\u00f6z\u00f6tt hagyjuk elegend\u0151 szabad teret a k\u00f6zleked\u00e9sre, t\u00e9relv\u00e1laszt\u00f3k\u00e9nt pedig helyezz\u00fcnk el k\u00f6nyvespolcot, dics\u0151s\u00e9gfalat, z\u00f6ld n\u00f6v\u00e9nyeket, vagy ha van el\u00e9g hely\u00fcnk, akkor ak\u00e1r egy kanap\u00e9val vagy f\u00fcgg\u0151hint\u00e1val is sz\u00ednes\u00edthetj\u00fck a teret.&nbsp;<\/p>\n\n\n\n<p>A munka\u00e1llom\u00e1sok ergon\u00f3mi\u00e1j\u00e1nak fontoss\u00e1g\u00e1t ne becs\u00fclj\u00fck al\u00e1. Ha az iroda desk sharing rendszerben m\u0171k\u00f6dik, v\u00e1lasszunk <a href=\"https:\/\/www.manutan.hu\/hu\/mhu\/manutan-irodai-asztalok-elektromosan-allithato-magassaggal\" target=\"_blank\" rel=\"noreferrer noopener\">motorosan \u00e1ll\u00edthat\u00f3 magass\u00e1g\u00fa \u00edr\u00f3asztalokat,<\/a> \u00edgy minden munkav\u00e1llal\u00f3 a saj\u00e1t testmagass\u00e1g\u00e1hoz tudja \u00e1ll\u00edtani az asztalt munkakezd\u00e9skor. Az <a href=\"https:\/\/www.manutan.hu\/hu\/mhu\/ulobutor-szekek\" target=\"_blank\" rel=\"noreferrer noopener\">irodasz\u00e9kek<\/a> legyenek ergonomikus kialak\u00edt\u00e1s\u00faak, mert csak ezek alkalmasak 6-8, vagy ak\u00e1r azt meghalad\u00f3 \u00fcl\u0151munk\u00e1ra. A munka\u00e1llom\u00e1sok ker\u00fcljenek a term\u00e9szetes f\u00e9nyforr\u00e1s, vagyis az ablakok k\u00f6zel\u00e9be, a pihen\u00e9sre, rekre\u00e1ci\u00f3ra sz\u00e1nt sarkok komfortj\u00e1t viszont \u00e9ppen azzal fokozhatjuk, ha azok megvil\u00e1g\u00edt\u00e1sa finomabb \u00e9s ak\u00e1r az \u00e1rny\u00e9kol\u00e1sra vagy els\u00f6t\u00e9t\u00edt\u00e9sre is lehet\u0151s\u00e9g van.&nbsp;<\/p>\n\n\n\n<h2><strong>Munkav\u00e1llal\u00f3 bar\u00e1t iroda, ahol j\u00f3 lenni, ahol j\u00f3 dolgozni<\/strong>&nbsp;<\/h2>\n\n\n\n<p>Sokan id\u0151pazarl\u00e1snak vagy egyszer\u0171en csak amerikai divath\u00f3bortnak tekintik, hogy j\u00e1t\u00e9kszoba, m\u00e1sz\u00f3fal, babzs\u00e1k, hinta vagy fut\u00f3pad ker\u00fclj\u00f6n az irod\u00e1ba, pedig azok a c\u00e9gek, akik \u00fagy alak\u00edtott\u00e1k ki modern irod\u00e1jukat, hogy ilyen felszerel\u00e9sek is helyet kaphattak benn\u00fck, arr\u00f3l sz\u00e1molnak be, hogy&nbsp; a munkav\u00e1llal\u00f3k nemcsak, hogy \u00f6r\u00f6mmel haszn\u00e1lj\u00e1k ezeket, hanem a munkateljes\u00edtm\u00e9ny\u00fckre is pozit\u00edvan hat, ha 10-15 percet pihenhetnek, vagy j\u00e1tszhatnak a koll\u00e9g\u00e1kkal. Az ilyen apr\u00f3s\u00e1gokt\u00f3l lehet egy modern iroda olyan hely, ahova sz\u00edvesen j\u00e1rnak be a munkav\u00e1llal\u00f3k.&nbsp;<\/p>\n\n\n\n<h3><strong>Sportol\u00e1si lehet\u0151s\u00e9g az irod\u00e1n bel\u00fcl?<\/strong>&nbsp;<\/h3>\n\n\n\n<p>A modern irod\u00e1kra jellemz\u0151 trend, hogy a rekre\u00e1ci\u00f3ra \u00e9s a sportol\u00e1sra is lehet\u0151s\u00e9get ny\u00fajt. N\u00e9h\u00e1ny j\u00f3gasz\u0151nyeg \u00e9s fitneszlabda egy kisebb sarokban is elf\u00e9r. Ha mindezt el tudjuk szepar\u00e1lni p\u00e9ld\u00e1ul egy f\u00fcgg\u00f6nnyel, m\u00e1ris megteremtett\u00fcnk egy olyan helyet, ahol az alkalmazottak ny\u00fajthatnak, medit\u00e1lhatnak vagy elv\u00e9gezhetnek n\u00e9h\u00e1ny j\u00f3gagyakorlatot felt\u00f6lt\u0151d\u00e9sk\u00e9nt. Ha ezen t\u00fal nagyobb t\u00e9r is rendelkez\u00e9s\u00fcnkre \u00e1ll, akkor ak\u00e1r egy m\u00e1sz\u00f3falat is kialak\u00edthatunk, szobabiciklit, fut\u00f3padot vagy egy\u00e9b sporteszk\u00f6zt szerezhet\u00fcnk be. Ezekkel rendszeres sportol\u00e1sra \u00f6szt\u00f6n\u00f6zhetj\u00fck a munkav\u00e1llal\u00f3kat, illetve kifejezhetj\u00fck azt is, hogy fontos sz\u00e1munkra az eg\u00e9szs\u00e9g\u00fck \u00e9s a j\u00f3 k\u00f6z\u00e9rzet\u00fck. Ha akt\u00edv sportol\u00e1sra alkalmas g\u00e9pek ker\u00fclnek az irod\u00e1ba, gondoskodjunk megfelel\u0151 sz\u00e1m\u00fa zuhanyz\u00f3r\u00f3l illetve z\u00e1rhat\u00f3 <a href=\"https:\/\/www.manutan.hu\/hu\/mhu\/oltozoszekrenyek-gmc01033\" target=\"_blank\" rel=\"noreferrer noopener\">\u00f6lt\u00f6z\u0151szekr\u00e9nyr\u0151l<\/a> is, hogy a mozg\u00e1s igaz\u00e1n komfortos lehessen.&nbsp;<\/p>\n\n\n\n<p><a href=\"https:\/\/www.manutan.hu\/blog\/munkahelyi-piheno\/\" target=\"_blank\" rel=\"noreferrer noopener\">Olvassa el a munkahelyi pihen\u0151k kialak\u00edt\u00e1s\u00e1r\u00f3l sz\u00f3l\u00f3 cikk\u00fcnket is!<\/a>&nbsp;<\/p>\n","protected":false},"excerpt":{"rendered":"<p>Milyen egy igaz\u00e1n trendi, modern iroda? Mit\u0151l lesz az vonz\u00f3 a munkav\u00e1llal\u00f3k sz\u00e1m\u00e1ra \u00e9s hogyan teszi hat\u00e9konyabb\u00e1 a munk\u00e1t egy j\u00f3l szervezett t\u00e9r?<\/p>\n","protected":false},"author":3,"featured_media":3325,"comment_status":"closed","ping_status":"closed","sticky":false,"template":"","format":"standard","meta":[],"categories":[527],"tags":[],"jetpack_featured_media_url":"https:\/\/www.manutan.hu\/blog\/wp-content\/uploads\/2024\/02\/modern-iroda.jpg","_links":{"self":[{"href":"https:\/\/www.manutan.hu\/blog\/wp-json\/wp\/v2\/posts\/3324"}],"collection":[{"href":"https:\/\/www.manutan.hu\/blog\/wp-json\/wp\/v2\/posts"}],"about":[{"href":"https:\/\/www.manutan.hu\/blog\/wp-json\/wp\/v2\/types\/post"}],"author":[{"embeddable":true,"href":"https:\/\/www.manutan.hu\/blog\/wp-json\/wp\/v2\/users\/3"}],"replies":[{"embeddable":true,"href":"https:\/\/www.manutan.hu\/blog\/wp-json\/wp\/v2\/comments?post=3324"}],"version-history":[{"count":1,"href":"https:\/\/www.manutan.hu\/blog\/wp-json\/wp\/v2\/posts\/3324\/revisions"}],"predecessor-version":[{"id":3326,"href":"https:\/\/www.manutan.hu\/blog\/wp-json\/wp\/v2\/posts\/3324\/revisions\/3326"}],"wp:featuredmedia":[{"embeddable":true,"href":"https:\/\/www.manutan.hu\/blog\/wp-json\/wp\/v2\/media\/3325"}],"wp:attachment":[{"href":"https:\/\/www.manutan.hu\/blog\/wp-json\/wp\/v2\/media?parent=3324"}],"wp:term":[{"taxonomy":"category","embeddable":true,"href":"https:\/\/www.manutan.hu\/blog\/wp-json\/wp\/v2\/categories?post=3324"},{"taxonomy":"post_tag","embeddable":true,"href":"https:\/\/www.manutan.hu\/blog\/wp-json\/wp\/v2\/tags?post=3324"}],"curies":[{"name":"wp","href":"https:\/\/api.w.org\/{rel}","templated":true}]}}