{"id":3277,"date":"2023-12-18T14:56:23","date_gmt":"2023-12-18T13:56:23","guid":{"rendered":"https:\/\/www.manutan.hu\/blog\/?p=3277"},"modified":"2025-04-16T14:10:28","modified_gmt":"2025-04-16T12:10:28","slug":"7-megoldas-vallalata-ev-vegi-csucsszezonjanak-kezelesere","status":"publish","type":"post","link":"https:\/\/www.manutan.hu\/blog\/7-megoldas-vallalata-ev-vegi-csucsszezonjanak-kezelesere\/","title":{"rendered":"7 megold\u00e1s v\u00e1llalata \u00e9v v\u00e9gi cs\u00facsszezonj\u00e1nak kezel\u00e9s\u00e9re"},"content":{"rendered":"\n<figure class=\"wp-block-image size-full\"><img loading=\"lazy\" width=\"940\" height=\"788\" src=\"https:\/\/www.manutan.hu\/blog\/wp-content\/uploads\/2023\/12\/Nevtelen-terv-4.png\" alt=\"\" class=\"wp-image-3278\" srcset=\"https:\/\/www.manutan.hu\/blog\/wp-content\/uploads\/2023\/12\/Nevtelen-terv-4.png 940w, https:\/\/www.manutan.hu\/blog\/wp-content\/uploads\/2023\/12\/Nevtelen-terv-4-300x251.png 300w, https:\/\/www.manutan.hu\/blog\/wp-content\/uploads\/2023\/12\/Nevtelen-terv-4-768x644.png 768w\" sizes=\"(max-width: 940px) 100vw, 940px\" \/><\/figure>\n\n\n\n<p>Sok v\u00e1llalat \u00e9let\u00e9ben az \u00e9v v\u00e9ge jelenti a cs\u00facsszezont. A c\u00e9gtulajdonosokra \u00e9s a HR vezet\u0151kre ilyenkor m\u00e9g nagyobb teher h\u00e1rul, hiszen nekik kell megalkotniuk azt a strat\u00e9gi\u00e1t, ami mind id\u0151gazd\u00e1lkod\u00e1s, mind pedig \u00fczletvitel szempontj\u00e1b\u00f3l eredm\u00e9nyes.<\/p>\n\n\n\n<p>Munkaid\u0151-beoszt\u00e1s, t\u00e1voll\u00e9tek tervez\u00e9se, \u00fcnnepi nyitvatart\u00e1s, k\u00e9szletez\u00e9s \u00e9s a folyamatos \u00fczleti m\u0171k\u00f6d\u00e9shez sz\u00fcks\u00e9ges er\u0151forr\u00e1sok biztos\u00edt\u00e1sa mind-mind arr\u00f3l sz\u00f3l, hogy tervezni \u00e9s el\u0151re kalkul\u00e1lni kell a c\u00e9g rendelkez\u00e9s\u00e9re \u00e1ll\u00f3 er\u0151forr\u00e1sokkal, k\u00fcl\u00f6n\u00f6sen, ha \u00e9v v\u00e9g\u00e9n v\u00e1rhat\u00f3 a legnagyobb forgalom. Cikk\u00fcnkben tan\u00e1csokat adunk ahhoz, hogyan kezelheti hat\u00e9konyan az \u00e9v v\u00e9gi hajr\u00e1t.<\/p>\n\n\n\n<h2><strong>K\u00e9sz\u00fclj\u00f6n fel az \u00e9v v\u00e9gi rohan\u00e1sra<\/strong><\/h2>\n\n\n\n<p>Az \u00e9v v\u00e9ge sz\u00e1mos ipar\u00e1gban intenz\u00edv id\u0151szak. Az adatok azt mutatj\u00e1k, hogy sok v\u00e1llalkoz\u00e1s a p\u00e9nz\u00fcgyi \u00e9v utols\u00f3 negyed\u00e9v\u00e9ben termeli forgalm\u00e1nak jelent\u0151s r\u00e9sz\u00e9t. Az \u00fcnnepi id\u0151szak lehet\u0151s\u00e9get k\u00edn\u00e1l arra, hogy az \u00e1ruk csomagol\u00e1s\u00e1hoz \u00e9s t\u00e1rol\u00e1s\u00e1hoz korszer\u0171bb megold\u00e1sokat v\u00e1lasszunk, amelyekkel g\u00f6rd\u00fcl\u00e9kenyebb\u00e9 \u00e9s hat\u00e9konyabb\u00e1 tehetj\u00fck a logisztik\u00e1t.<\/p>\n\n\n\n<p>Az e-kereskedelem k\u00fcl\u00f6n\u00f6sen az \u00fcnnepi id\u0151szakban n\u00f6vekszik jelent\u0151s m\u00e9rt\u00e9kben. Ahhoz, hogy v\u00e1llalatuk terjeszkedhessen \u00e9s kiel\u00e9g\u00edtse a vev\u0151i ig\u00e9nyeket (legyen sz\u00f3 term\u00e9kekr\u0151l vagy szolg\u00e1ltat\u00e1sokr\u00f3l), gondoskodniuk kell arr\u00f3l, hogy munkat\u00e1rsai felk\u00e9sz\u00fcljenek erre a cs\u00facsid\u0151szakra a hat\u00e9kony szervez\u00e9s \u00e9s az optim\u00e1lis er\u0151forr\u00e1s-gazd\u00e1lkod\u00e1s seg\u00edts\u00e9g\u00e9vel.<\/p>\n\n\n\n<p>Az \u00e9v v\u00e9gi cs\u00facsid\u0151szak el\u0151rejelz\u00e9s\u00e9hez \u00e9s eredm\u00e9nyes kezel\u00e9s\u00e9hez elengedhetetlen a tervez\u00e9si folyamatok fejleszt\u00e9se \u00e9s folyamatos jav\u00edt\u00e1sa. Ez nemcsak mindenki sz\u00e1m\u00e1ra optimaliz\u00e1lja a munkaid\u0151t, hanem cs\u00f6kkenti az id\u0151- \u00e9s energiapazarl\u00e1st is, ez\u00e1ltal hozz\u00e1j\u00e1rul a termel\u00e9kenys\u00e9g \u00e9s az alkalmazottak j\u00f3ll\u00e9t\u00e9nek jav\u00edt\u00e1s\u00e1hoz.<\/p>\n\n\n\n<h2><strong>Haszn\u00e1ljon ellen\u0151rz\u0151list\u00e1t<\/strong><\/h2>\n\n\n\n<p>J\u00f3l felk\u00e9sz\u00fclt a sok v\u00e1s\u00e1rl\u00f3 \u00e9s a nagy sz\u00e1m\u00fa rendel\u00e9s kezel\u00e9s\u00e9re? Van el\u00e9g rakt\u00e1rk\u00e9szlete az \u00f6sszes megrendel\u00e9s teljes\u00edt\u00e9s\u00e9hez? Optim\u00e1lis-e a rakt\u00e1rter\u00fclet eloszt\u00e1sa, \u00e9s van-e elegend\u0151 csomagol\u00f3anyaga? Milyen felszerel\u00e9st kell beszereznie rakt\u00e1r\u00e1ba, m\u0171hely\u00e9be vagy irod\u00e1j\u00e1ba?<\/p>\n\n\n\n<p>Hozzon l\u00e9tre egy ellen\u0151rz\u0151list\u00e1t, amely tartalmazza az \u00f6sszes szolg\u00e1ltat\u00e1st, szem\u00e9lyzetet \u00e9s term\u00e9ket, amelyre sz\u00fcks\u00e9ge van az \u00e9v v\u00e9gi v\u00e1s\u00e1rl\u00f3i ig\u00e9nyek kiel\u00e9g\u00edt\u00e9s\u00e9hez. Megfelel\u0151 felk\u00e9sz\u00fcl\u00e9ssel \u00e9s a munkaszervez\u00e9s fejleszt\u00e9s\u00e9vel k\u00f6nnyed\u00e9n kezelheti az \u00e9v v\u00e9gi \u00fczleti cs\u00facsot.<\/p>\n\n\n\n<p>\u00cdme n\u00e9h\u00e1ny kulcselem, amelyet az ellen\u0151rz\u0151list\u00e1nak tartalmaznia kell:<\/p>\n\n\n\n<p>&nbsp;&nbsp;&nbsp;&nbsp; \u2022 Tev\u00e9kenys\u00e9g pontos azonos\u00edt\u00e1sa<\/p>\n\n\n\n<p>&nbsp;&nbsp;&nbsp;&nbsp; \u2022 Tev\u00e9kenys\u00e9g figyelemmel k\u00eds\u00e9r\u00e9se (pl. gy\u00e1rt\u00e1s, fogy\u00e1s, ut\u00e1nrendel\u00e9s, k\u00e9szletez\u00e9s stb.)<\/p>\n\n\n\n<p>&nbsp;&nbsp;&nbsp;&nbsp; \u2022 Becs\u00fclt felszerel\u00e9si k\u00f6vetelm\u00e9nyek<\/p>\n\n\n\n<p>&nbsp;&nbsp;&nbsp;&nbsp; \u2022 Becs\u00fclt l\u00e9tsz\u00e1m, kell\u00e9kek stb.<\/p>\n\n\n\n<p>Az ellen\u0151rz\u0151lista l\u00e9trehoz\u00e1sa mellett fontolja meg bizonyos folyamatok automatiz\u00e1l\u00e1s\u00e1t. A digit\u00e1lis menedzsment eszk\u00f6z\u00f6k p\u00e9ld\u00e1ul nagyban seg\u00edthetik a feladatok tervez\u00e9s\u00e9t \u00e9s nyomon k\u00f6vet\u00e9s\u00e9t ezekben az \u00fczleti cs\u00facsid\u0151szakokban.<\/p>\n\n\n\n<h2><strong>Optim\u00e1lis szervez\u00e9s \u00e9s \u00fcgyes rakt\u00e1relrendez\u00e9s<\/strong><\/h2>\n\n\n\n<p>A rakt\u00e1rter\u00fclet optimaliz\u00e1l\u00e1sa kulcsfontoss\u00e1g\u00fa l\u00e9p\u00e9s az \u00fczleti cs\u00facsok hat\u00e9kony kezel\u00e9s\u00e9hez. Ez mag\u00e1ban foglalhatja az innovat\u00edv t\u00e1rol\u00e1si megold\u00e1sok alkalmaz\u00e1s\u00e1t, a rakt\u00e1relrendez\u00e9s optimaliz\u00e1l\u00e1s\u00e1t az \u00e1ru\u00e1raml\u00e1s el\u0151seg\u00edt\u00e9se \u00e9rdek\u00e9ben, vagy a rakt\u00e1r hat\u00e9konys\u00e1g\u00e1t jav\u00edt\u00f3 technol\u00f3gi\u00e1kba val\u00f3 befektet\u00e9st.<\/p>\n\n\n\n<p>A megl\u00e9v\u0151 rakt\u00e1rkapacit\u00e1s \u00e9rt\u00e9kes, ez\u00e9rt fontos, hogy minden rendelkez\u00e9sre \u00e1ll\u00f3 helyet a lehet\u0151 legjobban haszn\u00e1ljunk ki. V\u00e1lassza ki a megfelel\u0151 rakt\u00e1relrendez\u00e9st az\u00e1ltal, hogy optim\u00e1lis \u00fatvonalakat hat\u00e1roz meg munkat\u00e1rsai \u00e9s az ott t\u00e1rolni k\u00edv\u00e1nt \u00e1ruk sz\u00e1m\u00e1ra. Fontolja meg a hat\u00e9kony megold\u00e1sokat a polc\u00e1llv\u00e1nyok elrendez\u00e9s\u00e9re, hogy mindennek dedik\u00e1lt helye legyen, m\u00e9gpedig \u00fagy, hogy a lehet\u0151 leghat\u00e9konyabb legyen a hozz\u00e1f\u00e9rhet\u0151s\u00e9g (pl. a gyorsan fogy\u00f3 \u00e1ru az als\u00f3 polcokon, a csomagol\u00e1st v\u00e9gz\u0151 munkat\u00e1rsak k\u00f6zel\u00e9ben). A rakt\u00e1r ilyen optimaliz\u00e1l\u00e1sa k\u00fcl\u00f6n\u00f6sen fontos azoknak a c\u00e9geknek, amelyek online \u00e9rt\u00e9kes\u00edtenek term\u00e9keket. Az \u00e9v v\u00e9gi id\u0151szak gyakran jelent\u0151s n\u00f6veked\u00e9st mutat a megrendel\u00e9sek sz\u00e1m\u00e1ban, ami kihat az id\u0151gazd\u00e1lkod\u00e1sra is.<\/p>\n\n\n\n<h2><strong>Az id\u0151gazd\u00e1lkod\u00e1s fejleszt\u00e9s\u00e9vel gondoskodjon arr\u00f3l, hogy rendelkez\u00e9sre \u00e1lljon a megfelel\u0151 sz\u00e1m\u00fa szem\u00e9lyzet ebben a kritikus id\u0151szakban<\/strong><\/h2>\n\n\n\n<p>A t\u00f6bb \u00fcgyf\u00e9l intenz\u00edvebb tev\u00e9kenys\u00e9get \u00e9s t\u00f6bb csomagoland\u00f3 rendel\u00e9st jelent. A szem\u00e9lyzet egy r\u00e9sze szabads\u00e1gra megy? Sz\u00fcks\u00e9ge lesz helyettes\u00edt\u0151kre a rakt\u00e1rban \u00e9s az \u00fcgyf\u00e9lszolg\u00e1laton. Gondoskodjon arr\u00f3l, hogy legyen elegend\u0151 munkat\u00e1rs olyan napokra, amikor sok rendel\u00e9st kell feldolgozni. Ehhez hasznos lehet digit\u00e1lis menedzsment eszk\u00f6z\u00f6k bevezet\u00e9se, amelyek seg\u00edts\u00e9g\u00e9vel pontosan nyomon k\u00f6vethet\u0151 minden csapattag munkaideje.<\/p>\n\n\n\n<p>Az aktivit\u00e1si cs\u00facsok idej\u00e9n elengedhetetlen a csapatkoh\u00e9zi\u00f3. Egy csapat\u00e9p\u00edt\u0151 program seg\u00edthetnek fenntartani a j\u00f3 hangulatot \u00e9s a termel\u00e9kenys\u00e9get. Ne feledje, hogy sz\u00e1mos ipar\u00e1gban a kar\u00e1csonnyal nem \u00e9r v\u00e9get a cs\u00facsszezon, mert az \u00fcnnepek ut\u00e1n elkezd\u0151dik az \u00e1rucser\u00e9k \u00e9s visszak\u00fcld\u00e9sek id\u0151szaka. A csapatnak janu\u00e1r els\u0151 het\u00e9ig ki kell tartania!<\/p>\n\n\n\n<h2><strong>K\u00f6lts\u00e9g- \u00e9s forr\u00e1sig\u00e9ny azonos\u00edt\u00e1sa<\/strong><\/h2>\n\n\n\n<p>Hat\u00e1rozza meg a k\u00f6lts\u00e9gvet\u00e9st \u00e9s ellen\u0151rizze a rendelkez\u00e9sre \u00e1ll\u00f3 forr\u00e1sokat az \u00e9v h\u00e1tra l\u00e9v\u0151 r\u00e9sz\u00e9re. Ink\u00e1bb felhaszn\u00e1lja (az aktu\u00e1lis p\u00e9nz\u00fcgyi \u00e9vben t\u00f6rt\u00e9n\u0151 sz\u00e1ll\u00edt\u00e1ssal \u00e9s sz\u00e1ml\u00e1z\u00e1ssal) a rendelkez\u00e9sre \u00e1ll\u00f3 keretet, vagy \u00e1tviszi a k\u00f6vetkez\u0151 p\u00e9nz\u00fcgyi \u00e9vre? Fontos, hogy alaposan gondolja \u00e1t a lehet\u0151s\u00e9geket, \u00edgy el\u0151re l\u00e1tja majd a korl\u00e1tokat \u00e9s buktat\u00f3kat.<\/p>\n\n\n\n<p>A p\u00e9nz\u00fcgyi tervez\u00e9s mag\u00e1ban foglalhat ak\u00e1r egy \u00f6n\u00e1ll\u00f3 k\u00f6lts\u00e9gvet\u00e9st is, amely kifejezetten az \u00e9v v\u00e9gi cs\u00facsszezonra tartalmazza a t\u00f6bbletk\u00f6lts\u00e9geket (munka, rakt\u00e1roz\u00e1s, a termel\u00e9s n\u00f6veked\u00e9s\u00e9vel kapcsolatos k\u00f6lts\u00e9geket), illetve a v\u00e1rhat\u00f3 megrendel\u00e9ssz\u00e1mot \u00e9s bev\u00e9telt is.<\/p>\n\n\n\n<p>A Manutan felk\u00e9r\u00e9s\u00e9re a Novio Research mintegy 800 v\u00e1llalat k\u00f6r\u00e9ben v\u00e9gzett felm\u00e9r\u00e9st, amelyb\u0151l kider\u00fclt, hogy \u00e9v v\u00e9g\u00e9re 22,5%-uk haszn\u00e1lja fel k\u00f6lts\u00e9gvet\u00e9s\u00e9t. K\u00f6z\u00fcl\u00fck 13,8%-uk a t\u00e1rgy\u00e9vi kisz\u00e1ll\u00edt\u00e1st \u00e9s sz\u00e1ml\u00e1z\u00e1st v\u00e1lasztja, 8,7%-uk pedig a k\u00f6vetkez\u0151 \u00e9vre csoportos\u00edtja \u00e1t a megrendelt term\u00e9kek kisz\u00e1ll\u00edt\u00e1s\u00e1t.<\/p>\n\n\n\n<h2><strong>\u00d3vja alkalmazottait a hidegt\u0151l<\/strong><\/h2>\n\n\n\n<p>Az \u00fczleti cs\u00facsok idej\u00e9n is priorit\u00e1st kell \u00e9lveznie a munkav\u00e1llal\u00f3k biztons\u00e1g\u00e1nak. Ez mag\u00e1ban foglalhatja tov\u00e1bbi biztons\u00e1gi int\u00e9zked\u00e9sek v\u00e9grehajt\u00e1s\u00e1t, megfelel\u0151 v\u00e9d\u0151felszerel\u00e9s biztos\u00edt\u00e1s\u00e1t vagy biztons\u00e1gi k\u00e9pz\u00e9sek megtart\u00e1s\u00e1t a szem\u00e9lyzet munk\u00e1j\u00e1ra vonatkoz\u00f3an. Mindez k\u00fcl\u00f6n\u00f6sen fontos, ha az \u00fczleti tev\u00e9kenys\u00e9g jellege miatt szabadan t\u00f6rt\u00e9n\u0151 munkav\u00e9gz\u00e9s is el\u0151fordul (pl. fuvaroz\u00e1s, rakod\u00e1s, \u00e9p\u00edt\u0151ipar, mez\u0151gazdas\u00e1gi munk\u00e1k stb.).<\/p>\n\n\n\n<p>Elengedhetetlen a hideg id\u0151j\u00e1r\u00e1sra val\u00f3 felk\u00e9sz\u00fcl\u00e9s. Rendeljen \u00fatsz\u00f3r\u00f3 s\u00f3t a jeges j\u00e1rd\u00e1k, l\u00e9pcs\u0151k \u00e9s utak s\u00edkoss\u00e1gmentes\u00edt\u00e9s\u00e9hez, \u00e9s ha sz\u00fcks\u00e9ges, szerelje fel c\u00e9ge helyis\u00e9geit kieg\u00e9sz\u00edt\u0151 f\u0171t\u00e9si megold\u00e1sokkal, hogy megv\u00e9dje munkat\u00e1rsait a hidegt\u0151l, hiszen az eg\u00e9szs\u00e9g\u00fcgyi \u00e9s biztons\u00e1gi kock\u00e1zatot jelent az alkalmazottak sz\u00e1m\u00e1ra. Ha \u00fczlethelyis\u00e9ggel is rendelkezik, akkor gondolnia kell a v\u00e1s\u00e1rl\u00f3i k\u00e9nyelm\u00e9re \u00e9s testi \u00e9ps\u00e9g\u00e9re is.<\/p>\n\n\n\n<h2><strong>Felk\u00e9sz\u00fcl\u00e9s a k\u00f6vetkez\u0151 \u00e9vre<\/strong><\/h2>\n\n\n\n<p>Rohamosan k\u00f6zeleg az \u00faj \u00e9v, amire fel kell k\u00e9sz\u00edtenie a c\u00e9g\u00e9t. Kezdje el m\u00e1r most azzal, hogy meghat\u00e1rozza az \u00faj projekteket \u00e9s munkat\u00e1rsaival k\u00f6z\u00f6sen kijel\u00f6lik a hat\u00e1rid\u0151ket. A megrendel\u00e9sek \u00e9s tev\u00e9kenys\u00e9gek figyelemmel k\u00eds\u00e9r\u00e9se elengedhetetlen. Ne felejtse el, hogy az \u00fcnnepek ut\u00e1ni id\u0151szak ugyanolyan fontos, mint maga az \u00e9v v\u00e9gi cs\u00facs. Tekintse \u00e1t az elm\u00falt \u00e9vet, azonos\u00edtsa az er\u0151ss\u00e9geket \u00e9s a fejlesztend\u0151 ter\u00fcleteket, \u00e9s kezdje el tervezni a k\u00f6vetkez\u0151 \u00e9v c\u00e9ljait.<\/p>\n","protected":false},"excerpt":{"rendered":"<p>Sok v\u00e1llalat \u00e9let\u00e9ben az \u00e9v v\u00e9ge jelenti a cs\u00facsszezont. A c\u00e9gtulajdonosokra \u00e9s a HR vezet\u0151kre ilyenkor m\u00e9g nagyobb teher h\u00e1rul, hiszen nekik kell megalkotniuk azt a strat\u00e9gi\u00e1t, ami mind id\u0151gazd\u00e1lkod\u00e1s, mind pedig \u00fczletvitel szempontj\u00e1b\u00f3l eredm\u00e9nyes. Munkaid\u0151-beoszt\u00e1s, t\u00e1voll\u00e9tek tervez\u00e9se, \u00fcnnepi nyitvatart\u00e1s, k\u00e9szletez\u00e9s \u00e9s a folyamatos \u00fczleti m\u0171k\u00f6d\u00e9shez sz\u00fcks\u00e9ges er\u0151forr\u00e1sok biztos\u00edt\u00e1sa mind-mind arr\u00f3l sz\u00f3l, hogy tervezni \u00e9s [&hellip;]<\/p>\n","protected":false},"author":5,"featured_media":3278,"comment_status":"closed","ping_status":"closed","sticky":false,"template":"","format":"standard","meta":[],"categories":[522],"tags":[],"jetpack_featured_media_url":"https:\/\/www.manutan.hu\/blog\/wp-content\/uploads\/2023\/12\/Nevtelen-terv-4.png","_links":{"self":[{"href":"https:\/\/www.manutan.hu\/blog\/wp-json\/wp\/v2\/posts\/3277"}],"collection":[{"href":"https:\/\/www.manutan.hu\/blog\/wp-json\/wp\/v2\/posts"}],"about":[{"href":"https:\/\/www.manutan.hu\/blog\/wp-json\/wp\/v2\/types\/post"}],"author":[{"embeddable":true,"href":"https:\/\/www.manutan.hu\/blog\/wp-json\/wp\/v2\/users\/5"}],"replies":[{"embeddable":true,"href":"https:\/\/www.manutan.hu\/blog\/wp-json\/wp\/v2\/comments?post=3277"}],"version-history":[{"count":2,"href":"https:\/\/www.manutan.hu\/blog\/wp-json\/wp\/v2\/posts\/3277\/revisions"}],"predecessor-version":[{"id":3280,"href":"https:\/\/www.manutan.hu\/blog\/wp-json\/wp\/v2\/posts\/3277\/revisions\/3280"}],"wp:featuredmedia":[{"embeddable":true,"href":"https:\/\/www.manutan.hu\/blog\/wp-json\/wp\/v2\/media\/3278"}],"wp:attachment":[{"href":"https:\/\/www.manutan.hu\/blog\/wp-json\/wp\/v2\/media?parent=3277"}],"wp:term":[{"taxonomy":"category","embeddable":true,"href":"https:\/\/www.manutan.hu\/blog\/wp-json\/wp\/v2\/categories?post=3277"},{"taxonomy":"post_tag","embeddable":true,"href":"https:\/\/www.manutan.hu\/blog\/wp-json\/wp\/v2\/tags?post=3277"}],"curies":[{"name":"wp","href":"https:\/\/api.w.org\/{rel}","templated":true}]}}