{"id":3268,"date":"2023-12-14T09:10:10","date_gmt":"2023-12-14T08:10:10","guid":{"rendered":"https:\/\/www.manutan.hu\/blog\/?p=3268"},"modified":"2025-04-16T14:10:54","modified_gmt":"2025-04-16T12:10:54","slug":"kulteri-pihenes-melyik-a-legjobb-kerti-piheno","status":"publish","type":"post","link":"https:\/\/www.manutan.hu\/blog\/kulteri-pihenes-melyik-a-legjobb-kerti-piheno\/","title":{"rendered":"K\u00fclt\u00e9ri pihen\u00e9s: melyik a legjobb kerti pihen\u0151?"},"content":{"rendered":"\n<p>Ha a munkahelyen van kert, vagy ak\u00e1r csak egy kisebb tet\u0151terasz, \u00e9rdemes pihen\u0151helyet kialak\u00edtani ott, amit nagyra \u00e9rt\u00e9kelnek majd a koll\u00e9g\u00e1i. Cikk\u00fcnkben tan\u00e1csokat adunk a k\u00fclt\u00e9ri pihen\u0151helyek felszerel\u00e9s\u00e9hez.\u00a0<\/p>\n\n\n\n<figure class=\"wp-block-image size-full\"><img loading=\"lazy\" width=\"996\" height=\"664\" src=\"https:\/\/www.manutan.hu\/blog\/wp-content\/uploads\/2023\/12\/kulteri-butorok-munkahely.jpg\" alt=\"kerti pihen\u0151k, k\u00fclt\u00e9ri b\u00fatorok a munkahely parkj\u00e1ban\" class=\"wp-image-3269\" srcset=\"https:\/\/www.manutan.hu\/blog\/wp-content\/uploads\/2023\/12\/kulteri-butorok-munkahely.jpg 996w, https:\/\/www.manutan.hu\/blog\/wp-content\/uploads\/2023\/12\/kulteri-butorok-munkahely-300x200.jpg 300w, https:\/\/www.manutan.hu\/blog\/wp-content\/uploads\/2023\/12\/kulteri-butorok-munkahely-768x512.jpg 768w\" sizes=\"(max-width: 996px) 100vw, 996px\" \/><\/figure>\n\n\n\n<p><strong>Ki a szabadba, \u00e9vszakt\u00f3l f\u00fcggetlen\u00fcl!<\/strong>&nbsp;<\/p>\n\n\n\n<p>A kerti b\u00fatorok a legt\u00f6bb helyen csak tavaszt\u00f3l \u0151szig vannak haszn\u00e1latban, pedig a munkav\u00e1llal\u00f3k t\u00f6bbs\u00e9ge sz\u00edvesen sz\u00edv egy kis friss leveg\u0151t akkor is, ha az id\u0151 m\u00e1r h\u0171v\u00f6sebbre fordul. B\u00e1rmilyen szabadt\u00e9ri hely\u00fcnk van, \u00e9rdemes n\u00e9gy \u00e9vszakban gondolkodni \u00e9s \u00fagy felszerelni, hogy azt eg\u00e9sz \u00e9vben haszn\u00e1lhass\u00e1k a munkav\u00e1llal\u00f3k.&nbsp;&nbsp;<\/p>\n\n\n\n<h2><strong>Hol alak\u00edthatunk ki kerti pihen\u0151t?<\/strong>&nbsp;<\/h2>\n\n\n\n<p>Ha az irodah\u00e1znak van h\u00e1ts\u00f3 kertje, ami a gyalogos \u00e9s g\u00e9pj\u00e1rm\u0171forgalomt\u00f3l egy kicsit t\u00e1volabb esik, n\u00e9h\u00e1ny <a href=\"https:\/\/www.manutan.hu\/hu\/mhu\/kulteri-padok-es-asztalok\" target=\"_blank\" rel=\"noreferrer noopener\">k\u00fclt\u00e9ri b\u00fator<\/a> kihelyez\u00e9s\u00e9vel m\u00e1ris kialak\u00edthatunk egy kerti pihen\u0151helyet, ahol a koll\u00e9g\u00e1i k\u00e1v\u00e9zhatnak, elvonulhatnak p\u00e1r percre a munkak\u00f6zi sz\u00fcnetek idej\u00e9n, de sz\u00e9p id\u0151 eset\u00e9n ak\u00e1r ide szervezhetj\u00fck a megbesz\u00e9l\u00e9seket is. Egy nagy kreativit\u00e1st ig\u00e9nyl\u0151 brainstorming eset\u00e9n p\u00e9ld\u00e1ul kifejezetten el\u0151ny\u00f6s lehet, ha a koll\u00e9g\u00e1i nem a n\u00e9gy fal k\u00f6z\u00f6tt, hanem a term\u00e9szetben \u00f6tletelnek. Az oxig\u00e9nd\u00fas leveg\u0151 \u00e9s a z\u00f6ld k\u00f6rnyezet garant\u00e1ltan felpezsd\u00edti az agyat, r\u00e1ad\u00e1sul a koncentr\u00e1ci\u00f3t is tov\u00e1bb lehet megtartani friss leveg\u0151n.&nbsp;<\/p>\n\n\n\n<p>A kerti pihen\u0151 sok munkahelyen egyben <strong>kijel\u00f6lt doh\u00e1nyz\u00f3hely<\/strong> is. Ez esetben \u00e9rdemes gondolni az es\u0151v\u00e9delemre, amit egy <a href=\"https:\/\/www.manutan.hu\/hu\/mhu\/fedett-dohanyzohely\" target=\"_blank\" rel=\"noreferrer noopener\">fedett be\u00e1ll\u00f3val<\/a> k\u00f6nnyen megoldhatunk. Egy kerti pad \u00e9s egy kis asztal k\u00e9nyelmesen elf\u00e9r a fedett be\u00e1ll\u00f3k alatt, \u00edgy m\u00e9g k\u00e9nyelmesebb\u00e9 tehetj\u00fck a doh\u00e1nyz\u00f3helyet. Ezt a megold\u00e1st azok a munkav\u00e1llal\u00f3k \u00e9rt\u00e9kelik majd igaz\u00e1n nagyra, akik \u00e1ll\u00f3 munk\u00e1t v\u00e9geznek (pl. gy\u00e1rt\u00f3sor mellett), mert a sz\u00fcnetben lehet\u0151s\u00e9g\u00fck lesz egy kicsit megpihenni.&nbsp;<\/p>\n\n\n\n<p>Kert hi\u00e1ny\u00e1ban egy nagyobb <strong>terasz<\/strong> vagy <strong>tet\u0151kert<\/strong> is szolg\u00e1lhat k\u00fclt\u00e9ri pihen\u0151helyk\u00e9nt, amit <a href=\"https:\/\/www.manutan.hu\/hu\/mhu\/alabama-kerti-keszlet\" target=\"_blank\" rel=\"noreferrer noopener\">rattan \u00fcl\u0151garnit\u00far\u00e1val,<\/a> k\u00fclt\u00e9ri asztallal, esetleg <a href=\"https:\/\/www.manutan.hu\/hu\/mhu\/kerti-fekvoagy-pacifik\" target=\"_blank\" rel=\"noreferrer noopener\">pihen\u0151\u00e1ggyal<\/a> tehet\u00fcnk bar\u00e1ts\u00e1goss\u00e1. Sz\u00e1mos felm\u00e9r\u00e9s bizony\u00edtja, hogy egy 10-15 perces ejt\u0151z\u00e9s a munkahelyen nem id\u0151pazarl\u00e1s, hanem \u00e9ppen ellenkez\u0151leg, jelent\u0151sen jav\u00edtja a munkav\u00e1llal\u00f3k produktivit\u00e1s\u00e1t, hiszen felfriss\u00fclve \u00fclnek vissza az \u00edr\u00f3asztalukhoz.&nbsp;<\/p>\n\n\n\n<p>V\u00e1rosi k\u00f6rnyezetben nem biztos, hogy a munkahelyi kerti pihen\u0151t z\u00f6ld k\u00f6rnyezetben tudjuk kialak\u00edtani, de n\u00e9h\u00e1ny nagyobb <a href=\"https:\/\/www.manutan.hu\/hu\/mhu\/viraglada-sequoia\" target=\"_blank\" rel=\"noreferrer noopener\">kasp\u00f3val,<\/a> illetve az azokba \u00fcltetett \u00e9vel\u0151 \u00e9s egyny\u00e1ri n\u00f6v\u00e9nyekkel term\u00e9szetk\u00f6zeli hangulatot teremthet\u00fcnk akkor is, ha egy belv\u00e1rosi irodah\u00e1z udvar\u00e1n alak\u00edtjuk ki a kerti pihen\u0151t. A z\u00f6ld n\u00f6v\u00e9nyek amellett, hogy d\u00edsz\u00edtenek, \u00e1rny\u00e9kolnak is, illetve felfogj\u00e1k a port \u00e9s term\u00e9szetes hangcsillap\u00edt\u00f3k\u00e9nt is j\u00f3 szolg\u00e1latot tesznek.&nbsp;<\/p>\n\n\n\n<h2><strong>Hogyan v\u00e1lasszunk b\u00fatorokat munkahelyi k\u00fclt\u00e9ri pihen\u0151helyre?<\/strong>&nbsp;<\/h2>\n\n\n\n<p>A k\u00fclt\u00e9ri b\u00fatorok beszerz\u00e9sekor \u00e9rdemes olyat v\u00e1lasztani, amelyek UV-\u00e1ll\u00f3ak \u00e9s b\u00edrj\u00e1k a fagyokat is. A tart\u00f3ss\u00e1g mellett ez azzal az el\u0151nnyel is j\u00e1r, hogy t\u00e9lre nincs sz\u00fcks\u00e9g t\u00e1rol\u00f3helyis\u00e9gre. A f\u00e1b\u00f3l, a f\u00e9mb\u0151l \u00e9s pr\u00e9selt m\u0171anyagb\u00f3l k\u00e9sz\u00fclt kerti b\u00fatorok a legzordabb id\u0151j\u00e1r\u00e1ssal szemben is ellen\u00e1ll\u00f3ak, \u00edgy ide\u00e1lisak n\u00e9gy \u00e9vszakos kerti pihen\u0151helyekre.&nbsp;<\/p>\n\n\n\n<p>Ha csak tavaszt\u00f3l \u0151szig szeretn\u00e9nk haszn\u00e1lni a kerti pihen\u0151t, \u00e9s a b\u00fatorok nem t\u00e9l\u00e1ll\u00f3ak, felt\u00e9tlen\u00fcl gondoskodni kell azok t\u00e9lies\u00edt\u00e9s\u00e9r\u0151l m\u00e9g az els\u0151 fagyok meg\u00e9rkez\u00e9se el\u0151tt. Nem kell, hogy a b\u00fatorok f\u0171t\u00f6tt helyre ker\u00fcljenek, de a k\u00f6zvetlen fagyt\u00f3l \u00e9s a csapad\u00e9kt\u00f3l v\u00e9deni kell. Ehhez beszerezhet\u00fcnk egy <a href=\"https:\/\/www.manutan.hu\/hu\/mhu\/manor-kerti-haziko-4x3\" target=\"_blank\" rel=\"noreferrer noopener\">kerti h\u00e1zik\u00f3t,<\/a> amit ha a pihen\u0151hely k\u00f6zel\u00e9ben \u00e1ll\u00edtunk fel, akkor a b\u00fatorokat nem kell messzire cipeln\u00fcnk sem tavasszal, sem \u0151sszel.&nbsp;<\/p>\n\n\n\n<p>\u00c9rdemes m\u00e9g beszerezni n\u00e9h\u00e1ny praktikus kieg\u00e9sz\u00edt\u0151t, ami a kerti pihen\u0151t komfortosabb\u00e1 teszi. Ha a pihen\u0151 egyben kijel\u00f6lt doh\u00e1nyz\u00f3hely is, felt\u00e9tlen\u00fcl helyezz\u00fcnk ki erre vonatkoz\u00f3 jelz\u00e9st, illetve szerelj\u00fcnk fel <a href=\"https:\/\/www.manutan.hu\/hu\/mhu\/hamutartok-es-hamutartos-hulladekgyujto\" target=\"_blank\" rel=\"noreferrer noopener\">fali hamutart\u00f3t<\/a> vagy <a href=\"https:\/\/www.manutan.hu\/hu\/mhu\/hamutartok-es-hamutartos-hulladekgyujto\" target=\"_blank\" rel=\"noreferrer noopener\">hamutart\u00f3s k\u00fclt\u00e9ri kuk\u00e1t<\/a> is.&nbsp;<\/p>\n\n\n\n<p>A t\u00e1rol\u00f3k\u00e9nt is haszn\u00e1lhat\u00f3 <a href=\"https:\/\/www.manutan.hu\/hu\/mhu\/arica-kerti-asztalok-tarolohellyel\" target=\"_blank\" rel=\"noreferrer noopener\">kerti asztalokon<\/a> nemcsak a k\u00e1v\u00e9scs\u00e9sz\u00e9k \u00e9s a laptop f\u00e9r el, hanem a belsej\u00fckben takar\u00f3kat, p\u00e1rn\u00e1kat is t\u00e1rolhatunk.&nbsp;<\/p>\n\n\n\n<p>Ha a kerti pihen\u0151t t\u00e9len is haszn\u00e1lj\u00e1k a munkav\u00e1llal\u00f3k, \u00e1ll\u00edtsunk fel egy <a href=\"https:\/\/www.manutan.hu\/hu\/mhu\/kulteri-gazmelegito-mobil-14-000-w\" target=\"_blank\" rel=\"noreferrer noopener\">k\u00fclt\u00e9ri g\u00e1zmeleg\u00edt\u0151t,<\/a> ami kellemes h\u0151\u00e9rzetet ny\u00fajt a p\u00e1r perces sz\u00fcnetek idej\u00e9re.&nbsp;&nbsp;<\/p>\n\n\n\n<p>A munkahelyi kerti pihen\u0151t \u00e9rdemes n\u00e9mileg elszepar\u00e1lni a t\u00f6bbi t\u00e9rt\u0151l, mert \u00edgy teremthet\u0151 meg az az atmoszf\u00e9ra, amivel val\u00f3ban alkalmass\u00e1 v\u00e1lik a pihen\u00e9sre, felt\u00f6lt\u0151d\u00e9sre, az elvonul\u00f3s besz\u00e9lget\u00e9sekre. Ezt a szepar\u00e1ci\u00f3t magasra n\u00f6v\u0151 bokrokkal, cserj\u00e9kkel \u00e9s k\u00fasz\u00f3n\u00f6v\u00e9nyekkel \u00e9rhetj\u00fck el a legeszt\u00e9tikusabb m\u00f3don. Az \u00fcltet\u00e9shez v\u00e1laszthatunk <a href=\"https:\/\/www.manutan.hu\/hu\/mhu\/magasagyas-maple-trough\" target=\"_blank\" rel=\"noreferrer noopener\">magas\u00e1gy\u00e1st<\/a> \u00e9s nagyobb kasp\u00f3kat is. Az \u00e1gy\u00e1sok sz\u00e9l\u00e9be \u00fcltethet\u00fcnk alacsony \u00e9s k\u00f6zepes magass\u00e1g\u00fa f\u0171szern\u00f6v\u00e9nyeket is, amelyek hossz\u00fa h\u00f3napokon kereszt\u00fcl kellemes illatot \u00e1rasztanak. J\u00f3 v\u00e1laszt\u00e1s p\u00e9ld\u00e1ul a levendula, a&nbsp;&nbsp; rozmaring \u00e9s a kakukkf\u0171, r\u00e1ad\u00e1sul ezek \u00e9vel\u0151 \u00e9s sz\u00e1razs\u00e1gt\u0171r\u0151 n\u00f6v\u00e9nyek is, \u00edgy a gondoz\u00e1suk sem ig\u00e9nyel nagy munk\u00e1t.&nbsp;<\/p>\n\n\n\n<p>Ak\u00e1r irod\u00e1ban dolgoznak a munkav\u00e1llal\u00f3i, ak\u00e1r ipari ter\u00fcleten, \u00f6r\u00f6mmel haszn\u00e1lnak majd egy k\u00fclt\u00e9ri pihen\u0151helyet, ez\u00e9rt ha csak n\u00e9h\u00e1ny n\u00e9gyzetm\u00e9tert szabadd\u00e1 tud tenni erre a c\u00e9lra, \u00e9rdemes megval\u00f3s\u00edtani. Ha a kerti pihen\u0151t eg\u00e9sz \u00e9vben szeretn\u00e9k haszn\u00e1lni, akkor ak\u00e1r t\u00e9len is meglepheti a munkav\u00e1llal\u00f3kat egy \u00faj k\u00f6z\u00f6ss\u00e9gi t\u00e9rrel. A k\u00fclt\u00e9ri b\u00fatorok \u00e9s kieg\u00e9sz\u00edt\u0151k kiv\u00e1laszt\u00e1s\u00e1ban <a href=\"https:\/\/www.manutan.hu\/hu\/mhu\/kapcsolat\" target=\"_blank\" rel=\"noreferrer noopener\">\u00e9rt\u00e9kes\u00edt\u00e9si koll\u00e9g\u00e1ink<\/a> k\u00e9szs\u00e9ggel \u00e1llnak rendelkez\u00e9s\u00e9re.&nbsp;<\/p>\n","protected":false},"excerpt":{"rendered":"<p>Ha a munkahelyen van kert, vagy ak\u00e1r csak egy kisebb tet\u0151terasz, \u00e9rdemes pihen\u0151helyet kialak\u00edtani ott, amit nagyra \u00e9rt\u00e9kelnek majd a koll\u00e9g\u00e1i. <\/p>\n","protected":false},"author":3,"featured_media":3269,"comment_status":"closed","ping_status":"closed","sticky":false,"template":"","format":"standard","meta":[],"categories":[522],"tags":[],"jetpack_featured_media_url":"https:\/\/www.manutan.hu\/blog\/wp-content\/uploads\/2023\/12\/kulteri-butorok-munkahely.jpg","_links":{"self":[{"href":"https:\/\/www.manutan.hu\/blog\/wp-json\/wp\/v2\/posts\/3268"}],"collection":[{"href":"https:\/\/www.manutan.hu\/blog\/wp-json\/wp\/v2\/posts"}],"about":[{"href":"https:\/\/www.manutan.hu\/blog\/wp-json\/wp\/v2\/types\/post"}],"author":[{"embeddable":true,"href":"https:\/\/www.manutan.hu\/blog\/wp-json\/wp\/v2\/users\/3"}],"replies":[{"embeddable":true,"href":"https:\/\/www.manutan.hu\/blog\/wp-json\/wp\/v2\/comments?post=3268"}],"version-history":[{"count":1,"href":"https:\/\/www.manutan.hu\/blog\/wp-json\/wp\/v2\/posts\/3268\/revisions"}],"predecessor-version":[{"id":3270,"href":"https:\/\/www.manutan.hu\/blog\/wp-json\/wp\/v2\/posts\/3268\/revisions\/3270"}],"wp:featuredmedia":[{"embeddable":true,"href":"https:\/\/www.manutan.hu\/blog\/wp-json\/wp\/v2\/media\/3269"}],"wp:attachment":[{"href":"https:\/\/www.manutan.hu\/blog\/wp-json\/wp\/v2\/media?parent=3268"}],"wp:term":[{"taxonomy":"category","embeddable":true,"href":"https:\/\/www.manutan.hu\/blog\/wp-json\/wp\/v2\/categories?post=3268"},{"taxonomy":"post_tag","embeddable":true,"href":"https:\/\/www.manutan.hu\/blog\/wp-json\/wp\/v2\/tags?post=3268"}],"curies":[{"name":"wp","href":"https:\/\/api.w.org\/{rel}","templated":true}]}}