{"id":3262,"date":"2023-12-14T09:05:03","date_gmt":"2023-12-14T08:05:03","guid":{"rendered":"https:\/\/www.manutan.hu\/blog\/?p=3262"},"modified":"2025-04-16T14:11:51","modified_gmt":"2025-04-16T12:11:51","slug":"dohanyozni-tilos-vs-dohanyzasra-kijelolt-hely-a-munkahelyen","status":"publish","type":"post","link":"https:\/\/www.manutan.hu\/blog\/dohanyozni-tilos-vs-dohanyzasra-kijelolt-hely-a-munkahelyen\/","title":{"rendered":"Doh\u00e1nyozni tilos vs. doh\u00e1nyz\u00e1sra kijel\u00f6lt hely a munkahelyen"},"content":{"rendered":"\n<p>Hol kell doh\u00e1nyz\u00e1st tilt\u00f3 t\u00e1bl\u00e1t kihelyezni a munkahelyen \u00e9s hogyan lesz szab\u00e1lyos a doh\u00e1nyz\u00e1sra kijel\u00f6lt hely? Minden, amit a nemdoh\u00e1nyz\u00f3k v\u00e9delm\u00e9r\u0151l \u00e9s a doh\u00e1nyz\u00f3hely kialak\u00edt\u00e1s\u00e1r\u00f3l tudni \u00e9rdemes.\u00a0<\/p>\n\n\n\n<figure class=\"wp-block-image size-large\"><img loading=\"lazy\" width=\"1024\" height=\"576\" src=\"https:\/\/www.manutan.hu\/blog\/wp-content\/uploads\/2023\/12\/dohanyozni-tilos-rendelet-1024x576.jpg\" alt=\"dohanyozni-tilos-rendelet\" class=\"wp-image-3263\" srcset=\"https:\/\/www.manutan.hu\/blog\/wp-content\/uploads\/2023\/12\/dohanyozni-tilos-rendelet-1024x576.jpg 1024w, https:\/\/www.manutan.hu\/blog\/wp-content\/uploads\/2023\/12\/dohanyozni-tilos-rendelet-300x169.jpg 300w, https:\/\/www.manutan.hu\/blog\/wp-content\/uploads\/2023\/12\/dohanyozni-tilos-rendelet-768x432.jpg 768w, https:\/\/www.manutan.hu\/blog\/wp-content\/uploads\/2023\/12\/dohanyozni-tilos-rendelet.jpg 1060w\" sizes=\"(max-width: 1024px) 100vw, 1024px\" \/><\/figure>\n\n\n\n<p>A nemdoh\u00e1nyz\u00f3k v\u00e9delm\u00e9r\u0151l sz\u00f3l\u00f3 <a href=\"https:\/\/net.jogtar.hu\/jogszabaly?docid=99900042.tv\" target=\"_blank\" rel=\"noreferrer noopener\">1999. \u00e9vi XLII. t\u00f6rv\u00e9ny<\/a> t\u00f6bb mint h\u00fasz \u00e9ve van hat\u00e1lyban \u00e9s m\u00e1ra szerencs\u00e9re a t\u00e1rsadalmi elfogadotts\u00e1ga is sz\u00e9les, illetve szinte mindenki ismeri a legfontosabb tilt\u00e1sokat. Ahogy mondani szok\u00e1s, az \u00f6rd\u00f6g a r\u00e9szletekben rejlik, ez\u00e9rt cikk\u00fcnkben \u00f6sszefoglaljuk azokat a fontos tudnival\u00f3kat, amikre a munkaad\u00f3knak figyelni\u00fck kell \u00e9s k\u00fcl\u00f6n kit\u00e9r\u00fcnk az \u00fajonnan megjelent doh\u00e1nyterm\u00e9kekre, illetve doh\u00e1nyz\u00e1st imit\u00e1l\u00f3 eszk\u00f6z\u00f6kre is, amelyek az elm\u00falt n\u00e9h\u00e1ny \u00e9vben terjedtek el.&nbsp;<\/p>\n\n\n\n<h2><strong>Hol tilos doh\u00e1nyozni?<\/strong>&nbsp;<\/h2>\n\n\n\n<p>A t\u00f6rv\u00e9ny 2. \u00a7-\u00e1nak&nbsp; (1) bekezd\u00e9se t\u00e9telesen felsorolja azokat a helyeket, ahol a nemdoh\u00e1nyz\u00f3k v\u00e9delme \u00e9rdek\u00e9ben tilos a doh\u00e1nyz\u00e1s. Ezek a k\u00f6vetkez\u0151k:&nbsp;<\/p>\n\n\n\n<p><em>a) k\u00f6zforgalm\u00fa int\u00e9zm\u00e9nynek a nyilv\u00e1noss\u00e1g sz\u00e1m\u00e1ra nyitva \u00e1ll\u00f3 helyis\u00e9geiben,<\/em>&nbsp;<\/p>\n\n\n\n<p><em>b) k\u00f6z\u00f6ss\u00e9gi k\u00f6zleked\u00e9si eszk\u00f6z\u00f6n,<\/em>&nbsp;<\/p>\n\n\n\n<p><strong><em>c) munkahelyen,<\/em><\/strong>&nbsp;<\/p>\n\n\n\n<p><em>d) k\u00f6zter\u00fcletnek min\u0151s\u00fcl\u0151<\/em>&nbsp;<\/p>\n\n\n\n<p><em>da) a gyalogosforgalom sz\u00e1m\u00e1ra nyitva \u00e1ll\u00f3 alulj\u00e1r\u00f3kban \u00e9s egy\u00e9b, z\u00e1rt l\u00e9gter\u0171 k\u00f6zforgalm\u00fa k\u00f6zleked\u0151 \u00f6sszek\u00f6t\u0151 terekben, valamint k\u00f6zter\u00fcleti j\u00e1tsz\u00f3tereken, tov\u00e1bb\u00e1 a j\u00e1tsz\u00f3terek k\u00fcls\u0151 hat\u00e1rvonal\u00e1t\u00f3l sz\u00e1m\u00edtott 5 m\u00e9teres t\u00e1vols\u00e1gon bel\u00fcl,<\/em>&nbsp;<\/p>\n\n\n\n<p><em>db) a k\u00f6zforgalm\u00fa vas\u00fati szolg\u00e1ltat\u00e1s ny\u00fajt\u00e1s\u00e1ra szolg\u00e1l\u00f3 vas\u00fati \u00fczemi l\u00e9tes\u00edtm\u00e9nyek \u00e9s a vas\u00fati p\u00e1lya tartoz\u00e9kainak szem\u00e9lyforgalom sz\u00e1m\u00e1ra megnyitott ter\u00fcletein, k\u00f6z\u00f6ss\u00e9gi k\u00f6zleked\u00e9si eszk\u00f6z ig\u00e9nybev\u00e9tel\u00e9nek c\u00e9lj\u00e1b\u00f3l l\u00e9tes\u00edtett, illetve erre kijel\u00f6lt meg\u00e1ll\u00f3ban, v\u00e1rakoz\u00f3helyen, illetve helyis\u00e9gben, valamint ny\u00edlt l\u00e9gter\u0171 meg\u00e1ll\u00f3, v\u00e1rakoz\u00f3hely eset\u00e9n annak k\u00fcls\u0151 hat\u00e1rvonal\u00e1t\u00f3l sz\u00e1m\u00edtott 5 m\u00e9teres t\u00e1vols\u00e1gon bel\u00fcl, azzal, hogy ha a doh\u00e1nyz\u00e1si korl\u00e1toz\u00e1s al\u00e1 tartoz\u00f3 ter\u00fclet k\u00fcls\u0151 hat\u00e1rvonala nem \u00e1llap\u00edthat\u00f3 meg egy\u00e9rtelm\u0171en, akkor a doh\u00e1nyz\u00e1s a meg\u00e1ll\u00f3t vagy v\u00e1rakoz\u00f3helyet kijel\u00f6l\u0151 t\u00e1bl\u00e1t\u00f3l vagy m\u00e1s jelz\u00e9st\u0151l sz\u00e1m\u00edtott 5 m\u00e9teres sugar\u00fa k\u00f6rnek megfelel\u0151 k\u00f6rzetben tilos,<\/em>&nbsp;<\/p>\n\n\n\n<p><em>e) az eg\u00e9szs\u00e9g\u00fcgyr\u0151l sz\u00f3l\u00f3 1997. \u00e9vi CLIV. t\u00f6rv\u00e9ny (a tov\u00e1bbiakban: E\u00fctv.) 3. \u00a7 f) pontja szerinti eg\u00e9szs\u00e9g\u00fcgyi szolg\u00e1ltat\u00f3 k\u00f6zforgalom sz\u00e1m\u00e1ra nyitva \u00e1ll\u00f3 bej\u00e1rat\u00e1t\u00f3l sz\u00e1m\u00edtott 10 m\u00e9teren bel\u00fcl.<\/em>&nbsp;<\/p>\n\n\n\n<h2><strong>Mi sz\u00e1m\u00edt pontosan doh\u00e1nyz\u00e1snak? Az e-cigi is tilos?<\/strong>&nbsp;<\/h2>\n\n\n\n<p>Gyakran vita t\u00e9m\u00e1j\u00e1t adja, hogy csak a hagyom\u00e1nyos cigarett\u00e1ra val\u00f3 r\u00e1gy\u00fajt\u00e1s tilos z\u00e1rt t\u00e9rben. Ez egy\u00e9rtelm\u0171en t\u00e9vhit, a t\u00f6rv\u00e9ny neves\u00edtve eml\u00edti a tiltott eszk\u00f6z\u00f6k k\u00f6z\u00f6tt a k\u00fcl\u00f6nf\u00e9le alternat\u00edv\u00e1kat is.&nbsp;<\/p>\n\n\n\n<p><em>\u201e&#8230;nem szabad doh\u00e1nyozni, elektronikus cigarett\u00e1t, doh\u00e1nyz\u00e1st imit\u00e1l\u00f3 elektronikus eszk\u00f6zt vagy v\u00edzipip\u00e1t haszn\u00e1lni&#8230;\u201d<\/em>&nbsp;<\/p>\n\n\n\n<h2><strong>Hol nem jel\u00f6lhet\u0151 ki doh\u00e1nyz\u00f3hely?<\/strong>&nbsp;<\/h2>\n\n\n\n<p>Nem jel\u00f6lhet\u0151 ki doh\u00e1nyz\u00f3hely:&nbsp;<\/p>\n\n\n\n<ul><li>k\u00f6zforgalm\u00fa int\u00e9zm\u00e9nyek z\u00e1rt l\u00e9gter\u0171 helyis\u00e9geiben,&nbsp;<\/li><li>munkahelyek z\u00e1rt l\u00e9gter\u0171 helyis\u00e9geiben,&nbsp;<\/li><li>k\u00f6z\u00f6ss\u00e9gi k\u00f6zleked\u00e9si eszk\u00f6z\u00f6n.&nbsp;<\/li><\/ul>\n\n\n\n<p>M\u00e9g ny\u00edlt l\u00e9gt\u00e9rben sem jel\u00f6lhet\u0151 ki doh\u00e1nyz\u00f3hely&nbsp;<\/p>\n\n\n\n<ul><li>k\u00f6znevel\u00e9si int\u00e9zm\u00e9nyben, illetve&nbsp;<\/li><li>gyermekj\u00f3l\u00e9ti \u00e9s gyermekv\u00e9delmi int\u00e9zm\u00e9nyben.&nbsp;<\/li><\/ul>\n\n\n\n<h2><strong>Tilos a doh\u00e1nyz\u00e1s: hogyan kell jel\u00f6lni?<\/strong>&nbsp;<\/h2>\n\n\n\n<p>A doh\u00e1nyz\u00e1st tilt\u00f3 t\u00e1bl\u00e1k, piktogramok kihelyez\u00e9s\u00e9re a jogszab\u00e1ly k\u00e9t fontos kit\u00e9telt fogalmaz meg aszerint, hogy a tilt\u00e1s a nemdoh\u00e1nyz\u00f3k v\u00e9delme \u00e9rdek\u00e9ben t\u00f6rt\u00e9nik, vagy t\u0171zv\u00e9delmi szempontb\u00f3l is tilos a doh\u00e1nyz\u00e1s?&nbsp;<\/p>\n\n\n\n<ul><li><strong>Nemdoh\u00e1nyz\u00f3k v\u00e9delme \u00e9rdek\u00e9ben: <\/strong>A doh\u00e1nyz\u00e1s korl\u00e1toz\u00e1s\u00e1t jelz\u0151 t\u00e1bl\u00e1t szembet\u0171n\u0151 m\u00f3don kell kihelyezni. Ez a gyakorlatban \u00fagy val\u00f3sulhat meg a legk\u00f6nnyebben, ha azt a helyis\u00e9gek bej\u00e1rataihoz tessz\u00fck ki, lehet\u0151leg szemmagass\u00e1gban. Ilyen esetben a t\u00e1bla vagy piktogram sz\u00edn\u00e9re, illetve m\u00e9ret\u00e9re vonatkoz\u00f3an nincs k\u00fcl\u00f6n kit\u00e9tel, a l\u00e9nyeg a j\u00f3l l\u00e1that\u00f3s\u00e1gon \u00e9s a k\u00f6nny\u0171 felismer\u00e9sen van. A munkahelyek ak\u00e1r az arculati sz\u00ednekkel megegyez\u0151, illetve az iroda berendez\u00e9s\u00e9hez passzol\u00f3 kivitelt is v\u00e1laszthatnak (pl. ez\u00fcst sz\u00edn\u0171 t\u00e1bla grav\u00edroz\u00e1ssal).&nbsp;<\/li><li><strong>T\u0171zv\u00e9delmi szempontb\u00f3l:<\/strong> Ha a doh\u00e1nyz\u00e1s t\u0171zv\u00e9delmi szempontb\u00f3l is tilos, akkor k\u00f6telez\u0151 a <a href=\"https:\/\/www.manutan.hu\/hu\/mhu\/tilto-biztonsagi-tablak-dohanyozni-tilos-92-x-92-mm\" target=\"_blank\" rel=\"noreferrer noopener\">szab\u00e1lyos tilt\u00f3 t\u00e1bl\u00e1k<\/a> haszn\u00e1lta. A tilt\u00f3 t\u00e1bl\u00e1k k\u00f6r alak\u00faak, balr\u00f3l jobbra \u00e1tl\u00f3san \u00e1th\u00fazottak. A t\u00e1bl\u00e1k kerete \u00e9s az \u00e1th\u00faz\u00e1s piros. Bel\u00fcl egy feh\u00e9r mez\u0151 tal\u00e1lhat\u00f3 fekete szimb\u00f3lummal, amely azt mutatja meg, hogy mit nem szabad csin\u00e1lni (pl. doh\u00e1nyozni, ny\u00edlt l\u00e1ngot haszn\u00e1lni).&nbsp;<\/li><\/ul>\n\n\n\n<h2><strong>Kijel\u00f6lt doh\u00e1nyz\u00f3hely a munkahelyen<\/strong>&nbsp;<\/h2>\n\n\n\n<p>Azt, hogy a kijel\u00f6lt doh\u00e1nyz\u00f3hely megfelel-e a t\u00f6rv\u00e9nyi el\u0151\u00edr\u00e1soknak, az eg\u00e9szs\u00e9g\u00fcgyi \u00e1llamigazgat\u00e1si szerv ellen\u0151rzi, de a t\u0171zv\u00e9delmi szempontoknak is meg kell felelni, amit a t\u0171zv\u00e9delmi hat\u00f3s\u00e1g (Katasztr\u00f3fav\u00e9delem) jogosult ellen\u0151rizni. A doh\u00e1nyz\u00e1sra kijel\u00f6lt helyet t\u00e1bl\u00e1val vagy piktogrammal egy\u00e9rtelm\u0171en jel\u00f6lni kell.&nbsp;<\/p>\n\n\n\n<h3><strong>Ahol az \u00e1ltal\u00e1nos tilt\u00e1s ellen\u00e9re m\u00e9gis lehet z\u00e1rt t\u00e9rben kijel\u00f6lt doh\u00e1nyz\u00f3hely<\/strong>&nbsp;<\/h3>\n\n\n\n<p>A t\u00f6rv\u00e9ny speci\u00e1lis helyeken \u00e9s speci\u00e1lis munkak\u00f6r\u00fclm\u00e9nyek k\u00f6z\u00f6tt megengedi, hogy z\u00e1rt t\u00e9rben jel\u00f6lj\u00e9k ki a doh\u00e1nyz\u00e1sra kijel\u00f6lt helyet. Ilyen speci\u00e1lis hely p\u00e9ld\u00e1ul&nbsp;<\/p>\n\n\n\n<ul><li>a b\u00fcntet\u00e9s-v\u00e9grehajt\u00e1si int\u00e9zm\u00e9ny,&nbsp;&nbsp;<\/li><li>a pszichi\u00e1triai int\u00e9zm\u00e9ny,&nbsp;<\/li><li>azon munkahelyek, ahol a k\u00fcl\u00f6n jogszab\u00e1lyban meghat\u00e1rozott korrig\u00e1lt effekt\u00edv h\u0151m\u00e9rs\u00e9klet a 24 \u00b0C-ot meghaladja,&nbsp;<\/li><li>valamint azon munkav\u00e1llal\u00f3k r\u00e9sz\u00e9re is kijel\u00f6lhet\u0151 z\u00e1rt t\u00e9rben doh\u00e1nyz\u00f3hely, ahol a fokozott t\u0171z- \u00e9s robban\u00e1svesz\u00e9ly miatt a ny\u00edlt l\u00e9gt\u00e9rben doh\u00e1nyz\u00f3helyet nem, vagy csak az \u00e9let- \u00e9s vagyonbiztons\u00e1got, valamint a nemzetgazdas\u00e1gi \u00e9rdekeket jelent\u0151sen vesz\u00e9lyeztetve lehetne kijel\u00f6lni.&nbsp;<\/li><\/ul>\n\n\n\n<p>A t\u00f6rv\u00e9ny m\u00e9g egy kiv\u00e9telt neves\u00edt, m\u00e9gpedig a sz\u00e1ll\u00e1sszolg\u00e1ltat\u00e1st ny\u00fajt\u00f3 int\u00e9zm\u00e9nyeket, ahol a kifejezetten doh\u00e1nyz\u00f3k\u00e9nt kiadott \u00e9s ekk\u00e9nt megjel\u00f6lt, z\u00e1rt l\u00e9gter\u0171 szob\u00e1iban szint\u00e9n megengedett a doh\u00e1nyz\u00e1s.&nbsp;<\/p>\n\n\n\n<h3><strong>K\u00f6telez\u0151 int\u00e9zked\u00e9sek z\u00e1rt l\u00e9gter\u0171 doh\u00e1nyz\u00f3hely eset\u00e9n<\/strong>&nbsp;<\/h3>\n\n\n\n<p><em>Z\u00e1rt l\u00e9gter\u0171 doh\u00e1nyz\u00f3hely eset\u00e9n a megfelel\u0151 l\u00e9gcsere felt\u00e9teleit ny\u00edl\u00e1sz\u00e1r\u00f3 szerkezetekkel vagy egy\u00e9b m\u0171szaki berendez\u00e9s felszerel\u00e9s\u00e9vel biztos\u00edtani kell \u00fagy, hogy doh\u00e1nyf\u00fcst a nemdoh\u00e1nyz\u00f3 helyis\u00e9gekbe ne juthasson be. E bekezd\u00e9s alkalmaz\u00e1s\u00e1ban a l\u00e9gcsere abban az esetben megfelel\u0151, ha a helyis\u00e9gben legal\u00e1bb<\/em>&nbsp;<\/p>\n\n\n\n<p><em>a) a friss leveg\u0151 bef\u00fav\u00e1s\u00e1t, illetve az elhaszn\u00e1lt leveg\u0151 elsz\u00edv\u00e1s\u00e1t biztos\u00edt\u00f3 mechanikus szell\u0151ztet\u0151 berendez\u00e9s m\u0171k\u00f6dik, \u00e9s<\/em>&nbsp;<\/p>\n\n\n\n<p><em>b) a doh\u00e1nyz\u00f3helyek kijel\u00f6l\u00e9se, valamint a helyis\u00e9g l\u00e9g\u00f6bl\u00edt\u00e9se olyan m\u00f3don ker\u00fclt kialak\u00edt\u00e1sra, hogy a doh\u00e1nyf\u00fcst a keletkez\u00e9se hely\u00e9t\u0151l k\u00f6zvetlen\u00fcl az elsz\u00edv\u00f3csatorn\u00e1ba \u00e1ramlik an\u00e9lk\u00fcl, hogy a nemdoh\u00e1nyz\u00f3 helyek az \u00e1raml\u00e1s ir\u00e1ny\u00e1ba esn\u00e9nek.<\/em>&nbsp;<\/p>\n\n\n\n<h2><strong>Nemdoh\u00e1nyz\u00f3 munkahelly\u00e9 min\u0151s\u00edt\u00e9s<\/strong>&nbsp;<\/h2>\n\n\n\n<p>Kev\u00e9sb\u00e9 ismert, hogy a munk\u00e1ltat\u00f3 a munkahelyet nemdoh\u00e1nyz\u00f3 munkahelly\u00e9 nyilv\u00e1n\u00edthatja. Ennek t\u00e9ny\u00e9t j\u00f3l l\u00e1that\u00f3 helyen \u00e9s egy\u00e9rtelm\u0171en jel\u00f6lni kell valamennyi bej\u00e1ratn\u00e1l, helyis\u00e9gben \u00e9s a k\u00f6zleked\u0151folyos\u00f3kon is. Term\u00e9szetesen ilyen esetben doh\u00e1nyz\u00f3helyet nem szabad kijel\u00f6lni.&nbsp;<\/p>\n\n\n\n<p>Ak\u00e1r doh\u00e1nyz\u00f3, ak\u00e1r nemdoh\u00e1nyz\u00f3 egy munkahely, a megfelel\u0151 jel\u00f6l\u00e9s kulcsfontoss\u00e1g\u00fa, amihez a sz\u00fcks\u00e9ges <a href=\"https:\/\/www.manutan.hu\/hu\/mhu\/biztonsagi-jelolesek\" target=\"_blank\" rel=\"noreferrer noopener\">t\u00e1bl\u00e1kat \u00e9s piktogramokat<\/a> beszerezheti a Manutant\u00f3l.&nbsp;<\/p>\n","protected":false},"excerpt":{"rendered":"<p>Hol kell doh\u00e1nyz\u00e1st tilt\u00f3 t\u00e1bl\u00e1t kihelyezni a munkahelyen \u00e9s hogyan lesz szab\u00e1lyos a doh\u00e1nyz\u00e1sra kijel\u00f6lt hely?<\/p>\n","protected":false},"author":3,"featured_media":3263,"comment_status":"closed","ping_status":"closed","sticky":false,"template":"","format":"standard","meta":[],"categories":[522],"tags":[],"jetpack_featured_media_url":"https:\/\/www.manutan.hu\/blog\/wp-content\/uploads\/2023\/12\/dohanyozni-tilos-rendelet.jpg","_links":{"self":[{"href":"https:\/\/www.manutan.hu\/blog\/wp-json\/wp\/v2\/posts\/3262"}],"collection":[{"href":"https:\/\/www.manutan.hu\/blog\/wp-json\/wp\/v2\/posts"}],"about":[{"href":"https:\/\/www.manutan.hu\/blog\/wp-json\/wp\/v2\/types\/post"}],"author":[{"embeddable":true,"href":"https:\/\/www.manutan.hu\/blog\/wp-json\/wp\/v2\/users\/3"}],"replies":[{"embeddable":true,"href":"https:\/\/www.manutan.hu\/blog\/wp-json\/wp\/v2\/comments?post=3262"}],"version-history":[{"count":1,"href":"https:\/\/www.manutan.hu\/blog\/wp-json\/wp\/v2\/posts\/3262\/revisions"}],"predecessor-version":[{"id":3264,"href":"https:\/\/www.manutan.hu\/blog\/wp-json\/wp\/v2\/posts\/3262\/revisions\/3264"}],"wp:featuredmedia":[{"embeddable":true,"href":"https:\/\/www.manutan.hu\/blog\/wp-json\/wp\/v2\/media\/3263"}],"wp:attachment":[{"href":"https:\/\/www.manutan.hu\/blog\/wp-json\/wp\/v2\/media?parent=3262"}],"wp:term":[{"taxonomy":"category","embeddable":true,"href":"https:\/\/www.manutan.hu\/blog\/wp-json\/wp\/v2\/categories?post=3262"},{"taxonomy":"post_tag","embeddable":true,"href":"https:\/\/www.manutan.hu\/blog\/wp-json\/wp\/v2\/tags?post=3262"}],"curies":[{"name":"wp","href":"https:\/\/api.w.org\/{rel}","templated":true}]}}