{"id":3140,"date":"2023-08-21T09:18:07","date_gmt":"2023-08-21T07:18:07","guid":{"rendered":"https:\/\/www.manutan.hu\/blog\/?p=3140"},"modified":"2025-04-16T14:17:46","modified_gmt":"2025-04-16T12:17:46","slug":"hogyan-tamogatja-a-manutan-a-koltseghatekonysagot","status":"publish","type":"post","link":"https:\/\/www.manutan.hu\/blog\/hogyan-tamogatja-a-manutan-a-koltseghatekonysagot\/","title":{"rendered":"Hogyan t\u00e1mogatja a Manutan a k\u00f6lts\u00e9ghat\u00e9konys\u00e1got?"},"content":{"rendered":"\n<figure class=\"wp-block-image size-large\"><img loading=\"lazy\" width=\"1024\" height=\"683\" src=\"https:\/\/www.manutan.hu\/blog\/wp-content\/uploads\/2023\/08\/E00022APIC1-min-1024x683.jpeg\" alt=\"\" class=\"wp-image-3142\" srcset=\"https:\/\/www.manutan.hu\/blog\/wp-content\/uploads\/2023\/08\/E00022APIC1-min-1024x683.jpeg 1024w, https:\/\/www.manutan.hu\/blog\/wp-content\/uploads\/2023\/08\/E00022APIC1-min-300x200.jpeg 300w, https:\/\/www.manutan.hu\/blog\/wp-content\/uploads\/2023\/08\/E00022APIC1-min-768x512.jpeg 768w, https:\/\/www.manutan.hu\/blog\/wp-content\/uploads\/2023\/08\/E00022APIC1-min-1536x1024.jpeg 1536w, https:\/\/www.manutan.hu\/blog\/wp-content\/uploads\/2023\/08\/E00022APIC1-min.jpeg 1920w\" sizes=\"(max-width: 1024px) 100vw, 1024px\" \/><\/figure>\n\n\n\n<p>A 2016-ban l\u00e9trehozott Manutan saj\u00e1t m\u00e1rka az \u00fczleti c\u00e9l\u00fa beszerz\u00e9sek ter\u00e9n szerzett k\u00f6zel 50 \u00e9ves tapasztalat eredm\u00e9nyek\u00e9nt j\u00f6tt l\u00e9tre. A saj\u00e1t m\u00e1rk\u00e1s term\u00e9kek m\u00e1ra megtal\u00e1lhat\u00f3ak a Manutan \u00f6sszes term\u00e9kkateg\u00f3ri\u00e1j\u00e1ban, a rakt\u00e1roz\u00e1st\u00f3l az irodaszerekig. A Manutan m\u00e1rka c\u00e9lja, hogy megb\u00edzhat\u00f3, kiv\u00e1l\u00f3 min\u0151s\u00e9g\u0171, de olcs\u00f3bb alternat\u00edv\u00e1t k\u00edn\u00e1ljon a pr\u00e9mium m\u00e1rk\u00e1khoz k\u00e9pest.<\/p>\n\n\n\n<p>Fenntarthat\u00f3 megk\u00f6zel\u00edt\u00e9s\u00e9vel a Manutan m\u00e1rka seg\u00edt a v\u00e1llalatoknak min\u0151s\u00e9gi term\u00e9kekkel fedezni napi sz\u00fcks\u00e9gleteiket, mik\u00f6zben a k\u00f6lts\u00e9ghat\u00e9konys\u00e1g is biztos\u00edtott. A k\u00f6lts\u00e9ghat\u00e9konys\u00e1g t\u00f6bbf\u00e9le m\u00f3don is megval\u00f3sulhat, mint p\u00e9ld\u00e1ul a term\u00e9kek m\u00e9lt\u00e1nyos \u00e1ron t\u00f6rt\u00e9n\u0151 beszerz\u00e9se, a biztons\u00e1gos \u00e9s fenntarthat\u00f3 term\u00e9kek kiv\u00e1laszt\u00e1sa, a munkav\u00e1llal\u00f3k j\u00f3ll\u00e9t\u00e9nek \u00e9s eg\u00e9szs\u00e9g\u00e9nek szemmel tart\u00e1sa, valamint a CSR-strat\u00e9gia megval\u00f3s\u00edt\u00e1sa. Ismerje meg r\u00e9szletesen, hogyan \u00e9rhet el k\u00f6lts\u00e9ghat\u00e9konys\u00e1got a Manutan m\u00e1rk\u00e1val!<\/p>\n\n\n\n<p><strong>Mi\u00e9rt t\u00f6rekedjenek a c\u00e9gek a k\u00f6lts\u00e9ghat\u00e9konys\u00e1gra?<\/strong><\/p>\n\n\n\n<p>P\u00e9nz\u00fcgyileg er\u0151sebbek azok a c\u00e9gek, amelyek tudj\u00e1k, hogyan lehet k\u00f6lts\u00e9ghat\u00e9konys\u00e1got el\u00e9rni. Gyorsabban tudnak terjeszkedni, \u00e9s jobban megbirk\u00f3zni a v\u00e1ls\u00e1gokkal. A kiad\u00e1sok cs\u00f6kkent\u00e9se egyben lehet\u0151s\u00e9g a p\u00e9nz\u00fcgyi stabilit\u00e1s jav\u00edt\u00e1s\u00e1ra \u00e9s az er\u0151forr\u00e1sok jobb eloszt\u00e1s\u00e1ra is. A v\u00e1llalatok p\u00e9ld\u00e1ul olyan beruh\u00e1z\u00e1sokat hajthatnak v\u00e9gre, amelyekkel cs\u00f6kkenthetik \u00f6kol\u00f3giai l\u00e1bnyomukat vagy jav\u00edthatj\u00e1k munkav\u00e1llal\u00f3ik j\u00f3ll\u00e9t\u00e9t.<\/p>\n\n\n\n<p>A k\u00f6lts\u00e9ghat\u00e9konys\u00e1g fel\u00e9 vezet\u0151 els\u0151 l\u00e9p\u00e9s a termel\u00e9kenys\u00e9g fenntart\u00e1sa vagy ak\u00e1r n\u00f6vel\u00e9se. A k\u00f6lts\u00e9ghat\u00e9konys\u00e1g a CSR-politika ir\u00e1nt elk\u00f6telezett, megb\u00edzhat\u00f3 partnerek kiv\u00e1laszt\u00e1s\u00e1val is el\u00e9rhet\u0151. 3 saj\u00e1t m\u00e1rk\u00e1t fejlesztett\u00fcnk ki, hogy jobban kiel\u00e9g\u00edts\u00fck \u00fcgyfeleink ig\u00e9nyeit, k\u00f6zt\u00fck a Manutant, z\u00e1szl\u00f3shaj\u00f3 m\u00e1rk\u00e1nkat.<\/p>\n\n\n\n<p><strong>A legjobb piaci \u00e1r megtal\u00e1l\u00e1sa<\/strong><\/p>\n\n\n\n<p>Nyilv\u00e1nval\u00f3an az els\u0151 m\u00f3dja annak, hogy egy v\u00e1llalat p\u00e9nzt takar\u00edtson meg, ha ellen\u0151rzi a beszerzett eszk\u00f6z\u00f6k \u00e9s berendez\u00e9sek k\u00f6lts\u00e9geit, amelyeknek a lehet\u0151 legalacsonyabbnak kell lenni\u00fck, an\u00e9lk\u00fcl, hogy a term\u00e9kmin\u0151s\u00e9get vesz\u00e9lyeztetn\u00e9k. A munkav\u00e1llal\u00f3k (a term\u00e9ket haszn\u00e1l\u00f3 koll\u00e9g\u00e1k) \u00e1ltal\u00e1ban a pr\u00e9mium m\u00e1rk\u00e1kat r\u00e9szes\u00edtik el\u0151nyben, de val\u00f3j\u00e1ban a min\u0151s\u00e9gi saj\u00e1t m\u00e1rk\u00e1k is t\u00f6k\u00e9letesen megfelelnek az ig\u00e9nyeiknek. Ezeknek a term\u00e9keknek a beszerz\u00e9si \u00e1ra alacsonyabb, amivel jelent\u0151s k\u00f6lts\u00e9get lehet megtakar\u00edtani.<\/p>\n\n\n\n<p>A beszerz\u00e9si k\u00f6lts\u00e9gek \u00fagy is cs\u00f6kkenthet\u0151k, ha t\u00f6meges beszerz\u00e9sben gondolkodunk, vagy ha a v\u00e1llalat j\u00f3 kapcsolatot \u00e1pol besz\u00e1ll\u00edt\u00f3j\u00e1val, \u00e9s hossz\u00fa t\u00e1v\u00fa szerz\u0151d\u00e9st k\u00f6t vele. A Manutann\u00e1l \u00fcgyel\u00fcnk arra, hogy term\u00e9keink m\u00e9lt\u00e1nyos \u00e1ron legyenek el\u00e9rhet\u0151ek az\u00e1ltal, hogy naprak\u00e9szen \u00e9s m\u00e9lyre hat\u00f3an ismerj\u00fck a vil\u00e1gpiacot. Ez az ir\u00e1nyelv a weboldalunkon tal\u00e1lhat\u00f3 \u00f6sszes term\u00e9kre vonatkozik, k\u00fcl\u00f6n\u00f6sen a Manutan saj\u00e1t m\u00e1rk\u00e1ra. A Manutan m\u00e1rk\u00e1j\u00fa term\u00e9kek legal\u00e1bb 15%-kal olcs\u00f3bbak a versenyt\u00e1rsak term\u00e9kein\u00e9l azonos min\u0151s\u00e9g mellett. Arra t\u00f6reksz\u00fcnk, hogy ezen term\u00e9kek \u00e1r\u00e1t m\u00e9g infl\u00e1ci\u00f3s k\u00f6rnyezetben is alacsonyan tartsuk, hogy ne kelljen a megtakar\u00edt\u00e1s \u00e9rdek\u00e9ben kompromisszumot k\u00f6tnie a min\u0151s\u00e9g k\u00e1r\u00e1ra.<\/p>\n\n\n\n<p><strong>Optim\u00e1lis min\u0151s\u00e9g a folyamatok jav\u00edt\u00e1s\u00e1hoz<\/strong><\/p>\n\n\n\n<p>A k\u00f6lts\u00e9ghat\u00e9konys\u00e1g egy\u00fctt j\u00e1r a min\u0151s\u00e9g jav\u00edt\u00e1s\u00e1val. A Manutan saj\u00e1t m\u00e1rk\u00e1s term\u00e9keire 10 \u00e9v, a fogy\u00f3eszk\u00f6z\u00f6kre pedig 3 \u00e9v a garanci\u00e1t biztos\u00edtunk. Ez a kiv\u00e9teles hossz\u00fas\u00e1g\u00fa garancia azt mutatja, hogy csak optim\u00e1lis min\u0151s\u00e9g\u0171 term\u00e9keket k\u00edn\u00e1lunk. A Manutan term\u00e9kekn\u00e9l a kompromisszumok n\u00e9lk\u00fcli min\u0151s\u00e9g-ellen\u0151rz\u00e9s\u00e9t a term\u00e9k teljes gy\u00e1rt\u00e1si folyamata sor\u00e1n alkalmazz\u00e1k. A Manutan term\u00e9kcsal\u00e1d term\u00e9keit gondosan v\u00e1lasztj\u00e1k ki \u00e9s rendszeresen tesztelik, hogy biztos\u00edts\u00e1k tart\u00f3ss\u00e1gukat.<\/p>\n\n\n\n<p>A legjobb min\u0151s\u00e9g\u0171, megb\u00edzhat\u00f3 berendez\u00e9sekkel dolgozva egy v\u00e1llalat jav\u00edthatja folyamatait \u00e9s el\u00e9rheti c\u00e9ljait. A Manutan term\u00e9kcsal\u00e1dot \u00fagy alak\u00edtottuk ki, hogy mindennapos haszn\u00e1latra sz\u00e1nt term\u00e9kekkel fedezze a v\u00e1llalatok ig\u00e9nyeit. Ez azt jelenti, hogy a c\u00e9g minden r\u00e9szlege profit\u00e1lhat bel\u0151l\u00fck az irod\u00e1kt\u00f3l a logisztikai rakt\u00e1rakig.<\/p>\n\n\n\n<p><strong><em>Tudtad, hogy minden \u00e9vben k\u00f6zel 500 \u00faj Manutan term\u00e9k jelenik meg weboldalunkon?<\/em><\/strong><\/p>\n\n\n\n<figure class=\"wp-block-image size-large\"><img loading=\"lazy\" width=\"1024\" height=\"654\" src=\"https:\/\/www.manutan.hu\/blog\/wp-content\/uploads\/2023\/08\/E00022APIC2-min-1024x654.jpeg\" alt=\"\" class=\"wp-image-3144\" srcset=\"https:\/\/www.manutan.hu\/blog\/wp-content\/uploads\/2023\/08\/E00022APIC2-min-1024x654.jpeg 1024w, https:\/\/www.manutan.hu\/blog\/wp-content\/uploads\/2023\/08\/E00022APIC2-min-300x192.jpeg 300w, https:\/\/www.manutan.hu\/blog\/wp-content\/uploads\/2023\/08\/E00022APIC2-min-768x491.jpeg 768w, https:\/\/www.manutan.hu\/blog\/wp-content\/uploads\/2023\/08\/E00022APIC2-min-1536x982.jpeg 1536w, https:\/\/www.manutan.hu\/blog\/wp-content\/uploads\/2023\/08\/E00022APIC2-min.jpeg 1920w\" sizes=\"(max-width: 1024px) 100vw, 1024px\" \/><\/figure>\n\n\n\n<p><strong>F\u00f3kuszban az alkalmazottak eg\u00e9szs\u00e9ge \u00e9s biztons\u00e1ga<\/strong><\/p>\n\n\n\n<p>Az alkalmazottak eg\u00e9szs\u00e9g\u00e9nek \u00e9s j\u00f3ll\u00e9t\u00e9nek biztos\u00edt\u00e1sa n\u00f6veli a termel\u00e9kenys\u00e9get. A p\u00e9nz\u00fcgyi megtakar\u00edt\u00e1st is el\u0151seg\u00edti, hiszen cs\u00f6kkenti a hi\u00e1nyz\u00e1sok sz\u00e1m\u00e1t \u00e9s a fluktu\u00e1ci\u00f3t, ami mind p\u00e9nz\u00e9be ker\u00fcl a c\u00e9gnek. A j\u00f3l megtervezett \u00e9s biztons\u00e1gos berendez\u00e9sek seg\u00edtenek cs\u00f6kkenteni az alkalmazottak eg\u00e9szs\u00e9g\u00fcgyi \u00e9s biztons\u00e1gi kock\u00e1zatait. A megb\u00edzhat\u00f3, kiv\u00e1l\u00f3 min\u0151s\u00e9g\u0171 term\u00e9kek azt is bizony\u00edtj\u00e1k, hogy a v\u00e1llalat t\u00f6r\u0151dik alkalmazottai j\u00f3ll\u00e9t\u00e9vel.<\/p>\n\n\n\n<p>A Manutan saj\u00e1t m\u00e1rk\u00e1s term\u00e9kei k\u00f6z\u00f6tt ergonomikus b\u00fatorokat tal\u00e1l irodai \u00e9s rakt\u00e1ri haszn\u00e1latra egyar\u00e1nt. Az ilyen t\u00edpus\u00fa b\u00fatorokat \u00fagy tervezt\u00e9k, hogy cs\u00f6kkents\u00e9k az izomzat fesz\u00fclts\u00e9get, megfelel\u0151 tart\u00e1st biztos\u00edtsanak, \u00e9s k\u00e9nyelmesen dolgozhassanak a munkav\u00e1llal\u00f3k a megfelel\u0151 testtart\u00e1s megtart\u00e1sa mellett. A b\u00fatorok mellett ergonomikus kialak\u00edt\u00e1s\u00fa felszerel\u00e9seket, szersz\u00e1mokat \u00e9s egy\u00e9b eszk\u00f6z\u00f6ket is tal\u00e1l, amelyek seg\u00edtenek megel\u0151zni az ism\u00e9tl\u0151d\u0151 mozdulatokb\u00f3l ered\u0151 mozg\u00e1sszervi betegs\u00e9geket. De term\u00e9szetesen m\u00e1s term\u00e9kek is elengedhetetlenek a dolgoz\u00f3k eg\u00e9szs\u00e9ge \u00e9s j\u00f3ll\u00e9te szempontj\u00e1b\u00f3l, mint p\u00e9ld\u00e1ul a v\u00e9d\u0151ruh\u00e1zat, csizma, keszty\u0171, v\u00e9d\u0151szem\u00fcveg stb. Ezeket is mind megtal\u00e1lja a Manutan k\u00edn\u00e1lat\u00e1ban.<\/p>\n\n\n\n<p><strong>Felel\u0151s term\u00e9kek a k\u00f6rnyezetv\u00e9delem \u00e9rdek\u00e9ben<\/strong><\/p>\n\n\n\n<p>Mint minden m\u00e1s t\u00edpus\u00fa term\u00e9k eset\u00e9ben, a professzion\u00e1lis berendez\u00e9sek \u00e9s eszk\u00f6z\u00f6k beszerz\u00e9s\u00e9nek mindig van k\u00f6rnyezetv\u00e9delmi szempontja is. A k\u00f6rnyezettudatos politika mellett elk\u00f6telezett projektmenedzsment figyelembe veszi az alkalmazott eszk\u00f6z\u00f6k k\u00f6rnyezetbar\u00e1t jelleg\u00e9t, fenntarthat\u00f3s\u00e1g\u00e1t \u00e9s a besz\u00e1ll\u00edt\u00f3k er\u0151fesz\u00edt\u00e9seit is.<\/p>\n\n\n\n<p>A fenntarthat\u00f3 beszerz\u00e9si politika megval\u00f3s\u00edt\u00e1s\u00e1val versenyel\u0151nyre tesz szert, mivel a v\u00e1llalatok egyre ink\u00e1bb olyan partnerekhez fordulnak, akik azonos \u00e9rt\u00e9keket vallanak. Ez azt jelenti, hogy a hat\u00e9kony CSR-politika cs\u00f6kkenti a v\u00e1llalat \u00fczleti tev\u00e9kenys\u00e9g\u00e9nek hat\u00e1s\u00e1t, mik\u00f6zben seg\u00edti \u00faj piacok el\u00e9r\u00e9s\u00e9t.<\/p>\n\n\n\n<p>Jelenleg a Manutan term\u00e9kcsal\u00e1d <strong>term\u00e9keinek 10%-a k\u00f6rnyezetbar\u00e1t.<\/strong> Ez a fenntarthat\u00f3s\u00e1g t\u00f6bb t\u00e9nyez\u0151n alapul:<\/p>\n\n\n\n<ul><li>\u00dajrahasznos\u00edtott vagy \u00fajrahasznos\u00edthat\u00f3 anyagok haszn\u00e1lata;<\/li><li>FSC tan\u00fas\u00edtv\u00e1ny, amely garant\u00e1lja, hogy a felhaszn\u00e1lt fa fenntarthat\u00f3 erd\u0151gazd\u00e1lkod\u00e1sb\u00f3l sz\u00e1rmazik;<\/li><li>Minim\u00e1lis sz\u00e1ll\u00edt\u00e1si id\u0151 \u00e9s t\u00e1vols\u00e1g, mivel a legt\u00f6bb term\u00e9k Eur\u00f3p\u00e1b\u00f3l \u00e9rkezik;<\/li><li>K\u00f6rnyezetbar\u00e1t csomagol\u00e1s.<\/li><\/ul>\n\n\n\n<p>Fenntarthat\u00f3s\u00e1guknak k\u00f6sz\u00f6nhet\u0151en a Manutan term\u00e9kcsal\u00e1d term\u00e9kei nemcsak a k\u00f6lts\u00e9ghat\u00e9konys\u00e1got, hanem az er\u0151forr\u00e1sok pazarl\u00e1sa elleni k\u00fczdelmet is seg\u00edtik. I<a href=\"https:\/\/www.manutan.hu\/hu\/mhu\/fenntarthato-fejlodes\" target=\"_blank\" rel=\"noreferrer noopener\">smerje meg a Manutan fenntarthat\u00f3 term\u00e9keit!<\/a><\/p>\n","protected":false},"excerpt":{"rendered":"<p>A 2016-ban l\u00e9trehozott Manutan saj\u00e1t m\u00e1rka az \u00fczleti c\u00e9l\u00fa beszerz\u00e9sek ter\u00e9n szerzett k\u00f6zel 50 \u00e9ves tapasztalat eredm\u00e9nyek\u00e9nt j\u00f6tt l\u00e9tre. A saj\u00e1t m\u00e1rk\u00e1s term\u00e9kek m\u00e1ra megtal\u00e1lhat\u00f3ak a Manutan \u00f6sszes term\u00e9kkateg\u00f3ri\u00e1j\u00e1ban, a rakt\u00e1roz\u00e1st\u00f3l az irodaszerekig. A Manutan m\u00e1rka c\u00e9lja, hogy megb\u00edzhat\u00f3, kiv\u00e1l\u00f3 min\u0151s\u00e9g\u0171, de olcs\u00f3bb alternat\u00edv\u00e1t k\u00edn\u00e1ljon a pr\u00e9mium m\u00e1rk\u00e1khoz k\u00e9pest. Fenntarthat\u00f3 megk\u00f6zel\u00edt\u00e9s\u00e9vel a Manutan m\u00e1rka seg\u00edt [&hellip;]<\/p>\n","protected":false},"author":5,"featured_media":3142,"comment_status":"closed","ping_status":"closed","sticky":false,"template":"","format":"standard","meta":[],"categories":[522],"tags":[],"jetpack_featured_media_url":"https:\/\/www.manutan.hu\/blog\/wp-content\/uploads\/2023\/08\/E00022APIC1-min.jpeg","_links":{"self":[{"href":"https:\/\/www.manutan.hu\/blog\/wp-json\/wp\/v2\/posts\/3140"}],"collection":[{"href":"https:\/\/www.manutan.hu\/blog\/wp-json\/wp\/v2\/posts"}],"about":[{"href":"https:\/\/www.manutan.hu\/blog\/wp-json\/wp\/v2\/types\/post"}],"author":[{"embeddable":true,"href":"https:\/\/www.manutan.hu\/blog\/wp-json\/wp\/v2\/users\/5"}],"replies":[{"embeddable":true,"href":"https:\/\/www.manutan.hu\/blog\/wp-json\/wp\/v2\/comments?post=3140"}],"version-history":[{"count":4,"href":"https:\/\/www.manutan.hu\/blog\/wp-json\/wp\/v2\/posts\/3140\/revisions"}],"predecessor-version":[{"id":3148,"href":"https:\/\/www.manutan.hu\/blog\/wp-json\/wp\/v2\/posts\/3140\/revisions\/3148"}],"wp:featuredmedia":[{"embeddable":true,"href":"https:\/\/www.manutan.hu\/blog\/wp-json\/wp\/v2\/media\/3142"}],"wp:attachment":[{"href":"https:\/\/www.manutan.hu\/blog\/wp-json\/wp\/v2\/media?parent=3140"}],"wp:term":[{"taxonomy":"category","embeddable":true,"href":"https:\/\/www.manutan.hu\/blog\/wp-json\/wp\/v2\/categories?post=3140"},{"taxonomy":"post_tag","embeddable":true,"href":"https:\/\/www.manutan.hu\/blog\/wp-json\/wp\/v2\/tags?post=3140"}],"curies":[{"name":"wp","href":"https:\/\/api.w.org\/{rel}","templated":true}]}}