{"id":3135,"date":"2023-08-21T09:18:32","date_gmt":"2023-08-21T07:18:32","guid":{"rendered":"https:\/\/www.manutan.hu\/blog\/?p=3135"},"modified":"2025-04-16T14:16:46","modified_gmt":"2025-04-16T12:16:46","slug":"hogyan-fokozhatja-a-munkaallomas-a-termelekenyseget-es-a-munkahelyi-eletminoseget","status":"publish","type":"post","link":"https:\/\/www.manutan.hu\/blog\/hogyan-fokozhatja-a-munkaallomas-a-termelekenyseget-es-a-munkahelyi-eletminoseget\/","title":{"rendered":"Hogyan fokozhatja a munka\u00e1llom\u00e1s a termel\u00e9kenys\u00e9get \u00e9s a munkahelyi \u00e9letmin\u0151s\u00e9get?"},"content":{"rendered":"\n<figure class=\"wp-block-image size-large\"><img loading=\"lazy\" width=\"1024\" height=\"683\" src=\"https:\/\/www.manutan.hu\/blog\/wp-content\/uploads\/2023\/08\/A00264P1-min-1024x683.jpg\" alt=\"\" class=\"wp-image-3138\" srcset=\"https:\/\/www.manutan.hu\/blog\/wp-content\/uploads\/2023\/08\/A00264P1-min-1024x683.jpg 1024w, https:\/\/www.manutan.hu\/blog\/wp-content\/uploads\/2023\/08\/A00264P1-min-300x200.jpg 300w, https:\/\/www.manutan.hu\/blog\/wp-content\/uploads\/2023\/08\/A00264P1-min-768x512.jpg 768w, https:\/\/www.manutan.hu\/blog\/wp-content\/uploads\/2023\/08\/A00264P1-min-1536x1024.jpg 1536w, https:\/\/www.manutan.hu\/blog\/wp-content\/uploads\/2023\/08\/A00264P1-min.jpg 1920w\" sizes=\"(max-width: 1024px) 100vw, 1024px\" \/><\/figure>\n\n\n\n<p>Irodai vagy otthoni munkav\u00e9gz\u00e9s? Mindk\u00e9t helysz\u00ednen a f\u0151 kih\u00edv\u00e1s az, hogy a munkav\u00e1llal\u00f3k a lehet\u0151 legjobb k\u00f6r\u00fclm\u00e9nyek k\u00f6z\u00f6tt dolgozzanak. Legyen sz\u00f3 fizikair\u00f3l vagy virtu\u00e1lisr\u00f3l, a munkater\u00fclet d\u00f6nt\u0151 t\u00e9nyez\u0151 a j\u00f3ll\u00e9tben \u00e9s a munkahelyi \u00e9let min\u0151s\u00e9g\u00e9ben, de a termel\u00e9kenys\u00e9gben is. A munka\u00e1llom\u00e1sokkal kapcsolatban a legnagyobb kih\u00edv\u00e1sa, hogy minden dolgoz\u00f3nak k\u00e9nyelmes, inspir\u00e1l\u00f3 \u00e9s bar\u00e1ts\u00e1gos k\u00f6rnyezetet biztos\u00edtsunk, amely el\u0151seg\u00edti a koncentr\u00e1ci\u00f3t, mik\u00f6zben mindenki eg\u00e9szs\u00e9g\u00e9t \u00e9s biztons\u00e1g\u00e1t is garant\u00e1lja.<\/p>\n\n\n\n<p><strong>\u00c1talakul\u00f3 munkaterek<\/strong><\/p>\n\n\n\n<p>Rugalmas iroda, home office, t\u00e1vmunka, coworking \u2013 mindezek az \u00faj kifejez\u00e9sek t\u00fckr\u00f6zik azokat a v\u00e1ltoz\u00e1sokat, amelyek az elm\u00falt n\u00e9h\u00e1ny \u00e9vben \u00e1talak\u00edtott\u00e1k a munkahelyeket. Mindegyik\u00fck a nagyobb hat\u00e9konys\u00e1gra t\u00f6rekszik, \u00f6sszhangban az \u00faj munkam\u00f3dszerekkel \u00e9s k\u00f6zben a munka-mag\u00e1n\u00e9let k\u00f6z\u00f6tti jobb egyens\u00falyra is \u00f6sszpontos\u00edt.<\/p>\n\n\n\n<p>A munkahelyi j\u00f3ll\u00e9t a v\u00e1llalkoz\u00e1sok sz\u00e1m\u00e1ra az egy\u00e9ni kiteljesed\u00e9sen kereszt\u00fcl a k\u00f6z\u00f6s siker forr\u00e1s\u00e1t jelentik. A c\u00e9gek egyre ink\u00e1bb tudat\u00e1ban vannak annak, hogy a kreativit\u00e1st \u00e9s koncentr\u00e1ci\u00f3t \u00f6szt\u00f6nz\u0151, k\u00e9nyelmes \u00e9s funkcion\u00e1lis munka\u00e1llom\u00e1sok n\u00e9lk\u00fcl mindez elk\u00e9pzelhetetlen. R\u00e1ad\u00e1sul ez nemcsak az irodai ter\u00fcletekre, hanem a rakt\u00e1rakra is \u00e9rv\u00e9nyes.<\/p>\n\n\n\n<p><strong>A j\u00f3 hangulat er\u0151s\u00edt\u00e9se<\/strong><\/p>\n\n\n\n<p>A modern irod\u00e1kban az alkalmazottak m\u00e1r nem rendelkeznek k\u00fcl\u00f6n \u00edr\u00f3asztallal \u00e9s priv\u00e1t irod\u00e1val. Ehelyett a hagyom\u00e1nyos irodahelyis\u00e9geket egy\u00fcttm\u0171k\u00f6d\u00e9si k\u00f6zpontokk\u00e1 alak\u00edtj\u00e1k, amelyek el\u0151seg\u00edtik a konstrukt\u00edv vit\u00e1kat, a tal\u00e1lkoz\u00f3kat, a konzult\u00e1ci\u00f3kat \u00e9s a kooper\u00e1ci\u00f3t. A kih\u00edv\u00e1s itt az, hogy minden ilyen tal\u00e1lkoz\u00f3 hat\u00e9kony legyen, amit k\u00e9zzelfoghat\u00f3 eredm\u00e9nyekkel tudunk z\u00e1rni.<\/p>\n\n\n\n<p>A rugalmas irod\u00e1k eset\u00e9ben a siker egyik kulcsa a munkater\u00fcletek j\u00f3 hangulat\u00e1nak megteremt\u00e9se. Ez nem puszt\u00e1n a sz\u00ednekr\u0151l \u00e9s a dekor\u00e1ci\u00f3r\u00f3l sz\u00f3l. Egy j\u00f3l megtervezett, vid\u00e1m hangulat\u00fa rugalmas iroda el\u0151seg\u00edti a csapatmunk\u00e1t, az interakci\u00f3t, a k\u00f6z\u00f6ss\u00e9gi \u00e9rz\u00e9st \u00e9s az akt\u00edv hallgat\u00e1st is. A j\u00f3 hangulat az el\u0151felt\u00e9tele annak, hogy az adott t\u00e9r a kreativit\u00e1s hely\u00e9v\u00e9 \u00e9s igazi szellemi alkot\u00f3m\u0171helly\u00e9 v\u00e1ljon.<\/p>\n\n\n\n<p><strong>Az auton\u00f3mia \u00f6szt\u00f6nz\u00e9se<\/strong><\/p>\n\n\n\n<p>Ha az iroda els\u0151sorban az eszmecser\u00e9knek ad otthont, az \u00e9rdemi munk\u00e1t pedig ki-ki az otthon\u00e1ban v\u00e9gzi, akkor tulajdonk\u00e9ppen a t\u00e1voli munka\u00e1llom\u00e1sok is hozz\u00e1rendelhet\u0151k a termel\u00e9shez. Ez a t\u00e1vmunka \u00e9s a home office el\u0151nye. Ha j\u00f3l szervezett \u00e9s az alkalmazottak auton\u00f3mi\u00e1j\u00e1ra t\u00e1maszkodik, akkor nagyban n\u00f6veli a munkav\u00e1llal\u00f3k elk\u00f6telezetts\u00e9g\u00e9t. Arr\u00f3l m\u00e1r nem is besz\u00e9lve, hogy az otthoni munkav\u00e9gz\u00e9s az ing\u00e1z\u00e1sra elvesztegetett id\u0151 cs\u00f6kkent\u00e9s\u00e9vel jav\u00edtja az alkalmazottak termel\u00e9kenys\u00e9g\u00e9t is.<\/p>\n\n\n\n<p><strong>Egy\u00fcttm\u0171k\u00f6d\u00e9s el\u0151seg\u00edt\u00e9se<\/strong><\/p>\n\n\n\n<p>A munkav\u00e9gz\u00e9s a fizikai \u00e9s a virtu\u00e1lis t\u00e9rben egyar\u00e1nt zajlik, ez\u00e9rt mindkett\u0151re nagy gondot kell ford\u00edtani. A home office elterjed\u00e9se mellett ma m\u00e1r az is mindennapi, hogy a f\u00f6ldrajzilag egym\u00e1st\u00f3l t\u00e1vol l\u00e9v\u0151 csapatok dolgoznak egy\u00fctt, ak\u00e1r kontinenseken \u00e1t\u00edvel\u0151en. Az online egy\u00fcttm\u0171k\u00f6d\u00e9si eszk\u00f6z\u00f6k n\u00e9lk\u00fcl\u00f6zhetetlenekk\u00e9 v\u00e1ltak az alkalmazottak k\u00f6z\u00f6tti kommunik\u00e1ci\u00f3 megk\u00f6nny\u00edt\u00e9s\u00e9ben. Ezek az eszk\u00f6z\u00f6k, mint p\u00e9ld\u00e1ul a projektmenedzsment platformok, az azonnali \u00fczenetk\u00fcld\u0151 vagy a videokonferencia-megold\u00e1sok val\u00f3s idej\u0171 inform\u00e1ci\u00f3megoszt\u00e1st \u00e9s hat\u00e9kony csapatmunk\u00e1t tesznek lehet\u0151v\u00e9 ak\u00e1r t\u00e1volr\u00f3l is.<\/p>\n\n\n\n<p>A felhaszn\u00e1l\u00f3k t\u00f6bbs\u00e9ge azt is tapasztalja, hogy ezen eszk\u00f6z\u00f6k haszn\u00e1lata n\u00f6veli termel\u00e9kenys\u00e9g\u00e9t. Er\u0151s\u00edtik a bizalmat \u00e9s az \u00e1tl\u00e1that\u00f3s\u00e1got a csapattagok k\u00f6z\u00f6tt, ez\u00e1ltal hozz\u00e1j\u00e1rulnak a jobb munkahelyi \u00e9letmin\u0151s\u00e9ghez is.<\/p>\n\n\n\n<figure class=\"wp-block-image size-large\"><img loading=\"lazy\" width=\"1024\" height=\"683\" src=\"https:\/\/www.manutan.hu\/blog\/wp-content\/uploads\/2023\/08\/A00264P2-min-1024x683.jpeg\" alt=\"\" class=\"wp-image-3136\" srcset=\"https:\/\/www.manutan.hu\/blog\/wp-content\/uploads\/2023\/08\/A00264P2-min-1024x683.jpeg 1024w, https:\/\/www.manutan.hu\/blog\/wp-content\/uploads\/2023\/08\/A00264P2-min-300x200.jpeg 300w, https:\/\/www.manutan.hu\/blog\/wp-content\/uploads\/2023\/08\/A00264P2-min-768x512.jpeg 768w, https:\/\/www.manutan.hu\/blog\/wp-content\/uploads\/2023\/08\/A00264P2-min-1536x1024.jpeg 1536w, https:\/\/www.manutan.hu\/blog\/wp-content\/uploads\/2023\/08\/A00264P2-min.jpeg 1920w\" sizes=\"(max-width: 1024px) 100vw, 1024px\" \/><\/figure>\n\n\n\n<p><strong>A zaj cs\u00f6kkent\u00e9se a munka\u00e1llom\u00e1sokon<\/strong><\/p>\n\n\n\n<p>A munkahelyi zaj f\u00e1radts\u00e1ghoz, stresszhez, alv\u00e1szavarokhoz \u00e9s m\u00e9g magas v\u00e9rnyom\u00e1shoz is vezethet. Ez befoly\u00e1solja az interperszon\u00e1lis kapcsolatok min\u0151s\u00e9g\u00e9t \u00e9s a koll\u00e9g\u00e1k produktivit\u00e1s\u00e1t is.<\/p>\n\n\n\n<p>Ha akusztikus v\u00e1laszfalakat \u00e9s b\u00fatorokat helyez el az irodahelyis\u00e9gekbe, vagy valamilyen zajsz\u0171r\u0151t, p\u00e9ld\u00e1ul <a href=\"https:\/\/www.manutan.hu\/hu\/mhu\/hallasvedo-fultok\" target=\"_blank\" rel=\"noreferrer noopener\">f\u00fcldug\u00f3t<\/a> vagy zajsz\u0171r\u0151s fejhallgat\u00f3t haszn\u00e1l, az cs\u00f6kkentheti a zavar\u00f3 t\u00e9nyez\u0151ket, \u00e9s jav\u00edthatja a csapat k\u00e9nyelm\u00e9t \u00e9s hat\u00e9konys\u00e1g\u00e1t.<\/p>\n\n\n\n<p><strong>Mozg\u00e1sszervi betegs\u00e9gek megel\u0151z\u00e9se a munka\u00e1llom\u00e1sokon<\/strong><\/p>\n\n\n\n<p>A v\u00e1z- \u00e9s izomrendszeri betegs\u00e9gek jelent\u0151s probl\u00e9m\u00e1t jelentenek a munka vil\u00e1g\u00e1ban, mivel a foglalkoz\u00e1si megbeteged\u00e9sek nagy r\u00e9sz\u00e9t ezek teszik ki \u00e9s jelent\u0151s k\u00f6lts\u00e9geket okoznak mind a v\u00e1llalatoknak, mind az eg\u00e9szs\u00e9g\u00fcgyi rendszernek. A helyes testtart\u00e1s seg\u00edthet megel\u0151zni az eur\u00f3pai munkav\u00e1llal\u00f3k 60%-\u00e1t \u00e9rint\u0151 mozg\u00e1sszervi megbeteged\u00e9sek kialakul\u00e1s\u00e1t, amely \u00e9vente 2 milli\u00e1rd eur\u00f3ba ker\u00fcl a munkaad\u00f3knak.<\/p>\n\n\n\n<p>Ak\u00e1r otthon, ak\u00e1r az irod\u00e1ban dolgoznak a munkav\u00e1llal\u00f3k, az ergonomikusan kialak\u00edtott munka\u00e1llom\u00e1sok seg\u00edtenek megtartani a helyes testtart\u00e1si, ez\u00e1ltal megel\u0151zve a mozg\u00e1sszervi betegs\u00e9geket. Az irodahelyis\u00e9gekbe, a t\u00e1rgyal\u00f3kba \u00e9s az otthoni munkav\u00e9gz\u00e9shez is \u00e9rdemes <a href=\"https:\/\/www.manutan.hu\/hu\/mhu\/ulobutor-szekek\" target=\"_blank\" rel=\"noreferrer noopener\">ergonomikus sz\u00e9ket,<\/a> asztalt, monitor\u00e1llv\u00e1nyt stb. v\u00e1lasztani, hogy biztos\u00edtva legyen a dolgoz\u00f3k eg\u00e9szs\u00e9ge \u00e9s j\u00f3ll\u00e9te.<\/p>\n\n\n\n<p><strong>A leveg\u0151min\u0151s\u00e9g jav\u00edt\u00e1sa<\/strong><\/p>\n\n\n\n<p>A rossz leveg\u0151min\u0151s\u00e9g negat\u00edv hat\u00e1ssal lehet az alkalmazottak eg\u00e9szs\u00e9g\u00e9re \u00e9s termel\u00e9kenys\u00e9g\u00e9re. Ez\u00e9rt kritikus fontoss\u00e1g\u00fa a leveg\u0151 min\u0151s\u00e9g\u00e9nek ellen\u0151rz\u00e9se a v\u00e1llalat helyis\u00e9geiben a megfelel\u0151 szell\u0151z\u00e9s biztos\u00edt\u00e1s\u00e1val, valamint a l\u00e9gkondicion\u00e1l\u00f3 \u00e9s f\u0171t\u00e9si rendszerek rendszeres karbantart\u00e1s\u00e1val. Sz\u00fcks\u00e9g eset\u00e9n l\u00e9gtiszt\u00edt\u00f3 berendez\u00e9sek is rendelkez\u00e9sre \u00e1llnak. Az alkalmazottakat \u00e9rdemes eml\u00e9keztetni a rendszeres szell\u0151ztet\u00e9s fontoss\u00e1g\u00e1ra, illetve felh\u00edvni a figyelm\u00fcket arra, hogy azt otthoni munkav\u00e9gz\u00e9s eset\u00e9n se felejts\u00e9k el.<\/p>\n\n\n\n<p><strong>A term\u00e9szetes megvil\u00e1g\u00edt\u00e1s el\u0151nyben r\u00e9szes\u00edt\u00e9se<\/strong><\/p>\n\n\n\n<p>A term\u00e9szetes megvil\u00e1g\u00edt\u00e1s kulcsfontoss\u00e1g\u00fa t\u00e9nyez\u0151 a munkahelyi \u00e9let min\u0151s\u00e9ge \u00e9s a termel\u00e9kenys\u00e9g szempontj\u00e1b\u00f3l. A term\u00e9szetes f\u00e9nyben dolgoz\u00f3 emberek \u00e9berebbek, kev\u00e9sb\u00e9 stresszesek \u00e9s el\u00e9gedettebbek a munk\u00e1jukkal. Ez\u00e9rt c\u00e9lszer\u0171 el\u0151nyben r\u00e9szes\u00edteni a term\u00e9szetes f\u00e9nyt, kieg\u00e9sz\u00edtve az egy\u00e9ni ig\u00e9nyeknek megfelel\u0151 mesters\u00e9ges vil\u00e1g\u00edt\u00e1ssal. Otthoni munkav\u00e9gz\u00e9s eset\u00e9n is kiemelt figyelmet kell ford\u00edtani a term\u00e9szetes f\u00e9nyre \u00e9s a&nbsp; j\u00f3 megvil\u00e1g\u00edt\u00e1sra.<\/p>\n\n\n\n<p><strong>A n\u00f6v\u00e9nyek el\u0151nyeinek kihaszn\u00e1l\u00e1sa<\/strong><\/p>\n\n\n\n<p>Az \u00e9l\u0151 n\u00f6v\u00e9nyek \u00fcltet\u00e9se sz\u00e1mos el\u0151nnyel j\u00e1r:<\/p>\n\n\n\n<ul><li>A stresszszint cs\u00f6kken;<\/li><li>Az alkalmazottak ment\u00e1lis eg\u00e9szs\u00e9ge \u00e9s termel\u00e9kenys\u00e9ge javul;<\/li><li>A leveg\u0151 tiszt\u00e1bb\u00e1 v\u00e1lik.<\/li><\/ul>\n\n\n\n<p>A n\u00f6v\u00e9nyek is hozz\u00e1j\u00e1rulnak a munka\u00e1llom\u00e1sok finom, eszt\u00e9tikus kialak\u00edt\u00e1s\u00e1hoz.<\/p>\n\n\n\n<p>Ha t\u00f6bbet szeretne megtudni az ergonomikus munka\u00e1llom\u00e1sokr\u00f3l, o<a href=\"https:\/\/www.manutan.hu\/blog\/tavmunka-es-ergonomia-jobb-megelozni-a-bajt-mint-utolag-gyogyitani\/\" target=\"_blank\" rel=\"noreferrer noopener\">lvassa el err\u0151l sz\u00f3l\u00f3 cikk\u00fcnket is.<\/a><\/p>\n","protected":false},"excerpt":{"rendered":"<p>Irodai vagy otthoni munkav\u00e9gz\u00e9s? Mindk\u00e9t helysz\u00ednen a f\u0151 kih\u00edv\u00e1s az, hogy a munkav\u00e1llal\u00f3k a lehet\u0151 legjobb k\u00f6r\u00fclm\u00e9nyek k\u00f6z\u00f6tt dolgozzanak. Legyen sz\u00f3 fizikair\u00f3l vagy virtu\u00e1lisr\u00f3l, a munkater\u00fclet d\u00f6nt\u0151 t\u00e9nyez\u0151 a j\u00f3ll\u00e9tben \u00e9s a munkahelyi \u00e9let min\u0151s\u00e9g\u00e9ben, de a termel\u00e9kenys\u00e9gben is. A munka\u00e1llom\u00e1sokkal kapcsolatban a legnagyobb kih\u00edv\u00e1sa, hogy minden dolgoz\u00f3nak k\u00e9nyelmes, inspir\u00e1l\u00f3 \u00e9s bar\u00e1ts\u00e1gos k\u00f6rnyezetet biztos\u00edtsunk, amely [&hellip;]<\/p>\n","protected":false},"author":5,"featured_media":3138,"comment_status":"closed","ping_status":"closed","sticky":false,"template":"","format":"standard","meta":[],"categories":[522],"tags":[],"jetpack_featured_media_url":"https:\/\/www.manutan.hu\/blog\/wp-content\/uploads\/2023\/08\/A00264P1-min.jpg","_links":{"self":[{"href":"https:\/\/www.manutan.hu\/blog\/wp-json\/wp\/v2\/posts\/3135"}],"collection":[{"href":"https:\/\/www.manutan.hu\/blog\/wp-json\/wp\/v2\/posts"}],"about":[{"href":"https:\/\/www.manutan.hu\/blog\/wp-json\/wp\/v2\/types\/post"}],"author":[{"embeddable":true,"href":"https:\/\/www.manutan.hu\/blog\/wp-json\/wp\/v2\/users\/5"}],"replies":[{"embeddable":true,"href":"https:\/\/www.manutan.hu\/blog\/wp-json\/wp\/v2\/comments?post=3135"}],"version-history":[{"count":4,"href":"https:\/\/www.manutan.hu\/blog\/wp-json\/wp\/v2\/posts\/3135\/revisions"}],"predecessor-version":[{"id":3149,"href":"https:\/\/www.manutan.hu\/blog\/wp-json\/wp\/v2\/posts\/3135\/revisions\/3149"}],"wp:featuredmedia":[{"embeddable":true,"href":"https:\/\/www.manutan.hu\/blog\/wp-json\/wp\/v2\/media\/3138"}],"wp:attachment":[{"href":"https:\/\/www.manutan.hu\/blog\/wp-json\/wp\/v2\/media?parent=3135"}],"wp:term":[{"taxonomy":"category","embeddable":true,"href":"https:\/\/www.manutan.hu\/blog\/wp-json\/wp\/v2\/categories?post=3135"},{"taxonomy":"post_tag","embeddable":true,"href":"https:\/\/www.manutan.hu\/blog\/wp-json\/wp\/v2\/tags?post=3135"}],"curies":[{"name":"wp","href":"https:\/\/api.w.org\/{rel}","templated":true}]}}