{"id":3108,"date":"2023-08-08T12:21:47","date_gmt":"2023-08-08T10:21:47","guid":{"rendered":"https:\/\/www.manutan.hu\/blog\/?p=3108"},"modified":"2025-04-16T14:18:19","modified_gmt":"2025-04-16T12:18:19","slug":"nemzetkozi-szabvanyok-a-vallalatok-okologiai-labnyomanak-csokkentesere","status":"publish","type":"post","link":"https:\/\/www.manutan.hu\/blog\/nemzetkozi-szabvanyok-a-vallalatok-okologiai-labnyomanak-csokkentesere\/","title":{"rendered":"Nemzetk\u00f6zi szabv\u00e1nyok a v\u00e1llalatok \u00f6kol\u00f3giai l\u00e1bnyom\u00e1nak cs\u00f6kkent\u00e9s\u00e9re"},"content":{"rendered":"\n<figure class=\"wp-block-image size-large\"><img loading=\"lazy\" width=\"1024\" height=\"678\" src=\"https:\/\/www.manutan.hu\/blog\/wp-content\/uploads\/2023\/08\/iso1-min-1024x678.jpeg\" alt=\"\" class=\"wp-image-3109\" srcset=\"https:\/\/www.manutan.hu\/blog\/wp-content\/uploads\/2023\/08\/iso1-min-1024x678.jpeg 1024w, https:\/\/www.manutan.hu\/blog\/wp-content\/uploads\/2023\/08\/iso1-min-300x199.jpeg 300w, https:\/\/www.manutan.hu\/blog\/wp-content\/uploads\/2023\/08\/iso1-min-768x509.jpeg 768w, https:\/\/www.manutan.hu\/blog\/wp-content\/uploads\/2023\/08\/iso1-min-1536x1018.jpeg 1536w, https:\/\/www.manutan.hu\/blog\/wp-content\/uploads\/2023\/08\/iso1-min.jpeg 1920w\" sizes=\"(max-width: 1024px) 100vw, 1024px\" \/><\/figure>\n\n\n\n<p>Ahogy a fogyaszt\u00f3k egyre tudatosabb\u00e1 v\u00e1lnak k\u00f6rnyezetv\u00e9delmi k\u00e9rd\u00e9sekben, a v\u00e1llalatokra egyre nagyobb nyom\u00e1s nehezedik, hogy cs\u00f6kkents\u00e9k a k\u00f6rnyezetre gyakorolt hat\u00e1sukat \u00e9s fenntarthat\u00f3an m\u0171k\u00f6djenek. A fenntarthat\u00f3s\u00e1g ir\u00e1nti elk\u00f6telezetts\u00e9g\u00fck bizony\u00edt\u00e1s\u00e1ra gyakran v\u00e1lasztj\u00e1k a k\u00f6rnyezetv\u00e9delmi szabv\u00e1nyok alkalmaz\u00e1s\u00e1t CSR-strat\u00e9gi\u00e1juk r\u00e9szek\u00e9nt.<\/p>\n\n\n\n<p>Cikk\u00fcnkben bemutatjuk a legfontosabb nemzetk\u00f6zi \u00e9s eur\u00f3pai k\u00f6rnyezetv\u00e9delmi szabv\u00e1nyokat, mint p\u00e9ld\u00e1ul az ISO 14001. Azt is l\u00e1tni fogja, hogyan seg\u00edthetik ezek a szabv\u00e1nyok a v\u00e1llalatokat abban, hogy k\u00f6rnyezetv\u00e9delmi szempontb\u00f3l a meg\u00edt\u00e9l\u00e9s\u00fck jobb legyen, p\u00e9ld\u00e1ul az\u00e1ltal, hogy hat\u00e9konyan cs\u00f6kkentik a c\u00e9g tev\u00e9kenys\u00e9g\u00e9nek \u00f6kol\u00f3giai l\u00e1bnyom\u00e1t.<\/p>\n\n\n\n<h2><strong>Mi az a k\u00f6rnyezetv\u00e9delmi szabv\u00e1ny?<\/strong><\/h2>\n\n\n\n<p>Kezdj\u00fck az elej\u00e9n: mi az a szabv\u00e1ny? A szabv\u00e1ny olyan szab\u00e1lyok \u00f6sszess\u00e9ge, amelyek meghat\u00e1rozz\u00e1k egy m\u0171velet v\u00e9grehajt\u00e1s\u00e1nak, egy bizonyos t\u00e1rgy vagy term\u00e9k el\u0151\u00e1ll\u00edt\u00e1s\u00e1nak felt\u00e9teleit, amelynek haszn\u00e1lat\u00e1t vagy felcser\u00e9lhet\u0151s\u00e9g\u00e9t egys\u00e9gess\u00e9 k\u00edv\u00e1nj\u00e1k tenni, \u00e9s amelyek min\u0151s\u00e9g\u00e9t garant\u00e1lni kell. M\u00e1s sz\u00f3val, a szabv\u00e1ny egyfajta bev\u00e1lt gyakorlati \u00fatmutat\u00f3 a v\u00e1llalata \u00e1ltal v\u00e9gzett k\u00fcl\u00f6nf\u00e9le munk\u00e1khoz vagy tev\u00e9kenys\u00e9gekhez.<\/p>\n\n\n\n<p>Gyakran fog hallani az <strong>\u201eISO-szabv\u00e1nyokr\u00f3l\u201d<\/strong>, mert a <a href=\"https:\/\/www.iso.org\/home.html\" target=\"_blank\" rel=\"noreferrer noopener\">Nemzetk\u00f6zi Szabv\u00e1ny\u00fcgyi Szervezet<\/a> (r\u00f6vid\u00edtve ISO) felel\u0151s a szabv\u00e1nyos\u00edt\u00e1si munk\u00e1k\u00e9rt vil\u00e1gszerte. Nemzetk\u00f6zi szabv\u00e1nyokat dolgoznak ki a piac fejl\u0151d\u00e9s\u00e9nek, az innov\u00e1ci\u00f3 t\u00e1mogat\u00e1s\u00e1nak \u00e9s a nemzeti szabv\u00e1nyok k\u00f6vetkezetess\u00e9 t\u00e9tel\u00e9nek megfelel\u0151en.<\/p>\n\n\n\n<p>Ha egy v\u00e1llalat megfelel bizonyos szabv\u00e1nyoknak, arr\u00f3l tan\u00fas\u00edt\u00e1st szerezhet. Ahhoz, hogy ez megt\u00f6rt\u00e9njen, a v\u00e1llalatot k\u00fcls\u0151 test\u00fcletnek kell audit\u00e1lnia, amely ellen\u0151rzi az ir\u00e1nyelvek betart\u00e1s\u00e1t. A tan\u00fas\u00edt\u00e1s bizony\u00edtja, hogy a v\u00e1llalat elk\u00f6telezett a szabv\u00e1ny ir\u00e1nt. Meg kell jegyezni, hogy a tan\u00fas\u00edt\u00e1s megszerz\u00e9se hossz\u00fa t\u00e1v\u00fa \u00e9s \u00e1tfog\u00f3 elhivatotts\u00e1got jelent, ami a v\u00e1llalkoz\u00e1s teljes m\u0171k\u00f6d\u00e9s\u00e9t \u00e1thatja, ez\u00e9rt az megb\u00edzhat\u00f3bb, mint puszt\u00e1n egy \u00f6koc\u00edmke vagy log\u00f3 bevezet\u00e9se. A nemzetk\u00f6zi ISO szabv\u00e1nyok \u00e9s k\u00f6rnyezetv\u00e9delmi tan\u00fas\u00edtv\u00e1nyok ez\u00e9rt er\u0151forr\u00e1sk\u00e9nt haszn\u00e1lhat\u00f3k fel, \u00e9s \u00edgy alapvet\u0151 szerepet j\u00e1tszanak a v\u00e1llalat <a href=\"https:\/\/www.manutan.hu\/blog\/tarsadalmi-felelossegvallalas-a-sikeres-csr-strategiahoz-szukseges-szempontok\/\" target=\"_blank\" rel=\"noreferrer noopener\">CSR-strat\u00e9gi\u00e1j\u00e1nak<\/a> t\u00e1mogat\u00e1s\u00e1ban.<\/p>\n\n\n\n<p>Val\u00f3j\u00e1ban a f\u0151 t\u00e1rsadalmi \u00e9s k\u00f6rnyezetv\u00e9delmi norm\u00e1khoz val\u00f3 igazod\u00e1s sz\u00e1mos el\u0151nnyel j\u00e1r, mivel egy v\u00e1llalat \u00edgy:<\/p>\n\n\n\n<ul><li>Er\u0151s\u00edtheti \u00e9s v\u00e9dheti a m\u00e1rka meg\u00edt\u00e9l\u00e9s\u00e9t.<\/li><li>Jav\u00edthatja m\u0171k\u00f6d\u00e9s\u00e9nek teljes\u00edtm\u00e9nyt a k\u00f6zvetett m\u00f3don el\u00e9rhet\u0151 megtakar\u00edt\u00e1sokkal.<\/li><li>A v\u00e1llalkoz\u00e1s k\u00f6rnyezetv\u00e9delmi \u00e9s t\u00e1rsadalmi meg\u00edt\u00e9l\u00e9se javulhat, k\u00fcl\u00f6n\u00f6s tekintettel az \u00fcgyfelekre \u00e9s a besz\u00e1ll\u00edt\u00f3kra.<\/li><li>Eredm\u00e9nyesebb lehet a k\u00f6rnyezeti kock\u00e1zatkezel\u00e9s.<\/li><li>Biztos lehet abban, hogy tev\u00e9kenys\u00e9ge megfelel a jogi \u00e9s a szab\u00e1lyoz\u00e1si k\u00f6rnyezetnek is.<\/li><li>A v\u00e1llalkoz\u00e1st vonz\u00f3v\u00e1 teheti a tehets\u00e9ges munkav\u00e1llal\u00f3k sz\u00e1m\u00e1ra, akiket \u00edgy megtartani is k\u00f6nnyebb.<\/li><\/ul>\n\n\n\n<h2><strong>Milyen ISO-szabv\u00e1nyok vonatkoznak a k\u00f6rnyezetv\u00e9delemre?<\/strong><\/h2>\n\n\n\n<p>\u00cdme n\u00e9h\u00e1ny f\u0151bb k\u00f6rnyezetv\u00e9delemre vonatkoz\u00f3 ISO-szabv\u00e1ny.<\/p>\n\n\n\n<p><strong>ISO 14001<\/strong><\/p>\n\n\n\n<p>Tal\u00e1n a legfontosabb az ISO 14001 szabv\u00e1ny. Ez a nemzetk\u00f6zi szabv\u00e1ny meghat\u00e1rozza a K\u00f6rnyezetk\u00f6zpont\u00fa Ir\u00e1ny\u00edt\u00e1si Rendszer tan\u00fas\u00edt\u00e1s\u00e1nak (KIR) krit\u00e9riumait. Az a v\u00e1llalat, amely hat\u00e9konyan m\u0171k\u00f6dteti az ISO 14001-et, ott elmondhat\u00f3, hogy a szervezet arra t\u00f6rekszik, hogy cs\u00f6kkentse a term\u00e9szeti er\u0151forr\u00e1sok felhaszn\u00e1l\u00e1s\u00e1t cs\u00f6kkentse, megel\u0151zze a k\u00f6rnyezetszennyez\u00e9st \u00e9s minim\u00e1lisra cs\u00f6kkentse a k\u00f6rnyezet terhel\u00e9s\u00e9t. Az er\u0151forr\u00e1sok hat\u00e9konyabb \u00e9s cs\u00f6kken\u0151 m\u00e9rt\u00e9k\u0171 felhaszn\u00e1l\u00e1s\u00e1val, a k\u00f6rnyezetv\u00e9delmi b\u00edrs\u00e1gok elker\u00fcl\u00e9s\u00e9vel k\u00f6lts\u00e9gei is cs\u00f6kkennek, ez\u00e1ltal hat\u00e9konyabban m\u0171k\u00f6dhet<\/p>\n\n\n\n<p><strong>ISO 50001<\/strong><\/p>\n\n\n\n<p>Az ISO 50001, vagyis az Energiair\u00e1ny\u00edt\u00e1si Rendszerszabv\u00e1ny az\u00e9rt is fontos, mert kifejezetten az energiagazd\u00e1lkod\u00e1si rendszerekre vonatkozik \u00e9s az energiafelhaszn\u00e1l\u00e1s optimaliz\u00e1l\u00e1s\u00e1ban jelent a c\u00e9gek sz\u00e1m\u00e1ra rugalmas t\u00e1maszt, m\u00e9ghozz\u00e1 sz\u00e1mszer\u0171s\u00edthet\u0151 eredm\u00e9nyekkel. C\u00e9lja a v\u00e1llalatok energiateljes\u00edtm\u00e9ny\u00e9nek jav\u00edt\u00e1sa az\u00e1ltal, hogy seg\u00edt nekik szisztematikusan azonos\u00edtani, hogyan cs\u00f6kkenthetik k\u00f6lts\u00e9geiket, megel\u0151zhetik a kock\u00e1zatokat, illetve hogyan cs\u00f6kkenthetik vagy jav\u00edthatj\u00e1k energiafogyaszt\u00e1sukat.<\/p>\n\n\n\n<p><strong>ISO 14064<\/strong><\/p>\n\n\n\n<p>Az ISO 14064 szabv\u00e1ny tartalmazza az \u00fcvegh\u00e1zhat\u00e1s\u00fa g\u00e1zok elsz\u00e1mol\u00e1s\u00e1ra \u00e9s hiteles\u00edt\u00e9s\u00e9re vonatkoz\u00f3 legjobb gyakorlatokat. Pontos ir\u00e1nymutat\u00e1st \u00e9s k\u00f6vetelm\u00e9nyeket fogalmaz meg minden olyan v\u00e1llalat sz\u00e1m\u00e1ra, amely sz\u00e1mszer\u0171s\u00edteni, bejelenteni \u00e9s ellen\u0151rizni k\u00edv\u00e1nja \u00fcvegh\u00e1zhat\u00e1s\u00fa g\u00e1zok kibocs\u00e1t\u00e1s\u00e1t, k\u00fcl\u00f6n\u00f6sen akkor, ha az adott c\u00e9g a kibocs\u00e1t\u00e1skereskedelmi rendszerekben is r\u00e9szt vesz. Ilyenkor az ISO 14064 szabv\u00e1nynak val\u00f3 megfelel\u00e9s bizony\u00edtja a z\u00f6ldebb m\u0171k\u00f6d\u00e9s ir\u00e1nti elk\u00f6telezetts\u00e9get \u00e9s n\u00f6veli a v\u00e1llalat hiteless\u00e9g\u00e9t a keresked\u0151i piacon.<\/p>\n\n\n\n<p><strong>ISO 26000<\/strong><\/p>\n\n\n\n<p>Az ISO 26000 szinte k\u00f6telez\u0151 azon szervezetek sz\u00e1m\u00e1ra, amelyek elk\u00f6telezettek a t\u00e1rsadalmi felel\u0151ss\u00e9gv\u00e1llal\u00e1s (CSR) mellett, amely mag\u00e1ban foglalja a k\u00f6rnyezeti felel\u0151ss\u00e9get is. Az ISO 26000, vagyis a Szoci\u00e1lis Felel\u0151ss\u00e9gv\u00e1llal\u00e1si Rendszer abban seg\u00edti a v\u00e1llalatokat, hogy felel\u0151ss\u00e9gteljes magatart\u00e1st alkalmazzanak m\u0171k\u00f6d\u00e9s\u00fck sor\u00e1n, \u00e9s integr\u00e1lj\u00e1k a t\u00e1rsadalmi felel\u0151ss\u00e9gv\u00e1llal\u00e1st \u00e1tfog\u00f3 ir\u00e1ny\u00edt\u00e1si \u00e9s d\u00f6nt\u00e9shozatali folyamataikba. Ezt a szabv\u00e1nyt egyre gyakrabban haszn\u00e1lj\u00e1k a v\u00e1llalat fenntarthat\u00f3 fejl\u0151d\u00e9s \u00e9s k\u00f6rnyezetv\u00e9delmi t\u00f6rv\u00e9nyek ir\u00e1nti elk\u00f6telezetts\u00e9g\u00e9nek, valamint ezen a ter\u00fcleten ny\u00fajtott teljes\u00edtm\u00e9ny\u00e9nek \u00e9rt\u00e9kel\u00e9s\u00e9re.<\/p>\n\n\n\n<p><strong>ISO 20400<\/strong><\/p>\n\n\n\n<p>A 2017-ben l\u00e9trehozott ISO 20400 szabv\u00e1ny a fenntarthat\u00f3 beszerz\u00e9s els\u0151 nemzetk\u00f6zi szabv\u00e1nya, amit gyakran felel\u0151s beszerz\u00e9snek is neveznek. Seg\u00edt a v\u00e1llalatoknak egyre felel\u0151ss\u00e9gteljesebb beszerz\u00e9si politik\u00e1k \u00e9s gyakorlatot kialak\u00edtani \u00e9s v\u00e9grehajtani. A szabv\u00e1ny le\u00edrja a fenntarthat\u00f3 beszerz\u00e9s alapelveit, \u00e9s hat\u00e9kony modellt ny\u00fajtson a megval\u00f3s\u00edt\u00e1shoz is. A <a href=\"https:\/\/www.manutan.hu\/blog\/mi-a-fenntarthato-beszerzes-kulcsa\/\" target=\"_blank\" rel=\"noreferrer noopener\">fenntarthat\u00f3 beszerz\u00e9sr\u0151l<\/a> \u00e9s a <a href=\"https:\/\/www.manutan.hu\/blog\/fokuszban-a-zold-ellatasi-lanc\/\" target=\"_blank\" rel=\"noreferrer noopener\">z\u00f6ld ell\u00e1t\u00e1si l\u00e1ncokr\u00f3l<\/a> a Manutan Blogon is olvashat.<\/p>\n\n\n\n<p><\/p>\n\n\n\n<figure class=\"wp-block-image size-large\"><img loading=\"lazy\" width=\"1024\" height=\"614\" src=\"https:\/\/www.manutan.hu\/blog\/wp-content\/uploads\/2023\/08\/iso2-min-1024x614.jpeg\" alt=\"\" class=\"wp-image-3110\" srcset=\"https:\/\/www.manutan.hu\/blog\/wp-content\/uploads\/2023\/08\/iso2-min-1024x614.jpeg 1024w, https:\/\/www.manutan.hu\/blog\/wp-content\/uploads\/2023\/08\/iso2-min-300x180.jpeg 300w, https:\/\/www.manutan.hu\/blog\/wp-content\/uploads\/2023\/08\/iso2-min-768x461.jpeg 768w, https:\/\/www.manutan.hu\/blog\/wp-content\/uploads\/2023\/08\/iso2-min-1536x922.jpeg 1536w, https:\/\/www.manutan.hu\/blog\/wp-content\/uploads\/2023\/08\/iso2-min.jpeg 1920w\" sizes=\"(max-width: 1024px) 100vw, 1024px\" \/><\/figure>\n\n\n\n<h2><strong>\u00c9p\u00fcletek k\u00f6rnyezetv\u00e9delmi szabv\u00e1nyai<\/strong><\/h2>\n\n\n\n<p>Mint m\u00e1r eml\u00edtett\u00fck, a tan\u00fas\u00edt\u00e1sok kiv\u00e1l\u00f3 eszk\u00f6z\u00f6k a v\u00e1llalatok sz\u00e1m\u00e1ra, mivel er\u0151s\u00edtik hiteless\u00e9g\u00fcket \u00e9s \u00e1ltal\u00e1nos meg\u00edt\u00e9l\u00e9s\u00fcket. A tan\u00fas\u00edt\u00e1s megszerz\u00e9se annak bizony\u00edt\u00e9ka, hogy szolg\u00e1ltat\u00e1saik vagy term\u00e9keik \u2013 valamint gy\u00e1rt\u00e1si k\u00f6r\u00fclm\u00e9nyeik \u2013 megfelelnek a t\u00e1rsadalmi, etikai \u00e9s k\u00f6rnyezetv\u00e9delmi krit\u00e9riumoknak. De mi a helyzet a v\u00e1llalat tulajdon\u00e1ban vagy haszn\u00e1lat\u00e1ban l\u00e9v\u0151 \u00e9p\u00fcletekkel?<\/p>\n\n\n\n<p>A LEED \u00e9s a BREEAM a v\u00e1llalati \u00e9p\u00fcletek k\u00f6rnyezeti teljes\u00edtm\u00e9ny\u00e9nek \u00e9rt\u00e9kel\u00e9s\u00e9re szolg\u00e1l\u00f3 k\u00e9t f\u0151 rendszer.<\/p>\n\n\n\n<p><strong>LEED min\u0151s\u00edt\u00e9s<\/strong><\/p>\n\n\n\n<p>A LEED-tan\u00fas\u00edtv\u00e1ny (Leadership in Energy and Environmental Design) a magas k\u00f6rnyezeti sz\u00ednvonal\u00fa \u00e9p\u00fcletekre vonatkoz\u00f3 szabv\u00e1nyos\u00edt\u00e1si rendszer, amely az Egyes\u00fclt \u00c1llamokb\u00f3l sz\u00e1rmazik, \u00e9s fokozatosan terjed Eur\u00f3pa-szerte. Keretet biztos\u00edt a z\u00f6ld, eg\u00e9szs\u00e9ges, sz\u00e9ndioxid- \u00e9s energiahat\u00e9kony \u00e9p\u00fcletekhez.<\/p>\n\n\n\n<p>A tan\u00fas\u00edtv\u00e1ny megszerz\u00e9s\u00e9hez a szervezeteknek pontokat kell szerezni\u00fck bizonyos felt\u00e9telek teljes\u00edt\u00e9s\u00e9vel, bele\u00e9rtve a sz\u00e9n-dioxid-, az energia-, a v\u00edz-, a hullad\u00e9k-, a sz\u00e1ll\u00edt\u00e1s-, az anyagok, valamint az eg\u00e9szs\u00e9g\u00fcgyi \u00e9s a belt\u00e9ri k\u00f6rnyezet min\u0151s\u00e9g\u00e9re vonatkoz\u00f3 ter\u00fcleteken. A LEED min\u0151s\u00edt\u00e9snek t\u00f6bb k\u00fcsz\u00f6b\u00e9rt\u00e9ke van, az el\u00e9rt pontok sz\u00e1m\u00e1t\u00f3l f\u00fcgg\u0151en.<\/p>\n\n\n\n<p><strong>BREEAM min\u0151s\u00edt\u00e9s<\/strong><\/p>\n\n\n\n<p>A BREEAM a Building Research Establishment Environmental Assessment Method r\u00f6vid\u00edt\u00e9se. Ez a h\u00edres brit tan\u00fas\u00edt\u00e1s egy v\u00e1llalat k\u00f6rnyezeti hat\u00e1s\u00e1t m\u00e9ri egy sor kateg\u00f3ri\u00e1ban (v\u00edz, energia, sz\u00e1ll\u00edt\u00e1s, anyagok, hullad\u00e9k stb.). A LEED tan\u00fas\u00edt\u00e1st gyakran egyszer\u0171bb megk\u00f6zel\u00edt\u00e9snek tekintik, mint a BREEAM tan\u00fas\u00edt\u00e1st.<\/p>\n\n\n\n<p>Amint l\u00e1tja, nincs hi\u00e1ny a CSR-strat\u00e9gia kialak\u00edt\u00e1s\u00e1ra \u00e9s fejleszt\u00e9s\u00e9re szolg\u00e1l\u00f3 szabv\u00e1nyokb\u00f3l. Az \u00e9p\u00fcletekre vagy \u00e1ltal\u00e1ban a v\u00e1llalatokra vonatkoz\u00f3 k\u00f6rnyezetv\u00e9delmi szabv\u00e1nyok val\u00f3di \u00e9rt\u00e9ket jelentenek az \u00d6n hiteless\u00e9ge \u00e9s hat\u00e9konys\u00e1ga szempontj\u00e1b\u00f3l. T\u00f6ltse le a \u201e<a href=\"https:\/\/www.manutan.hu\/blog\/tarsadalmi-felelossegvallalas-a-sikeres-csr-strategiahoz-szukseges-szempontok\/\">T\u00e1rsadalmi felel\u0151ss\u00e9gv\u00e1llal\u00e1s: A sikeres CSR-strat\u00e9gi\u00e1hoz sz\u00fcks\u00e9ges szempontok<\/a>\u201d c\u00edm\u0171 tanulm\u00e1nyunkat!<\/p>\n","protected":false},"excerpt":{"rendered":"<p>Cikk\u00fcnkben bemutatjuk a legfontosabb nemzetk\u00f6zi \u00e9s eur\u00f3pai k\u00f6rnyezetv\u00e9delmi szabv\u00e1nyokat, mint p\u00e9ld\u00e1ul az ISO 14001. <\/p>\n","protected":false},"author":2,"featured_media":3109,"comment_status":"closed","ping_status":"closed","sticky":false,"template":"","format":"standard","meta":[],"categories":[530,522,531],"tags":[225,395,274],"jetpack_featured_media_url":"https:\/\/www.manutan.hu\/blog\/wp-content\/uploads\/2023\/08\/iso1-min.jpeg","_links":{"self":[{"href":"https:\/\/www.manutan.hu\/blog\/wp-json\/wp\/v2\/posts\/3108"}],"collection":[{"href":"https:\/\/www.manutan.hu\/blog\/wp-json\/wp\/v2\/posts"}],"about":[{"href":"https:\/\/www.manutan.hu\/blog\/wp-json\/wp\/v2\/types\/post"}],"author":[{"embeddable":true,"href":"https:\/\/www.manutan.hu\/blog\/wp-json\/wp\/v2\/users\/2"}],"replies":[{"embeddable":true,"href":"https:\/\/www.manutan.hu\/blog\/wp-json\/wp\/v2\/comments?post=3108"}],"version-history":[{"count":3,"href":"https:\/\/www.manutan.hu\/blog\/wp-json\/wp\/v2\/posts\/3108\/revisions"}],"predecessor-version":[{"id":3114,"href":"https:\/\/www.manutan.hu\/blog\/wp-json\/wp\/v2\/posts\/3108\/revisions\/3114"}],"wp:featuredmedia":[{"embeddable":true,"href":"https:\/\/www.manutan.hu\/blog\/wp-json\/wp\/v2\/media\/3109"}],"wp:attachment":[{"href":"https:\/\/www.manutan.hu\/blog\/wp-json\/wp\/v2\/media?parent=3108"}],"wp:term":[{"taxonomy":"category","embeddable":true,"href":"https:\/\/www.manutan.hu\/blog\/wp-json\/wp\/v2\/categories?post=3108"},{"taxonomy":"post_tag","embeddable":true,"href":"https:\/\/www.manutan.hu\/blog\/wp-json\/wp\/v2\/tags?post=3108"}],"curies":[{"name":"wp","href":"https:\/\/api.w.org\/{rel}","templated":true}]}}