{"id":3076,"date":"2023-07-05T14:07:41","date_gmt":"2023-07-05T12:07:41","guid":{"rendered":"https:\/\/www.manutan.hu\/blog\/?p=3076"},"modified":"2025-04-16T14:19:40","modified_gmt":"2025-04-16T12:19:40","slug":"kulteri-butorok-kivalasztasa","status":"publish","type":"post","link":"https:\/\/www.manutan.hu\/blog\/kulteri-butorok-kivalasztasa\/","title":{"rendered":"Hogyan v\u00e1lasszon megfelel\u0151 k\u00fclt\u00e9ri b\u00fatort?"},"content":{"rendered":"\n<p>Az els\u0151 dolog, amit az emberek megl\u00e1tnak, amikor meg\u00e9rkeznek a v\u00e1llalkoz\u00e1s\u00e1hoz, az a k\u00fcls\u0151 t\u00e9r. Az els\u0151 benyom\u00e1s sokat sz\u00e1m\u00edt, ez\u00e9rt a kertet, az udvart \u00e9s a parkol\u00f3t is \u00fagy kell kialak\u00edtani, hogy az reprezentat\u00edv legyen. Cikk\u00fcnkb\u0151l megtudhatja, milyen k\u00fclt\u00e9ri b\u00fatorokkal teheti vonz\u00f3v\u00e1 a v\u00e1llalkoz\u00e1sa k\u00f6rnyezet\u00e9t \u00e9s milyen szempontokat \u00e9rdemes m\u00e9rlegelni a v\u00e1laszt\u00e1skor.\u00a0\u00a0<\/p>\n\n\n\n<figure class=\"wp-block-image size-full\"><img loading=\"lazy\" width=\"827\" height=\"545\" src=\"https:\/\/www.manutan.hu\/blog\/wp-content\/uploads\/2023\/07\/kulteri-butorok-kivalasztasa.jpg\" alt=\"k\u00fclt\u00e9ri b\u00fatorok kiv\u00e1laszt\u00e1sa\" class=\"wp-image-3078\" srcset=\"https:\/\/www.manutan.hu\/blog\/wp-content\/uploads\/2023\/07\/kulteri-butorok-kivalasztasa.jpg 827w, https:\/\/www.manutan.hu\/blog\/wp-content\/uploads\/2023\/07\/kulteri-butorok-kivalasztasa-300x198.jpg 300w, https:\/\/www.manutan.hu\/blog\/wp-content\/uploads\/2023\/07\/kulteri-butorok-kivalasztasa-768x506.jpg 768w\" sizes=\"(max-width: 827px) 100vw, 827px\" \/><\/figure>\n\n\n\n<h2><strong>K\u00fcls\u0151 terek az irodah\u00e1z kiterjeszt\u00e9sek\u00e9nt<\/strong>&nbsp;<\/h2>\n\n\n\n<p>A k\u00fcls\u0151 t\u00e9r &#8211; legyen az kert, terasz, udvar vagy parkol\u00f3 \u2013 t\u00f6bb funkci\u00f3t is bet\u00f6lthet egyszerre. Sz\u00e9p id\u0151ben a munkav\u00e1llal\u00f3k sz\u00edvesen pihennek p\u00e1r percet a szabad \u00e9g alatt, egy eszt\u00e9tikusan berendezett terasz pedig haszn\u00e1lhat\u00f3 \u00fcgyfelekkel val\u00f3 megbesz\u00e9l\u00e9sekre, l\u00e1togat\u00f3k fogad\u00e1s\u00e1ra vagy kikapcsol\u00f3d\u00e1sra \u00e9s uzsonn\u00e1ra is az alkalmazottak sz\u00e1m\u00e1ra. Erre a legalkalmasabbak a f\u0151\u00e9p\u00fclet bej\u00e1rata el\u0151tti kerti b\u00fatorok \u00e9s a c\u00e9g ter\u00fclet\u00e9n elhelyezett padok.&nbsp;<\/p>\n\n\n\n<p>A k\u00fclt\u00e9ri b\u00fatorok kiv\u00e1laszt\u00e1sakor els\u0151k\u00e9nt a k\u00f6vetkez\u0151ket gondolja \u00e1t:&nbsp;<\/p>\n\n\n\n<ul><li>A kerti b\u00fatorok a szabad \u00e9g alatt vagy tet\u0151 alatt lesznek?&nbsp;<\/li><\/ul>\n\n\n\n<ul><li>Eg\u00e9sz \u00e9vben kint lesznek vagy van megfelel\u0151 t\u00e9li t\u00e1rol\u00f3hely?&nbsp;<\/li><\/ul>\n\n\n\n<p>Mindez seg\u00edt a helyes d\u00f6nt\u00e9s meghozatal\u00e1ban, hogy melyik t\u00edpust \u00e9s anyagot v\u00e1lassza.&nbsp;<\/p>\n\n\n\n<h2><strong>B\u00fatorok k\u00fclt\u00e9rre, ha nem z\u00e1rt \u00e9s \u0151rz\u00f6tt a ter\u00fclet<\/strong>&nbsp;<\/h2>\n\n\n\n<p>Ha c\u00e9ge telephelye nem z\u00e1rt \u00e9s nem \u0151rz\u00f6tt, mindenk\u00e9pp v\u00e1lasszon olyan term\u00e9keket, amelyekn\u00e9l lehet\u0151s\u00e9g van a talajba r\u00f6gz\u00edt\u00e9sre. A klasszikus <a href=\"https:\/\/www.manutan.hu\/hu\/mhu\/kozteri-butorok\" target=\"_blank\" rel=\"noreferrer noopener\">utcab\u00fatorok \u00e9s parkpadok<\/a> rendk\u00edv\u00fcl stabilak \u00e9s strapab\u00edr\u00f3ak, r\u00e1ad\u00e1sul a r\u00f6gz\u00edt\u00e9snek k\u00f6sz\u00f6nhet\u0151en kev\u00e9sb\u00e9 vonz\u00f3ak a tolvajok sz\u00e1m\u00e1ra. Formavil\u00e1g \u00e9s st\u00edlus tekintet\u00e9ben rendk\u00edv\u00fcl sz\u00e9les a v\u00e1laszt\u00e9k: modern \u00e9s klasszikus, h\u00e1tt\u00e1ml\u00e1val \u00e9s karf\u00e1val, vagy ezek n\u00e9lk\u00fcl, minimalista st\u00edlusban is tal\u00e1lhat parkpadokat.&nbsp;<\/p>\n\n\n\n<h2>K\u00fclt\u00e9ri b\u00fatorok, ha fontos a mobilit\u00e1s<\/h2>\n\n\n\n<p>A piknikasztalok, piknikpadok, s\u00f6rpadok \u00e9s s\u00f6rasztalok t\u00f6k\u00e9letes v\u00e1laszt\u00e1st jelentenek c\u00e9ges k\u00f6rnyezetben is. A mobilit\u00e1s mellett nagy el\u0151ny\u00fck, hogy egy eg\u00e9sz csapat elf\u00e9r egy-egy asztaln\u00e1l, \u00edgy csapatmegbesz\u00e9l\u00e9sek \u00e9s k\u00f6z\u00f6s munkahelyi eb\u00e9dek helysz\u00edn\u00e9l\u00fcl is szolg\u00e1lhat. Ezek a k\u00fclt\u00e9ri b\u00fatorok nem ig\u00e9nyelnek k\u00fcl\u00f6n\u00f6sebb karbantart\u00e1st \u00e9s ak\u00e1r t\u00e9len is kint maradhatnak a kertben. Az \u00f6sszecsukhat\u00f3 s\u00f6rpadok \u00e9s s\u00f6rasztalok a rakt\u00e1rban helytakar\u00e9kosan t\u00e1rolhat\u00f3ak a t\u00e9li id\u0151szakban.&nbsp;<\/p>\n\n\n\n<p>A m\u0171rattanb\u00f3l k\u00e9sz\u00fclt k\u00fclt\u00e9ri b\u00fatorok igaz\u00e1n reprezentat\u00edvak \u00e9s k\u00e9nyelmesek. Ezek alkalmas teraszokra, tet\u0151kertekbe vagy t\u00e9likertekben is, de a t\u00e9li t\u00e1rol\u00e1sukr\u00f3l gondoskodni kell, mert az id\u0151j\u00e1r\u00e1s viszontags\u00e1gainak kitett m\u0171rattan kerti b\u00fatorok \u00e9lettartama r\u00f6videbb.&nbsp;&nbsp;<\/p>\n\n\n\n<p>Ha a k\u00fclt\u00e9ri b\u00fatorok t\u00e9li t\u00e1rol\u00e1s\u00e1ra az irodah\u00e1zban nincs szabad hely, \u00e1ll\u00edtsunk fel a kertben vagy a parkol\u00f3ban egy z\u00e1rhat\u00f3 kerti f\u00e9szert.&nbsp;&nbsp;<\/p>\n\n\n\n<h3><strong>V\u00e1lasszon olyan k\u00fclt\u00e9ri b\u00fatorokat, amelyek \u00e9vszak\u00e1ll\u00f3ak \u00e9s tart\u00f3sak<\/strong>\u00a0<\/h3>\n\n\n\n<p>Mindegy, hogy nagy ter\u00fcleten elhelyezhet\u0151 padokat, szabadt\u00e9ri doh\u00e1nyz\u00f3helyis\u00e9ghez \u00fcl\u0151helyet, vagy reprezentat\u00edv terasz berendez\u00e9s\u00e9hez keres k\u00fclt\u00e9ri b\u00fatorokat, a tart\u00f3ss\u00e1got mindig tartsa szem el\u0151tt. Meg\u00e9ri min\u0151s\u00e9gi alapanyagokat v\u00e1lasztani, mert azok id\u0151t\u00e1ll\u00f3, tart\u00f3s b\u00fatorokk\u00e9nt szolg\u00e1lj\u00e1k majd v\u00e1llalkoz\u00e1s\u00e1t.&nbsp;<\/p>\n\n\n\n<h2><strong>F\u00e1b\u00f3l k\u00e9sz\u00fclt k\u00fclt\u00e9ri b\u00fatorok<\/strong>&nbsp;<\/h2>\n\n\n\n<p>A kerti b\u00fatorok klasszikus anyaga a fa. P\u00e9ld\u00e1ul a teak vagy az eukaliptusz megfelel\u0151ek, de a hazai f\u00e1k, \u00fagy mint a lucfeny\u0151, a b\u00fckk vagy a t\u00f6lgy is j\u00f3 v\u00e1laszt\u00e1s, ha k\u00fclt\u00e9ri b\u00fatort keres. A b\u00fatorok festetlen, nat\u00far fa fel\u00fclete \u00e1pol\u00e1st ig\u00e9nyel. Ide\u00e1lis esetben minden \u00e9vben laz\u00farral vagy p\u00e1ccal kell kezelni, hogy meg\u0151rizze sz\u00edn\u00e9t, \u00e9s megakad\u00e1lyozza, hogy apr\u00f3 szil\u00e1nkok v\u00e1ljanak le a f\u00e1r\u00f3l. A lakkozott \u00e9s festett fel\u00fclet\u0171 k\u00fclt\u00e9ri fa b\u00fatorokat 4-5 \u00e9vente el\u00e9g karbantartani, azok nem ig\u00e9nyelnek minden \u00e9vben \u00e1pol\u00e1st.&nbsp;<\/p>\n\n\n\n<p><em>TIPP: Az FSC jel\u00f6l\u00e9ssel ell\u00e1tott b\u00fatorok fa alapanyaga felel\u0151s erd\u0151gazd\u00e1lkod\u00e1sb\u00f3l sz\u00e1rmazik.<\/em>&nbsp;<\/p>\n\n\n\n<h2><strong>M\u0171anyag kerti b\u00fatorok<\/strong>&nbsp;<\/h2>\n\n\n\n<p>M\u0171anyag b\u00fatorok eset\u00e9n ker\u00fclje az olcs\u00f3, gyenge min\u0151s\u00e9g\u0171 anyagokb\u00f3l k\u00e9sz\u00fclt \u00f6nt\u00f6tt term\u00e9keket. Ezek t\u00fal gyorsan \u00f6regszenek, az anyag vesz\u00edt erej\u00e9b\u0151l \u00e9s megreped. Ehelyett v\u00e1lasszon ink\u00e1bb <a href=\"https:\/\/www.manutan.hu\/hu\/mhu\/kulteri-szekek-es-fotelek\" target=\"_blank\" rel=\"noreferrer noopener\">m\u0171rattan kerti b\u00fatorokat.<\/a> A puh\u00e1bb, de egyben er\u0151s m\u0171anyagnak k\u00f6sz\u00f6nhet\u0151en k\u00e9nyelmesebb \u00fcl\u00e9st k\u00edn\u00e1lnak, eleg\u00e1nsabbnak t\u0171nnek, \u00e9s k\u00f6nnyebben kombin\u00e1lhat\u00f3k fab\u00fatorokkal. Gyakran megtal\u00e1lhat\u00f3 egy szettben (k\u00fclt\u00e9ri \u00fcl\u0151garnit\u00far\u00e1k), puha k\u00e1rpitozott p\u00e1rn\u00e1kkal kieg\u00e9sz\u00edtve. Maga a b\u00fator ellen\u00e1ll a naps\u00fct\u00e9snek \u00e9s az es\u0151nek, de javasoljuk, hogy t\u00e9lre vigye z\u00e1rt t\u00e9rbe. B\u00e1r a gy\u00e1rt\u00f3k garant\u00e1lj\u00e1k, hogy a fagy sem tesz benn\u00fck k\u00e1rt, ha \u00f3vja a b\u00fatort az alacsony h\u0151m\u00e9rs\u00e9klett\u0151l \u00e9s a j\u00e9gt\u0151l, az hosszabb \u00e9lettartammal t\u00e9r\u00fcl meg.&nbsp;&nbsp;<\/p>\n\n\n\n<p><em>TIPP: A k\u00e1rpitozott p\u00e1rn\u00e1kat az es\u0151t\u0151l kell \u00f3vni. Ha az \u00fcl\u0151garnit\u00fara k\u00f6zel\u00e9ben fel\u00e1ll\u00edt egy <\/em><a href=\"https:\/\/www.manutan.hu\/hu\/mhu\/sherwood-kerti-tarolok\" target=\"_blank\" rel=\"noreferrer noopener\"><em>fedeles kerti t\u00e1rol\u00f3t,<\/em><\/a><em> m\u00e1ris van egy helye, ahova zivatar idej\u00e9n el lehet rejteni a p\u00e1rn\u00e1kat.<\/em>&nbsp;<\/p>\n\n\n\n<h2><strong>K\u00fclt\u00e9ri b\u00fatorok f\u00e9mb\u0151l<\/strong>&nbsp;<\/h2>\n\n\n\n<p>Ha valamilyen okn\u00e1l fogva a fa \u00e9s a m\u0171anyag sem illik c\u00e9g\u00e9hez, v\u00e1lasszon f\u00e9mb\u00fatort. Az alum\u00ednium \u00f6tv\u00f6zetb\u0151l k\u00e9sz\u00fclt k\u00fclt\u00e9ri b\u00fatorokat nagy szil\u00e1rds\u00e1g \u00e9s stabilit\u00e1s jellemzi, \u00edgy azok szinte&nbsp;&nbsp; \u00f6r\u00f6k \u00e9let\u0171ek, mik\u00f6zben meglep\u0151en k\u00f6nny\u0171ek is. A rozsdamentes ac\u00e9lb\u00f3l k\u00e9sz\u00fclt k\u00fclt\u00e9ri b\u00fatorok is igen tart\u00f3sak \u00e9s massz\u00edvak: a v\u00edz, a napsug\u00e1rz\u00e1s \u00e9s a fagy sem tesz benn\u00fck k\u00e1rt.&nbsp;<\/p>\n\n\n\n<p>Kisebb h\u00e1tr\u00e1nyuk, hogy a f\u00e9m j\u00f3l vezeti a h\u0151t, \u00edgy a hidegben sok\u00e1ig hideg marad, a napon pedig felmelegszik. \u00dcl\u0151p\u00e1rn\u00e1kkal kieg\u00e9sz\u00edtve ez a kellemetlens\u00e9g j\u00f3l ellens\u00falyozhat\u00f3.&nbsp;<\/p>\n\n\n\n<h3><strong>A rendre \u00e9s a higi\u00e9ni\u00e1ra is gondoljon a k\u00fclt\u00e9ri b\u00fatorok k\u00f6r\u00fcl<\/strong>&nbsp;<\/h3>\n\n\n\n<p>A k\u00fclt\u00e9ri b\u00fatorok k\u00f6zel\u00e9ben j\u00f3, ha van szemetes is. A kuk\u00e1kat ne a padok \u00e9s asztalok k\u00f6zvetlen k\u00f6zel\u00e9ben helyezze el, hanem azokt\u00f3l legal\u00e1bb m\u00e1sf\u00e9l m\u00e9ter t\u00e1vols\u00e1gra. \u00cdgy elker\u00fclheti, hogy az \u00fcl\u0151helyek k\u00f6zel\u00e9ben kellemetlen illatok terjedjenek, illetve legyek \u00e9s darazsak zsongj\u00e1k k\u00f6r\u00fcl az ott \u00fcl\u0151ket. Ha a k\u00fclt\u00e9ri b\u00fatorokat doh\u00e1nyz\u00e1sra kijel\u00f6lt helyen haszn\u00e1lj\u00e1k, v\u00e1lasszon <a href=\"https:\/\/www.manutan.hu\/hu\/mhu\/hamutartos-szemetes-kosarak\" target=\"_blank\" rel=\"noreferrer noopener\">hamutart\u00f3s szemetes kosarat.<\/a>&nbsp;<\/p>\n\n\n\n<p>A k\u00fclt\u00e9ri b\u00fatorok k\u00f6rnyezete arra is alkalmas, hogy a dolgoz\u00f3k \u00e9s a l\u00e1togat\u00f3k megismerkedjenek a c\u00e9g eredm\u00e9nyeivel, h\u00edreivel vagy biztons\u00e1gi inform\u00e1ci\u00f3ival. Ehhez haszn\u00e1lhat <a href=\"https:\/\/www.manutan.hu\/hu\/mhu\/magneses-vitrinek-daisy-ketszarnyas\" target=\"_blank\" rel=\"noreferrer noopener\">k\u00fclt\u00e9ri vitrineket,<\/a> z\u00e1szl\u00f3kat, hirdet\u0151t\u00e1bl\u00e1kat.&nbsp;<\/p>\n\n\n\n<p>A vir\u00e1gz\u00f3 n\u00f6v\u00e9nyekkel vagy gy\u00f3gyn\u00f6v\u00e9nyekkel teli <a href=\"https:\/\/www.manutan.hu\/hu\/mhu\/ladak-es-viragcserep\" target=\"_blank\" rel=\"noreferrer noopener\">cserepek<\/a> m\u00e9g a v\u00e1ros k\u00f6zep\u00e9n is illatoss\u00e1 \u00e9s term\u00e9szetk\u00f6zeliv\u00e9 teszik a k\u00fclt\u00e9ri b\u00fatorokkal berendezett pihen\u0151helyeket.&nbsp;<\/p>\n\n\n\n<p>Ha nincs a k\u00f6zelben nagyobb fa, \u00e9rdemes naperny\u0151kkel, napvitorl\u00e1kkal \u00e1rny\u00e9kolni, k\u00fcl\u00f6n\u00f6sen akkor, ha a k\u00fclt\u00e9ri b\u00fatorokat \u00e9tkez\u00e9sekhez \u00e9s megbesz\u00e9l\u00e9sekhez is haszn\u00e1lj\u00e1k majd.&nbsp;<\/p>\n\n\n\n<p><a href=\"https:\/\/www.manutan.hu\/hu\/mhu\/kulteri-padok-es-asztalok\" target=\"_blank\" rel=\"noreferrer noopener\">Tekintse meg a k\u00fclt\u00e9ri b\u00fatorok teljes k\u00edn\u00e1lat\u00e1t itt &gt;&gt;&nbsp;<\/a><\/p>\n","protected":false},"excerpt":{"rendered":"<p>Az els\u0151 dolog, amit az emberek megl\u00e1tnak, amikor meg\u00e9rkeznek a v\u00e1llalkoz\u00e1s\u00e1hoz, az a k\u00fcls\u0151 t\u00e9r. Az els\u0151 benyom\u00e1s sokat sz\u00e1m\u00edt, ez\u00e9rt a kertet, az udvart \u00e9s a parkol\u00f3t is \u00fagy kell kialak\u00edtani, hogy az reprezentat\u00edv legyen. Cikk\u00fcnkb\u0151l megtudhatja, milyen k\u00fclt\u00e9ri b\u00fatorokkal teheti vonz\u00f3v\u00e1 a v\u00e1llalkoz\u00e1sa k\u00f6rnyezet\u00e9t \u00e9s milyen szempontokat \u00e9rdemes m\u00e9rlegelni a v\u00e1laszt\u00e1skor.\u00a0\u00a0 K\u00fcls\u0151 terek [&hellip;]<\/p>\n","protected":false},"author":3,"featured_media":3078,"comment_status":"closed","ping_status":"closed","sticky":false,"template":"","format":"standard","meta":[],"categories":[522],"tags":[],"jetpack_featured_media_url":"https:\/\/www.manutan.hu\/blog\/wp-content\/uploads\/2023\/07\/kulteri-butorok-kivalasztasa.jpg","_links":{"self":[{"href":"https:\/\/www.manutan.hu\/blog\/wp-json\/wp\/v2\/posts\/3076"}],"collection":[{"href":"https:\/\/www.manutan.hu\/blog\/wp-json\/wp\/v2\/posts"}],"about":[{"href":"https:\/\/www.manutan.hu\/blog\/wp-json\/wp\/v2\/types\/post"}],"author":[{"embeddable":true,"href":"https:\/\/www.manutan.hu\/blog\/wp-json\/wp\/v2\/users\/3"}],"replies":[{"embeddable":true,"href":"https:\/\/www.manutan.hu\/blog\/wp-json\/wp\/v2\/comments?post=3076"}],"version-history":[{"count":2,"href":"https:\/\/www.manutan.hu\/blog\/wp-json\/wp\/v2\/posts\/3076\/revisions"}],"predecessor-version":[{"id":3079,"href":"https:\/\/www.manutan.hu\/blog\/wp-json\/wp\/v2\/posts\/3076\/revisions\/3079"}],"wp:featuredmedia":[{"embeddable":true,"href":"https:\/\/www.manutan.hu\/blog\/wp-json\/wp\/v2\/media\/3078"}],"wp:attachment":[{"href":"https:\/\/www.manutan.hu\/blog\/wp-json\/wp\/v2\/media?parent=3076"}],"wp:term":[{"taxonomy":"category","embeddable":true,"href":"https:\/\/www.manutan.hu\/blog\/wp-json\/wp\/v2\/categories?post=3076"},{"taxonomy":"post_tag","embeddable":true,"href":"https:\/\/www.manutan.hu\/blog\/wp-json\/wp\/v2\/tags?post=3076"}],"curies":[{"name":"wp","href":"https:\/\/api.w.org\/{rel}","templated":true}]}}