{"id":3057,"date":"2023-07-05T13:29:39","date_gmt":"2023-07-05T11:29:39","guid":{"rendered":"https:\/\/www.manutan.hu\/blog\/?p=3057"},"modified":"2025-04-16T14:20:49","modified_gmt":"2025-04-16T12:20:49","slug":"uzemi-oltozo","status":"publish","type":"post","link":"https:\/\/www.manutan.hu\/blog\/uzemi-oltozo\/","title":{"rendered":"\u00dczemi \u00f6lt\u00f6z\u0151 el\u0151\u00edr\u00e1sai, kialak\u00edt\u00e1sa"},"content":{"rendered":"\n<p>Hogyan kell kialak\u00edtani \u00fagy egy munkahelyi \u00f6lt\u00f6z\u0151t, hogy az k\u00e9nyelmes \u00e9s praktikus is legyen, mik\u00f6zben megfelel a jogszab\u00e1lyi el\u0151\u00edr\u00e1soknak is? Olvassa el err\u0151l sz\u00f3l\u00f3 tippjeinket!&nbsp;<\/p>\n\n\n\n<p>Egy <a href=\"https:\/\/www.manutan.hu\/blog\/ami-nem-hianyozhat-a-munkahelyi-oltozobol\/\" target=\"_blank\" rel=\"noreferrer noopener\">kor\u00e1bbi cikk\u00fcnkben<\/a> m\u00e1r r\u00e9szletesen \u00edrunk az \u00fczemi \u00f6lt\u00f6z\u0151kre vonatkoz\u00f3 jogszab\u00e1lyi h\u00e1tt\u00e9rr\u0151l, ez\u00e9rt most csak a legfontosabb szempontokat emelj\u00fck ki.&nbsp;<\/p>\n\n\n\n<h2><strong>\u00dczemi \u00f6lt\u00f6z\u0151kre vonatkoz\u00f3 el\u0151\u00edr\u00e1sok<\/strong>&nbsp;<\/h2>\n\n\n\n<ul><li>10 f\u0151 f\u00f6l\u00f6tt k\u00fcl\u00f6n n\u0151i \u00e9s f\u00e9rfi \u00f6lt\u00f6z\u0151t kell kialak\u00edtani.&nbsp;<\/li><li>Az \u00f6lt\u00f6z\u0151nek minimum 6 m\u00b2-esnek kell lennie.&nbsp;<\/li><\/ul>\n\n\n\n<ul><li>K\u00f6nnyen megk\u00f6zel\u00edthet\u0151nek kell lennie.&nbsp;<\/li><li>\u00d6lt\u00f6z\u0151szekr\u00e9nyenk\u00e9nt minimum 0,5 m\u00b2 ter\u00fcletet kell biztos\u00edtani.&nbsp;<\/li><li>\u00dcl\u0151helyet \u00e9s z\u00e1rhat\u00f3 szekr\u00e9nyt is k\u00f6telez\u0151 elhelyezni a v\u00e1llalati \u00f6lt\u00f6z\u0151ben.&nbsp;<\/li><li>A tev\u00e9kenys\u00e9g \u00e9s a munkafolyamat tisztas\u00e1ga alapj\u00e1n az \u00f6lt\u00f6z\u0151ket be kell sorolni a megfelel\u0151 tisztas\u00e1gi fokozatba, amely tov\u00e1bbi el\u0151\u00edr\u00e1sokkal j\u00e1r.&nbsp;&nbsp;<\/li><\/ul>\n\n\n\n<h2><strong>A munkahelyi \u00f6lt\u00f6z\u0151 kialak\u00edt\u00e1sa<\/strong>&nbsp;<\/h2>\n\n\n\n<p>Az \u00f6lt\u00f6z\u0151 helyis\u00e9g kialak\u00edt\u00e1sakor a k\u00f6nny\u0171 megk\u00f6zel\u00edthet\u0151s\u00e9get m\u00e1r a tervez\u00e9skor \u00e9rdemes szem el\u0151tt tartani. \u00daj irodah\u00e1z vagy \u00fczemi egys\u00e9g \u00e9p\u00edt\u00e9sekor ezt a tervez\u0151k gondosan m\u00e9rlegelni is szokt\u00e1k. A kih\u00edv\u00e1st az szokta jelenteni, ha egy megl\u00e9v\u0151 \u00e9p\u00fcletben kell kialak\u00edtani \u00fczemi \u00f6lt\u00f6z\u0151t. Ilyenkor \u00e9rdemes megtervezni a munkav\u00e1llal\u00f3k \u00fatvonal\u00e1t \u00e9s ahhoz igaz\u00edtani az \u00f6lt\u00f6z\u0151k hely\u00e9t. Min\u00e9l r\u00f6videbb \u00fatvonalat kell bej\u00e1rniuk a f\u0151bej\u00e1rat-\u00f6lt\u00f6z\u0151-munka\u00e1llom\u00e1s viszonylat\u00e1ban, ann\u00e1l k\u00e9nyelmesebb lesz sz\u00e1mukra az \u00f6lt\u00f6z\u0151 haszn\u00e1lata, illetve a higi\u00e9niai \u00e9s a biztons\u00e1gi szab\u00e1lyokat is \u00edgy a legegyszer\u0171bb betartani.&nbsp;&nbsp;<\/p>\n\n\n\n<p>Ha az \u00fczemi \u00f6lt\u00f6z\u0151 a tisztas\u00e1gi fokozat szerint A, D vagy E kateg\u00f3ri\u00e1ba esik (azaz k\u00fcl\u00f6n\u00f6sen tiszta, er\u0151sen szennyezett vagy fert\u0151z\u0151, m\u00e9rgez\u0151), akkor k\u00fcl\u00f6n \u00e9tkez\u0151 helyis\u00e9gre, illetve kett\u0151s (fekete-feh\u00e9r) \u00f6lt\u00f6z\u0151re is sz\u00fcks\u00e9g van. A kett\u0151s \u00f6lt\u00f6z\u0151k eset\u00e9ben tiszt\u00e1lkod\u00e1si helyis\u00e9get kell beiktatni a k\u00e9t helyis\u00e9g k\u00f6z\u00e9, m\u00e9gpedig \u00fagy, hogy az \u00e1thalad\u00e1s csak azon kereszt\u00fcl t\u00f6rt\u00e9nhessen (teh\u00e1t a \u201efeh\u00e9r\u201d \u00f6lt\u00f6z\u0151nek nem lehet k\u00fcls\u0151 bej\u00e1rata, azt csak a tiszt\u00e1lkod\u00e1si helyis\u00e9gen kereszt\u00fcl lehet megk\u00f6zel\u00edteni).&nbsp;<\/p>\n\n\n\n<h2><strong>V\u00e1llalati \u00f6lt\u00f6z\u0151 kialak\u00edt\u00e1sa, ha nem k\u00f6telez\u0151 munkaruh\u00e1t viselni<\/strong>&nbsp;<\/h2>\n\n\n\n<p>Vannak munkahelyek, ahol a munkaruha visel\u00e9se nem k\u00f6telez\u0151, de a dolgoz\u00f3k munkav\u00e9delmi vagy egy\u00e9b okokb\u00f3l nem tarthatnak magukn\u00e1l szem\u00e9lyes t\u00e1rgyakat munkav\u00e9gz\u00e9s k\u00f6zben. Ilyenkor elegend\u0151 lehet kisebb z\u00e1rhat\u00f3 boxok biztos\u00edt\u00e1sa, amelyben a szem\u00e9lyes \u00e9rt\u00e9kt\u00e1rgyaikat (pl. telefon, t\u00e1ska) t\u00e1rolhatj\u00e1k. A kulccsal z\u00e1rhat\u00f3 szekr\u00e9ny a legt\u00f6bb munkahely sz\u00e1m\u00e1ra ide\u00e1lis v\u00e1laszt\u00e1s, de ha a munkabiztons\u00e1gi el\u0151\u00edr\u00e1sok annyira szigor\u00faak (pl. antisztatikuss\u00e1g miatt), hogy a f\u00e9m kulcs is vesz\u00e9lyes lehet, akkor sz\u00e1mz\u00e1ras boxokat \u00e9rdemes beszerezni. Ezek a kisebb z\u00e1rhat\u00f3 szekr\u00e9nyek \u00e9rt\u00e9kmeg\u0151rz\u0151k\u00e9nt, illetve csomagmeg\u0151rz\u0151k\u00e9nt is haszn\u00e1lhat\u00f3ak \u00fczletekben.&nbsp;<\/p>\n\n\n\n<h2><strong>Alapfelszerelts\u00e9g a n\u0151i \u00e9s a f\u00e9rfi \u00f6lt\u00f6z\u0151kben<\/strong>&nbsp;<\/h2>\n\n\n\n<h3><strong>\u00d6lt\u00f6z\u0151szekr\u00e9ny<\/strong>&nbsp;<\/h3>\n\n\n\n<p>A z\u00e1rhat\u00f3 \u00f6lt\u00f6z\u0151szekr\u00e9ny a legfontosabb b\u00fatordarab az \u00fczemi \u00f6lt\u00f6z\u0151kben. A megfelel\u0151 szekr\u00e9ny kiv\u00e1laszt\u00e1skor a k\u00f6vetkez\u0151 szempontokat \u00e9rdemes figyelembe venni:&nbsp;<\/p>\n\n\n\n<p><strong>1. A munkaruha szennyezetts\u00e9ge:<\/strong> Szennyezett ruh\u00e1hoz osztott szekr\u00e9ny javasolt. Az egyik r\u00e9szben a tiszta, civil ruh\u00e1zatot, a m\u00e1sik r\u00e9szben pedig a piszkos munkaruh\u00e1t lehet t\u00e1rolni.&nbsp;<\/p>\n\n\n\n<p><strong>2. A ruh\u00e1zat jellege \u00e9s mennyis\u00e9ge: <\/strong>Ha a munkav\u00e1llal\u00f3k komplett felszerel\u00e9sben dolgoznak, amihez pl. v\u00e9d\u0151sisak, v\u00e9d\u0151szem\u00fcveg, munkacip\u0151 stb. is tartozik, akkor nagyobb szekr\u00e9nyekre van sz\u00fcks\u00e9g.&nbsp;<\/p>\n\n\n\n<p><strong>3. Sz\u00e1raz vagy nedves k\u00f6rnyezet:<\/strong> Nedves, vizes k\u00f6rnyezetben, illetve er\u0151s izzad\u00e1ssal j\u00e1r\u00f3 munkak\u00f6r\u00f6kben sz\u00e1r\u00edt\u00f3s szekr\u00e9nyt kell beszerezni, amely z\u00e1rt ajt\u00f3k mellett is lehet\u0151v\u00e9 teszi a szell\u0151z\u00e9st, illetve a munkaruha sz\u00e1rad\u00e1s\u00e1t.&nbsp;<\/p>\n\n\n\n<p><strong>4. Van-e lehet\u0151s\u00e9g a kulcsok t\u00e1rol\u00e1s\u00e1ra:<\/strong> Ha igen, akkor a hengerz\u00e1ras kulcsos szekr\u00e9ny megfelel\u0151 v\u00e1laszt\u00e1s, ellenkez\u0151 esetben ink\u00e1bb sz\u00e1mz\u00e1ras megold\u00e1sban gondolkodjunk.&nbsp;<\/p>\n\n\n\n<h3><strong>Padok<\/strong>&nbsp;<\/h3>\n\n\n\n<p>Az \u00f6lt\u00f6z\u0151kben k\u00f6telez\u0151 \u00fcl\u0151helyet biztos\u00edtani. Mivel a sz\u00e9kek t\u00fal sok helyet foglalnak, ez\u00e9rt \u00f6lt\u00f6z\u0151padokat \u00e9rdemes elhelyezni. Van olyan pad, ami egybe\u00e9p\u00edthet\u0151 az \u00f6lt\u00f6z\u0151szekr\u00e9nnyel, \u00e9s van olyan is, ami szabadon \u00e1ll\u00f3, \u00edgy ak\u00e1r k\u00e9t szekr\u00e9nysor k\u00f6z\u00e9 vagy fal mell\u00e9 is elhelyezhet\u0151. A cip\u0151tart\u00f3s verzi\u00f3t nemcsak a munkav\u00e1llal\u00f3k, hanem a takar\u00edt\u00f3 szem\u00e9lyzet is \u00e9rt\u00e9kelni szokta.&nbsp;<\/p>\n\n\n\n<h3><strong>Fogasok<\/strong>&nbsp;<\/h3>\n\n\n\n<p>Ha fontos, hogy az egyenruha vagy a munkaruha ne gy\u0171r\u0151dj\u00f6n, akkor \u00e9rdemes olyan \u00f6lt\u00f6z\u0151szekr\u00e9nyt v\u00e1lasztani, amelyben megfelel\u0151 m\u00e9ret\u0171 akaszt\u00f3s ruhafogas is van. Egy k\u00fcl\u00f6n\u00e1ll\u00f3 fali vagy \u00e1ll\u00f3 fogas azonban minden munkahelyi \u00f6lt\u00f6z\u0151ben j\u00f3 szolg\u00e1latot tesz. A fali fogasokat \u00fagy kell felszerelni, hogy a padl\u00f3t\u00f3l 1600-1800 mm magass\u00e1gban legyenek. Figyelem, kerekessz\u00e9kesek \u00e9s gyermekek sz\u00e1m\u00e1ra a padl\u00f3t\u00f3l 1000-1200 mm-re kell szerelni a fogasokat!&nbsp;<\/p>\n\n\n\n<h3><strong>Egy\u00e9b \u00f6lt\u00f6z\u0151 kieg\u00e9sz\u00edt\u0151k<\/strong>\u00a0<\/h3>\n\n\n\n<p>A <strong>l\u00e1bt\u00f6rl\u0151k \u00e9s sz\u0151nyegek <\/strong>seg\u00edtenek tiszt\u00e1n tartani az \u00f6lt\u00f6z\u0151t. Ezek t\u00e9len vagy es\u0151s id\u0151ben felsz\u00edvj\u00e1k a cip\u0151k talp\u00e1r\u00f3l lecs\u00f6p\u00f6g\u0151 nedvess\u00e9get, \u00edgy az nem ker\u00fcl sz\u00e9thord\u00e1sra az \u00f6lt\u00f6z\u0151 padl\u00f3j\u00e1n. Mind a n\u0151i, mind a f\u00e9rfi \u00f6lt\u00f6z\u0151kben \u00e9rdemes az ajt\u00f3k k\u00f6zel\u00e9ben elhelyezni egy-egy <strong>t\u00fckr\u00f6t,<\/strong> hiszen \u00e1t\u00f6lt\u00f6z\u00e9s, indul\u00e1s el\u0151tt mindenki szereti ellen\u0151rizni, hogy rendben van-e az \u00f6lt\u00f6z\u00e9ke. Egy <strong>falit\u00e1bl\u00e1n<\/strong> fontos inform\u00e1ci\u00f3kat oszthatunk meg a munkav\u00e1llal\u00f3kkal, amit k\u00e9sz\u00fcl\u0151d\u00e9s k\u00f6zben sz\u00edvesen el is olvasnak. Ne feledkezz\u00fcnk meg a kommun\u00e1lis \u00e9s a szelekt\u00edv <strong>hullad\u00e9kgy\u0171jt\u0151k<\/strong> kihelyez\u00e9s\u00e9r\u0151l sem. Az <strong>eserny\u0151tart\u00f3<\/strong> igaz\u00e1n apr\u00f3s\u00e1g, de minden munkav\u00e1llal\u00f3 nagyra \u00e9rt\u00e9keli, ha nem kell a sz\u00e1raz ruh\u00e1i k\u00f6z\u00e9 z\u00e1rnia a vizes eserny\u0151j\u00e9t. \u00c9rdemes megfontolni n\u00e9h\u00e1ny <strong>t\u00f6lt\u0151vel rendelkez\u0151 szekr\u00e9nyek<\/strong> v\u00e1s\u00e1rl\u00e1s\u00e1t is, amelyekben mobiltelefonok, laptopok vagy t\u00e1blag\u00e9pek biztons\u00e1gos t\u00f6lt\u00e9s\u00e9re van lehet\u0151s\u00e9g.&nbsp;&nbsp;<\/p>\n\n\n\n<p>Olvassa el a <a rel=\"noreferrer noopener\" href=\"https:\/\/www.manutan.hu\/blog\/tanacsok-a-megfelelo-munkahelyi-zarhato-szekrenyek-kivalasztasahoz\/\" target=\"_blank\">megfelel\u0151 munkahelyi z\u00e1rhat\u00f3 szekr\u00e9ny kiv\u00e1laszt\u00e1s\u00e1hoz<\/a> \u00edrt tan\u00e1csainkat is!<\/p>\n","protected":false},"excerpt":{"rendered":"<p>Hogyan kell kialak\u00edtani \u00fagy egy munkahelyi \u00f6lt\u00f6z\u0151t, hogy az k\u00e9nyelmes \u00e9s praktikus is legyen, mik\u00f6zben megfelel a jogszab\u00e1lyi el\u0151\u00edr\u00e1soknak is? Olvassa el err\u0151l sz\u00f3l\u00f3 tippjeinket!&nbsp; Egy kor\u00e1bbi cikk\u00fcnkben m\u00e1r r\u00e9szletesen \u00edrunk az \u00fczemi \u00f6lt\u00f6z\u0151kre vonatkoz\u00f3 jogszab\u00e1lyi h\u00e1tt\u00e9rr\u0151l, ez\u00e9rt most csak a legfontosabb szempontokat emelj\u00fck ki.&nbsp; \u00dczemi \u00f6lt\u00f6z\u0151kre vonatkoz\u00f3 el\u0151\u00edr\u00e1sok&nbsp; 10 f\u0151 f\u00f6l\u00f6tt k\u00fcl\u00f6n n\u0151i \u00e9s [&hellip;]<\/p>\n","protected":false},"author":3,"featured_media":3058,"comment_status":"closed","ping_status":"closed","sticky":false,"template":"","format":"standard","meta":[],"categories":[522],"tags":[],"jetpack_featured_media_url":"https:\/\/www.manutan.hu\/blog\/wp-content\/uploads\/2023\/07\/munkahelyi-oltozo.jpg","_links":{"self":[{"href":"https:\/\/www.manutan.hu\/blog\/wp-json\/wp\/v2\/posts\/3057"}],"collection":[{"href":"https:\/\/www.manutan.hu\/blog\/wp-json\/wp\/v2\/posts"}],"about":[{"href":"https:\/\/www.manutan.hu\/blog\/wp-json\/wp\/v2\/types\/post"}],"author":[{"embeddable":true,"href":"https:\/\/www.manutan.hu\/blog\/wp-json\/wp\/v2\/users\/3"}],"replies":[{"embeddable":true,"href":"https:\/\/www.manutan.hu\/blog\/wp-json\/wp\/v2\/comments?post=3057"}],"version-history":[{"count":1,"href":"https:\/\/www.manutan.hu\/blog\/wp-json\/wp\/v2\/posts\/3057\/revisions"}],"predecessor-version":[{"id":3059,"href":"https:\/\/www.manutan.hu\/blog\/wp-json\/wp\/v2\/posts\/3057\/revisions\/3059"}],"wp:featuredmedia":[{"embeddable":true,"href":"https:\/\/www.manutan.hu\/blog\/wp-json\/wp\/v2\/media\/3058"}],"wp:attachment":[{"href":"https:\/\/www.manutan.hu\/blog\/wp-json\/wp\/v2\/media?parent=3057"}],"wp:term":[{"taxonomy":"category","embeddable":true,"href":"https:\/\/www.manutan.hu\/blog\/wp-json\/wp\/v2\/categories?post=3057"},{"taxonomy":"post_tag","embeddable":true,"href":"https:\/\/www.manutan.hu\/blog\/wp-json\/wp\/v2\/tags?post=3057"}],"curies":[{"name":"wp","href":"https:\/\/api.w.org\/{rel}","templated":true}]}}