{"id":3024,"date":"2023-05-18T11:28:47","date_gmt":"2023-05-18T09:28:47","guid":{"rendered":"https:\/\/www.manutan.hu\/blog\/?p=3024"},"modified":"2025-04-16T14:23:48","modified_gmt":"2025-04-16T12:23:48","slug":"hulladekgazdalkodas-a-munkahelyen","status":"publish","type":"post","link":"https:\/\/www.manutan.hu\/blog\/hulladekgazdalkodas-a-munkahelyen\/","title":{"rendered":"Hullad\u00e9kgazd\u00e1lkod\u00e1s a munkahelyen"},"content":{"rendered":"\n<p>A v\u00e1llalkoz\u00e1sokn\u00e1l keletkez\u0151 hullad\u00e9kot a jogszab\u00e1lyoknak megfelel\u0151en kell \u00e1rtalmatlan\u00edtani. A felel\u0151s hullad\u00e9kgazd\u00e1lkod\u00e1s mindannyiunk elemi \u00e9rdeke, amely mag\u00e1ba foglalja a hullad\u00e9k szelekt\u00e1l\u00e1s\u00e1t, begy\u0171jt\u00e9s\u00e9t, \u00e1rtalmatlan\u00edt\u00e1s\u00e1t \u00e9s a keletkez\u0151 hullad\u00e9k mennyis\u00e9g\u00e9nek minimaliz\u00e1l\u00e1s\u00e1t is. Ehhez adunk tan\u00e1csokat cikk\u00fcnkben.&nbsp;<\/p>\n\n\n\n<p>Hullad\u00e9k minden c\u00e9gn\u00e9l keletkezik, de annak mennyis\u00e9ge \u00e9s t\u00edpusa jelent\u0151sen elt\u00e9rhet az egyes szektorokban. Egy fodr\u00e1szn\u00e1l p\u00e9ld\u00e1ul nem keletkezik t\u00fal sok hullad\u00e9k, viszont t\u00f6bbnyire vegyszerekkel dolgozik, ez\u00e9rt az \u00fcres flakonok \u00e9s tubusok \u00e1rtalmatlan\u00edt\u00e1sakor k\u00f6r\u00fcltekint\u0151en kell elj\u00e1rnia. Ezzel szemben egy \u00e9lelmiszer\u00fczletben havi t\u00f6bb sz\u00e1z kilogramm hullad\u00e9k is lehet, de annak j\u00f3 r\u00e9sze pap\u00edr, illetve m\u0171anyag csomagol\u00e1s, ami \u00fajrahasznos\u00edthat\u00f3. Ebb\u0151l a k\u00e9t p\u00e9ld\u00e1b\u00f3l is j\u00f3l \u00e9rz\u00e9kelhet\u0151, hogy a hullad\u00e9kkezel\u00e9s t\u00e9m\u00e1ja nemcsak a vegyipari c\u00e9gekn\u00e9l vagy az eg\u00e9szs\u00e9g\u00fcgyi int\u00e9zm\u00e9nyekn\u00e9l fontos, hanem az egy\u00e9ni v\u00e1llalkoz\u00e1sokat is \u00e9rinti.&nbsp;<\/p>\n\n\n\n<h2><strong>Jogszab\u00e1lyok, amelyeket a hullad\u00e9kkezel\u00e9ssel kapcsolatban ismerni kell<\/strong>&nbsp;<\/h2>\n\n\n\n<ul><li>A <a href=\"https:\/\/net.jogtar.hu\/jogszabaly?docid=A1200185.TV\" target=\"_blank\" rel=\"noreferrer noopener\">hullad\u00e9kr\u00f3l sz\u00f3l\u00f3 2012. \u00e9vi CLXXXV. t\u00f6rv\u00e9ny<\/a> a hullad\u00e9kkezel\u00e9s fogalmi rendszer\u00e9t \u00e9s alapvet\u0151 szab\u00e1lyait \u00edrja le.&nbsp;<\/li><li>A hullad\u00e9kt\u00edpusokat a <a href=\"https:\/\/net.jogtar.hu\/jogszabaly?docid=A1300072.VM\" target=\"_blank\" rel=\"noreferrer noopener\">hullad\u00e9kjegyz\u00e9kr\u0151l sz\u00f3l\u00f3 72\/2013. (VIII. 27.) VM rendelet<\/a> tartalmazza.&nbsp;<\/li><\/ul>\n\n\n\n<ul><li>A csomagol\u00e1si hullad\u00e9kkal kapcsolatos hullad\u00e9kgazd\u00e1lkod\u00e1si tev\u00e9kenys\u00e9get a <a href=\"https:\/\/net.jogtar.hu\/jogszabaly?docid=A1200442.KOR\" target=\"_blank\" rel=\"noreferrer noopener\">442\/2012. (XII. 29.) korm\u00e1nyrendeletben<\/a> tal\u00e1ljuk.&nbsp;<\/li><li>A csomagol\u00e1si hullad\u00e9khoz szorosan kapcsol\u00f3dik a k\u00f6rnyezetv\u00e9delmi term\u00e9kd\u00edj, amelyet a <a href=\"https:\/\/net.jogtar.hu\/jogszabaly?docid=A1100085.TV\" target=\"_blank\" rel=\"noreferrer noopener\">2011. \u00e9vi LXXXV. t\u00f6rv\u00e9ny<\/a> \u00edr el\u0151. Figyelem, nemcsak a csomagol\u00f3anyag, hanem az irodai pap\u00edr is a hat\u00e1lya al\u00e1 esik!&nbsp;<\/li><li>Bizonyos esetekben k\u00f6rnyezeti hat\u00e1svizsg\u00e1latot \u00e9s k\u00f6rnyezethaszn\u00e1lati enged\u00e9lyez\u00e9si elj\u00e1r\u00e1st kell lefolytatni. Hogy melyek azok a v\u00e1llalkoz\u00e1si tev\u00e9kenys\u00e9gek, amelyek csak ennek birtok\u00e1ban v\u00e9gezhet\u0151k, azt a <a href=\"https:\/\/net.jogtar.hu\/jogszabaly?docid=A0500314.KOR\" target=\"_blank\" rel=\"noreferrer noopener\">314\/2005. (XII. 25.) korm\u00e1nyrendeletben<\/a> tal\u00e1ljuk.&nbsp;<\/li><\/ul>\n\n\n\n<h2><strong>Hullad\u00e9kgazd\u00e1lkod\u00e1si terv k\u00e9sz\u00edt\u00e9se<\/strong>&nbsp;<\/h2>\n\n\n\n<p>A k\u00f6rnyezetv\u00e9delmi szakemberek azt hangs\u00falyozz\u00e1k, hogy az a legjobb hullad\u00e9k, ami l\u00e9tre sem j\u00f6n. Vagyis arra kell t\u00f6rekedni, hogy a keletkez\u0151 hullad\u00e9k mennyis\u00e9g\u00e9t minimaliz\u00e1ljuk. A z\u00e9r\u00f3 hullad\u00e9k lenne az ide\u00e1lis, de ez a technol\u00f3giai \u00e9s egy\u00e9b kih\u00edv\u00e1sok miatt szinte elk\u00e9pzelhetetlen. A hullad\u00e9kot akkor tudjuk minimaliz\u00e1lni \u00e9s azt\u00e1n megfelel\u0151en begy\u0171jteni, szelekt\u00e1lni \u00e9s \u00e1rtalmatlan\u00edtani, ha hullad\u00e9kgazd\u00e1lkod\u00e1si tervet k\u00e9sz\u00edt\u00fcnk. Ehhez m\u00e9rj\u00fck fel a k\u00f6vetkez\u0151ket:&nbsp;<\/p>\n\n\n\n<ul><li>Milyen t\u00edpus\u00fa hullad\u00e9kot termel a v\u00e1llalkoz\u00e1sa?&nbsp;<\/li><li>Mennyi hullad\u00e9k keletkezik?&nbsp;<\/li><li>Milyen lehet\u0151s\u00e9gei vannak annak \u00e1rtalmatlan\u00edt\u00e1s\u00e1ra?&nbsp;&nbsp;<\/li><li>Mennyibe ker\u00fcl a hullad\u00e9k \u00e1rtalmatlan\u00edt\u00e1sa (elsz\u00e1ll\u00edt\u00e1sa, feldolgoz\u00e1sa stb.)?&nbsp;<\/li><li>Van-e olyan hullad\u00e9kt\u00edpus, ami m\u00e1s v\u00e1llalkoz\u00e1s sz\u00e1m\u00e1ra alapanyagk\u00e9nt \u00e9rt\u00e9kes\u00edthet\u0151?&nbsp;<\/li><\/ul>\n\n\n\n<ul><li>Hogyan cs\u00f6kkentheti minim\u00e1lisra a hullad\u00e9kot?&nbsp;<\/li><li>Mennyi k\u00f6lts\u00e9get takar\u00edthat meg a hullad\u00e9k minimaliz\u00e1l\u00e1s\u00e1val?&nbsp;<\/li><\/ul>\n\n\n\n<h3><strong>A hullad\u00e9k t\u00edpusa is sz\u00e1m\u00edt<\/strong>&nbsp;<\/h3>\n\n\n\n<p>El\u0151sz\u00f6r is t\u00e1j\u00e9koz\u00f3djon arr\u00f3l, hogy van-e <strong>vesz\u00e9lyes hullad\u00e9ka.<\/strong> Hogy mi sz\u00e1m\u00edt vesz\u00e9lyes hullad\u00e9knak, azt a <a href=\"https:\/\/net.jogtar.hu\/jogszabaly?docid=A1200185.TV\" target=\"_blank\" rel=\"noreferrer noopener\">hullad\u00e9kt\u00f6rv\u00e9ny 1. sz\u00e1m\u00fa mell\u00e9klet\u00e9ben<\/a> tal\u00e1lja. Ennek pontos meghat\u00e1roz\u00e1sa az az\u00e9rt fontos, mert a jogszab\u00e1ly szerint vesz\u00e9lyes hullad\u00e9kot hullad\u00e9kgazd\u00e1lkod\u00e1si enged\u00e9ly n\u00e9lk\u00fcl m\u00e1s hullad\u00e9kkal, illetve anyaggal \u00f6sszekeverni vagy h\u00edg\u00edtani nem lehet. A vesz\u00e9lyes hullad\u00e9kokra szigor\u00fabb \u00e1rtalmatlan\u00edt\u00e1si felt\u00e9telek vonatkoznak \u00e9s nem minden hullad\u00e9kkezel\u00e9sre jogosult c\u00e9g vagy int\u00e9zm\u00e9ny veszi azt \u00e1t v\u00e1llalkoz\u00e1s\u00e1t\u00f3l.&nbsp;<\/p>\n\n\n\n<p>Szint\u00e9n k\u00f6teless\u00e9ge a hullad\u00e9k sz\u00e9tv\u00e1logat\u00e1sa. Ne becs\u00fclje al\u00e1 a hullad\u00e9kv\u00e1logat\u00e1st, \u00e9s \u00fagy \u00e1ll\u00edtsa be a folyamatokat c\u00e9g\u00e9ben, hogy minden dolgoz\u00f3nak lehet\u0151s\u00e9ge legyen a v\u00e1logat\u00e1sra. A szelekt\u00edv hullad\u00e9kgy\u0171jt\u0151ket \u00fagy helyezze ki, hogy azok a forgalmas helyeken el\u00e9rhet\u0151ek legyenek. A pap\u00edr, a m\u0171anyag, a f\u00e9m \u00e9s az \u00fcveg mellett az elektronikai alkatr\u00e9szek, az akkumul\u00e1torok, elemek \u00e9s a komposzt\u00e1lhat\u00f3 hullad\u00e9k is gy\u0171jthet\u0151 szelekt\u00edven.&nbsp;<\/p>\n\n\n\n<h2><strong>Hogyan kell leg\u00e1lisan megsemmis\u00edteni a hullad\u00e9kot? Ig\u00e9nybe vehet\u0151-e a hullad\u00e9kudvar?<\/strong>&nbsp;<\/h2>\n\n\n\n<p>Fontos, hogy legyen szerz\u0151d\u00e9se hullad\u00e9kkezel\u00e9s\u00e9re \u00e9s \u00e1tv\u00e9tel\u00e9re jogosult c\u00e9ggel vagy gy\u0171jt\u0151udvarral. Az elsz\u00e1ll\u00edtott hullad\u00e9kr\u00f3l kapott igazol\u00e1st \u00e9s sz\u00e1ml\u00e1t felt\u00e9tlen\u00fcl \u0151rizze meg. Ezek a dokumentumok egy ellen\u0151rz\u00e9s sor\u00e1n m\u00e9g fontosak lehetnek. A hullad\u00e9kudvarok csak a lakoss\u00e1gt\u00f3l \u00e9s csak kis mennyis\u00e9gben fogadnak olyan hullad\u00e9kot, amely sem a kommun\u00e1lis, sem a szelekt\u00edv hullad\u00e9kgy\u0171jt\u0151kben nem helyezhet\u0151k el. Ha ilyen hullad\u00e9k keletkezik a v\u00e1llalkoz\u00e1s\u00e1ban (pl. elektronikai cikkek), akkor \u00e9rdemes szerz\u0151d\u00e9st k\u00f6tni olyan c\u00e9ggel, amely ezek feldolgoz\u00e1s\u00e1val \u00e9s \u00e1rtalmatlan\u00edt\u00e1s\u00e1val foglalkozik. Ma m\u00e1r sz\u00e1mos olyan c\u00e9get tal\u00e1lunk, amely valamilyen speci\u00e1lis hullad\u00e9k begy\u0171jt\u00e9s\u00e9vel \u00e9s hasznos\u00edt\u00e1s\u00e1val foglalkozik. Az \u00e9ttermekt\u0151l \u00e1tveszik a haszn\u00e1lt s\u00fct\u0151olajat, a c\u00e9gekt\u0151l az IT eszk\u00f6z\u00f6ket stb.&nbsp;<\/p>\n\n\n\n<p>Sajnos m\u00e9g mindig jellemz\u0151, hogy n\u00e9h\u00e1ny v\u00e1llalkoz\u00e1s nem a jogszab\u00e1lyoknak megfelel\u0151en v\u00e1lik meg a hullad\u00e9kt\u00f3l. Tipikus p\u00e9lda, amikor egy kisebb \u00e9p\u00edt\u0151ipari c\u00e9g, amely a lak\u00f3telepen lak\u00e1st \u00faj\u00edt fel, \u00fagy v\u00e1lik meg a sitt\u0151l, hogy azt a lakoss\u00e1gi hullad\u00e9kgy\u0171jt\u0151be dobja, rosszabb esetben illeg\u00e1lis hullad\u00e9klerak\u00f3ban v\u00e1lik meg t\u0151le, amely ak\u00e1r szabads\u00e1gveszt\u00e9ssel is b\u00fcntethet\u0151. A Btk.-ban (b\u00fcntet\u0151 t\u00f6rv\u00e9nyk\u00f6nyv) a k\u00f6vetkez\u0151ket tal\u00e1ljuk:&nbsp;<\/p>\n\n\n\n<p><em>&#8220;(1) Aki arra a c\u00e9lra hat\u00f3s\u00e1g \u00e1ltal nem enged\u00e9lyezett helyen hullad\u00e9kot elhelyez, enged\u00e9ly n\u00e9lk\u00fcl lerak vagy az enged\u00e9ly kereteit t\u00fall\u00e9pve hullad\u00e9kgazd\u00e1lkod\u00e1si tev\u00e9kenys\u00e9get, illetve hullad\u00e9kkal m\u00e1s jogellenes tev\u00e9kenys\u00e9get v\u00e9gez, b\u0171ntett miatt h\u00e1rom \u00e9vig terjed\u0151 szabads\u00e1gveszt\u00e9ssel b\u00fcntetend\u0151.&nbsp;<\/em>&nbsp;<\/p>\n\n\n\n<p><em>(2) A b\u00fcntet\u00e9s egy \u00e9vt\u0151l \u00f6t \u00e9vig terjed\u0151 szabads\u00e1gveszt\u00e9s, ha az (1) bekezd\u00e9sben meghat\u00e1rozott b\u0171ncselekm\u00e9nyt a hullad\u00e9kr\u00f3l sz\u00f3l\u00f3 t\u00f6rv\u00e9ny szerinti vesz\u00e9lyes hullad\u00e9kra k\u00f6vetik el.<\/em>\u201d&nbsp;<\/p>\n\n\n\n<h3><strong>A hullad\u00e9kcs\u00f6kkent\u00e9s nem rak\u00e9tatudom\u00e1ny<\/strong>&nbsp;<\/h3>\n\n\n\n<p>M\u00e9g ha meg is felel az \u00e1rtalmatlan\u00edt\u00e1sra vonatkoz\u00f3 \u00f6sszes jogszab\u00e1lyi k\u00f6vetelm\u00e9nynek, p\u00e9nzt takar\u00edthat meg, ha id\u0151t \u00e9s energi\u00e1t \u00e1ldoz a hullad\u00e9k minimaliz\u00e1l\u00e1s\u00e1ra. Az elektronikus archiv\u00e1l\u00e1ssal \u00e9s sz\u00e1ml\u00e1z\u00e1ssal p\u00e9ld\u00e1ul t\u00f6bb sz\u00e1z kilogramm pap\u00edrt sp\u00f3rolhat meg, amit az iratmeg\u0151rz\u00e9si id\u0151 v\u00e9g\u00e9n s\u00falyos \u00f6sszegek\u00e9rt kellene \u00e1rtalmatlan\u00edtania. Egy k\u00f6zepes m\u00e9ret\u0171 irod\u00e1ban keletkez\u0151 k\u00e1v\u00e9zacc minim\u00e1lis er\u0151fesz\u00edt\u00e9ssel komposzt\u00e1lhat\u00f3 az irodah\u00e1z kertj\u00e9ben, \u00edgy a kommun\u00e1lis hullad\u00e9k mennyis\u00e9ge jelent\u0151sen cs\u00f6kkenthet\u0151. Sokszor kifizet\u0151d\u0151bb, ha a karbantart\u00e1sra, szervizel\u00e9sre \u00e9s jav\u00edt\u00e1sra k\u00f6lt\u00fcnk, amikor valami meghib\u00e1sodik, ahelyett, hogy r\u00f6gt\u00f6n \u00fajat venn\u00e9nk.&nbsp;<\/p>\n\n\n\n<p>N\u00e9ha nemcsak megtakar\u00edt\u00e1st, hanem r\u00f6gt\u00f6n bev\u00e9telt is szerezhet\u00fcnk, ha a hullad\u00e9kot siker\u00fcl alapanyagk\u00e9nt \u00e9rt\u00e9kes\u00edteni. Ha a c\u00e9g\u00fcnkben nagy mennyis\u00e9gben keletkezik pl. karton hullad\u00e9k, m\u00e9rj\u00fck fel, van-e a k\u00f6rny\u00e9k\u00fcnk\u00f6n olyan v\u00e1llalkoz\u00e1s, amely ezt alapanyagk\u00e9nt tudja hasznos\u00edtani? Ehhez ak\u00e1r k\u00fcls\u0151 tan\u00e1csad\u00f3 seg\u00edts\u00e9g\u00e9t is k\u00e9rhetj\u00fck, aki j\u00e1rtas a k\u00fcl\u00f6nb\u00f6z\u0151 gy\u00e1rt\u00e1si technol\u00f3gi\u00e1kban \u00e9s tudja, mely hullad\u00e9kt\u00edpus vagy mell\u00e9kterm\u00e9k lehet \u00e9rt\u00e9kes m\u00e1s v\u00e1llalkoz\u00e1sok sz\u00e1m\u00e1ra. Ezzel m\u00e1ris tehet\u00fcnk egy l\u00e9p\u00e9st a k\u00f6rforg\u00e1sos gazdas\u00e1g fel\u00e9.&nbsp;<\/p>\n\n\n\n<p>A Manutann\u00e1l \u00f6r\u00f6mmel seg\u00edt\u00fcnk \u00d6nnek c\u00e9ge hullad\u00e9kgazd\u00e1lkod\u00e1s\u00e1ban. H\u00edvjon minket vagy \u00edrjon nek\u00fcnk, \u00e9s k\u00f6z\u00f6sen megkeress\u00fck a v\u00e1llalkoz\u00e1sa sz\u00e1m\u00e1ra ide\u00e1lis hullad\u00e9kgy\u0171jt\u0151ket bel- \u00e9s k\u00fclt\u00e9rre egyar\u00e1nt. Tan\u00e1csokat adunk a sz\u00fcks\u00e9ges mennyis\u00e9gre \u00e9s az kihelyez\u00e9s m\u00f3dj\u00e1ra vonatkoz\u00f3an is.&nbsp;<\/p>\n\n\n\n<p><a href=\"https:\/\/www.manutan.hu\/blog\/tanulmany-a-vallalkozasok-hulladekcsokkenteserol\/\" target=\"_blank\" rel=\"noreferrer noopener\">T\u00f6ltse le a v\u00e1llalkoz\u00e1sok hullad\u00e9kgazd\u00e1lkod\u00e1s\u00e1r\u00f3l sz\u00f3l\u00f3 ingyenes tanulm\u00e1nyunkat ide kattintva!<\/a>&nbsp;<\/p>\n","protected":false},"excerpt":{"rendered":"<p>A felel\u0151s hullad\u00e9kgazd\u00e1lkod\u00e1s mindannyiunk elemi \u00e9rdeke, amely mag\u00e1ba foglalja a hullad\u00e9k szelekt\u00e1l\u00e1s\u00e1t, begy\u0171jt\u00e9s\u00e9t, \u00e1rtalmatlan\u00edt\u00e1s\u00e1t.<\/p>\n","protected":false},"author":3,"featured_media":3026,"comment_status":"closed","ping_status":"closed","sticky":false,"template":"","format":"standard","meta":[],"categories":[522],"tags":[],"jetpack_featured_media_url":"https:\/\/www.manutan.hu\/blog\/wp-content\/uploads\/2023\/05\/hulladekgazdalkodas.jpg","_links":{"self":[{"href":"https:\/\/www.manutan.hu\/blog\/wp-json\/wp\/v2\/posts\/3024"}],"collection":[{"href":"https:\/\/www.manutan.hu\/blog\/wp-json\/wp\/v2\/posts"}],"about":[{"href":"https:\/\/www.manutan.hu\/blog\/wp-json\/wp\/v2\/types\/post"}],"author":[{"embeddable":true,"href":"https:\/\/www.manutan.hu\/blog\/wp-json\/wp\/v2\/users\/3"}],"replies":[{"embeddable":true,"href":"https:\/\/www.manutan.hu\/blog\/wp-json\/wp\/v2\/comments?post=3024"}],"version-history":[{"count":2,"href":"https:\/\/www.manutan.hu\/blog\/wp-json\/wp\/v2\/posts\/3024\/revisions"}],"predecessor-version":[{"id":3028,"href":"https:\/\/www.manutan.hu\/blog\/wp-json\/wp\/v2\/posts\/3024\/revisions\/3028"}],"wp:featuredmedia":[{"embeddable":true,"href":"https:\/\/www.manutan.hu\/blog\/wp-json\/wp\/v2\/media\/3026"}],"wp:attachment":[{"href":"https:\/\/www.manutan.hu\/blog\/wp-json\/wp\/v2\/media?parent=3024"}],"wp:term":[{"taxonomy":"category","embeddable":true,"href":"https:\/\/www.manutan.hu\/blog\/wp-json\/wp\/v2\/categories?post=3024"},{"taxonomy":"post_tag","embeddable":true,"href":"https:\/\/www.manutan.hu\/blog\/wp-json\/wp\/v2\/tags?post=3024"}],"curies":[{"name":"wp","href":"https:\/\/api.w.org\/{rel}","templated":true}]}}