{"id":3017,"date":"2023-04-20T13:51:34","date_gmt":"2023-04-20T11:51:34","guid":{"rendered":"https:\/\/www.manutan.hu\/blog\/?p=3017"},"modified":"2025-04-16T14:24:04","modified_gmt":"2025-04-16T12:24:04","slug":"irodakoltoztetes","status":"publish","type":"post","link":"https:\/\/www.manutan.hu\/blog\/irodakoltoztetes\/","title":{"rendered":"Irodak\u00f6lt\u00f6ztet\u00e9s: eszk\u00f6z\u00f6k, amik seg\u00edthetnek"},"content":{"rendered":"\n<p>\u201eA legnehezebb mindent \u00f6sszepakolni, elsz\u00e1ll\u00edtani \u00e9s a r\u00e9gi irod\u00e1t eredeti \u00e1llapot\u00e1ba vissza\u00e1ll\u00edtani\u201d \u2013 foglalja \u00f6ssze tapasztalatait a c\u00e9g\u00e9vel \u00e1t\u00e9lt sz\u00e1mos k\u00f6lt\u00f6z\u00e9s ut\u00e1n Petra Brablecov\u00e1, egy cseh marketing\u00fcgyn\u00f6ks\u00e9g t\u00e1rstulajdonosa. Cikk\u00fcnkb\u0151l megtudhatja, hogy lehet az irodak\u00f6lt\u00f6ztet\u00e9s gyors \u00e9s hat\u00e9kony!&nbsp;<\/p>\n\n\n\n<h2><strong>Eszk\u00f6z\u00f6k, amik seg\u00edthetnek irodak\u00f6lt\u00f6ztet\u00e9s idej\u00e9n<\/strong>&nbsp;<\/h2>\n\n\n\n<p>Az \u00faj iroda berendez\u00e9s\u00e9t \u00e9rdemes el\u0151re \u00e1tgondolni \u00e9s megtervezni. P\u00e9ld\u00e1ul mindig viszek <strong>m\u00e9r\u0151szalagot<\/strong> a h\u00e1tizs\u00e1komban, \u00e9s megn\u00e9zem, hol \u00e9s hogyan f\u00e9rnek majd el a b\u00fatoraink. Gondoskodni kell arr\u00f3l is, hogy az \u00faj helyis\u00e9gek tiszt\u00e1k \u00e9s lehet\u0151s\u00e9g szerint \u00fcresek legyenek. Sajnos ez nem mindig van \u00edgy, ez\u00e9rt \u00e9rdemes err\u0151l egyeztetni az iroda tulajdonos\u00e1val vagy \u00fczemeltet\u0151j\u00e9vel.&nbsp;<\/p>\n\n\n\n<p>Azt\u00e1n megtervezem, hogy a r\u00e9gi irod\u00e1ban hogyan pakoljuk \u00f6ssze a dolgokat. Mindig szerzek be a <a href=\"https:\/\/www.manutan.hu\/hu\/mhu\/kartondobozok\" target=\"_blank\" rel=\"noreferrer noopener\"><strong>kartondobozok<\/strong><\/a><strong> <\/strong>mellett <a href=\"https:\/\/www.manutan.hu\/hu\/mhu\/terkitolto-anyagok\" target=\"_blank\" rel=\"noreferrer noopener\"><strong>t\u00e9rkit\u00f6lt\u0151 anyagokat<\/strong><\/a><strong> <\/strong>is (pl. bubor\u00e9kf\u00f3li\u00e1t), hogy a t\u00f6r\u00e9keny holmikat megv\u00e9dhess\u00fck a s\u00e9r\u00fcl\u00e9sekt\u0151l. Sz\u00fcks\u00e9g lesz m\u00e9g n\u00e9h\u00e1ny <strong>szersz\u00e1mra<\/strong> is a b\u00fatorok sz\u00e9tszerel\u00e9s\u00e9hez. M\u00e9g ha nem is lapra szerelve sz\u00e1ll\u00edtunk mindent, biztosan van minden irod\u00e1ban n\u00e9h\u00e1ny fali polc, amit le kell csavarozni. Egy <a href=\"https:\/\/www.manutan.hu\/hu\/mhu\/molnarkocsik\" target=\"_blank\" rel=\"noreferrer noopener\"><strong>moln\u00e1rkocsi<\/strong><\/a><strong> <\/strong>vagy <a href=\"https:\/\/www.manutan.hu\/hu\/mhu\/platos-kocsik-lehajthato-fogantyuval-fabol-es-acelbol\" target=\"_blank\" rel=\"noreferrer noopener\"><strong>plat\u00f3s kocsi<\/strong><\/a> val\u00f3s\u00e1gos kincs a k\u00f6lt\u00f6z\u00e9skor, mert nem k\u00e9zben kell cipelni a s\u00falyos dobozokat \u00e9s b\u00fatorokat. Az <strong>etikett c\u00edm\u00e9k \u00e9s matric\u00e1k<\/strong> beszerz\u00e9s\u00e9re is \u00e9rdemes gondolni. Az \u00e9rt\u00e9kes \u00e9s t\u00f6r\u00e9keny holmikat tartalmaz\u00f3 dobozokra \u00e9rdemes figyelemfelkelt\u0151, piros \u201e<a href=\"https:\/\/www.manutan.hu\/hu\/mhu\/informacios-tablak-torekeny-mig4706480\" target=\"_blank\" rel=\"noreferrer noopener\">T\u00f6r\u00e9keny<\/a>\u201d matric\u00e1t is ragasztani. Ez k\u00fcl\u00f6n\u00f6sen akkor fontos, ha profi k\u00f6lt\u00f6ztet\u0151c\u00e9ggel dolgozunk, hiszen nekik egy\u00e9rtelm\u0171en jelezn\u00fcnk kell, ha valamelyik doboz nagyobb gondoss\u00e1got ig\u00e9nyel.&nbsp;<\/p>\n\n\n\n<p><em>Irodak\u00f6lt\u00f6ztet\u00e9skor biztosan sz\u00fcks\u00e9g lesz nagy <\/em><a href=\"https:\/\/www.manutan.hu\/hu\/mhu\/kartondoboz-600-x-800-x-600-mm-498012\" target=\"_blank\" rel=\"noreferrer noopener\"><em>kartondobozokra.<\/em><\/a>&nbsp;<\/p>\n\n\n\n<p><em>Ha nincs lift, vagy nem akad\u00e1lymentes\u00edtett az iroda, egy <\/em><a href=\"https:\/\/www.manutan.hu\/hu\/mhu\/manutan-ru52-osszecsukhato-aluminium-lepcsojaro-molnarkocsi-tomor-kerekekkel-150-kg-ig-1500001\" target=\"_blank\" rel=\"noreferrer noopener\"><em>l\u00e9pcs\u0151j\u00e1r\u00f3 moln\u00e1rkocsival&nbsp;<\/em><\/a><em> <\/em><em>k\u00f6nnyen sz\u00e1ll\u00edthatja a terheket az emeletek k\u00f6z\u00f6tt is.<\/em>&nbsp;<\/p>\n\n\n\n<p><em>Irodak\u00f6lt\u00f6ztet\u00e9skor mindig legyen k\u00e9zn\u00e9l<\/em><em> <\/em><a href=\"https:\/\/www.manutan.hu\/hu\/mhu\/manutan-ruban-meroszalagok-fekete-sarga-3-8-m\" target=\"_blank\" rel=\"noreferrer noopener\"><em>m\u00e9r\u0151szalag<\/em><\/a><em>.<\/em>&nbsp;<\/p>\n\n\n\n<h2><strong>K\u00f6lt\u00f6zik az iroda, hogyan k\u00e9sz\u00fclj\u00fcnk el\u0151?<\/strong>&nbsp;<\/h2>\n\n\n\n<p>A k\u00f6lt\u00f6z\u00e9s tal\u00e1n legbosszant\u00f3bb r\u00e9sze, hogy mindent akkur\u00e1tusan kell \u00f6sszecsomagolnunk. Ez persze sok id\u0151t \u00e9s t\u00fcrelmet ig\u00e9nyel, ugyanakkor nagyon fontos mozzanat. Ha alaposak vagyunk, mindent gondosan csomagolunk be \u00e9s a dobozokat fel is c\u00edmk\u00e9zz\u00fck, akkor elker\u00fclhetj\u00fck a k\u00e9s\u0151bbi bossz\u00fas\u00e1gokat. Nem tal\u00e1ljuk, hi\u00e1nyos, \u00f6sszet\u00f6rt \u2013 az \u00faj irod\u00e1ban az ilyen helyzetek k\u00e9sleltetik a munk\u00e1t, ez\u00e9rt a dobozol\u00e1sn\u00e1l soha ne kapkodjunk.&nbsp;&nbsp;<\/p>\n\n\n\n<p>A csomagol\u00e1s kezdet\u00e9t\u0151l \u00fcgyeljen arra, hogy az \u00f6sszetartoz\u00f3 dolgok egy dobozba ker\u00fcljenek. Sok munk\u00e1t megsp\u00f3rol a k\u00e9s\u0151bbiekben, p\u00e9ld\u00e1ul nem kell majd n\u00e9gy hasonl\u00f3 k\u00e1belt pr\u00f3b\u00e1lgatni a monitorhoz. B\u00edzza koll\u00e9g\u00e1ira, hogy a szem\u00e9lyes t\u00e1rgyaikat \u2013 monitorok, billenty\u0171zetek, sz\u00e1m\u00edt\u00f3g\u00e9pek, sz\u00e9kek \u2013 megjel\u00f6lj\u00e9k egy-egy j\u00f3l azonos\u00edthat\u00f3 c\u00edmk\u00e9vel. Ez biztos\u00edtja, hogy az \u00faj irod\u00e1ban mindenki a megfelel\u0151 helyen tal\u00e1lja a dolgait.&nbsp;<\/p>\n\n\n\n<p>A bizalmas dokumentumokat &#8211; mint p\u00e9ld\u00e1ul a munkaszerz\u0151d\u00e9sek \u2013 c\u00edmk\u00e9zze fel \u00e9s ha teheti, ne sz\u00e1ll\u00edtsa \u0151ket \u00f6mlesztve, a t\u00f6bbi irattal egy\u00fctt. A legjobb, ha ezeket mag\u00e1n\u00e1l tarja \u00e9s szem\u00e9lyesen viszi \u00e1t az \u00faj irod\u00e1ba.&nbsp;<\/p>\n\n\n\n<p>Az \u00f6sszes dobozra ker\u00fclj\u00f6n c\u00edmke, amelyre fel\u00edrja, hogy a tartalma melyik helyis\u00e9gbe ker\u00fcl majd \u2013 pl. konyha, iroda, folyos\u00f3. Ez hatalmas seg\u00edts\u00e9g a k\u00f6lt\u00f6ztet\u0151knek, hiszen azonnal tudni fogj\u00e1k, hogy az adott dobozt hova kell vinni. \u00c9rdemes egy alaprajzot kinyomtatva \u00e1tadni a k\u00f6lt\u00f6ztet\u0151c\u00e9gnek, amelyen megjel\u00f6li a helyis\u00e9geket.&nbsp;<\/p>\n\n\n\n<h2><strong>Mit kell el\u0151sz\u00f6r \u00e9s mit utolj\u00e1ra becsomagolni, ha irod\u00e1t k\u00f6lt\u00f6ztet\u00fcnk?<\/strong>&nbsp;<\/h2>\n\n\n\n<p>Csomagol\u00e1skor mindenk\u00e9ppen meg\u00e9ri kiv\u00e1logatni, szelekt\u00e1lni \u00e9s ha sz\u00fcks\u00e9ges, egyben selejtezni is a dolgokat. Dobjuk ki, amit m\u00e1r nem haszn\u00e1lunk. A felel\u0151s hullad\u00e9kkezel\u00e9s nagyon fontos, ez\u00e9rt biztos\u00edtsunk a k\u00f6lt\u00f6z\u00e9s idej\u00e9re kell\u0151 mennyis\u00e9g\u0171 szelekt\u00edv hullad\u00e9kgy\u0171jt\u0151t. Sz\u00e1m\u00edtsunk r\u00e1, hogy pap\u00edrhullad\u00e9kb\u00f3l l\u00e9nyegesen t\u00f6bb fog keletkezni a v\u00e1logat\u00e1s idej\u00e9n.&nbsp;<\/p>\n\n\n\n<p>Ha van olyan b\u00fator, amit nem szeretn\u00e9nk k\u00f6lt\u00f6ztetni, hirdess\u00fck meg elad\u00e1sra vagy aj\u00e1nljuk fel a koll\u00e9g\u00e1knak \u00e9s csal\u00e1djaiknak. K\u00e9rdezz\u00fck meg a k\u00f6rny\u00e9k\u00fcnk\u00f6n m\u0171k\u00f6d\u0151 iskol\u00e1kat \u00e9s j\u00f3t\u00e9konys\u00e1gi szervezeteket is. Ezek az int\u00e9zm\u00e9nyek sokszor sz\u00edvesen fogadnak haszn\u00e1lt, de m\u00e9g j\u00f3 \u00e1llapotban l\u00e9v\u0151 irodab\u00fatorokat. Miel\u0151tt b\u00e1rmit\u0151l megv\u00e1ln\u00e1nk, \u00e9rdemes egyeztetni a k\u00f6nyvel\u0151vel is \u00e9s ellen\u0151rizni, hogy az adott t\u00e1rgyi eszk\u00f6z szerepel-e a nyilv\u00e1ntart\u00e1sainkban? Ha igen, elk\u00e9pzelhet\u0151, hogy \u00e9rt\u00e9kcs\u00f6kken\u00e9st kell elsz\u00e1molnunk, illetve selejtez\u00e9si jegyz\u0151k\u00f6nyvet kell felvenn\u00fcnk. Ha k\u00f6zhaszn\u00fa szervezetnek adom\u00e1nyozunk valamit, \u00e9rdemes adom\u00e1nyoz\u00e1si szerz\u0151d\u00e9st k\u00f6tni, mert \u00edgy ad\u00f3alap cs\u00f6kkent\u0151 t\u00e9telk\u00e9nt sz\u00e1molhatjuk el az adott eszk\u00f6zt. A l\u00e9nyeg, hogy a b\u00fatorsz\u00e1ll\u00edt\u00e1skor m\u00e1r csak azok a darabok legyenek az irod\u00e1ban, amelyeket az \u00faj irod\u00e1ban is haszn\u00e1lni szeretn\u00e9nk.&nbsp;<\/p>\n\n\n\n<h3><strong>Irodak\u00f6lt\u00f6ztet\u00e9sn\u00e9l, b\u00fatorsz\u00e1ll\u00edt\u00e1sn\u00e1l fontos a csomagol\u00e1s sorrendje<\/strong>&nbsp;<\/h3>\n\n\n\n<p>El\u0151sz\u00f6r azokat a holmikat dobozoljuk be, amiket a legkevesebbet haszn\u00e1lunk: iratok, irodaszerek, a konyh\u00e1ban tal\u00e1lhat\u00f3 kieg\u00e9sz\u00edt\u0151k, kisebb b\u00fatorok. K\u00e9rje meg koll\u00e9g\u00e1it is, hogy csomagolj\u00e1k be azokat a dolgokat, amelyekre m\u00e1r biztosan nincs sz\u00fcks\u00e9g\u00fck a k\u00f6lt\u00f6z\u00e9sig. A legv\u00e9g\u00e9re \u00e9rdemes hagyni a sz\u00e1m\u00edt\u00f3g\u00e9peket, a napi haszn\u00e1latban l\u00e9v\u0151 konyhai felszerel\u00e9st (n\u00e9h\u00e1ny poh\u00e1r, t\u00e9ny\u00e9r, ev\u0151eszk\u00f6z az utols\u00f3 pillanatig legyen k\u00e9zn\u00e9l), illetve a tiszt\u00edt\u00e1shoz \u00e9s rendrak\u00e1shoz sz\u00fcks\u00e9ges holmikat, hiszen ezekre az utols\u00f3 pillanatban is sz\u00fcks\u00e9g lehet.&nbsp;<\/p>\n\n\n\n<p>A c\u00e9g\u00fcnk k\u00f6lt\u00f6z\u00e9sein\u00e9l mi k\u00e9t szakaszra osztottuk a sz\u00e1ll\u00edt\u00e1st. El\u0151sz\u00f6r szem\u00e9lyaut\u00f3val elsz\u00e1ll\u00edtottuk az apr\u00f3bb dolgot, majd lefoglaltunk egy kisteheraut\u00f3t h\u00e9tv\u00e9g\u00e9re, \u00e9s elk\u00f6lt\u00f6ztett\u00fck a b\u00fatorokat \u00e9s minden m\u00e1st &#8211; osztotta meg vel\u00fcnk tapasztalatait Petra. Term\u00e9szetesen profi k\u00f6lt\u00f6ztet\u0151c\u00e9get is lehet h\u00edvni. A b\u00fatorsz\u00e1ll\u00edt\u00e1st sokan sz\u00edvesebben b\u00edzz\u00e1k r\u00e1juk, hiszen amellett, hogy neh\u00e9z fizikai munka, balesetvesz\u00e9llyel is j\u00e1r. Ez esetben \u00e9rdemes t\u00f6bb \u00e1raj\u00e1nlatot is bek\u00e9rni, illetve el\u0151re lefoglalni az id\u0151pontot, hogy k\u00f6lt\u00f6ztet\u0151 c\u00e9gnek biztosan legyen szabad kapacit\u00e1sa az \u00e1ltalunk kit\u0171z\u00f6tt napra.&nbsp;<\/p>\n\n\n\n<h3><strong>\u00dczleti korl\u00e1toz\u00e1sok a k\u00f6lt\u00f6z\u00e9s ideje alatt<\/strong>&nbsp;<\/h3>\n\n\n\n<p>Az \u00fczletmenet folytonoss\u00e1ga nagyon fontos, ez\u00e9rt mi p\u00e9ld\u00e1ul j\u00faliusra \u00fctemezt\u00fck az \u00faj irod\u00e1ba k\u00f6lt\u00f6z\u00e9st, amikor a legt\u00f6bb koll\u00e9g\u00e1nk \u00e9s az \u00fcgyfeleink is nyaralnak. A k\u00f6lt\u00f6z\u00e9s idej\u00e9n az otthoni munka el\u0151ny\u00f6s lehet, hiszen \u00edgy a sz\u00e1m\u00edt\u00f3g\u00e9pek sz\u00fcks\u00e9g eset\u00e9n k\u00e9zn\u00e9l vannak, illetve ha valakinek s\u00fcrg\u0151s munk\u00e1ja lenne, nyugodtan tud dolgozni \u00e9s nem zavarja a k\u00f6lt\u00f6z\u00e9ssel j\u00e1r\u00f3 felfordul\u00e1s.&nbsp;<\/p>\n\n\n\n<p><strong>Fontos a kommunik\u00e1ci\u00f3<\/strong>&nbsp;<\/p>\n\n\n\n<p>Mindig t\u00e1j\u00e9koztassa az alkalmazottakat arr\u00f3l, hogy mire sz\u00e1m\u00edthatnak. Nekem az v\u00e1lt be, hogy a szem\u00e9lyes egyeztet\u00e9s ut\u00e1n el\u0151sz\u00f6r k\u00fcldtem egy \u00e1ltal\u00e1nosabb \u00f6sszefoglal\u00f3t, majd egy h\u00e9ttel a k\u00f6lt\u00f6z\u00e9s el\u0151tt le\u00edrtam a r\u00e9szleteket: hogyan fog zajlani a k\u00f6lt\u00f6z\u00e9s, mi az \u00fctemterv, mire van sz\u00fcks\u00e9gem t\u0151l\u00fck, vannak-e fontos hat\u00e1rid\u0151k, melyik feladatnak ki a felel\u0151se &#8211; mes\u00e9li Petra az az irodak\u00f6lt\u00f6ztet\u00e9ssel j\u00e1r\u00f3 vezet\u0151i tapasztalatait.&nbsp;<\/p>\n\n\n\n<h2><strong>Profi k\u00f6lt\u00f6ztet\u00e9s ut\u00e1n nincs m\u00e1s h\u00e1tra, mint belakni az irod\u00e1t<\/strong>&nbsp;<\/h2>\n\n\n\n<p>Fel kell \u00e1ll\u00edtani a priorit\u00e1sokat, \u00e9s el kell fogadni, hogy nem fog minden azonnal elk\u00e9sz\u00fclni. A k\u00f6lt\u00f6z\u00e9ssel csak a munka fel\u00e9n vagyunk t\u00fal. Sz\u00e1munkra az volt a legfontosabb, hogy a dolgoz\u00f3k rendelkezzenek a munk\u00e1hoz sz\u00fcks\u00e9ges h\u00e1tt\u00e9rrel \u2013 volt hova le\u00fclni\u00fck, volt min dolgozniuk, tudtak te\u00e1t f\u0151zni. A t\u00e1rgyal\u00f3 berendez\u00e9se k\u00e9s\u0151bb j\u00f6tt.&nbsp;&nbsp;<\/p>\n\n\n\n<p>Az \u00faj irod\u00e1ban az eg\u00e9szs\u00e9gre \u00e9s a biztons\u00e1gra is fontos \u00fcgyelni. A menek\u00fcl\u00e9si \u00fatvonalak kijel\u00f6l\u00e9s\u00e9re, a t\u0171zolt\u00f3 k\u00e9sz\u00fcl\u00e9kek felszerel\u00e9s\u00e9re, valamint az elektromos berendez\u00e9sek \u00e1tvizsg\u00e1l\u00e1s\u00e1ra \u00e9rdemes szakembert h\u00edvni. Ezt gyakran elfelejtik a c\u00e9gek, pedig akkor is sz\u00fcks\u00e9g lehet r\u00e1, ha a helyis\u00e9g kor\u00e1bban is irodak\u00e9nt m\u0171k\u00f6d\u00f6tt. Ha az ingatlan nem a saj\u00e1t tulajdonunkban van, \u00e9rdemes m\u00e1r a k\u00f6lt\u00f6z\u00e9s el\u0151tt egyeztetni a biztons\u00e1gi \u00e9s \u00e9rint\u00e9sv\u00e9delmi k\u00e9rd\u00e9sekr\u0151l az \u00fczemeltet\u0151vel. Ha lak\u00e1sirod\u00e1ba k\u00f6lt\u00f6zik a c\u00e9g, mindenk\u00e9ppen k\u00e9rj\u00fck munkav\u00e9delmi szakember seg\u00edts\u00e9g\u00e9t. <a href=\"https:\/\/www.manutan.hu\/blog\/a-menekulesi-utvonalakrol-helyesen-vannak-jelolve\/\" target=\"_blank\" rel=\"noreferrer noopener\">Olvassa el, hogyan kell helyesen megjel\u00f6lni egy menek\u00fcl\u00e9si \u00fatvonalakat.<\/a>&nbsp;<\/p>\n\n\n\n<p>\u00a0<br><strong>Sikeres k\u00f6lt\u00f6z\u00e9st k\u00edv\u00e1nunk!\u00a0<\/strong><\/p>\n","protected":false},"excerpt":{"rendered":"<p>\u201eA legnehezebb mindent \u00f6sszepakolni, elsz\u00e1ll\u00edtani \u00e9s a r\u00e9gi irod\u00e1t eredeti \u00e1llapot\u00e1ba vissza\u00e1ll\u00edtani\u201d \u2013 foglalja \u00f6ssze tapasztalatait a c\u00e9g\u00e9vel \u00e1t\u00e9lt sz\u00e1mos k\u00f6lt\u00f6z\u00e9s ut\u00e1n Petra Brablecov\u00e1, egy cseh marketing\u00fcgyn\u00f6ks\u00e9g t\u00e1rstulajdonosa. Cikk\u00fcnkb\u0151l megtudhatja, hogy lehet az irodak\u00f6lt\u00f6ztet\u00e9s gyors \u00e9s hat\u00e9kony!&nbsp; Eszk\u00f6z\u00f6k, amik seg\u00edthetnek irodak\u00f6lt\u00f6ztet\u00e9s idej\u00e9n&nbsp; Az \u00faj iroda berendez\u00e9s\u00e9t \u00e9rdemes el\u0151re \u00e1tgondolni \u00e9s megtervezni. P\u00e9ld\u00e1ul mindig viszek m\u00e9r\u0151szalagot [&hellip;]<\/p>\n","protected":false},"author":3,"featured_media":3018,"comment_status":"closed","ping_status":"closed","sticky":false,"template":"","format":"standard","meta":[],"categories":[527,522],"tags":[],"jetpack_featured_media_url":"https:\/\/www.manutan.hu\/blog\/wp-content\/uploads\/2023\/04\/irodakoltoztetes.jpg","_links":{"self":[{"href":"https:\/\/www.manutan.hu\/blog\/wp-json\/wp\/v2\/posts\/3017"}],"collection":[{"href":"https:\/\/www.manutan.hu\/blog\/wp-json\/wp\/v2\/posts"}],"about":[{"href":"https:\/\/www.manutan.hu\/blog\/wp-json\/wp\/v2\/types\/post"}],"author":[{"embeddable":true,"href":"https:\/\/www.manutan.hu\/blog\/wp-json\/wp\/v2\/users\/3"}],"replies":[{"embeddable":true,"href":"https:\/\/www.manutan.hu\/blog\/wp-json\/wp\/v2\/comments?post=3017"}],"version-history":[{"count":1,"href":"https:\/\/www.manutan.hu\/blog\/wp-json\/wp\/v2\/posts\/3017\/revisions"}],"predecessor-version":[{"id":3019,"href":"https:\/\/www.manutan.hu\/blog\/wp-json\/wp\/v2\/posts\/3017\/revisions\/3019"}],"wp:featuredmedia":[{"embeddable":true,"href":"https:\/\/www.manutan.hu\/blog\/wp-json\/wp\/v2\/media\/3018"}],"wp:attachment":[{"href":"https:\/\/www.manutan.hu\/blog\/wp-json\/wp\/v2\/media?parent=3017"}],"wp:term":[{"taxonomy":"category","embeddable":true,"href":"https:\/\/www.manutan.hu\/blog\/wp-json\/wp\/v2\/categories?post=3017"},{"taxonomy":"post_tag","embeddable":true,"href":"https:\/\/www.manutan.hu\/blog\/wp-json\/wp\/v2\/tags?post=3017"}],"curies":[{"name":"wp","href":"https:\/\/api.w.org\/{rel}","templated":true}]}}