{"id":2837,"date":"2022-11-22T14:49:12","date_gmt":"2022-11-22T13:49:12","guid":{"rendered":"https:\/\/www.manutan.hu\/blog\/?p=2837"},"modified":"2025-04-16T14:30:12","modified_gmt":"2025-04-16T12:30:12","slug":"futes-az-irodaban-es-a-raktarban","status":"publish","type":"post","link":"https:\/\/www.manutan.hu\/blog\/futes-az-irodaban-es-a-raktarban\/","title":{"rendered":"F\u0171t\u00e9s az irod\u00e1ban \u00e9s a rakt\u00e1rban"},"content":{"rendered":"\n<figure class=\"wp-block-image size-large is-style-default\"><img loading=\"lazy\" width=\"1024\" height=\"682\" src=\"https:\/\/www.manutan.hu\/blog\/wp-content\/uploads\/2022\/11\/energy-crisis-g78fe44e5e_1280-min-1024x682.jpg\" alt=\"Irod\u00e1k \u00e9s rakt\u00e1rak f\u0171t\u00e9se\" class=\"wp-image-2838\" srcset=\"https:\/\/www.manutan.hu\/blog\/wp-content\/uploads\/2022\/11\/energy-crisis-g78fe44e5e_1280-min-1024x682.jpg 1024w, https:\/\/www.manutan.hu\/blog\/wp-content\/uploads\/2022\/11\/energy-crisis-g78fe44e5e_1280-min-300x200.jpg 300w, https:\/\/www.manutan.hu\/blog\/wp-content\/uploads\/2022\/11\/energy-crisis-g78fe44e5e_1280-min-768x512.jpg 768w, https:\/\/www.manutan.hu\/blog\/wp-content\/uploads\/2022\/11\/energy-crisis-g78fe44e5e_1280-min.jpg 1280w\" sizes=\"(max-width: 1024px) 100vw, 1024px\" \/><\/figure>\n\n\n\n<p>Megfelel\u0151 kieg\u00e9sz\u00edt\u0151 f\u0171t\u00e9ssel biztos\u00edthat\u00f3, hogy az alkalmazottak optim\u00e1lis munkak\u00f6r\u00fclm\u00e9nyek k\u00f6z\u00f6tt dolgozzanak, mik\u00f6zben nem sz\u00e1llnak el a rezsisz\u00e1ml\u00e1ink \u00e9s betartjuk a jogsz\u00e1lyok \u00e1ltal el\u0151\u00edrt h\u0151m\u00e9rs\u00e9kletet is.<\/p>\n\n\n\n<h2>A jogszab\u00e1lyi h\u00e1tt\u00e9rr\u0151l jelenleg a k\u00f6vetkez\u0151ket \u00e9rdemes tudni<\/h2>\n\n\n\n<p>B\u00e9keid\u0151ben, vagy vesz\u00e9lyhelyzeten k\u00edv\u00fcl a munkahelyen biztos\u00edtand\u00f3 l\u00e9gh\u0151m\u00e9rs\u00e9kletet a 3\/2002. (II. 8.) SzCsM-E\u00fcM egy\u00fcttes rendelet szab\u00e1lyozza. Ez hideg \u00e9vszakban:<\/p>\n\n\n\n<ul><li>szellemi munk\u00e1hoz 20-22 \u00b0C-ot,<\/li><li>k\u00f6nny\u0171 fizikai munk\u00e1hoz 18-20 \u00b0C-ot,<\/li><li>k\u00f6zepesen neh\u00e9z fizikai munk\u00e1hoz 14-18 \u00b0C-ot, m\u00edg<\/li><li>neh\u00e9z fizikai munk\u00e1hoz 12-14 \u00b0C-ot \u00edr el\u0151.<\/li><\/ul>\n\n\n\n<p>A rendelet tov\u00e1bbi szab\u00e1lyokat is el\u0151\u00edr p\u00e9ld\u00e1ul arra vonatkoz\u00f3an, hogy pontosan hol kell m\u00e9rni a leveg\u0151 h\u0151m\u00e9rs\u00e9klet\u00e9t.<\/p>\n\n\n\n<p>2022. okt\u00f3ber 15. \u00f3ta az energiav\u00e1ls\u00e1g miatt bizonyos int\u00e9zm\u00e9nyekben a fentiek helyett a <a href=\"https:\/\/net.jogtar.hu\/jogszabaly?docid=A2200353.KOR\" target=\"_blank\" rel=\"noreferrer noopener\">353\/2022. (IX. 19.) Korm. rendelet<\/a> \u00e1ltal meghat\u00e1rozott h\u0151m\u00e9rs\u00e9kleteket kell alkalmazni, amelyet a jogalkot\u00f3 sz\u00e1mos esetben 18 fokban maxim\u00e1lt.<\/p>\n\n\n\n<p>Mivel a hideg er\u0151sen kihat a munkav\u00e1llal\u00f3k eg\u00e9szs\u00e9g\u00e9re \u00e9s teljes\u00edtm\u00e9ny\u00e9re, ez\u00e9rt sz\u00e1mos munkahely \u00fan. meleged\u0151szob\u00e1kat alak\u00edt ki, m\u00edg m\u00e1s munkahelyek a g\u00e1z- vagy t\u00e1vf\u0171t\u00e9s helyett elektromos f\u0171t\u0151testek haszn\u00e1lat\u00e1t enged\u00e9lyezi, tekintettel arra, hogy a villamosenergia \u00e1ra kev\u00e9sb\u00e9 emelkedett a g\u00e1zhoz \u00e9s a t\u00e1vh\u0151h\u00f6z k\u00e9pest.<\/p>\n\n\n\n<p>Az irod\u00e1kban, illetve a rakt\u00e1rakban haszn\u00e1lt f\u0171t\u0151berendez\u00e9sek beszerz\u00e9si \u00e1ra mellett azok energiafogyaszt\u00e1s\u00e1nak k\u00f6lts\u00e9g\u00e9t is figyelembe kell venni. Ma m\u00e1r a kieg\u00e9sz\u00edt\u0151 f\u0171t\u00e9si megold\u00e1sok sz\u00e9les k\u00f6re \u00e1ll rendelkez\u00e9s\u00fcnkre: a f\u0171t\u00e9s m\u0171k\u00f6dhet g\u00e1zzal, \u00e1rammal vagy olajjal, lehet ventil\u00e1toros, ker\u00e1mia, olaj (radi\u00e1tor), fokozatonk\u00e9nt szab\u00e1lyozhat\u00f3, bel- vagy k\u00fclt\u00e9ri egyar\u00e1nt. Mi seg\u00edt\u00fcnk \u00f6nnek felm\u00e9rni a t\u00e9nyleges ig\u00e9nyeket, megismerni az egyes modellek jellemz\u0151it \u00e9s jobban meg\u00e9rteni a munkahely f\u0171t\u00e9s\u00e9vel kapcsolatban felmer\u00fcl\u0151 k\u00e9rd\u00e9seket.<\/p>\n\n\n\n<h2>Milyen szempontokat kell figyelembe venni az irod\u00e1kba \u00e9s a rakt\u00e1rakba sz\u00e1nt f\u0171t\u0151berendez\u00e9sek kiv\u00e1laszt\u00e1s\u00e1n\u00e1l?<\/h2>\n\n\n\n<p>Miel\u0151tt iroda, illetve rakt\u00e1r f\u0171t\u00e9s\u00e9re alkalmas berendez\u00e9st v\u00e1s\u00e1rolna, felt\u00e9tlen\u00fcl gondolja \u00e1t a f\u0171tend\u0151 helyis\u00e9g jellemz\u0151it, illetve az ott dolgoz\u00f3 munkav\u00e1llal\u00f3k ig\u00e9nyeit. Az al\u00e1bbiakban sorra vessz\u00fck, hogy mit kell figyelembe venni a c\u00e9lnak legink\u00e1bb megfelel\u0151 professzion\u00e1lis f\u0171t\u0151berendez\u00e9s kiv\u00e1laszt\u00e1sa el\u0151tt.<\/p>\n\n\n\n<h3>A f\u0171t\u0151berendez\u00e9sek teljes\u00edtm\u00e9nye<\/h3>\n\n\n\n<p>A k\u00fcl\u00f6nf\u00e9le f\u0171t\u0151berendez\u00e9sek egyik alapvet\u0151 jellemz\u0151je a <strong>teljes\u00edtm\u00e9ny<\/strong>. A megfelel\u0151 teljes\u00edtm\u00e9ny\u0171 berendez\u00e9s kiv\u00e1laszt\u00e1s\u00e1hoz ismerni kell a <strong>f\u0171tend\u0151 t\u00e9r <\/strong>jellemz\u0151it. Egy megfelel\u0151en szigetelt, 2,5 m belmagass\u00e1g\u00fa helyis\u00e9g eset\u00e9n 700-1000 W teljes\u00edtm\u00e9ny 10&nbsp;m\u00b2 bef\u0171t\u00e9s\u00e9re lehet elegend\u0151. A 30&nbsp;m\u00b2-t meghalad\u00f3 alapter\u00fclet\u0171 helyis\u00e9gekben \u00e9rdemes k\u00e9t f\u0171t\u0151egys\u00e9get elhelyezni.<\/p>\n\n\n\n<h3>A f\u0171tend\u0151 t\u00e9r jellemz\u0151i<\/h3>\n\n\n\n<p>Mindenekel\u0151tt meg kell vizsg\u00e1lni a t\u00e9rkialak\u00edt\u00e1st, a ny\u00edl\u00e1sz\u00e1r\u00f3k elhelyezked\u00e9s\u00e9t \u00e9s a leveg\u0151 \u00e9p\u00fcleten bel\u00fcli \u00e1raml\u00e1s\u00e1nak \u00fatvonalait. Az ajt\u00f3k \u00e9s az ablakok elhelyezked\u00e9se szerepet j\u00e1tszik a h\u0151m\u00e9rs\u00e9klet term\u00e9szetes szab\u00e1lyoz\u00e1s\u00e1ban. Ugyancsak fontos t\u00e1j\u00e9koz\u00f3dni a helyis\u00e9gek szigetel\u00e9si param\u00e9tereir\u0151l.<\/p>\n\n\n\n<h3>A f\u0171t\u00e9s k\u00f6lts\u00e9g\u00e9nek szab\u00e1lyoz\u00e1sa az energiafogyaszt\u00e1s oldal\u00e1r\u00f3l<\/h3>\n\n\n\n<p>Hossz\u00fa t\u00e1von az energiak\u00f6lts\u00e9gek cs\u00f6kkent\u00e9s\u00e9nek egyik m\u00f3dja, ha <strong>megvizsg\u00e1ljuk az \u00e9rintett \u00e9p\u00fclet szigetel\u00e9s\u00e9nek min\u0151s\u00e9g\u00e9t \u00e9s ha sz\u00fcks\u00e9ges, jav\u00edtjuk az energiahat\u00e9konys\u00e1got<\/strong>. Adott esetben a dupla \u00fcvegez\u00e9s sokat seg\u00edthet a h\u0151 benntart\u00e1s\u00e1ban.<\/p>\n\n\n\n<p>Ha a g\u00e1zzal vagy t\u00e1vh\u0151vel val\u00f3 f\u0171t\u00e9s t\u00fal sok energi\u00e1t fogyaszt, akkor az energiatakar\u00e9koss\u00e1gi strat\u00e9gia r\u00e9szek\u00e9nt az \u00e9p\u00fclet teljes f\u0171t\u00e9si rendszer\u00e9nek cser\u00e9je is sz\u00f3ba j\u00f6het.<\/p>\n\n\n\n<h3>Az \u00e9p\u00fcletek kihaszn\u00e1lts\u00e1ga<\/h3>\n\n\n\n<p>Hogy milyen kieg\u00e9sz\u00edt\u0151 f\u0171t\u00e9st \u00e9rdemes v\u00e1lasztani, az a helyis\u00e9g <strong>kihaszn\u00e1lts\u00e1g\u00e1t\u00f3l \u00e9s az ott v\u00e9gzett tev\u00e9kenys\u00e9g jelleg\u00e9t\u0151l <\/strong>f\u00fcgg. Az iroda, illetve a rakt\u00e1r f\u0171t\u00e9s\u00e9nek kialak\u00edt\u00e1s\u00e1n\u00e1l a f\u0171tend\u0151 t\u00e9rben dolgoz\u00f3 munkav\u00e1llal\u00f3k \u00e9s a l\u00e1togat\u00f3k sz\u00e1m\u00e1t egyar\u00e1nt figyelembe kell venni. A felesleges energiar\u00e1ford\u00edt\u00e1s elker\u00fcl\u00e9se \u00e9rdek\u00e9ben a ritk\u00e1n haszn\u00e1lt \u00e9p\u00fcleteket el\u00e9g olyan kieg\u00e9sz\u00edt\u0151 f\u0171t\u0151testekkel felszerelni, amelyeket csak alkalmank\u00e9nt kapcsolnak be, akkor viszont gyors h\u0151lead\u00e1sra k\u00e9pesek. A h\u00e9t nagy r\u00e9sz\u00e9ben megfelel\u0151en kihaszn\u00e1lt tereket legink\u00e1bb olyan berendez\u00e9sekkel \u00e9rdemes bef\u0171teni, amelyek jelent\u0151s h\u0151tehetetlens\u00e9ggel rendelkeznek.<\/p>\n\n\n\n<h2>Irod\u00e1kban, illetve rakt\u00e1rakban haszn\u00e1lt f\u0171t\u0151berendez\u00e9sek: Milyen term\u00e9kek \u00e1llnak rendelkez\u00e9sre?<\/h2>\n\n\n\n<p>Az el\u00e9rhet\u0151 f\u0171t\u0151berendez\u00e9sek sz\u00e9les v\u00e1laszt\u00e9k\u00e1ban minden t\u00edpus egy adott ig\u00e9nynek \u00e9s felhaszn\u00e1l\u00e1si c\u00e9lnak felel meg. Fontos teh\u00e1t meghat\u00e1rozni, hogy melyik modell tesz legink\u00e1bb eleget a munkak\u00f6rnyezet \u00e9s az ott dolgoz\u00f3k ig\u00e9nyeinek.<\/p>\n\n\n\n<h3>F\u0171t\u0151ventil\u00e1torok<\/h3>\n\n\n\n<p>A f\u0171t\u0151ventil\u00e1tor egy-egy kisebb irod\u00e1ban, \u00f6lt\u00f6z\u0151ben vagy konyh\u00e1ban tehet igaz\u00e1n j\u00f3 szolg\u00e1latot. Ez a kicsi \u00e9s k\u00f6nny\u0171 term\u00e9k hordozhat\u00f3, illetve falra szerelhet\u0151 v\u00e1ltozatban kaphat\u00f3. \u00c1ra teljes\u00edtm\u00e9nyt\u0151l f\u00fcgg\u0151en v\u00e1ltozik, ami k\u00f6zvetlen\u00fcl \u00f6sszef\u00fcgg a bef\u0171tend\u0151 t\u00e9r nagys\u00e1g\u00e1val.<\/p>\n\n\n\n<p>A <strong>ker\u00e1mia f\u0171t\u0151ventil\u00e1tor <\/strong>el\u0151nye, hogy egyenletes \u00e9s \u00e1lland\u00f3 h\u0151lead\u00e1st biztos\u00edt, ezenk\u00edv\u00fcl energiatakar\u00e9kos m\u00f3don \u00e1ll\u00edtja el\u0151 a kellemes h\u0151m\u00e9rs\u00e9kletet. <strong>A leng\u0151 mozg\u00e1st v\u00e9gz\u0151 f\u0171t\u0151ventil\u00e1tor <\/strong>az eg\u00e9sz helyis\u00e9g leveg\u0151j\u00e9t alaposan \u00e1tkeveri.<\/p>\n\n\n\n<h3>G\u00e1z\u00fczem\u0171 f\u0171t\u0151berendez\u00e9sek<\/h3>\n\n\n\n<p>A <strong>g\u00e1zf\u0171t\u00e9ses berendez\u00e9sek <\/strong>k\u00fcl\u00f6n\u00f6sen alkalmasak az ipari k\u00f6rnyezetre jellemz\u0151 nagy terek bef\u0171t\u00e9s\u00e9re. A k\u00e9zi vagy automata gy\u00fajt\u00e1s\u00fa g\u00e1zf\u0171t\u0151 berendez\u00e9sek ak\u00e1r 750 l\u00e9gk\u00f6bm\u00e9ter bef\u0171t\u00e9s\u00e9re is alkalmasak lehetnek, amennyiben a f\u0171t\u00f6tt helyis\u00e9g megfelel\u0151 szigetel\u00e9ssel rendelkezik. Egy ilyen f\u0171t\u0151berendez\u00e9s ventil\u00e1torral kieg\u00e9sz\u00edtve \u00f3r\u00e1nk\u00e9nt ak\u00e1r 2.300\u00a0m<sup>3<\/sup> meleg leveg\u0151t is k\u00e9pes kibocs\u00e1tani mag\u00e1b\u00f3l. Ha a berendez\u00e9st rugalmas t\u00f6ml\u0151vel szerelik fel, akkor azon kereszt\u00fcl a meleg leveg\u0151 m\u00e1sik helyis\u00e9gbe is eljuttathat\u00f3.<\/p>\n\n\n\n<p>A <strong>termoszt\u00e1ttal szab\u00e1lyozott h\u0151sug\u00e1rz\u00f3 <\/strong>\u00e1lland\u00f3 h\u0151m\u00e9rs\u00e9kleten tartja a telephely adott helyis\u00e9g\u00e9t. El\u0151nye, hogy hat\u00e9konyan haszn\u00e1lja fel a meleget ad\u00f3 g\u00e1zt. Ez a mobil f\u0171t\u0151berendez\u00e9s k\u00f6zvetlen\u00fcl a palackb\u00f3l kapja a prop\u00e1n-but\u00e1n g\u00e1zt. A termoszt\u00e1tos h\u0151sug\u00e1rz\u00f3k bel- \u00e9s k\u00fclt\u00e9ri v\u00e1ltozatban egyar\u00e1nt kaphat\u00f3k.<\/p>\n\n\n\n<p>A g\u00e1zos <strong>teraszf\u0171t\u0151 <\/strong>kifejezetten k\u00fclt\u00e9ri haszn\u00e1latra val\u00f3. A g\u00e1zpalackot a teraszf\u0171t\u0151 talpr\u00e9sz\u00e9ben kell elhelyezni. A hordozhat\u00f3 teraszf\u0171t\u0151k be\u00e9p\u00edtett kerekeiken k\u00f6nnyen mozgathat\u00f3k, \u00e9s nem ig\u00e9nyelnek elektromos csatlakoz\u00e1st.<\/p>\n\n\n\n<h3>Elektromos f\u0171t\u0151berendez\u00e9sek<\/h3>\n\n\n\n<p>Az elektromos teraszf\u0171t\u0151k \u00e1ll\u00f3 \u00e9s f\u00fcggesztett v\u00e1ltozatban kaphat\u00f3k. Ezek a berendez\u00e9sek k\u00fclt\u00e9ren is haszn\u00e1lhat\u00f3k, de csak sz\u00e1raz id\u0151ben.<\/p>\n\n\n\n<p>A rakt\u00e1rak f\u0171t\u00e9se k\u00fcl\u00f6nf\u00e9le elektromos f\u0171t\u0151berendez\u00e9sekkel oldhat\u00f3 meg, k\u00f6zt\u00fck l\u00e9gf\u0171t\u00e9ssel, radi\u00e1toros f\u0171t\u00e9ssel, f\u0171t\u0151panellel, infraf\u0171t\u00e9ssel, illetve h\u0151sug\u00e1rz\u00f3val. Egyes <strong>rakt\u00e1ri f\u0171t\u0151berendez\u00e9sek<\/strong> \u2013 p\u00e9ld\u00e1ul a ker\u00e1miasug\u00e1rz\u00f3k \u2013 ventil\u00e1tora ugyan\u00fagy haszn\u00e1lhat\u00f3 h\u0171t\u00e9sre is, mint a hagyom\u00e1nyos ventil\u00e1torok.<\/p>\n\n\n\n<p>Az irod\u00e1ba \u00e9rdemes a b\u00fatorokhoz ill\u0151, <strong>eszt\u00e9tikus megjelen\u00e9s\u0171 elektromos f\u0171t\u0151berendez\u00e9st \u00e9s radi\u00e1tort <\/strong>v\u00e1lasztani. Javasoljuk, hogy a h\u0151m\u00e9rs\u00e9klet egyszer\u0171 szab\u00e1lyozhat\u00f3s\u00e1ga \u00e9rdek\u00e9ben termoszt\u00e1ttal ell\u00e1tott k\u00e9sz\u00fcl\u00e9ket v\u00e1lasszon. N\u00e9melyik id\u0151z\u00edt\u0151vel is rendelkezik. Ig\u00e9nyt\u0151l f\u00fcgg\u0151en mobil elektromos (p\u00e9ld\u00e1ul olajradi\u00e1tor f\u0171t\u0151berendez\u00e9st vagy falra szerelhet\u0151 modellt is v\u00e1laszthat.<\/p>\n\n\n\n<h2>Milyen k\u00e9rd\u00e9seket vet fel a munkahelyi k\u00f6rnyezet f\u0171t\u00e9se?<\/h2>\n\n\n\n<p>A kellemes h\u0151m\u00e9rs\u00e9klet sokat dob a <strong>dolgoz\u00f3k j\u00f3 munkahelyi k\u00f6z\u00e9rzet\u00e9n \u00e9s biztons\u00e1g\u00e9rzet\u00e9n<\/strong>, ak\u00e1rcsak a megfelel\u0151 vil\u00e1g\u00edt\u00e1s \u00e9s az ergonomikus b\u00fatorok. B\u00e1r <strong>az irodai \u00e9s a rakt\u00e1ri f\u0171t\u0151berendez\u00e9sek <\/strong>kiv\u00e1laszt\u00e1s\u00e1n\u00e1l az <strong>\u00e1r \u00e9s a fogyaszt\u00e1s <\/strong>a meghat\u00e1roz\u00f3 t\u00e9nyez\u0151, a dolgoz\u00f3k megfelel\u0151 hideg elleni v\u00e9delm\u00e9t sem szabad figyelmen k\u00edv\u00fcl hagyni.<\/p>\n\n\n\n<h3>Az irod\u00e1k \u00e9s rakt\u00e1rak megfelel\u0151 f\u0171t\u0151eszk\u00f6z\u00f6kkel val\u00f3 felszerel\u00e9se a CSR c\u00e9lok biztos\u00edt\u00e1sa mellett<\/h3>\n\n\n\n<p>A CSR (v\u00e1llalati szint\u0171 t\u00e1rsadalmi felel\u0151ss\u00e9gv\u00e1llal\u00e1s) politika a c\u00e9g <strong>fenntarthat\u00f3 fejl\u0151d\u00e9s <\/strong>ir\u00e1nti elk\u00f6telezetts\u00e9g\u00e9t \u00f6nti k\u00e9zzelfoghat\u00f3 hivatalos form\u00e1ba. Amikor egy rakt\u00e1rat hat\u00e9konyan m\u0171k\u00f6d\u0151 f\u0171t\u0151berendez\u00e9ssel szerel fel, hogy a dolgoz\u00f3k ne f\u00e1zzanak munka k\u00f6zben, akkor \u00f6n tulajdonk\u00e9ppen <strong>\u201emunkahelyi j\u00f3ll\u00e9t\u00fckh\u00f6z\u201d <\/strong>j\u00e1rul hozz\u00e1.<\/p>\n\n\n\n<p>A munkav\u00e1llal\u00f3k k\u00e9nyelm\u00e9nek \u00e9s biztons\u00e1g\u00e1nak biztos\u00edt\u00e1sa a t\u00e1rsadalmi felel\u0151ss\u00e9gv\u00e1llal\u00e1s r\u00e9sze, a CSR politika h\u00e1rom pill\u00e9r\u00e9nek egyike. <strong>Az a f\u0171t\u00e9si rendszer, amelyik nem enged teret az er\u0151forr\u00e1sok t\u00falfogyaszt\u00e1s\u00e1nak<\/strong>, a k\u00f6rnyezeti felel\u0151ss\u00e9gv\u00e1llal\u00e1s pill\u00e9r\u00e9n kereszt\u00fcl szint\u00e9n r\u00e9sze a CSR politik\u00e1nak. Bizonyos esetekben \u00e9pp ez\u00e9rt lehet indokolt az \u00f6sszes elavult energiafal\u00f3 irodai \u00e9s rakt\u00e1ri f\u0171t\u0151berendez\u00e9st lecser\u00e9lni.<\/p>\n\n\n\n<h3>Milyen k\u00f6vetkezm\u00e9nyekkel j\u00e1rhat, ha hidegben kell dolgozni?<\/h3>\n\n\n\n<p>Nemcsak a szabadban, hanem \u00e9p\u00fcleten bel\u00fcl is lehet hideg, ami gyorsan \u00e1tj\u00e1rja a helyhez k\u00f6t\u00f6tten dolgoz\u00f3kat \u00e9s rendk\u00edv\u00fcl rossz k\u00f6z\u00e9rzetet okoz. A hideg lehets\u00e9ges negat\u00edv k\u00f6vetkezm\u00e9nyeinek a munkahelyen sz\u00e1mos hat\u00e1sa lehet. Munkahelyi baleset lehet a v\u00e9ge annak, ha a dolgoz\u00f3 <strong>a hidegben<\/strong> <strong>elcs\u00faszik vagy elg\u00e9mberedett tagjait m\u00e1r nem tudja el\u00e9g \u00fcgyesen haszn\u00e1lni<\/strong>. A hidegben t\u00f6rt\u00e9n\u0151 tart\u00f3s munkav\u00e9gz\u00e9s <strong>a mozg\u00e1sszervi rendelleness\u00e9gek kialakul\u00e1s\u00e1nak kock\u00e1zat\u00e1t <\/strong>is n\u00f6veli.<\/p>\n\n\n\n<p>S\u00falyosabb esetekben <strong>hipotermia l\u00e9phet fel (k\u00fclt\u00e9ren, nagy hidegben v\u00e9gzett munk\u00e1n\u00e1l p\u00e9ld\u00e1ul)<\/strong>. \u00cdgy reag\u00e1l az emberi test, ha m\u00e1r nem k\u00e9pes szab\u00e1lyozni bels\u0151 h\u0151m\u00e9rs\u00e9klet\u00e9t. A szervezet fokozott m\u00e9rt\u00e9k\u0171 kih\u0171l\u00e9se s\u00falyos hossz\u00fa t\u00e1v\u00fa k\u00f6vetkezm\u00e9nyekkel j\u00e1rhat. <strong>Hipotermi\u00e1ra figyelmeztet\u0151 jel lehet <\/strong>az er\u0151s f\u00e1radts\u00e1g, a b\u0151r kih\u0171l\u00e9se, a zsibbad\u00e1s, az \u00e1lmoss\u00e1g, a t\u00e1j\u00e9koz\u00f3d\u00e1si zavar \u00e9s ak\u00e1r az eszm\u00e9letveszt\u00e9s is. A meleg v\u00e9d\u0151ital \u00e9s a meleged\u0151helyis\u00e9gek biztos\u00edt\u00e1sa seg\u00edt megel\u0151zni az ilyen s\u00falyos eseteket k\u00fclt\u00e9ri munk\u00e1k eset\u00e9n.<\/p>\n\n\n\n<h3>A munkav\u00e1llal\u00f3k hideg elleni v\u00e9delme<\/h3>\n\n\n\n<p>Sz\u00e1mos megel\u0151z\u0151 int\u00e9zked\u00e9st lehet tenni a munkav\u00e1llal\u00f3k hideg elleni v\u00e9delme \u00e9rdek\u00e9ben:<\/p>\n\n\n\n<ul><li>Az extr\u00e9m hideg berendez\u00e9sekkel kapcsolatban a v\u00e1llalatok k\u00f6telezetts\u00e9geit r\u00f6gz\u00edt\u0151 <a href=\"https:\/\/eur-lex.europa.eu\/legal-content\/EN\/TXT\/?uri=celex%3A31989L0656\" target=\"_blank\" rel=\"noreferrer noopener\">89\/656\/EGK uni\u00f3s ir\u00e1nyelv<\/a> rendelkez\u00e9seinek betart\u00e1sa.<\/li><li>A munkahely \u00e9s a pihen\u0151helyis\u00e9g, valamint az \u00f6lt\u00f6z\u0151k f\u0171t\u00e9s\u00e9nek biztos\u00edt\u00e1sa.<\/li><li>A hideg id\u0151ben t\u00f6rt\u00e9n\u0151 munkav\u00e9gz\u00e9st tilt\u00f3 munkarend kialak\u00edt\u00e1sa.<\/li><li>Annak megel\u0151z\u00e9se, hogy a munkav\u00e1llal\u00f3k elszigetelt m\u00f3don olyan k\u00f6rnyezetben dolgozzanak, ahol a hideg vesz\u00e9lyes lehet r\u00e1juk n\u00e9zve.<\/li><li>A munkav\u00e1llal\u00f3k t\u00e1j\u00e9koztat\u00e1sa a hidegben t\u00f6rt\u00e9n\u0151 munkav\u00e9gz\u00e9s kock\u00e1zatair\u00f3l.<\/li><li>Cs\u00fasz\u00e1smentes padl\u00f3burkolat kialak\u00edt\u00e1sa az er\u0151s hidegnek kitett munkater\u00fcleteken.<\/li><li>Az els\u0151seg\u00e9lyny\u00fajt\u00f3 szem\u00e9lyzet tagjainak felk\u00e9sz\u00edt\u00e9se a hideg k\u00f6vetkezt\u00e9ben kialakul\u00f3 megbeteged\u00e9sek kezel\u00e9s\u00e9re.<\/li><\/ul>\n\n\n\n<p><span class=\"has-inline-color has-primary-color\"><a href=\"https:\/\/www.manutan.hu\/hu\/mhu\/olcso-futes#productBeginIndex:0&amp;\" data-type=\"URL\" data-id=\"https:\/\/www.manutan.hu\/hu\/mhu\/olcso-futes#productBeginIndex:0&amp;\" target=\"_blank\" rel=\"noreferrer noopener\">A Manutan \u00f6sszev\u00e1logatta azokat a kieg\u00e9sz\u00edt\u0151 f\u0171t\u00e9s biztos\u00edt\u00e1s\u00e1hoz sz\u00fcks\u00e9ges tartoz\u00e9kokat,<\/a> <\/span>amelyek legink\u00e1bb megfelelnek a v\u00e1llalatok sokr\u00e9t\u0171 \u00e9s folyamatosan v\u00e1ltoz\u00f3 ig\u00e9nyeinek. Ha megfogadja tan\u00e1csainkat, akkor itt megtal\u00e1lja a beszerz\u00e9si strat\u00e9gi\u00e1j\u00e1nak legink\u00e1bb megfelel\u0151 term\u00e9keket.<\/p>\n\n\n\n<p>A Manutan olyan saj\u00e1t m\u00e1rk\u00e1s term\u00e9keket is k\u00edn\u00e1l, amelyek gy\u00e1rt\u00e1sa Eur\u00f3p\u00e1ban t\u00f6rt\u00e9nik, a term\u00e9kek min\u0151s\u00e9gellen\u0151rz\u00e9s\u00e9t a Manutan saj\u00e1t szakemberei v\u00e9gzik \u00e9s \u00e1ltal\u00e1ban v\u00e9ve a fenntarthat\u00f3s\u00e1got k\u00edv\u00e1nja el\u0151mozd\u00edtani, s mindezt m\u00e9lt\u00e1nyos \u00e1rakon. <a href=\"https:\/\/www.manutan.hu\/hu\/mhu\/olcso-futes#productBeginIndex:0&amp;\" data-type=\"URL\" data-id=\"https:\/\/www.manutan.hu\/hu\/mhu\/olcso-futes#productBeginIndex:0&amp;\" target=\"_blank\" rel=\"noreferrer noopener\"><span class=\"has-inline-color has-primary-color\">Tekintse meg az irod\u00e1k \u00e9s rakt\u00e1rak takar\u00e9kos kieg\u00e9sz\u00edt\u0151 f\u0171t\u00e9s\u00e9nek lehet\u0151s\u00e9geit ahol ide vonatkoz\u00f3 kateg\u00f3ri\u00e1ink term\u00e9kei k\u00f6z\u00f6tt sz\u00e1mtalan term\u00e9k \u00e9s modell vari\u00e1ci\u00f3 k\u00f6z\u00fcl v\u00e1logathat.<\/span><\/a><\/p>\n","protected":false},"excerpt":{"rendered":"<p>A jelenlegi energiav\u00e1ls\u00e1gban nemcsak a mag\u00e1nszem\u00e9lyek, hanem a v\u00e1llalatok is keresik az alternat\u00edv megold\u00e1sokat az irodai \u00e9s rakt\u00e1ri helyis\u00e9gek f\u0171t\u00e9s\u00e9re.<\/p>\n","protected":false},"author":2,"featured_media":2838,"comment_status":"closed","ping_status":"closed","sticky":false,"template":"","format":"standard","meta":[],"categories":[527,528],"tags":[227,385,379],"jetpack_featured_media_url":"https:\/\/www.manutan.hu\/blog\/wp-content\/uploads\/2022\/11\/energy-crisis-g78fe44e5e_1280-min.jpg","_links":{"self":[{"href":"https:\/\/www.manutan.hu\/blog\/wp-json\/wp\/v2\/posts\/2837"}],"collection":[{"href":"https:\/\/www.manutan.hu\/blog\/wp-json\/wp\/v2\/posts"}],"about":[{"href":"https:\/\/www.manutan.hu\/blog\/wp-json\/wp\/v2\/types\/post"}],"author":[{"embeddable":true,"href":"https:\/\/www.manutan.hu\/blog\/wp-json\/wp\/v2\/users\/2"}],"replies":[{"embeddable":true,"href":"https:\/\/www.manutan.hu\/blog\/wp-json\/wp\/v2\/comments?post=2837"}],"version-history":[{"count":6,"href":"https:\/\/www.manutan.hu\/blog\/wp-json\/wp\/v2\/posts\/2837\/revisions"}],"predecessor-version":[{"id":2844,"href":"https:\/\/www.manutan.hu\/blog\/wp-json\/wp\/v2\/posts\/2837\/revisions\/2844"}],"wp:featuredmedia":[{"embeddable":true,"href":"https:\/\/www.manutan.hu\/blog\/wp-json\/wp\/v2\/media\/2838"}],"wp:attachment":[{"href":"https:\/\/www.manutan.hu\/blog\/wp-json\/wp\/v2\/media?parent=2837"}],"wp:term":[{"taxonomy":"category","embeddable":true,"href":"https:\/\/www.manutan.hu\/blog\/wp-json\/wp\/v2\/categories?post=2837"},{"taxonomy":"post_tag","embeddable":true,"href":"https:\/\/www.manutan.hu\/blog\/wp-json\/wp\/v2\/tags?post=2837"}],"curies":[{"name":"wp","href":"https:\/\/api.w.org\/{rel}","templated":true}]}}