{"id":2805,"date":"2022-09-26T14:53:56","date_gmt":"2022-09-26T12:53:56","guid":{"rendered":"https:\/\/www.manutan.hu\/blog\/?p=2805"},"modified":"2025-04-16T14:31:16","modified_gmt":"2025-04-16T12:31:16","slug":"mi-a-fenntarthato-beszerzes-kulcsa","status":"publish","type":"post","link":"https:\/\/www.manutan.hu\/blog\/mi-a-fenntarthato-beszerzes-kulcsa\/","title":{"rendered":"Mi a fenntarthat\u00f3 beszerz\u00e9s kulcsa?"},"content":{"rendered":"\n<figure class=\"wp-block-image size-large is-style-default\"><img loading=\"lazy\" width=\"1024\" height=\"682\" src=\"https:\/\/www.manutan.hu\/blog\/wp-content\/uploads\/2022\/09\/fenntarthato_beszerzes-1024x682.jpg\" alt=\"Mi  a fenntarthat\u00f3 beszerz\u00e9s kulcsa?\" class=\"wp-image-2806\" srcset=\"https:\/\/www.manutan.hu\/blog\/wp-content\/uploads\/2022\/09\/fenntarthato_beszerzes-1024x682.jpg 1024w, https:\/\/www.manutan.hu\/blog\/wp-content\/uploads\/2022\/09\/fenntarthato_beszerzes-300x200.jpg 300w, https:\/\/www.manutan.hu\/blog\/wp-content\/uploads\/2022\/09\/fenntarthato_beszerzes-768x512.jpg 768w, https:\/\/www.manutan.hu\/blog\/wp-content\/uploads\/2022\/09\/fenntarthato_beszerzes.jpg 1280w\" sizes=\"(max-width: 1024px) 100vw, 1024px\" \/><\/figure>\n\n\n\n<p><\/p>\n\n\n\n<p>A <a href=\"https:\/\/beszerzes.hu\/\" data-type=\"URL\" data-id=\"https:\/\/beszerzes.hu\/\" target=\"_blank\" rel=\"noreferrer noopener\"><span class=\"has-inline-color has-primary-color\">Beszerz\u00e9s.hu<\/span><\/a> hossz\u00fa ideje egy meghat\u00e1roz\u00f3 platformja a beszerz\u00e9si d\u00f6nt\u00e9shoz\u00f3knak. Nemcsak a szakm\u00e1t \u00e9rint\u0151 aktu\u00e1lis h\u00edreket, hanem a beszerz\u00e9si d\u00f6nt\u00e9seket befoly\u00e1sol\u00f3 gazdas\u00e1gi trendeket, tov\u00e1bbk\u00e9pz\u00e9seket, szakmai tr\u00e9ningeket, szinte valamennyi relev\u00e1ns t\u00e9m\u00e1t lefed\u0151 tud\u00e1st\u00e1rat, s\u0151t nyitott poz\u00edci\u00f3kat is tal\u00e1lnak az \u00e9rdekl\u0151d\u0151k a port\u00e1lon.<\/p>\n\n\n\n<p>A <a rel=\"noreferrer noopener\" href=\"https:\/\/www.manutan.hu\/hu\/mhu\" data-type=\"URL\" data-id=\"https:\/\/www.manutan.hu\/hu\/mhu\" target=\"_blank\"><span class=\"has-inline-color has-primary-color\">Manutan<\/span><\/a> c\u00e9gvezet\u0151j\u00e9vel, H\u00e9jjas J\u00e1nossal k\u00e9sz\u00fclt interj\u00fat azoknak aj\u00e1nljuk, akik \u00e9rdekl\u0151dnek a lean szeml\u00e9let ir\u00e1nt, fontos sz\u00e1mukra a fenntarthat\u00f3s\u00e1g \u00e9s k\u00edv\u00e1ncsiak arra, milyen trendeket l\u00e1t a beszerz\u00e9si piacon egy olyan nemzetk\u00f6zi v\u00e1llalat hazai vezet\u0151je, amely t\u00f6bb mint 50 \u00e9ve seg\u00edti a c\u00e9gek indirekt beszerz\u00e9seit.<\/p>\n\n\n\n<p>Az interj\u00faban a k\u00f6vetkez\u0151 <strong>izgalmas k\u00e9rd\u00e9sek ker\u00fcltek ter\u00edt\u00e9kre:<\/strong><\/p>\n\n\n\n<ul><li>H\u00e1bor\u00fa, infl\u00e1ci\u00f3, kl\u00edma- \u00e9s energiav\u00e1ls\u00e1g. Hogyan csap\u00f3dik le mindez a beszerz\u0151kn\u00e9l?<\/li><li>A beszerz\u00e9sre is igaz, hogy szeml\u00e9letv\u00e1lt\u00e1sra van sz\u00fcks\u00e9g. Aki nyitott erre, hogyan kezdjen neki?<\/li><li>Milyen trendek \u00e9s ir\u00e1nyzatok jellemzik a beszerz\u0151i szakm\u00e1t?<\/li><li>Hogyan tudja t\u00e1mogatni a c\u00e9gek CSR tev\u00e9kenys\u00e9g\u00e9t egy besz\u00e1ll\u00edt\u00f3?<\/li><\/ul>\n\n\n\n<blockquote class=\"wp-block-quote\"><p><a rel=\"noreferrer noopener\" href=\"https:\/\/beszerzes.hu\/2022\/09\/16\/lean-es-csr-ez-a-hatekony-kiszamithato-es-fenntarthato-beszerzes-kulcsa\/\" data-type=\"URL\" data-id=\"https:\/\/beszerzes.hu\/2022\/09\/16\/lean-es-csr-ez-a-hatekony-kiszamithato-es-fenntarthato-beszerzes-kulcsa\/\" target=\"_blank\"><span class=\"has-inline-color has-primary-color\">Lean \u00e9s CSR: ez a hat\u00e9kony, kisz\u00e1m\u00edthat\u00f3 \u00e9s fenntarthat\u00f3 beszerz\u00e9s kulcsa. Olvassa el a teljes interj\u00fat a Beszerz\u00e9s.hu-n &gt;&gt;<\/span><\/a><\/p><\/blockquote>\n\n\n\n<p>Ha sz\u00edvesen hallgatna kerekasztal besz\u00e9lget\u00e9seket is a szakma leg\u00e9get\u0151bb k\u00e9rd\u00e9seir\u0151l, akkor ott a helye a <a href=\"https:\/\/beszerzoibar.hu\/?utm_source=manutanblog&amp;utm_medium=textlin\" data-type=\"URL\" data-id=\"https:\/\/beszerzoibar.hu\/?utm_source=manutanblog&amp;utm_medium=textlin\" target=\"_blank\" rel=\"noreferrer noopener\"><span class=\"has-inline-color has-primary-color\">Beszerz\u0151i B\u00e1r 4.0<\/span><\/a> rendezv\u00e9nyen. 2022. okt\u00f3ber 13-\u00e1n az Europa Event Centerben S\u00fcdy Gy\u00f6rgy h\u00e1zigazda vezet\u00e9s\u00e9vel olyan t\u00e9m\u00e1k ker\u00fclnek \u201eter\u00edt\u00e9kre\u201d, mint a felborul\u00f3 ell\u00e1t\u00e1si l\u00e1ncok, az energia beszerz\u00e9se, alapanyag\u00e1rak kezel\u00e9se, v\u00e1ls\u00e1gmenedzsment, lean a beszerz\u00e9sben stb.<\/p>\n\n\n\n<p>A Manutan Hungary a rendezv\u00e9ny gy\u00e9m\u00e1nt fokozat\u00fa t\u00e1mogat\u00f3ja. <\/p>\n\n\n\n<p><a rel=\"noreferrer noopener\" href=\"https:\/\/beszerzoibar.hu\/?utm_source=manutanblog&amp;utm_medium=textlin\" data-type=\"URL\" data-id=\"https:\/\/beszerzoibar.hu\/?utm_source=manutanblog&amp;utm_medium=textlin\" target=\"_blank\"><span class=\"has-inline-color has-primary-color\">A Beszerz\u0151i B\u00e1r 4.0-ra itt lehet regisztr\u00e1lni &gt;&gt;<\/span><\/a><\/p>\n\n\n\n<p>Tal\u00e1lkozzunk okt\u00f3ber 13-\u00e1n szem\u00e9lyesen is!<\/p>\n","protected":false},"excerpt":{"rendered":"<p>A Beszerz\u00e9s.hu port\u00e1l interj\u00fat k\u00e9sz\u00edtett c\u00e9gvezet\u0151nkkel, amelyben t\u00f6bbek k\u00f6z\u00f6tt sz\u00f3 esett a fenntarthat\u00f3s\u00e1gr\u00f3l \u00e9s az \u00e1talakul\u00f3ban l\u00e9v\u0151 beszerz\u0151i szakma kih\u00edv\u00e1sair\u00f3l is.<\/p>\n","protected":false},"author":2,"featured_media":2806,"comment_status":"closed","ping_status":"closed","sticky":false,"template":"","format":"standard","meta":[],"categories":[530,522],"tags":[225,382,212],"jetpack_featured_media_url":"https:\/\/www.manutan.hu\/blog\/wp-content\/uploads\/2022\/09\/fenntarthato_beszerzes.jpg","_links":{"self":[{"href":"https:\/\/www.manutan.hu\/blog\/wp-json\/wp\/v2\/posts\/2805"}],"collection":[{"href":"https:\/\/www.manutan.hu\/blog\/wp-json\/wp\/v2\/posts"}],"about":[{"href":"https:\/\/www.manutan.hu\/blog\/wp-json\/wp\/v2\/types\/post"}],"author":[{"embeddable":true,"href":"https:\/\/www.manutan.hu\/blog\/wp-json\/wp\/v2\/users\/2"}],"replies":[{"embeddable":true,"href":"https:\/\/www.manutan.hu\/blog\/wp-json\/wp\/v2\/comments?post=2805"}],"version-history":[{"count":7,"href":"https:\/\/www.manutan.hu\/blog\/wp-json\/wp\/v2\/posts\/2805\/revisions"}],"predecessor-version":[{"id":2814,"href":"https:\/\/www.manutan.hu\/blog\/wp-json\/wp\/v2\/posts\/2805\/revisions\/2814"}],"wp:featuredmedia":[{"embeddable":true,"href":"https:\/\/www.manutan.hu\/blog\/wp-json\/wp\/v2\/media\/2806"}],"wp:attachment":[{"href":"https:\/\/www.manutan.hu\/blog\/wp-json\/wp\/v2\/media?parent=2805"}],"wp:term":[{"taxonomy":"category","embeddable":true,"href":"https:\/\/www.manutan.hu\/blog\/wp-json\/wp\/v2\/categories?post=2805"},{"taxonomy":"post_tag","embeddable":true,"href":"https:\/\/www.manutan.hu\/blog\/wp-json\/wp\/v2\/tags?post=2805"}],"curies":[{"name":"wp","href":"https:\/\/api.w.org\/{rel}","templated":true}]}}