{"id":2774,"date":"2022-09-21T10:59:00","date_gmt":"2022-09-21T08:59:00","guid":{"rendered":"https:\/\/www.manutan.hu\/blog\/?p=2774"},"modified":"2025-04-16T14:31:51","modified_gmt":"2025-04-16T12:31:51","slug":"rezsicsokkento-tippek-lakasirodaknak","status":"publish","type":"post","link":"https:\/\/www.manutan.hu\/blog\/rezsicsokkento-tippek-lakasirodaknak\/","title":{"rendered":"Rezsics\u00f6kkent\u0151 tippek lak\u00e1sirod\u00e1knak"},"content":{"rendered":"\n<figure class=\"wp-block-image size-large is-style-default\"><img loading=\"lazy\" width=\"1024\" height=\"768\" src=\"https:\/\/www.manutan.hu\/blog\/wp-content\/uploads\/2022\/09\/work-space-g49908614f_1280-min-1-1024x768.jpg\" alt=\"Rezsics\u00f6kkent\u00e9si tippek lak\u00e1sirod\u00e1kban\" class=\"wp-image-2775\" srcset=\"https:\/\/www.manutan.hu\/blog\/wp-content\/uploads\/2022\/09\/work-space-g49908614f_1280-min-1-1024x768.jpg 1024w, https:\/\/www.manutan.hu\/blog\/wp-content\/uploads\/2022\/09\/work-space-g49908614f_1280-min-1-300x225.jpg 300w, https:\/\/www.manutan.hu\/blog\/wp-content\/uploads\/2022\/09\/work-space-g49908614f_1280-min-1-768x576.jpg 768w, https:\/\/www.manutan.hu\/blog\/wp-content\/uploads\/2022\/09\/work-space-g49908614f_1280-min-1.jpg 1280w\" sizes=\"(max-width: 1024px) 100vw, 1024px\" \/><\/figure>\n\n\n\n<h2><strong>Amikor a c\u00e9g t\u00e1rsash\u00e1zban m\u0171k\u00f6dik&nbsp;<\/strong><\/h2>\n\n\n\n<p>A <a href=\"https:\/\/www.ksh.hu\/stadat_files\/gsz\/hu\/gsz0018.html\" target=\"_blank\" rel=\"noreferrer noopener\">KSH<\/a> adatai szerint Magyarorsz\u00e1gon t\u00f6bb mint 600 ezer mikrov\u00e1llalkoz\u00e1s m\u0171k\u00f6dik. Ezek jelent\u0151s r\u00e9sze tev\u00e9kenys\u00e9g\u00e9t lak\u00e1sirod\u00e1ban (a saj\u00e1t otthon egy r\u00e9sz\u00e9ben kialak\u00edtott iroda) vagy iroda lak\u00e1sban (a teljes lak\u00e1s irodai c\u00e9lt szolg\u00e1l) v\u00e9gzi. A k\u00f6znyelvben a k\u00e9t kateg\u00f3ria nem v\u00e1lik el egym\u00e1st\u00f3l, ez\u00e9rt mi is az elterjedtebb lak\u00e1siroda kifejez\u00e9st haszn\u00e1ljuk mindkett\u0151re. Lak\u00e1sirod\u00e1kat nagy sz\u00e1mban tal\u00e1lunk Budapesten, de a vid\u00e9ki v\u00e1rosokban is elterjedtek. Mag\u00e1norvosi rendel\u0151k, \u00fcgyv\u00e9di praxisok, k\u00f6nyvel\u0151irod\u00e1k, m\u00e9rn\u00f6kirod\u00e1k \u00e9s sz\u00e1mos egy\u00e9b tev\u00e9kenys\u00e9gi k\u00f6r eset\u00e9n ide\u00e1lis megold\u00e1s, ha egy t\u00e1rsash\u00e1zban vagy lak\u00e1ssz\u00f6vetkezeti ingatlanban van a v\u00e1llalkoz\u00e1s sz\u00e9khelye \u00e9s telephelye. Ugyan ritk\u00e1bban, de csal\u00e1di h\u00e1zakban is sz\u00e9p sz\u00e1mmal m\u0171k\u00f6dnek v\u00e1llalkoz\u00e1sok.&nbsp;<\/p>\n\n\n\n<h2><strong>Rezsiszab\u00e1lyok lak\u00e1sirod\u00e1k eset\u00e9n<\/strong><\/h2>\n\n\n\n<p>A jelenlegi szab\u00e1lyoz\u00e1s \u00e9rtelm\u00e9ben a t\u00e1rsash\u00e1z akkor kaphatja<strong> lakoss\u00e1gi \u00e1ron<\/strong> a g\u00e1zt \u00e9s a villanyt, ha a lak\u00f3\u00e9p\u00fcletben a lak\u00e1s c\u00e9l\u00fa helyis\u00e9gek sz\u00e1ma meghaladja a nem lak\u00e1s c\u00e9lj\u00e1ra szolg\u00e1l\u00f3 helyis\u00e9gek sz\u00e1m\u00e1t. Magyarul, ha t\u00f6bb lak\u00e1s van a t\u00e1rsash\u00e1zban, mint iroda. Ilyen esetben a k\u00f6z\u00f6s helyis\u00e9gek vil\u00e1g\u00edt\u00e1sa \u00e9s f\u0171t\u00e9se is olcs\u00f3bb.<\/p>\n\n\n\n<p>Ha viszont t\u00f6bb az iroda, akkor a lak\u00f3k k\u00f6z\u00f6s k\u00f6lts\u00e9ge jelent\u0151sen n\u00f6vekszik, mert a k\u00f6z\u00f6s helyis\u00e9gekre (folyos\u00f3k, l\u00e9pcs\u0151h\u00e1zak, gar\u00e1zs, pince stb.)&nbsp; nem \u00e9rv\u00e9nyes\u00edthet\u0151 a kedvezm\u00e9nyes lakoss\u00e1gi \u00e1r.<\/p>\n\n\n\n<p>A lak\u00e1s c\u00e9l\u00fa \u00e9s nem lak\u00e1s c\u00e9l\u00fa helyis\u00e9gekr\u0151l a k\u00f6z\u00f6s k\u00e9pvisel\u0151nek kellett nyilatkoznia augusztus 15-ig. A szolg\u00e1ltat\u00f3 ezen nyilatkozat figyelembe v\u00e9tel\u00e9vel \u00e1ll\u00edtja ki a fogyaszt\u00e1si helyek sz\u00e1ml\u00e1j\u00e1t. J\u00f3 h\u00edr, hogy <strong>a mikrov\u00e1llalkoz\u00e1sok \u00e9v v\u00e9g\u00e9ig lakoss\u00e1gi \u00e1rra jogosultak.<\/strong><\/p>\n\n\n\n<p>Ugyanakkor nem lehet tudni, hogy ez az engedm\u00e9ny, illetve a most \u00e9letben l\u00e9v\u0151 kedvezm\u00e9nyes energia\u00e1r <strong>meddig marad \u00e9rv\u00e9nyben,<\/strong> hiszen az egyes <strong>egyetemes szolg\u00e1ltat\u00e1si \u00e1rszab\u00e1sok meghat\u00e1roz\u00e1s\u00e1r\u00f3l sz\u00f3l\u00f3 <\/strong><a rel=\"noreferrer noopener\" href=\"https:\/\/net.jogtar.hu\/jogszabaly?docid=A2200259.KOR\" target=\"_blank\"><strong><span class=\"has-inline-color has-primary-color\">259\/2022. (VII. 21.) Korm. rendelet<\/span><\/strong><\/a><strong> <\/strong>alapj\u00e1n az \u00e1rakat 2022. december 30-\u00e1n fel\u00fcl kell vizsg\u00e1lni, majd ezt k\u00f6vet\u0151en minden negyed\u00e9v v\u00e9g\u00e9n megism\u00e9telni azt. Kicsi az es\u00e9ly arra, hogy a fel\u00fclvizsg\u00e1lat \u00e1rcs\u00f6kken\u00e9ssel j\u00e1rna, ez\u00e9rt <strong>c\u00e9lszer\u0171 minden egyes elektromos berendez\u00e9sn\u00e9l megvizsg\u00e1lni, hogy tudjuk-e cs\u00f6kkenteni a felhaszn\u00e1lt energia mennyis\u00e9g\u00e9t&nbsp;<\/strong><\/p>\n\n\n\n<ul><li>ak\u00e1r \u00fagy, hogy a haszn\u00e1lat\u00e1t racionaliz\u00e1ljuk (kis odafigyel\u00e9ssel sok k\u00e9sz\u00fcl\u00e9k fogyaszt\u00e1sa cs\u00f6kkenthet\u0151),&nbsp;<\/li><li>ak\u00e1r \u00fagy, hogy kicser\u00e9lj\u00fck egy modernebb, energiatakar\u00e9kosabb modellre (a beruh\u00e1z\u00e1s magas energia\u00e1rak mellett hamar megt\u00e9r\u00fclhet).<\/li><\/ul>\n\n\n\n<h2><strong>Sok kicsi sokra megy: \u00edgy sp\u00f3rolhat az energi\u00e1val az irod\u00e1ban<\/strong><\/h2>\n\n\n\n<h3><strong>1. Konyha, \u00e9tkez\u0151<\/strong><\/h3>\n\n\n\n<p>Ahogy az otthonokban, \u00fagy a lak\u00e1sirod\u00e1kban is felszerelt konyh\u00e1kat tal\u00e1lunk, ahol t\u00f6bb&nbsp; \u201cnagyfogyaszt\u00f3\u201d h\u00e1ztart\u00e1si g\u00e9p is el\u0151fordulhat. Az egyik ilyen a <strong>h\u0171t\u0151szekr\u00e9ny,<\/strong> amelyb\u0151l egy \u00e1tlagos modell napi 2 kWh energi\u00e1t fogyaszt.&nbsp; \u00c9rdemes \u00e1tgondolni, hogy illeszkedik-e a <strong>k\u00e9sz\u00fcl\u00e9k m\u00e9rete<\/strong> az irod\u00e1ban dolgoz\u00f3k l\u00e9tsz\u00e1m\u00e1hoz? Sok lak\u00e1sirod\u00e1ba \u00e9p\u00edtenek be kombi h\u0171t\u0151szekr\u00e9nyt. Ez csal\u00e1di k\u00f6r\u00fclm\u00e9nyek k\u00f6z\u00f6tt szinte maxim\u00e1lis kihaszn\u00e1lts\u00e1ggal \u00fczemel, egy 3-5 f\u0151s irod\u00e1ban azonban lehet, hogy az 50%-os t\u00f6lt\u00f6tts\u00e9get sem \u00e9ri el. A kihaszn\u00e1latlans\u00e1g m\u00e9g drasztikusabb lehet a fagaszt\u00f3 rekeszeiben. <strong>Az \u00fcress\u00e9gt\u0151l t\u00e1tong\u00f3 h\u0171t\u0151szekr\u00e9ny egy\u00e9rtelm\u0171en energiapazarl\u00e1s.<\/strong><\/p>\n\n\n\n<p>Ha megfelel\u0151 a h\u0171t\u0151 m\u00e9rete, akkor \u00e9rdemes ellen\u0151rizni a bels\u0151 <strong>h\u0151m\u00e9rs\u00e9klet szab\u00e1lyoz\u00f3k. <\/strong>T\u00edpust\u00f3l f\u00fcgg, hogy ez pontos h\u0151m\u00e9rs\u00e9klet vagy fokozat be\u00e1ll\u00edt\u00e1st jelent. \u00c9rdemes megfogadni az MVM tan\u00e1cs\u00e1t, akik azt javasolj\u00e1k, hogy a h\u0171t\u0151t\u00e9rben +7 \u00b0C, a fagyaszt\u00f3 t\u00e9rben pedig -18 \u00b0C legyen.<\/p>\n\n\n\n<blockquote class=\"wp-block-quote\"><p><strong>J\u00f3 tudni!<\/strong><\/p><p>Ha a h\u0171t\u0151t +7 helyett +5 \u00b0C-ra \u00e1ll\u00edtjuk, 15%-kal n\u00f6vekszik a k\u00e9sz\u00fcl\u00e9k fogyaszt\u00e1sa, ami sz\u00e1mottev\u0151nek mondhat\u00f3.&nbsp;<\/p><\/blockquote>\n\n\n\n<p>A h\u0171t\u0151szekr\u00e9ny rendszeres tiszt\u00edt\u00e1s\u00e1val, leolvaszt\u00e1s\u00e1val \u00e9s a t\u00f6m\u00edt\u00e9sek karbantart\u00e1s\u00e1val is cs\u00f6kkenthetj\u00fck a k\u00e9sz\u00fcl\u00e9k fogyaszt\u00e1s\u00e1t. Emellett <strong>fontos az elhelyez\u00e9se<\/strong> is: ha van r\u00e1 lehet\u0151s\u00e9g, a lak\u00e1sirod\u00e1ban ker\u00fclj\u00f6n olyan helyre, ahol nem t\u0171zi a nap, nincs mellette f\u0171t\u0151test \u00e9s m\u00e1s h\u0151t sug\u00e1rz\u00f3 berendez\u00e9s sem (pl. konyhai kisg\u00e9pek).<\/p>\n\n\n\n<p>Ha elektromos<strong> k\u00e1v\u00e9f\u0151z\u0151t<\/strong> haszn\u00e1lunk, a gy\u00e1rt\u00f3 aj\u00e1nl\u00e1sa szerinti rendszeress\u00e9ggel v\u00e9gezz\u00fck el a v\u00edzk\u0151telen\u00edt\u00e9s\u00e9t. A k\u00e9sz\u00fcl\u00e9k belsej\u00e9n lerak\u00f3d\u00f3 v\u00edzk\u0151 nemcsak a k\u00e1v\u00e9 min\u0151s\u00e9g\u00e9t rontja, hanem a g\u00e9p hat\u00e9konys\u00e1g\u00e1t is, ami miatt t\u00f6bb \u00e1ramot fogyaszt.&nbsp;<\/p>\n\n\n\n<p>Elektromos <a href=\"https:\/\/www.manutan.hu\/hu\/mhu\/vizforralok-kavefozok-es-tartozekok#productBeginIndex:0&amp;\" target=\"_blank\" rel=\"noreferrer noopener\"><strong><span class=\"has-inline-color has-primary-color\">v\u00edzforral\u00f3t<\/span><\/strong><\/a> szinte minden irod\u00e1ban haszn\u00e1lnak, ami eg\u00e9szen addig energiatakar\u00e9kos megold\u00e1s, am\u00edg azt helyesen haszn\u00e1ljuk. Mert t\u00e9ny ugyan, hogy a v\u00edzforral\u00f3 sokkal hat\u00e9konyabban meleg\u00edt, mint p\u00e9ld\u00e1ul egy t\u0171zhely vagy f\u0151z\u0151lap, csakhogy sokan hajlamosak t\u00f6bb vizet forralni, mint amire val\u00f3j\u00e1ban sz\u00fcks\u00e9g\u00fck van. Ismer\u0151s a helyzet, amikor 2-3 koll\u00e9ga te\u00e1zni megy \u00e9s egy teljes kancs\u00f3nyi vizet forral? Egy \u00e1tlagos 1,7 literes v\u00edzforral\u00f3 eset\u00e9n 3 cs\u00e9sze te\u00e1hoz ennek csak kb. fel\u00e9t fogj\u00e1k felhaszn\u00e1lni.<\/p>\n\n\n\n<p><strong>Legy\u00fcnk energiatudatosak!<\/strong> A felm\u00e9r\u00e9sek szerint ha mindenki csak annyi vizet forralna fel, amit val\u00f3ban el is haszn\u00e1l, egy kisebb v\u00e1ros \u00e9ves energiasz\u00fcks\u00e9glet\u00e9t sp\u00f3rolhatn\u00e1nk meg.<\/p>\n\n\n\n<p>A v\u00edzforral\u00f3n\u00e1l teh\u00e1t \u00e9rdemes a szok\u00e1sainkon v\u00e1ltoztatni \u00e9s csak a pontosan kim\u00e9rt v\u00edzmennyis\u00e9get felhaszn\u00e1lni. \u00cdgy nemcsak az \u00e1ramsz\u00e1ml\u00e1n sp\u00f3rolhatunk, hanem takar\u00e9koskodhatunk az egyre sz\u0171k\u00f6sebb er\u0151forr\u00e1sk\u00e9nt rendelkez\u00e9s\u00fcnkre \u00e1ll\u00f3 \u00e9desv\u00edz-k\u00e9szlettel is, aminek minden cseppje kincs.<\/p>\n\n\n\n<blockquote class=\"wp-block-quote\"><p><strong>Tipp<\/strong>!<\/p><p>Ha a koll\u00e9g\u00e1k sz\u00edvesen fogyasztanak feh\u00e9r-, z\u00f6ld- vagy herbate\u00e1kat, akkor \u00e9rdemes olyan v\u00edzforral\u00f3 modellt v\u00e1lasztani, amely <a href=\"https:\/\/www.manutan.hu\/hu\/mhu\/vizforralo-sencor-swk-1890ss\" target=\"_blank\" rel=\"noreferrer noopener\"><span class=\"has-inline-color has-primary-color\">h\u0151m\u00e9rs\u00e9klet szab\u00e1lyz\u00f3val van ell\u00e1tva.<\/span><\/a> Ezekhez a te\u00e1khoz ugyanis nem sz\u00fcks\u00e9ges forr\u00e1sban l\u00e9v\u0151 v\u00edz. A z\u00f6ld tea 65-70 \u00b0C-on, a feh\u00e9r tea \u00e9s a legt\u00f6bb gy\u00f3gytea pedig 80 \u00b0C-on lesz ide\u00e1lis.<\/p><\/blockquote>\n\n\n\n<p>A v\u00edzforral\u00f3t is \u00e9rdemes karbantartani, mert a v\u00edzk\u0151 nagy ellens\u00e9ge a te\u00e1nak, a t\u00f6bbletenergia miatt pedig a c\u00e9ges p\u00e9nzt\u00e1rc\u00e1nkat is s\u00falyos forintokkal apaszthatja. J\u00f3 tudni, hogy l\u00e9tezik olyan <a href=\"https:\/\/www.manutan.hu\/hu\/mhu\/cif-professional-vizkore-2-l-6-db\" target=\"_blank\" rel=\"noreferrer noopener\"><span class=\"has-inline-color has-primary-color\">professzion\u00e1lis v\u00edzk\u0151old\u00f3,<\/span><\/a> amely a k\u00e1v\u00e9f\u0151z\u0151h\u00f6z, a v\u00edzforral\u00f3hoz, a mosogat\u00f3g\u00e9phez \u00e9s csapokhoz egyar\u00e1nt haszn\u00e1lhat\u00f3. A r\u00e9gi, rossz energiahat\u00e9konys\u00e1ggal m\u0171k\u00f6d\u0151 v\u00edzforral\u00f3kat <a href=\"https:\/\/www.manutan.hu\/SearchDisplay?categoryId=&amp;storeId=11717&amp;catalogId=11608&amp;langId=-1009&amp;sType=SimpleSearch&amp;resultCatEntryType=2&amp;showResultsPage=true&amp;searchSource=Q&amp;pageView=&amp;beginIndex=0&amp;pageSize=28&amp;isSearchDFType=&amp;searchTerm=v%C3%ADzforral%C3%B3#productBeginIndex:0&amp;orderBy:0&amp;\" target=\"_blank\" rel=\"noreferrer noopener\"><span class=\"has-inline-color has-primary-color\">\u00e9rdemes lecser\u00e9lni.<\/span><\/a><\/p>\n\n\n\n<p>Az eb\u00e9d meleg\u00edt\u00e9s\u00e9hez haszn\u00e1lt <a href=\"https:\/\/www.manutan.hu\/hu\/mhu\/sutok-es-mikrohullamu-sutok#productBeginIndex:0&amp;\" target=\"_blank\" rel=\"noreferrer noopener\"><strong><span class=\"has-inline-color has-primary-color\">mikrohull\u00e1m\u00fa s\u00fct\u0151ket<\/span><\/strong><\/a> is \u00e9rdemes megvizsg\u00e1lni. \u00c1ltal\u00e1ban a k\u00e9sz\u00fcl\u00e9k h\u00e1tlapj\u00e1n vagy alj\u00e1n tal\u00e1ljuk azt a matric\u00e1t, amely t\u00e1j\u00e9koztat\u00e1st ny\u00fajt a k\u00e9sz\u00fcl\u00e9k fogyaszt\u00e1s\u00e1r\u00f3l. \u00c9rdemes kisz\u00e1molni azt is, hogy napi h\u00e1ny \u00f3r\u00e1t van a k\u00e9sz\u00fcl\u00e9k stand by \u00fczemm\u00f3dban \u00e9s az forintos\u00edtva mekkora energiafelhaszn\u00e1l\u00e1ssal j\u00e1r. Egy lak\u00e1sirod\u00e1ban jellemz\u0151en csak az eb\u00e9d meleg\u00edt\u00e9s\u00e9hez haszn\u00e1lj\u00e1k a mikr\u00f3t, ami napi p\u00e1r perces \u00fczemid\u0151t jelent \u00e9s t\u00f6bb mint 23 \u00f3r\u00e1s k\u00e9szenl\u00e9ti, azaz stand by m\u00f3dot. A sok kicsi sokra megy elve alapj\u00e1n ilyen esetben \u00e9rdemes olyan k\u00e9sz\u00fcl\u00e9ket v\u00e1lasztani, ami nem tartalmaz be\u00e9p\u00edtett digit\u00e1lis \u00f3r\u00e1t \u00e9s kijelz\u0151t, mert b\u00e1rmilyen csek\u00e9lynek is t\u0171nik az energiaig\u00e9nye, v\u00e9gs\u0151 soron elpazarolt energia.&nbsp;<\/p>\n\n\n\n<p>Azt pedig m\u00e1r mondani sem kell, hogy a r\u00e9gi, energiazab\u00e1l\u00f3 k\u00e9sz\u00fcl\u00e9keket c\u00e9lszer\u0171 <a href=\"https:\/\/www.manutan.hu\/hu\/mhu\/sutok-es-mikrohullamu-sutok#productBeginIndex:0&amp;\" target=\"_blank\" rel=\"noreferrer noopener\"><span class=\"has-inline-color has-primary-color\">\u00fajra cser\u00e9lni<\/span><\/a> m\u00e1r csak az\u00e9rt is, mert a csal\u00e1dias l\u00e9gk\u00f6r ellen\u00e9re a lak\u00e1sirod\u00e1kban is k\u00f6telez\u0151 betartani a munkav\u00e9delmi el\u0151\u00edr\u00e1sokat, azaz csak biztons\u00e1gos, eg\u00e9szs\u00e9get nem vesz\u00e9lyeztet\u0151, az \u00e9rint\u00e9sv\u00e9delmi szab\u00e1lyoknak maxim\u00e1lisan megfelel\u0151 k\u00e9sz\u00fcl\u00e9kek helyezhet\u0151k \u00fczembe.<\/p>\n\n\n\n<p>Sz\u00e1mos lak\u00e1siroda konyh\u00e1ja rendelkezik <strong>mosogat\u00f3g\u00e9ppel,<\/strong> amely nemcsak higi\u00e9nikus, hanem energiatudatos megold\u00e1s is, ugyanis kevesebb v\u00edzzel \u00e9s kevesebb energi\u00e1val lehetnek tiszt\u00e1k a koll\u00e9g\u00e1k \u00e1ltal haszn\u00e1lt ed\u00e9nyek. Fontos azonban, hogy a gy\u00e1rt\u00f3 \u00e1ltal megadott v\u00edz- \u00e9s energiasz\u00fcks\u00e9glet csak akkor jelent val\u00f3s megtakar\u00edt\u00e1st a k\u00e9zzel val\u00f3 mosogat\u00e1shoz k\u00e9pest, ha a mosogat\u00f3g\u00e9p teljes t\u00f6ltettel m\u0171k\u00f6dik. A megfelel\u0151 m\u00e9ret teh\u00e1t itt is fontos. Ha csak h\u00e1rman dolgozunk a lak\u00e1sirod\u00e1ban, felesleges 12 ter\u00edt\u00e9kes mosogat\u00f3g\u00e9pet v\u00e1lasztanunk.<\/p>\n\n\n\n<p>Irodai k\u00f6rnyezetben t\u00falzottan szennyezett ed\u00e9nyek nem igaz\u00e1n fordulnak el\u0151, ez\u00e9rt sok energi\u00e1t takar\u00edthatunk meg (mind \u00e1ram, mind v\u00edz tekintet\u00e9ben), ha a k\u00e9sz\u00fcl\u00e9k \u201ceco\u201d programj\u00e1t haszn\u00e1ljuk. Ha <a href=\"https:\/\/www.manutan.hu\/hu\/mhu\/tablettak-mosogatogepbe-finish-48-db\" target=\"_blank\" rel=\"noreferrer noopener\"><span class=\"has-inline-color has-primary-color\">v\u00edzk\u0151old\u00f3t is tartalmaz\u00f3 mosogat\u00f3g\u00e9p tablett\u00e1t<\/span><\/a> v\u00e1lasztunk, akkor a karbantart\u00e1s is egyszer\u0171bb \u00e9s biztosak lehet\u00fcnk benne, hogy a lerak\u00f3d\u00e1sok miatt nem n\u00f6vekszik az \u00e1ramfogyaszt\u00e1sunk.<\/p>\n\n\n\n<h3><strong>2<\/strong><strong>.<\/strong><strong> Mosd\u00f3<\/strong><\/h3>\n\n\n\n<p>A lak\u00e1sirod\u00e1k mosd\u00f3j\u00e1ban vagy f\u00fcrd\u0151szob\u00e1j\u00e1ban \u00e1ltal\u00e1ban nem tal\u00e1lkozunk nagy fogyaszt\u00f3kkal, hiszen azokat irodai c\u00e9lra m\u00e1sk\u00e9pp haszn\u00e1ljuk, mint csal\u00e1di k\u00f6r\u00fclm\u00e9nyek k\u00f6z\u00f6tt. Nincs pl. hajsz\u00e1r\u00edt\u00f3, elektromos borotva, de sok esetben mos\u00f3g\u00e9p sem. N\u00e9h\u00e1ny alapvet\u0151 ellen\u0151rz\u00e9st m\u00e9gis c\u00e9lszer\u0171 elv\u00e9gezni. N\u00e9zz\u00fck meg, hogy a <strong>l\u00e1mp\u00e1kban<\/strong> energiatakar\u00e9kos <a rel=\"noreferrer noopener\" href=\"https:\/\/www.manutan.hu\/hu\/mhu\/led-izzok#productBeginIndex:0&amp;\" target=\"_blank\"><span class=\"has-inline-color has-primary-color\">LED izz\u00f3k<\/span><\/a> vannak-e? Ha nem, \u00e9rdemes \u0151ket cser\u00e9lni, m\u00e1r csak az\u00e9rt is, mert a led f\u00e9nyforr\u00e1sok nem \u00e9rz\u00e9kenyek a gyakori le- \u00e9s felkapcsol\u00e1sra, illetve azonnal teljes f\u00e9nyer\u0151n vil\u00e1g\u00edtanak. A rendk\u00edv\u00fcl alacsony fogyaszt\u00e1suk pedig k\u00f6zismert.<\/p>\n\n\n\n<p>Ha a k\u00e9zmos\u00e1shoz haszn\u00e1lt melegvizet <strong>villanybojler<\/strong> biztos\u00edtja, \u00e9rdemes a h\u0151m\u00e9rs\u00e9kletet megfelel\u0151en be\u00e1ll\u00edtani. Na de honnan tudhatjuk, hogy mi a megfelel\u0151? Ehhez az E-ON a k\u00f6vetkez\u0151ket javasolja:<\/p>\n\n\n\n<figure class=\"wp-block-pullquote\"><blockquote><p><em>\u201cEnergiafelhaszn\u00e1l\u00e1si szempontb\u00f3l nem indokolt a vizet a felhaszn\u00e1l\u00e1sn\u00e1l ig\u00e9nyelt h\u0151m\u00e9rs\u00e9klet f\u00f6l\u00e9 meleg\u00edteni. Ahhoz ugyanis \u00e9rtelemszer\u0171en j\u00f3val t\u00f6bb energia kell, hogy ugyanazt a v\u00edzmennyis\u00e9get magasabb h\u0151fokon tartsuk. <strong>K\u00e9zmos\u00e1shoz 35 fok,<\/strong> zuhanyoz\u00e1shoz, k\u00e1dban f\u00fcrd\u00e9shez 38 fok b\u0151ven elegend\u0151.\u201d<\/em><\/p><\/blockquote><\/figure>\n\n\n\n<p>Ak\u00e1r bojler, ak\u00e1r g\u00e1zcirk\u00f3 biztos\u00edtja a melegvizet, a rendszeres karbantart\u00e1ssal jelent\u0151sen cs\u00f6kkenthetj\u00fck a felhaszn\u00e1lt energia mennyis\u00e9g\u00e9t. Ehhez mindenk\u00e9pp javasolt szakember seg\u00edts\u00e9g\u00e9t k\u00e9rni.<\/p>\n\n\n\n<p>Ha a lak\u00e1sirod\u00e1ban \u00fcgyfeleket is fogadunk (pl. orvosi rendel\u0151), akkor a mosd\u00f3ban higi\u00e9niai megfontol\u00e1sb\u00f3l c\u00e9lszer\u0171 <a href=\"https:\/\/www.manutan.hu\/SearchDisplay?categoryId=&amp;storeId=11717&amp;catalogId=11608&amp;langId=-1009&amp;sType=SimpleSearch&amp;resultCatEntryType=2&amp;showResultsPage=true&amp;searchSource=K&amp;pageView=&amp;beginIndex=0&amp;pageSize=28&amp;isSearchDFType=&amp;searchTerm=k%C3%A9zsz%C3%A1r%C3%ADt%C3%B3k&amp;authToken=-1002%252CBf59CDU6toJq%252BW3CTVq5kWqYR07xKZZK%252B5Ee4j%252B%252FPls%253D#productBeginIndex:0&amp;\" target=\"_blank\" rel=\"noreferrer noopener\"><span class=\"has-inline-color has-primary-color\">k\u00e9zsz\u00e1r\u00edt\u00f3 berendez\u00e9st<\/span><\/a> elhelyezni a textil t\u00f6r\u00f6lk\u00f6z\u0151k vagy pap\u00edrt\u00f6rl\u0151k helyett. Ezek rendk\u00edv\u00fcl hat\u00e9konyan m\u0171k\u00f6dnek, egyes modellek pedig \u00e9rint\u00e9smentesen haszn\u00e1lhat\u00f3k.&nbsp;<\/p>\n\n\n\n<p>Ezekkel a k\u00e9sz\u00fcl\u00e9kekkel \u00f3hatatlanul n\u00f6vekszik az \u00e1ramfogyaszt\u00e1s, de ha komplexebben vizsg\u00e1ljuk a dolgot, akkor be kell l\u00e1tni, hogy \u00edgy cs\u00f6kkenteni tudjuk a fert\u0151z\u00e9sek kock\u00e1zat\u00e1t, kevesebb hullad\u00e9kot termel\u00fcnk, aminek elsz\u00e1ll\u00edt\u00e1sa szint\u00e9n p\u00e9nzbe ker\u00fcl (pl. pap\u00edr k\u00e9zt\u00f6rl\u0151), vagy kiv\u00e1lthatjuk a t\u00f6r\u00f6lk\u00f6z\u0151k mos\u00e1s\u00e1s\u00e1nak, fert\u0151tlen\u00edt\u00e9s\u00e9nek \u00e9s vasal\u00e1s\u00e1nak energiaig\u00e9ny\u00e9t.<\/p>\n\n\n\n<h3><strong>3. IT eszk\u00f6z\u00f6k<\/strong><\/h3>\n\n\n\n<p>A lak\u00e1sirod\u00e1k jelent\u0151s r\u00e9sz\u00e9ben <strong>sz\u00e1m\u00edt\u00f3g\u00e9pes munkav\u00e9gz\u00e9s <\/strong>t\u00f6rt\u00e9nik. Az IT eszk\u00f6z\u00f6k eset\u00e9n k\u00fcl\u00f6n\u00f6sen \u00fcgyelni kell a \u201cj\u00f3 szok\u00e1sok\u201d kialak\u00edt\u00e1s\u00e1ra, mert 5-6 f\u0151s irod\u00e1kban a stad by \u00fczemm\u00f3d is jelent\u0151s energiat\u00f6bbletet eredm\u00e9nyezhet.<\/p>\n\n\n\n<p>Egy tipikus hiba p\u00e9ld\u00e1ul, hogy sokan \u00e1lland\u00f3 h\u00e1l\u00f3zati csatlakoz\u00e1ssal haszn\u00e1lj\u00e1k a laptopot, ami kifejezetten k\u00e1ros az akkumul\u00e1torra \u00e9s cs\u00f6kkenti annak \u00e9lettartam\u00e1t. Ak\u00e1r m\u00e1r <strong>80%-os t\u00f6lt\u00f6tts\u00e9gn\u00e9l h\u00fazzuk ki<\/strong> az elektromos csatlakoz\u00f3t \u00e9s csak akkor t\u00f6lts\u00fck \u00fajra, ha az akkumul\u00e1tor 20%-ra mer\u00fclt.&nbsp;<\/p>\n\n\n\n<p>A 80-90% k\u00f6r\u00fcli t\u00f6lt\u00f6tts\u00e9g \u00e9s a 20%-os lemer\u00fclts\u00e9g k\u00f6z\u00f6tti haszn\u00e1lat k\u00edm\u00e9li az akkumul\u00e1tort \u00e9s n\u00f6veli az \u00e9lettartamot nemcsak a <strong>laptopok,<\/strong> hanem az <strong>okostelefonok<\/strong> eset\u00e9ben is.<\/p>\n\n\n\n<div class=\"wp-block-image is-style-default\"><figure class=\"aligncenter size-full\"><img loading=\"lazy\" width=\"640\" height=\"426\" src=\"https:\/\/www.manutan.hu\/blog\/wp-content\/uploads\/2022\/09\/office-gd931beccc_640-min.jpg\" alt=\"\" class=\"wp-image-2778\" srcset=\"https:\/\/www.manutan.hu\/blog\/wp-content\/uploads\/2022\/09\/office-gd931beccc_640-min.jpg 640w, https:\/\/www.manutan.hu\/blog\/wp-content\/uploads\/2022\/09\/office-gd931beccc_640-min-300x200.jpg 300w\" sizes=\"(max-width: 640px) 100vw, 640px\" \/><\/figure><\/div>\n\n\n\n<p><strong>Legy\u00fcnk tudatos energiafogyaszt\u00f3k az irod\u00e1ban is!<\/strong> <\/p>\n\n\n\n<p>Az \u00e9ppen nem haszn\u00e1lt IT eszk\u00f6z\u00f6ket \u00e1ramtalan\u00edtsuk (pl. projektor, nyomtat\u00f3), a munka v\u00e9gezt\u00e9vel pedig ne felejts\u00fck el kikapcsolni a sz\u00e1m\u00edt\u00f3g\u00e9peket. T\u00f6lt\u0151ket, haszn\u00e1laton k\u00edv\u00fcli eszk\u00f6z\u00f6ket ne hagyjunk bedugva, mert val\u00f3 igaz, hogy egy-egy eszk\u00f6z stand by m\u00f3dban csek\u00e9ly \u00e1ramot fogyaszt, de t\u00f6bb f\u0151s iroda eset\u00e9n ezek \u00f6sszad\u00f3dnak, \u00e9s kor\u00e1nt sem biztos, hogy az \u00f6ssz\u00e9rt\u00e9k\u00fck is elhanyagolhat\u00f3.<\/p>\n\n\n\n<p>Ha az irod\u00e1ban <strong>szerver<\/strong> is \u00fczemel, annak 7\/24 \u00f3r\u00e1s h\u0171t\u00e9se komoly \u00e1ramig\u00e9nyt jelent. Az ilyen szervereknek semmik\u00e9pp sem a munkat\u00e9rben van a helye. \u00c9rdemes egy \u00e9szaki t\u00e1jol\u00e1s\u00fa, lehet\u0151s\u00e9g szerint z\u00e1rt helyis\u00e9get kialak\u00edtani, ahol a szervert nem \u00e9ri t\u0171z\u0151 nap \u00e9s nem a szobah\u0151m\u00e9rs\u00e9kletre f\u0171t\u00f6tt helyis\u00e9gben kell m\u0171k\u00f6dnie. <strong>A szerverszob\u00e1k aj\u00e1nlott h\u0151m\u00e9rs\u00e9klete 20-21 \u00b0C.<\/strong> Ha az iroda panellak\u00e1sban tal\u00e1lhat\u00f3, akkor bizony j\u00f3csk\u00e1n meghaladhatja mind a t\u00e9li, mind a ny\u00e1ri h\u0151m\u00e9rs\u00e9klet ezt a szintet. Az elk\u00fcl\u00f6n\u00edt\u00e9s egy\u00e9bk\u00e9nt eg\u00e9szs\u00e9gv\u00e9delmi szempontb\u00f3l is indokolt, mert egy szerver \u00e1lland\u00f3 zajterhel\u00e9st is jelent az ott dolgoz\u00f3kra n\u00e9zve.<\/p>\n\n\n\n<h3>4. <strong>L\u00e1mp\u00e1k \u00e9s vil\u00e1g\u00edt\u00e1s<\/strong><\/h3>\n\n\n\n<p>Sz\u00e1mos kutat\u00e1s bizony\u00edtotta m\u00e1r, milyen negat\u00edv hat\u00e1sai vannak a term\u00e9szetes f\u00e9ny hi\u00e1ny\u00e1nak. Akik <a href=\"https:\/\/www.manutan.hu\/blog\/a-munkahelyi-elet-minoseget-es-a-produktivitast-befolyasolo-fontos-tenyez%c3%b6\/\" target=\"_blank\" rel=\"noreferrer noopener\"><span class=\"has-inline-color has-primary-color\">mesters\u00e9ges f\u00e9nyben<\/span><\/a> dolgoznak, \u00e1tlagosan 46 perccel kevesebbet alszanak&nbsp; \u00e9s alv\u00e1s k\u00f6zben is kev\u00e9sb\u00e9 pihenik ki magukat. \u00c9ppen ez\u00e9rt a <strong>term\u00e9szetes f\u00e9ny<\/strong> megteremt\u00e9se nemcsak a munkahelyi j\u00f3ll\u00e9tet fokozza, hanem az egyik leghat\u00e9konyabb m\u00f3dja az \u00e1rammal val\u00f3 takar\u00e9koskod\u00e1snak is. A lak\u00e1sirod\u00e1ban alak\u00edtsuk ki \u00fagy a munka\u00e1llom\u00e1sokat, hogy azok az ablak k\u00f6zel\u00e9ben legyenek, de \u00fagy, hogy a k\u00e9perny\u0151 ne t\u00fckr\u00f6z\u0151dj\u00f6n, mert az szemf\u00e1radts\u00e1got okozhat. Ne \u00fclj\u00fcnk az ablaknak h\u00e1ttal.<\/p>\n\n\n\n<p>Term\u00e9szetesen elker\u00fclhetetlen a mennyezeti l\u00e1mp\u00e1k haszn\u00e1lata, amit a dolgoz\u00f3k ig\u00e9nyei szerint ki lehet eg\u00e9sz\u00edteni <a href=\"https:\/\/www.manutan.hu\/hu\/mhu\/asztali-lampak#productBeginIndex:0&amp;\" target=\"_blank\" rel=\"noreferrer noopener\"><span class=\"has-inline-color has-primary-color\">asztali l\u00e1mp\u00e1kkal<\/span><\/a> is. Valamennyi f\u00e9nyforr\u00e1shoz v\u00e1lasszunk<a href=\"https:\/\/www.manutan.hu\/hu\/mhu\/led-izzok#productBeginIndex:0&amp;\" target=\"_blank\" rel=\"noreferrer noopener\"> <\/a><span class=\"has-inline-color has-primary-color\"><a href=\"https:\/\/www.manutan.hu\/hu\/mhu\/led-izzok#productBeginIndex:0&amp;\" target=\"_blank\" rel=\"noreferrer noopener\">LED izz\u00f3kat<\/a>,<\/span> \u00edgy a r\u00f6videbb \u0151szi \u00e9s t\u00e9li napokon is j\u00f3 megvil\u00e1g\u00edt\u00e1s mellett lehet dolgozni.<\/p>\n\n\n\n<p><strong>A LED el\u0151nyei<\/strong><\/p>\n\n\n\n<ul><li>jelent\u0151s energiamegtakar\u00edt\u00e1s \u00e9rhet\u0151 el vel\u00fck, ak\u00e1r 50-80%-kal cs\u00f6kkentheti az \u00e1ramfogyaszt\u00e1st a kiv\u00e1ltand\u00f3 technol\u00f3gi\u00e1t\u00f3l f\u00fcgg\u0151en<\/li><li>nincs bemeleged\u00e9si id\u0151, azonnal a maxim\u00e1lis f\u00e9nyer\u0151vel vil\u00e1g\u00edt<\/li><li>nem melegszik, nem termel t\u00f6bbleth\u0151t<\/li><li>hossz\u00fa az \u00e9lettartama (ak\u00e1r 10 \u00e9v)<\/li><li>nem vibr\u00e1l, \u00edgy a szemet sem rontja<\/li><li>nem \u00e9g ki hirtelen, hanem fokozatosan cs\u00f6kken a teljes\u00edtm\u00e9nye<\/li><\/ul>\n\n\n\n<h3>5. H\u0151szab\u00e1lyoz\u00e1s <strong>az irod\u00e1ban<\/strong><\/h3>\n\n\n\n<p>Az irodah\u00e1zak mellett ma m\u00e1r a lak\u00e1sirod\u00e1kban is alapfelszerel\u00e9snek tekinthet\u0151 a kl\u00edma berendez\u00e9s. Egy modern, h\u0151szivatty\u00fas kl\u00edm\u00e1val ak\u00e1r a t\u00e9li g\u00e1zf\u0171t\u00e9s is teljesen kiv\u00e1lthat\u00f3. A ny\u00e1ri h\u0171t\u00e9s eset\u00e9n semmik\u00e9pp ne l\u00e9pj\u00fck \u00e1t az eg\u00e9szs\u00e9g\u00fcgyi szempontb\u00f3l javasolt h\u0151m\u00e9rs\u00e9klet k\u00fcl\u00f6nbs\u00e9get, vagyis a kinti h\u0151h\u00f6z k\u00e9pest maximum 6-8 fokkal \u00e1ll\u00edtsuk h\u0171v\u00f6sebbre a benti h\u0151m\u00e9rs\u00e9kletet. Vegy\u00fck figyelembe azt is, hogy k\u00e1nikula eset\u00e9n ez a szab\u00e1ly nem \u00e1llja meg a hely\u00e9t. H\u0151hull\u00e1mok idej\u00e9n a 26 fok k\u00f6r\u00fcli irodai h\u0151m\u00e9rs\u00e9klet lesz ide\u00e1lis. Ha a javasolthoz k\u00e9pest hidegebbre \u00e1ll\u00edtjuk a kl\u00edm\u00e1t, akkor amellett, hogy \u00e1rtunk az eg\u00e9szs\u00e9g\u00fcnknek, a villanysz\u00e1ml\u00e1nk is meredeken emelkedni fog \u00e9s ak\u00e1r napok alatt \u00e1tl\u00e9phetj\u00fck a kedvezm\u00e9nyes havi energiafogyaszt\u00e1si limitet.<\/p>\n\n\n\n<p>Ha az irod\u00e1ban dolgoz\u00f3k \u00e9rz\u00e9kenyek a kl\u00edm\u00e1ra, haszn\u00e1lhatnak <a href=\"https:\/\/www.manutan.hu\/hu\/mhu\/ventilatorok#productBeginIndex:0&amp;\" target=\"_blank\" rel=\"noreferrer noopener\"><span class=\"has-inline-color has-primary-color\">ventil\u00e1tort<\/span><\/a> is, amely nem f\u00faj hideg leveg\u0151t, m\u00e9gis jav\u00edtja a h\u0151\u00e9rzetet&nbsp;<\/p>\n\n\n\n<blockquote class=\"wp-block-quote\"><p><strong>Tipp<\/strong>!<\/p><p>A kl\u00edm\u00e1k karbantart\u00e1sa t\u00f6bbletk\u00f6lts\u00e9get jelent ugyan, de az elkoszol\u00f3dott bels\u0151 l\u00e9gsz\u0171r\u0151k ak\u00e1r 15%-kal n\u00f6velhetik a villanysz\u00e1ml\u00e1t, vagy cs\u00f6kkenthetik a k\u00e9sz\u00fcl\u00e9k \u00e9lettertam\u00e1t, \u00edgy a rendszeres tiszt\u00edt\u00e1son nem \u00e9rdemes sp\u00f3rolni.<\/p><\/blockquote>\n\n\n\n<p>A<a rel=\"noreferrer noopener\" href=\"https:\/\/www.manutan.hu\/hu\/mhu\/klimaberendezesek#productBeginIndex:0&amp;\" target=\"_blank\"> <span class=\"has-inline-color has-primary-color\">mobil kl\u00edm\u00e1<\/span>k<\/a> kevesebb karbantart\u00e1s ig\u00e9nyelnek \u00e9s b\u0151s\u00e9gesen el\u00e9gs\u00e9gesek egy lak\u00e1siroda h\u0171t\u00e9s\u00e9hez.<\/p>\n\n\n\n<p>A f\u0171t\u00e9si szezonban a <a rel=\"noreferrer noopener\" href=\"https:\/\/suntherm-infra.hu\/infra-futopanellel-a-kellemes-hoerzetert-az-irodaban-is\/\" data-type=\"URL\" data-id=\"https:\/\/suntherm-infra.hu\/infra-futopanellel-a-kellemes-hoerzetert-az-irodaban-is\/\" target=\"_blank\"><span class=\"has-inline-color has-primary-color\">szak\u00e9rt\u0151k szerint<\/span><\/a> j\u00f3 megold\u00e1s lehet az <a rel=\"noreferrer noopener\" href=\"https:\/\/www.manutan.hu\/hu\/mhu\/eurom-wifi-infravoros-futopanelek-300-450-600-w-1501952\" data-type=\"URL\" data-id=\"https:\/\/www.manutan.hu\/hu\/mhu\/eurom-wifi-infravoros-futopanelek-300-450-600-w-1501952\" target=\"_blank\"><span class=\"has-inline-color has-primary-color\">infra f\u0171t\u0151panelek<\/span><\/a> haszn\u00e1lata is, mert kellemes h\u0151\u00e9rzetet biztos\u00edtanak k\u00f6lts\u00e9ghat\u00e9konyan \u00e9s k\u00f6rnyezetbar\u00e1t m\u00f3don. Ezzel cs\u00f6kkenthet\u0151 az iroda g\u00e1z vagy t\u00e1vh\u0151 sz\u00e1ml\u00e1ja.<\/p>\n\n\n\n<p><strong>\u00d6sszefoglal\u00e1sk\u00e9nt<\/strong> azt mondhatjuk, hogy a lak\u00e1sirod\u00e1kban is c\u00e9lszer\u0171 ugyan\u00fagy megvizsg\u00e1lni az elektromos k\u00e9sz\u00fcl\u00e9keket \u00e9s azok haszn\u00e1lati szok\u00e1sait, ahogy azt a csal\u00e1di otthonunkban tenn\u00e9nk:<\/p>\n\n\n\n<ul><li>Az elavult technol\u00f3gi\u00e1val, rossz energiahat\u00e9konys\u00e1ggal m\u0171k\u00f6d\u0151 berendez\u00e9seket \u00e9rdemes cser\u00e9lni. Bizonyos k\u00e9sz\u00fcl\u00e9kekn\u00e9l a b\u00e9rl\u00e9s is j\u00f3 alternat\u00edva (pl. nyomtat\u00f3k).<\/li><li>A rossz szok\u00e1sokat ker\u00fclj\u00fck (pl. bekapcsolva hagyott k\u00e9sz\u00fcl\u00e9k, folyamatos t\u00f6lt\u00e9s, \u00e9gve felejtett l\u00e1mpa stb.).<\/li><li>Valamennyi f\u00e9nyforr\u00e1sn\u00e1l haszn\u00e1ljunk LED izz\u00f3kat.<\/li><li>Az irod\u00e1ban is legy\u00fcnk mindig energiatudatosak \u00e9s erre h\u00edvjuk fel a koll\u00e9g\u00e1k figyelm\u00e9t is.<\/li><\/ul>\n","protected":false},"excerpt":{"rendered":"<p>Az egekbe sz\u00f6k\u0151 energia\u00e1rak nemcsak a lakoss\u00e1got, hanem a v\u00e1llalkoz\u00e1sokat is \u00e9rz\u00e9kenyen \u00e9rintik. A rezsik\u00f6lts\u00e9gek drasztikus emelked\u00e9se a mikrov\u00e1llalkoz\u00e1sokat ak\u00e1r vesztes\u00e9gess\u00e9 is teheti. Cikk\u00fcnkben olyan takar\u00e9koss\u00e1gi tippeket gy\u0171jt\u00f6tt\u00fcnk \u00f6ssze, amelyekkel racionaliz\u00e1lhatja energiafogyaszt\u00e1s\u00e1t.<\/p>\n","protected":false},"author":2,"featured_media":2775,"comment_status":"closed","ping_status":"closed","sticky":false,"template":"","format":"standard","meta":[],"categories":[522],"tags":[380,379,381],"jetpack_featured_media_url":"https:\/\/www.manutan.hu\/blog\/wp-content\/uploads\/2022\/09\/work-space-g49908614f_1280-min-1.jpg","_links":{"self":[{"href":"https:\/\/www.manutan.hu\/blog\/wp-json\/wp\/v2\/posts\/2774"}],"collection":[{"href":"https:\/\/www.manutan.hu\/blog\/wp-json\/wp\/v2\/posts"}],"about":[{"href":"https:\/\/www.manutan.hu\/blog\/wp-json\/wp\/v2\/types\/post"}],"author":[{"embeddable":true,"href":"https:\/\/www.manutan.hu\/blog\/wp-json\/wp\/v2\/users\/2"}],"replies":[{"embeddable":true,"href":"https:\/\/www.manutan.hu\/blog\/wp-json\/wp\/v2\/comments?post=2774"}],"version-history":[{"count":14,"href":"https:\/\/www.manutan.hu\/blog\/wp-json\/wp\/v2\/posts\/2774\/revisions"}],"predecessor-version":[{"id":2818,"href":"https:\/\/www.manutan.hu\/blog\/wp-json\/wp\/v2\/posts\/2774\/revisions\/2818"}],"wp:featuredmedia":[{"embeddable":true,"href":"https:\/\/www.manutan.hu\/blog\/wp-json\/wp\/v2\/media\/2775"}],"wp:attachment":[{"href":"https:\/\/www.manutan.hu\/blog\/wp-json\/wp\/v2\/media?parent=2774"}],"wp:term":[{"taxonomy":"category","embeddable":true,"href":"https:\/\/www.manutan.hu\/blog\/wp-json\/wp\/v2\/categories?post=2774"},{"taxonomy":"post_tag","embeddable":true,"href":"https:\/\/www.manutan.hu\/blog\/wp-json\/wp\/v2\/tags?post=2774"}],"curies":[{"name":"wp","href":"https:\/\/api.w.org\/{rel}","templated":true}]}}