{"id":2694,"date":"2022-08-29T17:23:19","date_gmt":"2022-08-29T15:23:19","guid":{"rendered":"https:\/\/www.manutan.hu\/blog\/?p=2694"},"modified":"2025-04-16T14:32:10","modified_gmt":"2025-04-16T12:32:10","slug":"beszerzesi-tanacsok-valasszon-muhelyszeket-a-manutan-javaslatai-alapjan","status":"publish","type":"post","link":"https:\/\/www.manutan.hu\/blog\/beszerzesi-tanacsok-valasszon-muhelyszeket-a-manutan-javaslatai-alapjan\/","title":{"rendered":"Beszerz\u00e9si tan\u00e1csok: V\u00e1lasszon m\u0171helysz\u00e9ket a Manutan javaslatai alapj\u00e1n!"},"content":{"rendered":"\n<figure class=\"wp-block-image size-large is-style-default\"><img loading=\"lazy\" width=\"1024\" height=\"683\" src=\"https:\/\/www.manutan.hu\/blog\/wp-content\/uploads\/2022\/08\/SAV2206002PIC2_muhely2-min-1024x683.jpg\" alt=\"\" class=\"wp-image-2695\" srcset=\"https:\/\/www.manutan.hu\/blog\/wp-content\/uploads\/2022\/08\/SAV2206002PIC2_muhely2-min-1024x683.jpg 1024w, https:\/\/www.manutan.hu\/blog\/wp-content\/uploads\/2022\/08\/SAV2206002PIC2_muhely2-min-300x200.jpg 300w, https:\/\/www.manutan.hu\/blog\/wp-content\/uploads\/2022\/08\/SAV2206002PIC2_muhely2-min-768x512.jpg 768w, https:\/\/www.manutan.hu\/blog\/wp-content\/uploads\/2022\/08\/SAV2206002PIC2_muhely2-min-1536x1025.jpg 1536w, https:\/\/www.manutan.hu\/blog\/wp-content\/uploads\/2022\/08\/SAV2206002PIC2_muhely2-min.jpg 1920w\" sizes=\"(max-width: 1024px) 100vw, 1024px\" \/><\/figure>\n\n\n\n<p>A betegszabads\u00e1got ig\u00e9nyl\u0151 foglalkoz\u00e1si megbetegs\u00e9gek els\u0151dleges okak\u00e9nt a v\u00e1z- \u00e9s izomrendszeri megbeteged\u00e9seket tartj\u00e1k sz\u00e1mon, amely Eur\u00f3p\u00e1ban \u00f6t dolgoz\u00f3b\u00f3l h\u00e1rmat \u00e9rint<a href=\"#sdfootnote1sym\"><sup>1<\/sup><\/a>. A t\u00fcnetek az esetek 40%-\u00e1ban h\u00e1tf\u00e1jdalomk\u00e9nt jelentkeznek<a href=\"#sdfootnote2sym\"><sup>2<\/sup><\/a>. A munka\u00e1llom\u00e1sok ergon\u00f3mi\u00e1j\u00e1nak optimaliz\u00e1l\u00e1s\u00e1val azonban cs\u00f6kkentheti a foglalkoz\u00e1si \u00e1rtalmak kialakul\u00e1s\u00e1nak kock\u00e1zat\u00e1t, illetve kedvez\u0151bb munkav\u00e9gz\u00e9si felt\u00e9telekkel seg\u00edtheti alkalmazottai munk\u00e1j\u00e1t. <strong>Beszerz\u0151k\u00e9nt a<\/strong> <strong>m\u0171helysz\u00e9kek k\u00f6r\u00fcltekint\u0151 kiv\u00e1laszt\u00e1s\u00e1val <\/strong>t\u00e1mogathatja koll\u00e9g\u00e1i eg\u00e9szs\u00e9g\u00e9t \u00e9s hat\u00e9kony munkav\u00e9gz\u00e9s\u00e9t is. Cikk\u00fcnkb\u0151l megtudhatja, milyen szempontok ment\u00e9n \u00e9rdemes<strong> professzion\u00e1lis m\u0171helysz\u00e9keket, \u00fcl\u0151k\u00e9ket, \u00e1ll\u00e1sk\u00f6nny\u00edt\u0151 sz\u00e9keket \u00e9s nyeregsz\u00e9keket<\/strong> v\u00e1lasztani.<\/p>\n\n\n\n<h2>Milyen a m\u0171helysz\u00e9kek ide\u00e1lis ergon\u00f3mi\u00e1ja?<\/h2>\n\n\n\n<p>A m\u0171helysz\u00e9k az ergonomikus munka\u00e1llom\u00e1sok egyik kulcsfontoss\u00e1g\u00fa darabja. A k\u00fcl\u00f6nb\u00f6z\u0151 be\u00e1ll\u00edt\u00e1si lehet\u0151s\u00e9geknek k\u00f6sz\u00f6nhet\u0151en a m\u0171helysz\u00e9kek jav\u00edtj\u00e1k dolgoz\u00f3i teljes\u00edtm\u00e9ny\u00e9t \u00e9s t\u00e1mogatj\u00e1k eg\u00e9szs\u00e9g\u00fcket.<\/p>\n\n\n\n<h3>Mi\u00e9rt \u00e9rdemes \u00fcgyelni a munka\u00e1llom\u00e1sok ergonomikus kialak\u00edt\u00e1s\u00e1ra?<\/h3>\n\n\n\n<p>Egy ergonomikus munka\u00e1llom\u00e1s lehet\u0151v\u00e9 teszi, hogy munkav\u00e1llal\u00f3i eg\u00e9szs\u00e9ges testtart\u00e1ssal \u00e9s optim\u00e1lis k\u00f6r\u00fclm\u00e9nyek k\u00f6z\u00f6tt v\u00e9gezz\u00e9k munk\u00e1jukat. A mindennapos feladatok sor\u00e1n <strong>a megfelel\u0151 testtart\u00e1s biztos\u00edt\u00f3 sz\u00e9kek <\/strong>seg\u00edtenek meg\u0151rizni alkalmazottai j\u00f3ll\u00e9t\u00e9t \u00e9s eg\u00e9szs\u00e9g\u00e9t. A rossz testtart\u00e1s sz\u00e1mos eg\u00e9szs\u00e9g\u00fcgyi kock\u00e1zatot eredm\u00e9nyezhet, kialakulhatnak p\u00e9ld\u00e1ul v\u00e1z- \u00e9s izomrendszeri megbeteged\u00e9sek. Ha ezek a betegs\u00e9gek megjelennek a munkav\u00e1llal\u00f3in\u00e1l, megn\u00f6vekedhet a hi\u00e1nyz\u00e1sok sz\u00e1ma, illetve cs\u00f6kkenhet a termel\u00e9kenys\u00e9g.<\/p>\n\n\n\n<p>Az ergonomikusan kialak\u00edtott munka\u00e1llom\u00e1son a munkaeszk\u00f6z\u00f6k optim\u00e1lis elhelyez\u00e9se gondoskodik a <strong>mozdulatok sz\u00e1m\u00e1nak minimaliz\u00e1l\u00e1s\u00e1r\u00f3l is<\/strong>. A munka\u00e1llom\u00e1s magass\u00e1g\u00e1nak igazodnia kell a munkav\u00e1llal\u00f3 magass\u00e1g\u00e1hoz. Emellett azt is el kell ker\u00fcln\u00fcnk, hogy a munkav\u00e1llal\u00f3 hossz\u00fa id\u0151t t\u00f6lts\u00f6n el v\u00e1ltozatlan testhelyzetben. Az \u00e1ll\u00edthat\u00f3 magass\u00e1g\u00fa asztalok megold\u00e1st k\u00edn\u00e1lnak erre a probl\u00e9m\u00e1ra. A m\u0171helyben <strong>az \u00e1ll\u00e1sk\u00f6nny\u00edt\u0151 sz\u00e9kek seg\u00edts\u00e9g\u00e9vel pihentethetj\u00fck h\u00e1tunkat, gyorsan \u00e9s egyszer\u0171en fel\u00e1llhatunk<\/strong>, ez\u00e1ltal t\u00e1mogathatjuk kering\u00e9s\u00fcnket, \u00e9s enyh\u00edthetj\u00fck az izmok fesz\u00fclts\u00e9g\u00e9t.<\/p>\n\n\n\n<p>Ebb\u0151l is l\u00e1tszik, hogy a munka\u00e1llom\u00e1sok ergon\u00f3mi\u00e1ja szorosan kapcsol\u00f3dik a m\u0171helyb\u00fatorokhoz (sz\u00e9k, asztal, polcok, fali t\u00e1rol\u00f3k, fi\u00f3kos szekr\u00e9nyek stb.). Fontos, hogy az \u00e1ll\u00f3 vagy forgathat\u00f3 m\u0171helysz\u00e9k sokoldal\u00faan kihaszn\u00e1lhat\u00f3 legyen, emellett pedig <strong>cs\u00f6kkentse a dolgoz\u00f3kat \u00e9rint\u0151 eg\u00e9szs\u00e9g\u00fcgyi<\/strong> <strong>kock\u00e1zatokat is<\/strong>. L\u00e1ssuk, hogyan t\u00e1mogatj\u00e1k a munkahelyi eg\u00e9szs\u00e9gv\u00e9delmet a m\u0171helysz\u00e9kek.<\/p>\n\n\n\n<h3>Melyek az ergonomikus m\u0171helysz\u00e9kek f\u0151 jellemz\u0151i?<\/h3>\n\n\n\n<p>Egy ide\u00e1lis m\u0171helysz\u00e9kkel <strong>optimaliz\u00e1lni lehet az alkalmazottak munkav\u00e9gz\u00e9si k\u00f6r\u00fclm\u00e9nyeit<\/strong> (helyes testtart\u00e1s, megfelel\u0151 mobilit\u00e1s, mozdulatok sz\u00e1m\u00e1nak cs\u00f6kkent\u00e9se, k\u00e9nyelmes \u00fcl\u00e9s stb.). Sz\u00e1mos be\u00e1ll\u00edt\u00e1si lehet\u0151s\u00e9g \u00e9s bevonat (sz\u00f6vet, PVC, fa, ac\u00e9l, poliuret\u00e1n &#8211; PUR, Supertec stb.) l\u00e9tezik. De m\u00e9gis mit\u0151l lesz ergonomikus egy m\u0171helysz\u00e9k?<\/p>\n\n\n\n<h4>\u00dcl\u00e9sbe\u00e1ll\u00edt\u00e1s<\/h4>\n\n\n\n<p>Az ergonomikus m\u0171helysz\u00e9kek sz\u00e1mos \u00e1ll\u00edthat\u00f3 funkci\u00f3val rendelkeznek, \u00edgy k\u00e9pesek igazodni a felhaszn\u00e1l\u00f3 testalkat\u00e1hoz. <strong>Az \u00e1ll\u00edthat\u00f3 magass\u00e1g\u00fa \u00e9s m\u00e9lys\u00e9g\u0171 h\u00e1tt\u00e1mla <\/strong>kiv\u00e1l\u00f3an megt\u00e1masztja a derekat. <strong>Az \u00e1ll\u00edthat\u00f3 \u00fcl\u00e9smagass\u00e1gnak<\/strong> k\u00f6sz\u00f6nhet\u0151en a sz\u00e9k magass\u00e1g\u00e1t a munkav\u00e1llal\u00f3 ig\u00e9nyeire szabhatjuk. A comb \u00e9s a l\u00e1bsz\u00e1r \u00fcl\u00e9s k\u00f6zben optim\u00e1lis esetben 90\u00b0-os sz\u00f6get z\u00e1r be.<\/p>\n\n\n\n<h4>Az \u00fcl\u00e9s \u00e9s a h\u00e1tt\u00e1mla anyaga<\/h4>\n\n\n\n<p>A munkak\u00f6rnyezet \u00e9s a felhaszn\u00e1l\u00f3 k\u00e9nyelme alapj\u00e1n megv\u00e1lasztott sz\u00e9k <strong>bevonat\u00e1t k\u00e9pez\u0151<\/strong> <strong>anyag<\/strong> hozz\u00e1j\u00e1rul a b\u00fator tart\u00f3ss\u00e1g\u00e1hoz. A <a rel=\"noreferrer noopener\" href=\"https:\/\/www.manutan.hu\/hu\/mhu\/fa-muhely-szekek#productBeginIndex:0&amp;\" data-type=\"URL\" data-id=\"https:\/\/www.manutan.hu\/hu\/mhu\/fa-muhely-szekek#productBeginIndex:0&amp;\" target=\"_blank\"><span class=\"has-inline-color has-primary-color\">lakkozott fa<\/span><\/a> k\u00f6nnyen kezelhet\u0151, \u00e9s a zs\u00edr, az olaj, illetve az old\u00f3szerek sem hagynak rajta foltot. A <a rel=\"noreferrer noopener\" href=\"https:\/\/www.manutan.hu\/hu\/mhu\/szovethuzatos-muhely-szekek#productBeginIndex:0&amp;\" data-type=\"URL\" data-id=\"https:\/\/www.manutan.hu\/hu\/mhu\/szovethuzatos-muhely-szekek#productBeginIndex:0&amp;\" target=\"_blank\"><span class=\"has-inline-color has-primary-color\">sz\u00f6vet<\/span><\/a> \u00e9rz\u00e9kenyebb a szennyez\u0151d\u00e9sekre, azonban l\u00e9g\u00e1tereszt\u0151 \u00e9s k\u00e9nyelmes. A <span class=\"has-inline-color has-primary-color\"><a rel=\"noreferrer noopener\" href=\"https:\/\/www.manutan.hu\/hu\/mhu\/pur-muhely-szekek#productBeginIndex:0&amp;\" data-type=\"URL\" data-id=\"https:\/\/www.manutan.hu\/hu\/mhu\/pur-muhely-szekek#productBeginIndex:0&amp;\" target=\"_blank\">poliuret\u00e1n<\/a> rendk\u00edv\u00fcl<\/span> sokoldal\u00fa anyag. K\u00f6nnyen kezelhet\u0151, illetve ellen\u00e1ll a kis\u00fcl\u00e9snek, a fel\u00fcleti s\u00e9r\u00fcl\u00e9seknek \u00e9s a vegyszereknek is. A Supertec bevonatot kifejezetten ipari felhaszn\u00e1l\u00e1s\u00fa sz\u00e9kekhez fejlesztett\u00e9k ki, ez\u00e9rt a bevonat ide\u00e1lis a m\u0171helysz\u00e9kekhez is. Az anyag l\u00e9g\u00e1tereszt\u0151, k\u00e9nyelmes \u00e9s robusztus.<\/p>\n\n\n\n<h4>Az ergon\u00f3mi\u00e1t szolg\u00e1l\u00f3 mechanik\u00e1k t\u00edpusai<\/h4>\n\n\n\n<p>A <strong>szinkronmechanik\u00e1val ell\u00e1tott sz\u00e9kekn\u00e9l<\/strong> a h\u00e1tt\u00e1mla k\u00f6veti a h\u00e1t mozg\u00e1s\u00e1t. A rendszer kiv\u00e1l\u00f3 megt\u00e1maszt\u00e1st biztos\u00edt, \u00e9s enyh\u00edti a gerinc terhel\u00e9s\u00e9t. <strong>Aszinkron mechanika<\/strong> eset\u00e9n az \u00fcl\u00e9s \u00e9s a h\u00e1tt\u00e1mla egym\u00e1st\u00f3l f\u00fcggetlen\u00fcl d\u00f6nthet\u0151 \u00e9s forgathat\u00f3, \u00edgy minden testalkathoz k\u00e9pes igazodni.<\/p>\n\n\n\n<p>A be\u00e1ll\u00edt\u00e1sok\u00e9rt k\u00fcl\u00f6nb\u00f6z\u0151 mechanikai rendszerek felelnek. Az egyszer\u0171, csavaros rendszer el\u0151nye, hogy k\u00f6lts\u00e9gk\u00edm\u00e9l\u0151, \u00edgy beszerz\u00e9si \u00e1ra kedvez\u0151bb. A leenged\u00e9sg\u00e1tl\u00f3 teleszk\u00f3pos henger gondoskodik biztons\u00e1gr\u00f3l. V\u00e9g\u00fcl pedig a pneumatikus henger k\u00edn\u00e1lja a legnagyobb k\u00e9nyelmet.<\/p>\n\n\n\n<h4>A sz\u00e9kek t\u00edpusai<\/h4>\n\n\n\n<p>A speci\u00e1lisan kifejlesztett sz\u00e9kek seg\u00edtenek a f\u00e1radts\u00e1g \u00e9s az eg\u00e9szs\u00e9gtelen testtart\u00e1sb\u00f3l fakad\u00f3 izomfesz\u00fcl\u00e9s elker\u00fcl\u00e9s\u00e9ben.<\/p>\n\n\n\n<p>Az innovat\u00edv term\u00e9kek k\u00f6z\u00f6tt els\u0151k\u00e9nt a<strong> <a href=\"https:\/\/www.manutan.hu\/hu\/mhu\/magassagallithatos-ulokek-szekek#productBeginIndex:0&amp;\" data-type=\"URL\" data-id=\"https:\/\/www.manutan.hu\/hu\/mhu\/magassagallithatos-ulokek-szekek#productBeginIndex:0&amp;\" target=\"_blank\" rel=\"noreferrer noopener\"><span class=\"has-inline-color has-primary-color\">nyeregsz\u00e9ket<\/span><\/a><\/strong> eml\u00edthetj\u00fck. Ahogyan a n\u00e9v is sejteti, az ilyen t\u00edpus\u00fa sz\u00e9kek nyerget form\u00e1z\u00f3 \u00fcl\u00e9ssel rendelkeznek. A sz\u00e9k kis m\u00e9ret\u0171 g\u00f6rg\u0151k\u00f6n gurul, \u00e9s \u00e1ltal\u00e1ban enyh\u00e9n lejt. A nyeregsz\u00e9ken \u00fcl\u0151 szem\u00e9ly szabadon haszn\u00e1lhatja a kezeit, mik\u00f6zben sz\u00fcks\u00e9g szerint a l\u00e1b\u00e1val ir\u00e1ny\u00edthatja a sz\u00e9k mozg\u00e1s\u00e1t.<\/p>\n\n\n\n<p>A<strong> t\u00e9rdepl\u0151sz\u00e9k<\/strong> ak\u00e1r az irodai sz\u00e9kek helyettes\u00edt\u00e9s\u00e9re is alkalmas. A sz\u00e9ken \u00fclve a fels\u0151test enyh\u00e9n el\u0151re d\u0151l, \u00edgy cs\u00f6kken a h\u00e1t terhel\u00e9se, illetve a gerinc is kiegyenesedik.<\/p>\n\n\n\n<h2>A Manutan saj\u00e1tm\u00e1rk\u00e1s ergonomikus m\u0171helysz\u00e9kei<\/h2>\n\n\n\n<p>A Manutan az eur\u00f3pai v\u00e1llalkoz\u00e1sok \u00e9s int\u00e9zm\u00e9nyek egyik legnagyobb indirekt besz\u00e1ll\u00edt\u00f3ja, ez\u00e9rt a munkahelyi eg\u00e9szs\u00e9gv\u00e9delem ter\u00fclet\u00e9n is nagy szak\u00e9rtelemmel b\u00edr. <a rel=\"noreferrer noopener\" href=\"https:\/\/www.manutan.hu\/hu\/mhu\/muhelyszekek#productBeginIndex:0&amp;\" data-type=\"URL\" data-id=\"https:\/\/www.manutan.hu\/hu\/mhu\/muhelyszekek#productBeginIndex:0&amp;\" target=\"_blank\"><span class=\"has-inline-color has-primary-color\"><strong>A Manutan m\u0171helysz\u00e9keinek v\u00e1laszt\u00e9k\u00e1ban a legkiv\u00e1l\u00f3bb ergonomikus term\u00e9kek kaptak helyet<\/strong>,<\/span><\/a> amelyek t\u00f6k\u00e9letesen illeszkednek a k\u00fcl\u00f6nb\u00f6z\u0151 munkater\u00fcletek elv\u00e1rt ig\u00e9nyekhez, legyen sz\u00f3 ak\u00e1r irod\u00e1r\u00f3l, rakt\u00e1rr\u00f3l, m\u0171helyr\u0151l vagy m\u00e1s speci\u00e1lis munka\u00e1llom\u00e1sr\u00f3l.<\/p>\n\n\n\n<h3>Min\u0151s\u00e9gi term\u00e9kv\u00e1laszt\u00e9k a munkahelyi ergon\u00f3mia szolg\u00e1lat\u00e1ban<\/h3>\n\n\n\n<p>A term\u00e9kmin\u0151s\u00e9gre ford\u00edtott kiemelt figyelemnek k\u00f6sz\u00f6nhet\u0151en a Manutan a saj\u00e1tm\u00e1rk\u00e1s m\u0171helysz\u00e9keire <strong>10 \u00e9v garanci\u00e1t biztos\u00edt<\/strong>. A fix \u00e9s a g\u00f6rg\u0151kkel ell\u00e1tott m\u0171helysz\u00e9kek a k\u00fcl\u00f6nb\u00f6z\u0151 be\u00e1ll\u00edt\u00e1si lehet\u0151s\u00e9gek r\u00e9v\u00e9n alkalmazkodnak a k\u00fcl\u00f6nb\u00f6z\u0151 testalkatokhoz. Sokoldal\u00fa kihaszn\u00e1lhat\u00f3s\u00e1guk \u00e9s k\u00f6nnyed\u00e9n \u00e1ll\u00edthat\u00f3 magass\u00e1guk miatt k\u00f6z\u00f6s haszn\u00e1latra is alkalmasak a munka\u00e1llom\u00e1sokon. M\u0171helyekbe sz\u00e1nt sz\u00e9keink rendk\u00edv\u00fcli mozg\u00e1sszabads\u00e1got k\u00edn\u00e1lnak, \u00edgy \u00fcl\u0151munka sor\u00e1n sem terhelik meg a derekat. Egyes modellek l\u00e1btart\u00f3val is rendelkeznek, amely megt\u00e1maszt\u00e1st \u00e9s stabilit\u00e1st ny\u00fajt. <strong>A Manutan sz\u00e9les term\u00e9kpalett\u00e1j\u00e1ban szerepl\u0151 term\u00e9kek nem csak az ipari munkak\u00f6rnyezet \u00e1ltal t\u00e1masztott elv\u00e1r\u00e1soknak felelnek meg marad\u00e9ktalanul, de ugyanakkor k\u00e9nyelmesek is<\/strong>.<\/p>\n\n\n\n<h3>Az \u00e1ll\u00e1sk\u00f6nny\u00edt\u0151 sz\u00e9k, az \u00fcl\u0151ke \u00e9s a m\u0171helysz\u00e9k funkci\u00f3i<\/h3>\n\n\n\n<p>Az \u00e1ll\u00e1sk\u00f6nny\u00edt\u0151 sz\u00e9k k\u00fcl\u00f6n\u00f6sen <strong>aj\u00e1nlott olyan ipar\u00e1gakban, amelyek gyakran ig\u00e9nyelnek \u00e1ll\u00f3 munkav\u00e9gz\u00e9st<\/strong>. A modellt gyakran alkalmazz\u00e1k m\u0171helyekben \u00e9s gy\u00e1rt\u00f3sorokon is. Alacsony h\u00e1tt\u00e1ml\u00e1val kieg\u00e9sz\u00edthet\u0151, amely megt\u00e1masztja a derekat. A t\u00f6bbi m\u0171helybe tervezett \u00fcl\u0151k\u00e9hez hasonl\u00f3an felszerelhet\u0151 l\u00e1btart\u00f3val is.<\/p>\n\n\n\n<p>Az \u00fcl\u0151k\u00e9k k\u00e9t f\u0151 kateg\u00f3ria bonthat\u00f3k. <strong>A forg\u00f3 \u00fcl\u0151ke<\/strong> sz\u00e9les talapzata kiv\u00e1l\u00f3 stabilit\u00e1st biztos\u00edt. <strong>A g\u00f6rg\u0151s \u00fcl\u0151ke<\/strong> \u00fcl\u00e9se alatt praktikus t\u00e1rol\u00f3 tal\u00e1lhat\u00f3. Az apr\u00f3 g\u00f6rg\u0151k seg\u00edts\u00e9g\u00e9vel \u00fcl\u00e9s k\u00f6zben nagyobb munkater\u00fcleten dolgozhatunk.<\/p>\n\n\n\n<p>A forg\u00f3 \u00fcl\u0151ke alacsony \u00e9s magas\u00edtott v\u00e1ltozatban is el\u00e9rhet\u0151, \u00edgy minden munka\u00e1llom\u00e1son felhaszn\u00e1lhat\u00f3. <strong>H\u00e1tt\u00e1ml\u00e1ja<\/strong> funkcion\u00e1lis karral b\u0151v\u00edthet\u0151, amely megk\u00f6nny\u00edti a mozg\u00e1st. Emellett k\u00e9rhet\u0151 hozz\u00e1 <strong>l\u00e1btart\u00f3 \u00e9s inform\u00e1ci\u00f3s t\u00e1bla<\/strong> is, amelyen adatokat vagy log\u00f3kat helyezhet el.<\/p>\n\n\n\n<h2>\u00d6t fontos k\u00e9rd\u00e9s egy m\u0171helysz\u00e9k v\u00e1s\u00e1rl\u00e1sa el\u0151tt<\/h2>\n\n\n\n<p>Az al\u00e1bbiakban \u00f6t k\u00e9rd\u00e9sben \u00f6sszefoglaljuk, hogy milyen szempontokat \u00e9rdemes figyelembe vennie, miel\u0151tt <span class=\"has-inline-color has-primary-color\"><a href=\"https:\/\/www.manutan.hu\/hu\/mhu\/muhelyszekek#productBeginIndex:0&amp;\" data-type=\"URL\" data-id=\"https:\/\/www.manutan.hu\/hu\/mhu\/muhelyszekek#productBeginIndex:0&amp;\" target=\"_blank\" rel=\"noreferrer noopener\">ergonomikus m\u0171helysz\u00e9ket<\/a> <\/span>v\u00e1laszt:<\/p>\n\n\n\n<ul><li>Milyen magas a munka\u00e1llom\u00e1s? V\u00e1lasszon megfelel\u0151 \u00fcl\u00e9smagass\u00e1got, \u00e9s fontolja meg a l\u00e1btart\u00f3k beszerz\u00e9s\u00e9t is.<\/li><li>Mekkora a teljes k\u00f6lts\u00e9gkerete? \u00c1llap\u00edtsa meg a maxim\u00e1lis egys\u00e9g\u00e1rat.<\/li><li>Milyen gyakran mozog a sz\u00e9ket haszn\u00e1l\u00f3 szem\u00e9ly? Ha gyakran fel\u00e1ll, val\u00f3sz\u00edn\u0171leg \u00e1ll\u00e1sk\u00f6nny\u00edt\u0151 sz\u00e9kre van sz\u00fcks\u00e9ge.<\/li><li>A sz\u00e9ken t\u00f6bb felhaszn\u00e1l\u00f3 is osztozik majd? Ebben az esetben sokoldal\u00fa sz\u00e9kre van sz\u00fcks\u00e9g, amely egyszer\u0171en szem\u00e9lyre szabhat\u00f3.<\/li><li>Milyen munkak\u00f6rnyezetben ker\u00fcl felhaszn\u00e1l\u00e1sra a sz\u00e9k? V\u00e1lasza alapj\u00e1n d\u00f6nthet a k\u00fcl\u00f6nb\u00f6z\u0151 teherb\u00edr\u00e1s\u00fa anyagok, \u00edgy a fa, a sz\u00f6vet vagy a szintetikus bevonatok mellett.<\/li><\/ul>\n\n\n\n<p>A b\u00fatorokkal kapcsolatos d\u00f6nt\u00e9sei k\u00f6zvetlen hat\u00e1st gyakorolnak alkalmazottai eg\u00e9szs\u00e9g\u00e9re \u2013 ez hatv\u00e1nyozottan igaz a m\u0171helysz\u00e9kekre. Miut\u00e1n felm\u00e9rte ig\u00e9nyeit, b\u00f6ng\u00e9sszen a \u201e<strong><a href=\"https:\/\/www.manutan.hu\/hu\/mhu\/muhelyszekek#productBeginIndex:0&amp;\" data-type=\"URL\" data-id=\"https:\/\/www.manutan.hu\/hu\/mhu\/muhelyszekek#productBeginIndex:0&amp;\" target=\"_blank\" rel=\"noreferrer noopener\"><span class=\"has-inline-color has-primary-color\">M\u0171helysz\u00e9kek<\/span><\/a><\/strong>\u201d kateg\u00f3ri\u00e1ban, \u00e9s v\u00e1lasszon modelljeink k\u00f6z\u00fcl.<\/p>\n\n\n\n<hr class=\"wp-block-separator\"\/>\n\n\n\n<p><a href=\"#sdfootnote1anc\">1<\/a> Eur\u00f3pai Munkahelyi Biztons\u00e1gi \u00e9s Eg\u00e9szs\u00e9gv\u00e9delmi \u00dcgyn\u00f6ks\u00e9g, Work-related musculoskeletal disorders: Back to work report (2007)<\/p>\n\n\n\n<p><a href=\"#sdfootnote2anc\">2<\/a> BeSWIC, A h\u00e1tf\u00e1j\u00e1s csup\u00e1n a j\u00e9ghegy cs\u00facsa (2001)<\/p>\n","protected":false},"excerpt":{"rendered":"<p>A megfelel\u0151 m\u0171helysz\u00e9k kiv\u00e1laszt\u00e1sa kulcsfontoss\u00e1g\u00fa az alkalmazottak k\u00e9nyelme \u00e9s eg\u00e9szs\u00e9ge \u00e9rdek\u00e9ben. Olvassa el beszerz\u00e9si \u00fatmutat\u00f3nkat, \u00e9s ismerje meg a Manutan k\u00edn\u00e1lat\u00e1t!<\/p>\n","protected":false},"author":2,"featured_media":2695,"comment_status":"closed","ping_status":"closed","sticky":false,"template":"","format":"standard","meta":[],"categories":[528,522],"tags":[227,218,247,371],"jetpack_featured_media_url":"https:\/\/www.manutan.hu\/blog\/wp-content\/uploads\/2022\/08\/SAV2206002PIC2_muhely2-min.jpg","_links":{"self":[{"href":"https:\/\/www.manutan.hu\/blog\/wp-json\/wp\/v2\/posts\/2694"}],"collection":[{"href":"https:\/\/www.manutan.hu\/blog\/wp-json\/wp\/v2\/posts"}],"about":[{"href":"https:\/\/www.manutan.hu\/blog\/wp-json\/wp\/v2\/types\/post"}],"author":[{"embeddable":true,"href":"https:\/\/www.manutan.hu\/blog\/wp-json\/wp\/v2\/users\/2"}],"replies":[{"embeddable":true,"href":"https:\/\/www.manutan.hu\/blog\/wp-json\/wp\/v2\/comments?post=2694"}],"version-history":[{"count":7,"href":"https:\/\/www.manutan.hu\/blog\/wp-json\/wp\/v2\/posts\/2694\/revisions"}],"predecessor-version":[{"id":2743,"href":"https:\/\/www.manutan.hu\/blog\/wp-json\/wp\/v2\/posts\/2694\/revisions\/2743"}],"wp:featuredmedia":[{"embeddable":true,"href":"https:\/\/www.manutan.hu\/blog\/wp-json\/wp\/v2\/media\/2695"}],"wp:attachment":[{"href":"https:\/\/www.manutan.hu\/blog\/wp-json\/wp\/v2\/media?parent=2694"}],"wp:term":[{"taxonomy":"category","embeddable":true,"href":"https:\/\/www.manutan.hu\/blog\/wp-json\/wp\/v2\/categories?post=2694"},{"taxonomy":"post_tag","embeddable":true,"href":"https:\/\/www.manutan.hu\/blog\/wp-json\/wp\/v2\/tags?post=2694"}],"curies":[{"name":"wp","href":"https:\/\/api.w.org\/{rel}","templated":true}]}}