{"id":2136,"date":"2022-06-28T13:27:00","date_gmt":"2022-06-28T11:27:00","guid":{"rendered":"https:\/\/www.manutan.hu\/blog\/?p=2136"},"modified":"2025-04-16T14:38:53","modified_gmt":"2025-04-16T12:38:53","slug":"a-menekulesi-utvonalakrol-helyesen-vannak-jelolve","status":"publish","type":"post","link":"https:\/\/www.manutan.hu\/blog\/a-menekulesi-utvonalakrol-helyesen-vannak-jelolve\/","title":{"rendered":"A menek\u00fcl\u00e9si \u00fatvonalakr\u00f3l: helyesen vannak jel\u00f6lve?"},"content":{"rendered":"\n<figure class=\"wp-block-image size-large\"><img src=\"https:\/\/www.manutan.hu\/blog\/wp-content\/uploads\/2022\/06\/Evakuacia-uvodny-obrazok.jpg\" alt=\"Ki\u00fcr\u00edt\u00e9s nyit\u00f3k\u00e9p\" class=\"wp-image-2129\"\/><\/figure>\n\n\n\n<p>A ki\u00fcr\u00edt\u00e9s alatt emberek, \u00e1llatok \u00e9s \u00e9rt\u00e9kes t\u00e1rgyak <strong>gyors \u00e9s biztons\u00e1gos kijuttat\u00e1s\u00e1t \u00e9rtj\u00fck<\/strong> olyan \u00e9p\u00fcletb\u0151l vagy helyr\u0151l, amelyet vesz\u00e9ly fenyeget. A ki\u00fcr\u00edt\u00e9s leggyakoribb oka a <strong>t\u0171z<\/strong>. Ezen k\u00edv\u00fcl tal\u00e1lkozhatunk m\u00e9g:<\/p>\n\n\n\n<ul><li>\u00e1rv\u00edzzel,&nbsp;<\/li><li>g\u00e1zsziv\u00e1rg\u00e1ssal,&nbsp;<\/li><li>robban\u00e1ssal vagy annak vesz\u00e9ly\u00e9vel,<\/li><li>az \u00e9p\u00fclet megrong\u00e1l\u00f3d\u00e1s\u00e1val vagy \u00f6sszeoml\u00e1s\u00e1val,<\/li><li>ritk\u00e1n f\u00f6ldreng\u00e9ssel,<\/li><li>esetleg rend\u0151rs\u00e9gi int\u00e9zked\u00e9s miatti ki\u00fcr\u00edt\u00e9ssel (pl. bombariad\u00f3).<\/li><\/ul>\n\n\n\n<h2>Hogyan jel\u00f6lj\u00fck a v\u00e9szkij\u00e1ratokat \u00e9s a menek\u00fcl\u00e9si \u00fatvonalat?<\/h2>\n\n\n\n<p>A menek\u00fcl\u00e9si \u00fatvonal jel\u00f6l\u00e9s\u00e9re k\u00fcl\u00f6nb\u00f6z\u0151 t\u00edpus\u00fa t\u00e1bl\u00e1k haszn\u00e1lhat\u00f3k. Az, hogy mikor melyiket kell alkalmazni, a helysz\u00ednt\u0151l \u00e9s a menek\u00fcl\u00e9s ir\u00e1ny\u00e1t\u00f3l f\u00fcgg.<\/p>\n\n\n\n<ol><li>A <strong>menek\u00fcl\u00e9s \u00e9s ki\u00fcr\u00edt\u00e9s ir\u00e1ny\u00e1t a menek\u00fcl\u00e9si \u00fatvonalon<\/strong> (pl. folyos\u00f3n) haszn\u00e1ljuk, ahol t\u00f6bb menek\u00fcl\u00e9si ir\u00e1ny is felmer\u00fclhet lehet\u0151s\u00e9gk\u00e9nt, de nem mind helyes.<\/li><li>A <strong>v\u00e9szkij\u00e1rat jelz\u0151 t\u00e1bl\u00e1t<\/strong> a szabad t\u00e9rre kivezet\u0151 ajt\u00f3 f\u00f6l\u00e9 helyezz\u00fck el.<\/li><li>A <strong>menek\u00fcl\u00e9s \u00e9s ki\u00fcr\u00edt\u00e9s folytat\u00f3lagos ir\u00e1nya<\/strong> t\u00e1bla meger\u0151s\u00edt\u00e9st ad a helyes \u00fatvonalr\u00f3l, p\u00e9ld\u00e1ul egy ajt\u00f3 n\u00e9lk\u00fcli \u00e1tj\u00e1r\u00f3ban vagy egy olyan ajt\u00f3n\u00e1l, amely egy m\u00e1sik folyos\u00f3ra vezet.<\/li><li>A <strong>menek\u00fcl\u00e9si \u00fatvonal a l\u00e9pcs\u0151n<\/strong> t\u00e1bl\u00e1t (amely a menek\u00fcl\u00e9si \u00fatvonalba tartozik) leggyakrabban a l\u00e9pcs\u0151fokokra helyezve haszn\u00e1lj\u00e1k.<\/li><li>Az <strong>akad\u00e1lymentes menek\u00fcl\u00e9si \u00fatvonal<\/strong> t\u00e1bl\u00e1t a hagyom\u00e1nyos menek\u00fcl\u00e9si \u00fatvonalhoz hasonl\u00f3an azokra a helyekre sz\u00fcks\u00e9ges kitenni, ahol ir\u00e1nyv\u00e1lt\u00e1s zajlik.<\/li><\/ol>\n\n\n\n<figure class=\"wp-block-gallery columns-3 is-cropped\"><ul class=\"blocks-gallery-grid\"><li class=\"blocks-gallery-item\"><figure><img src=\"https:\/\/www.manutan.hu\/blog\/wp-content\/uploads\/2022\/06\/Unikovy-vychod-vlavo.jpg\" alt=\"V\u00e9szkij\u00e1rat balra\" data-id=\"2136\" data-full-url=\"https:\/\/www.manutan.hu\/blog\/wp-content\/uploads\/2022\/06\/Unikovy-vychod-vlavo.jpg\" data-link=\"https:\/\/www.manutan.cz\/magazin\/unikovy-vychod-vlavo\/\" class=\"wp-image-2136\"\/><figcaption class=\"blocks-gallery-item__caption\"><em>1. Foszforeszk\u00e1l\u00f3 biztons\u00e1gi t\u00e1bla:<span class=\"has-inline-color has-primary-color\"> <\/span><\/em><span class=\"has-inline-color has-primary-color\"><em><a rel=\"noreferrer noopener\" href=\"https:\/\/www.manutan.hu\/hu\/mhu\/biztonsagi-tablak-fotolumineszcens-veszkijarat-balra-mig4705818\" data-type=\"URL\" data-id=\"https:\/\/www.manutan.hu\/hu\/mhu\/biztonsagi-tablak-fotolumineszcens-veszkijarat-balra-mig4705818\" target=\"_blank\">v\u00e9szkij\u00e1rat balra<\/a><\/em><\/span><\/figcaption><\/figure><\/li><li class=\"blocks-gallery-item\"><figure><img src=\"https:\/\/www.manutan.hu\/blog\/wp-content\/uploads\/2022\/06\/Unikovy-vychod-nad-dvere.jpg\" alt=\"V\u00e9szkij\u00e1rati ajt\u00f3 f\u00f6l\u00e9\" data-id=\"2134\" data-full-url=\"https:\/\/www.manutan.hu\/blog\/wp-content\/uploads\/2022\/06\/Unikovy-vychod-nad-dvere.jpg\" data-link=\"https:\/\/www.manutan.cz\/magazin\/unikovy-vychod-nad-dvere\/\" class=\"wp-image-2134\"\/><figcaption class=\"blocks-gallery-item__caption\">2. B<em>iztons\u00e1gi t\u00e1bla:<span class=\"has-inline-color has-primary-color\"> <\/span><\/em><span class=\"has-inline-color has-primary-color\"><em><a href=\"https:\/\/www.manutan.hu\/hu\/mhu\/menekulesi-foszforeszkalo-biztonsagi-tablak-veszkijarat-ajto-fole\" data-type=\"URL\" data-id=\"https:\/\/www.manutan.hu\/hu\/mhu\/menekulesi-foszforeszkalo-biztonsagi-tablak-veszkijarat-ajto-fole\" target=\"_blank\" rel=\"noreferrer noopener\">v\u00e9szkij\u00e1rati ajt\u00f3 megjel\u00f6l\u00e9s\u00e9re<\/a><\/em><\/span><\/figcaption><\/figure><\/li><li class=\"blocks-gallery-item\"><figure><img src=\"https:\/\/www.manutan.hu\/blog\/wp-content\/uploads\/2022\/06\/Unikovy-vychod-priebezny.jpg\" alt=\"Folytat\u00f3lagos v\u00e9szkij\u00e1rati ajt\u00f3\" data-id=\"2135\" data-full-url=\"https:\/\/www.manutan.hu\/blog\/wp-content\/uploads\/2022\/06\/Unikovy-vychod-priebezny.jpg\" data-link=\"https:\/\/www.manutan.cz\/magazin\/unikovy-vychod-priebezny\/\" class=\"wp-image-2135\"\/><figcaption class=\"blocks-gallery-item__caption\"><em>3. Biztons\u00e1gi t\u00e1bla:<span class=\"has-inline-color has-primary-color\"> <\/span><\/em><span class=\"has-inline-color has-primary-color\"><em><a rel=\"noreferrer noopener\" href=\"https:\/\/www.manutan.hu\/hu\/mhu\/biztonsagi-tablak-veszkijarat-egyenesen\" target=\"_blank\" data-type=\"URL\" data-id=\"https:\/\/www.manutan.hu\/hu\/mhu\/biztonsagi-tablak-veszkijarat-egyenesen\">folytat\u00f3lagos menek\u00fcl\u00e9si \u00fatvonal egyenesen<\/a><\/em><\/span><\/figcaption><\/figure><\/li><\/ul><\/figure>\n\n\n\n<figure class=\"wp-block-gallery columns-2 is-cropped\"><ul class=\"blocks-gallery-grid\"><li class=\"blocks-gallery-item\"><figure><img src=\"https:\/\/www.manutan.hu\/blog\/wp-content\/uploads\/2022\/06\/Unikove-schodisko-vlavo-dole.jpg\" alt=\"Menek\u00fcl\u00e9si \u00fatvonal: a l\u00e9pcs\u0151n balra lent\" data-id=\"2133\" data-full-url=\"https:\/\/www.manutan.hu\/blog\/wp-content\/uploads\/2022\/06\/Unikove-schodisko-vlavo-dole.jpg\" data-link=\"https:\/\/www.manutan.cz\/magazin\/unikove-schodisko-vlavo-dole\/\" class=\"wp-image-2133\"\/><figcaption class=\"blocks-gallery-item__caption\"><em>4. Foszforeszk\u00e1l\u00f3 biztons\u00e1gi t\u00e1bla:<span class=\"has-inline-color has-primary-color\"> <\/span><\/em><span class=\"has-inline-color has-primary-color\"><em><a rel=\"noreferrer noopener\" href=\"https:\/\/www.manutan.cz\/cs\/mcz\/tabulky-bezpeci-unikove-schodiste-vlevo-dolu\" target=\"_blank\">me<\/a><a href=\"https:\/\/www.manutan.hu\/hu\/mhu\/menekulesi-foszforeszkalo-biztonsagi-tablak-veszkijarat-lepcso-balra-le\" data-type=\"URL\" data-id=\"https:\/\/www.manutan.hu\/hu\/mhu\/menekulesi-foszforeszkalo-biztonsagi-tablak-veszkijarat-lepcso-balra-le\" target=\"_blank\" rel=\"noreferrer noopener\">nek\u00fcl\u00e9si \u00fatvonal: a l\u00e9pcs\u0151n balra lent<\/a><\/em><\/span><\/figcaption><\/figure><\/li><li class=\"blocks-gallery-item\"><figure><img src=\"https:\/\/www.manutan.hu\/blog\/wp-content\/uploads\/2022\/06\/Bezbarierovy-unik-vpravo.jpg\" alt=\"Akad\u00e1lymentes v\u00e9szkij\u00e1rat jobbra\" data-id=\"2128\" data-full-url=\"https:\/\/www.manutan.hu\/blog\/wp-content\/uploads\/2022\/06\/Bezbarierovy-unik-vpravo.jpg\" data-link=\"https:\/\/www.manutan.cz\/magazin\/bezbarierovy-unik-vpravo\/\" class=\"wp-image-2128\"\/><figcaption class=\"blocks-gallery-item__caption\"><em>5. Foszforeszk\u00e1l\u00f3 biztons\u00e1gi t\u00e1bla:<span class=\"has-inline-color has-primary-color\"> <\/span><\/em><span class=\"has-inline-color has-primary-color\"><em><a rel=\"noreferrer noopener\" href=\"https:\/\/www.manutan.hu\/hu\/mhu\/biztonsagi-tabla-akadalymentes-veszkijarat-jobbra\" data-type=\"URL\" data-id=\"https:\/\/www.manutan.hu\/hu\/mhu\/biztonsagi-tabla-akadalymentes-veszkijarat-jobbra\" target=\"_blank\">akad\u00e1lymentes v\u00e9szkij\u00e1rat jobbra<\/a><\/em><\/span><\/figcaption><\/figure><\/li><\/ul><\/figure>\n\n\n\n<p>Mindig \u00fagy helyezz\u00fck ki a t\u00e1bl\u00e1kat, hogy a halad\u00e1si ir\u00e1ny <strong>egy\u00e9rtelm\u0171<\/strong> legyen \u2013 k\u00fcl\u00f6n\u00f6sen olyan folyos\u00f3kon, ahol sok kanyar van, vagy l\u00e9pcs\u0151n.<\/p>\n\n\n\n<h2>Hol k\u00f6telez\u0151 a jel\u00f6l\u00e9s?<\/h2>\n\n\n\n<h4>A <a href=\"https:\/\/www.katasztrofavedelem.hu\/application\/uploads\/documents\/2019-12\/67049.pdf\" data-type=\"URL\" data-id=\"https:\/\/www.katasztrofavedelem.hu\/application\/uploads\/documents\/2019-12\/67049.pdf\" target=\"_blank\" rel=\"noreferrer noopener\">vonatkoz\u00f3 el\u0151\u00edr\u00e1sok<\/a> szerint menek\u00fcl\u00e9si \u00fatir\u00e1nyt jelz\u0151 biztons\u00e1gi jelekkel kell ell\u00e1tni<\/h4>\n\n\n\n<ul><li>a f\u00fcstmentes l\u00e9pcs\u0151h\u00e1zat \u00e9s az e fel\u00e9 vezet\u0151 utat,<\/li><li>a folyos\u00f3k minden keresztez\u0151d\u00e9s\u00e9t minden ir\u00e1nyb\u00f3l,<\/li><li>minden ir\u00e1nyv\u00e1ltoztat\u00e1st,<\/li><li>b\u00e1rmilyen szintv\u00e1ltoztat\u00e1st,<\/li><li>a k\u00f6telez\u0151en el\u0151\u00edrt v\u00e9szkij\u00e1ratokat,<\/li><li>a menek\u00fcl\u00e9sre haszn\u00e1lhat\u00f3 ablakokat, valamint<\/li><li>a szabadba vezet\u0151 utols\u00f3 kij\u00e1ratot.<\/li><\/ul>\n\n\n\n<p>Ez ut\u00f3bbi eset\u00e9ben a ment\u00e9sben k\u00f6zrem\u0171k\u00f6d\u0151k sz\u00e1m\u00e1ra a v\u00e9szkij\u00e1ratot k\u00edv\u00fclr\u0151l is meg kell jel\u00f6lni. A k\u00fcls\u0151 jel\u00f6l\u00e9s az \u00e9p\u00fcletek f\u0151bej\u00e1rat\u00e1n\u00e1l elhagyhat\u00f3.<\/p>\n\n\n\n<h2>A foszforeszk\u00e1l\u00f3 t\u00e1bl\u00e1k seg\u00edtenek a s\u00f6t\u00e9tben<\/h2>\n\n\n\n<p>Menek\u00fcl\u00e9si \u00fatvonalakon biztons\u00e1gi vil\u00e1g\u00edt\u00e1st kell felszerelni a kisfesz\u00fclts\u00e9g\u0171 er\u0151s\u00e1ram\u00fa berendez\u00e9sekre vonatkoz\u00f3 \u00e1ltal\u00e1nos el\u0151\u00edr\u00e1sok szerint. Magas \u00e9p\u00fcletek \u00e9s z\u00e1rt folyos\u00f3val rendelkez\u0151 k\u00f6z\u00e9pmagas \u00e9p\u00fcletek eset\u00e9n a menek\u00fcl\u00e9si \u00fatvonalakon biztons\u00e1gi vil\u00e1g\u00edt\u00e1st kell l\u00e9tes\u00edteni.<\/p>\n\n\n\n<p>A ki\u00fcr\u00edt\u00e9si folyamathoz sz\u00fcks\u00e9ges l\u00e1t\u00e1si \u00e9s t\u00e1j\u00e9koz\u00f3d\u00e1si felt\u00e9teleket a biztons\u00e1gi vil\u00e1g\u00edt\u00e1s mellett m\u00e1s megold\u00e1ssal is biztos\u00edtani kell. Ilyen lehet az \u00e9p\u00fcletben elhelyezked\u0151 k\u00fcl\u00f6nf\u00e9le t\u00e1rgyak vil\u00e1g\u00edt\u00f3 m\u00f3don t\u00f6rt\u00e9n\u0151 megjel\u00f6l\u00e9se, p\u00e9ld\u00e1ul vil\u00e1g\u00edt\u00f3 fal- vagy padl\u00f3jel\u00f6l\u0151 cs\u00edk, esetleg fest\u00e9k alkalmaz\u00e1sa.<\/p>\n\n\n\n<p>Az \u00e9p\u00fclet menek\u00fcl\u00e9si \u00fatvonalain a vonatkoz\u00f3 m\u0171szaki k\u00f6vetelm\u00e9nynek megfelel\u0151, vagy azzal egyen\u00e9rt\u00e9k\u0171 biztons\u00e1got ny\u00fajt\u00f3 menek\u00fcl\u00e9si <strong>\u00fatir\u00e1ny-jelz\u0151rendszert kell a biztons\u00e1gi vil\u00e1g\u00edt\u00e1s mellett l\u00e9tes\u00edteni.<\/strong><\/p>\n\n\n\n<p>A teljes menek\u00fcl\u00e9si \u00fatvonalat, bele\u00e9rtve az ajt\u00f3kat \u00e9s az akad\u00e1lyokat is, megfelel\u0151en meg kell vil\u00e1g\u00edtani, hogy <strong>\u00e1ramsz\u00fcnet eset\u00e9n is biztos\u00edtott legyen a t\u00e1j\u00e9koz\u00f3d\u00e1s<\/strong>. Az els\u0151 lehet\u0151s\u00e9g az, hogy a v\u00e9szvil\u00e1g\u00edt\u00e1st a falra helyezz\u00fck. A m\u00e1sodik lehet\u0151s\u00e9g a m\u0171anyag vagy \u00f6ntapad\u00f3s t\u00e1bl\u00e1k helyett <strong><a rel=\"noreferrer noopener\" href=\"https:\/\/www.manutan.hu\/hu\/mhu\/tablak-veszkijaratokhoz-es-menekiteshez#productBeginIndex:0&amp;\" data-type=\"URL\" data-id=\"https:\/\/www.manutan.hu\/hu\/mhu\/tablak-veszkijaratokhoz-es-menekiteshez#productBeginIndex:0&amp;\" target=\"_blank\">foszforeszk\u00e1l\u00f3 jel\u00f6l\u00e9sek<\/a><\/strong> haszn\u00e1lata, amelyek teljesen karbantart\u00e1smentesek \u00e9s akkor is vil\u00e1g\u00edtanak, ha meghib\u00e1sodna a vil\u00e1g\u00edt\u00e1s.<\/p>\n\n\n\n<p>A padl\u00f3jel\u00f6l\u00e9sekn\u00e9l ne feledkezz\u00fcnk meg a <strong>l\u00e9pcs\u0151kr\u0151l<\/strong> sem. Biztons\u00e1gosan le tudunk menni a l\u00e9pcs\u0151n, ha elmegy az \u00e1ram a munkahely\u00fcnk\u00f6n? Az els\u0151 \u00e9s az utols\u00f3 l\u00e9pcs\u0151k sz\u00e9leit mindig \u00e9rdemes lumineszcens (\u00e9s cs\u00fasz\u00e1sg\u00e1tl\u00f3) szalaggal megjel\u00f6lni.<\/p>\n\n\n\n<h2>Hogyan t\u00f6rt\u00e9nik a riaszt\u00e1s \u00e9s a ki\u00fcr\u00edt\u00e9s t\u0171zv\u00e9sz eset\u00e9n?<\/h2>\n\n\n\n<ol><li>Ha az \u00e9p\u00fcletben b\u00e1rki f\u00fcst\u00f6t, t\u00fczet vagy m\u00e1s szokatlan helyzetet \u00e9szlel, <strong>megnyomja a t\u0171zjelz\u0151 gombot a riaszt\u00f3 aktiv\u00e1l\u00e1s\u00e1hoz<\/strong>. Ha nincs szir\u00e9na vagy t\u0171zjelz\u0151 gomb az \u00e9p\u00fcletben, \u201eT\u0171z van!\u201d kiab\u00e1l\u00e1ssal kell jelezni. Hangsz\u00f3r\u00f3 is haszn\u00e1lhat\u00f3 riaszt\u00e1sra.<\/li><li>Azonnal h\u00edvni kell a <strong>112-es seg\u00e9lyh\u00edv\u00f3 sz\u00e1mot<\/strong>, \u00e9s a lehet\u0151 legr\u00e9szletesebben t\u00e1j\u00e9koztatni kell a kezel\u0151t.<\/li><li><strong>Z\u00e1rjuk be az \u00f6sszes k\u00f6rnyez\u0151 ablakot<\/strong>. A leveg\u0151 ugyanis t\u00e1pl\u00e1lja az \u00e9g\u00e9st. H\u00fazzuk ki az \u00f6sszes elektromos k\u00e9sz\u00fcl\u00e9ket, \u00e9s z\u00e1rjuk el a g\u00e1z- \u00e9s v\u00edzcsapokat. <strong>Hagyjuk az \u00e9p\u00fcletben felkapcsolva a l\u00e1mp\u00e1kat<\/strong> a jobb t\u00e1j\u00e9koz\u00f3d\u00e1s \u00e9rdek\u00e9ben.<\/li><li>Ind\u00edtsuk el a ki\u00fcr\u00edt\u00e9st \u00e9s gy\u0151z\u0151dj\u00fcnk meg arr\u00f3l, hogy a dolgoz\u00f3k teljes csoportja elhagyta az \u00e9p\u00fcletet.<\/li><li><strong>Vonuljunk a kijel\u00f6lt gy\u00fclekez\u0151helyre. <\/strong>Mindig igyekezz\u00fcnk szabadon hagyni a helyet a ment\u0151knek \u00e9s a t\u0171zolt\u00f3knak. Ha kider\u00fcl, hogy valaki hi\u00e1nyzik, azonnal jelents\u00fck a ment\u0151csapat egyik tagj\u00e1nak. Adjunk min\u00e9l jobb le\u00edr\u00e1st az adott szem\u00e9lyr\u0151l \u2013 hogyan n\u00e9z ki, van-e ismert eg\u00e9szs\u00e9g\u00fcgyi probl\u00e9m\u00e1ja, \u00e9s hogy hol tart\u00f3zkodhat.<\/li><\/ol>\n\n\n\n<p><strong>FONTOS:<\/strong> A ki\u00fcr\u00edt\u00e9s sor\u00e1n <strong>soha ne haszn\u00e1ljunk liftet<\/strong>. Amellett, hogy benne rekedhet\u00fcnk, a liftakna k\u00e9m\u00e9nyk\u00e9nt is m\u0171k\u00f6dik, \u00e9s ahogy a lift mozog, az \u00e1raml\u00f3 leveg\u0151vel terjed a t\u0171z. A nagy irodah\u00e1zakban a liftek \u00e1ltal\u00e1ban magukt\u00f3l lemennek, ha megsz\u00f3lal a riaszt\u00f3. Mindig a l\u00e9pcs\u0151t \u00e9s az \u00e9p\u00fclet hagyom\u00e1nyos kij\u00e1rat\u00e1t haszn\u00e1ljuk.<\/p>\n\n\n\n<p>Amikor a ki\u00fcr\u00edt\u00e9si \u00fatvonalat jel\u00f6lj\u00fck ki, legyen egy\u00e9rtelm\u0171en l\u00e1that\u00f3, hogy a lift nem v\u00e9szkij\u00e1rat.<\/p>\n\n\n\n<p>Ha seg\u00edts\u00e9gre van sz\u00fcks\u00e9ge a megfelel\u0151 munkahelyi biztons\u00e1gi t\u00e1bl\u00e1k kiv\u00e1laszt\u00e1s\u00e1ban, vegye fel a kapcsolatot<span class=\"has-inline-color has-primary-color\"> <a href=\"https:\/\/www.manutan.hu\/hu\/mhu\/kapcsolat\" data-type=\"URL\" data-id=\"https:\/\/www.manutan.hu\/hu\/mhu\/kapcsolat\" target=\"_blank\" rel=\"noreferrer noopener\">koll\u00e9g\u00e1inkkal.<\/a><\/span> <\/p>\n","protected":false},"excerpt":{"rendered":"<p>K\u00f6rbej\u00e1rjuk, hogyan kell helyesen jel\u00f6lni a menek\u00fcl\u00e9si \u00fatvonalat \u00e9s \u00e1ttekintj\u00fck a ki\u00fcr\u00edt\u00e9s alapvet\u0151 szab\u00e1lyait is.<\/p>\n","protected":false},"author":1,"featured_media":2126,"comment_status":"closed","ping_status":"closed","sticky":false,"template":"","format":"standard","meta":[],"categories":[522],"tags":[339,357,358],"jetpack_featured_media_url":"https:\/\/www.manutan.hu\/blog\/wp-content\/uploads\/2022\/06\/Evakuacia-uvodny-obrazok.jpg","_links":{"self":[{"href":"https:\/\/www.manutan.hu\/blog\/wp-json\/wp\/v2\/posts\/2136"}],"collection":[{"href":"https:\/\/www.manutan.hu\/blog\/wp-json\/wp\/v2\/posts"}],"about":[{"href":"https:\/\/www.manutan.hu\/blog\/wp-json\/wp\/v2\/types\/post"}],"author":[{"embeddable":true,"href":"https:\/\/www.manutan.hu\/blog\/wp-json\/wp\/v2\/users\/1"}],"replies":[{"embeddable":true,"href":"https:\/\/www.manutan.hu\/blog\/wp-json\/wp\/v2\/comments?post=2136"}],"version-history":[{"count":9,"href":"https:\/\/www.manutan.hu\/blog\/wp-json\/wp\/v2\/posts\/2136\/revisions"}],"predecessor-version":[{"id":2497,"href":"https:\/\/www.manutan.hu\/blog\/wp-json\/wp\/v2\/posts\/2136\/revisions\/2497"}],"wp:featuredmedia":[{"embeddable":true,"href":"https:\/\/www.manutan.hu\/blog\/wp-json\/wp\/v2\/media\/2126"}],"wp:attachment":[{"href":"https:\/\/www.manutan.hu\/blog\/wp-json\/wp\/v2\/media?parent=2136"}],"wp:term":[{"taxonomy":"category","embeddable":true,"href":"https:\/\/www.manutan.hu\/blog\/wp-json\/wp\/v2\/categories?post=2136"},{"taxonomy":"post_tag","embeddable":true,"href":"https:\/\/www.manutan.hu\/blog\/wp-json\/wp\/v2\/tags?post=2136"}],"curies":[{"name":"wp","href":"https:\/\/api.w.org\/{rel}","templated":true}]}}