{"id":2112,"date":"2022-07-08T08:30:00","date_gmt":"2022-07-08T06:30:00","guid":{"rendered":"https:\/\/www.manutan.hu\/blog\/?p=2112"},"modified":"2025-04-16T14:36:16","modified_gmt":"2025-04-16T12:36:16","slug":"teherszallitas-hogyan-rogzitsuk-az-arut-biztonsagosan","status":"publish","type":"post","link":"https:\/\/www.manutan.hu\/blog\/teherszallitas-hogyan-rogzitsuk-az-arut-biztonsagosan\/","title":{"rendered":"Tehersz\u00e1ll\u00edt\u00e1s: hogyan r\u00f6gz\u00edts\u00fck az \u00e1rut biztons\u00e1gosan?"},"content":{"rendered":"\n<figure class=\"wp-block-image size-large\"><img src=\"https:\/\/www.manutan.hu\/blog\/wp-content\/uploads\/2022\/06\/pexels-photo-5961982.jpeg\" alt=\"\" class=\"wp-image-1893\"\/><\/figure>\n\n\n\n<p>Miel\u0151tt megkezdj\u00fck az \u00e1ru rakod\u00e1s\u00e1t, gondoljuk \u00e1t, hogyan tudjuk biztons\u00e1gosan r\u00f6gz\u00edteni a rakom\u00e1nyt. Els\u0151sorban a <strong>megfelel\u0151 k\u00f6zleked\u00e9si eszk\u00f6z<\/strong> kiv\u00e1laszt\u00e1sa \u00e9s a <strong>terep hozz\u00e1vet\u0151leges ismerete<\/strong> sz\u00fcks\u00e9ges, amerre menni fogunk (aut\u00f3p\u00e1ly\u00e1n m\u00e1sk\u00e9pp viselkedik az aut\u00f3, mint erdei \u00faton). Fontosak tov\u00e1bb\u00e1 a <strong>rakom\u00e1ny pontos param\u00e9terei<\/strong>. Ha nem tudjuk, mit visz\u00fcnk, mekkora a t\u00f6mege \u00e9s a m\u00e9rete, akkor rossz kik\u00f6t\u00e9si \u00e9s r\u00f6gz\u00edt\u00e9si m\u00f3dot v\u00e1laszthatunk. M\u00e1rpedig a sz\u00e1ll\u00edt\u00e1s sor\u00e1n biztosnak kell lenn\u00fcnk abban, hogy a felpakolt \u00e1ru nem fog meglazulni vagy kisz\u00f3r\u00f3dni.<\/p>\n\n\n\n<p>Az el\u0151k\u00e9sz\u00fcletekbe vonjuk be azokat a koll\u00e9g\u00e1kat, akik az \u00e1ru fel- \u00e9s lerakod\u00e1s\u00e1r\u00f3l gondoskodnak.<\/p>\n\n\n\n<h2>Hogyan kezelj\u00fck a k\u00fcl\u00f6nb\u00f6z\u0151 \u00e1rufajt\u00e1kat?<\/h2>\n\n\n\n<h3>1. \u00d6mlesztett anyagok<\/h3>\n\n\n\n<p>Az olyan \u00e1rut, mint az <strong>\u00e9rc, sz\u00e9n vagy homok<\/strong> egyenletesen helyezz\u00fck el a teljes rakt\u00e9rben. Ha fenn\u00e1ll annak a vesz\u00e9lye, hogy az anyagot lef\u00fajja a sz\u00e9l, takarjuk le<span class=\"has-inline-color has-primary-color\"> <a href=\"https:\/\/www.manutan.hu\/hu\/mhu\/pe-takaroponyvak\" data-type=\"URL\" data-id=\"https:\/\/www.manutan.hu\/hu\/mhu\/pe-takaroponyvak\" target=\"_blank\" rel=\"noreferrer noopener\">ponyv\u00e1val<\/a><\/span>.<\/p>\n\n\n\n<h3>2. L\u00e9dig \u00e1ru (csomagol\u00e1s n\u00e9lk\u00fcli)<\/h3>\n\n\n\n<p>A rendezetlen, csomagol\u00e1s n\u00e9lk\u00fcli \u00e1rut, p\u00e9ld\u00e1ul a t\u00f6rmel\u00e9ket, pap\u00edrhullad\u00e9kot vagy faforg\u00e1csot szint\u00e9n a rakod\u00f3t\u00e9r teljes ter\u00fclet\u00e9n kell eloszlatni. <strong>A rakom\u00e1ny nem lehet magasabban, mint az aut\u00f3 oldalfala.<\/strong><\/p>\n\n\n\n<p>Az olyan neh\u00e9z \u00e1ru tetej\u00e9t\u0151l, amely leeshet \u00e9s vesz\u00e9lyeztetheti a k\u00f6zleked\u00e9sbiztons\u00e1got (k\u0151, f\u00e9mhullad\u00e9k, 15 mm-n\u00e9l vastagabb deszk\u00e1k), <strong>legal\u00e1bb 10 cm-t<\/strong> <strong>szabadon kell hagyni<\/strong> az aut\u00f3 oldalfal\u00e1nak tetej\u00e9ig.<\/p>\n\n\n\n<h3>3. Szil\u00e1rd \u00e1ru<\/h3>\n\n\n\n<p>Az \u00e1ltal\u00e1ban csomagol\u00e1ssal v\u00e9dett \u00e1rukat egyenk\u00e9nt vagy csoportosan r\u00f6gz\u00edtj\u00fck sz\u00e1ll\u00edt\u00e1skor. Ha <strong>t\u00f6r\u00e9keny \u00e1rut<\/strong> sz\u00e1ll\u00edtunk, j\u00e1rjunk el m\u00e9g \u00f3vatosabban \u00e9s k\u00f6vess\u00fck a gy\u00e1rt\u00f3 t\u00e1rol\u00e1si el\u0151\u00edr\u00e1sait.<\/p>\n\n\n\n<p>Az \u00fct\u0151d\u00e9sek \u00e9s a spont\u00e1n mozg\u00e1s elker\u00fcl\u00e9se \u00e9rdek\u00e9ben rakjuk az \u00e1rut <strong>t\u00e9rk\u00f6z\u00f6sen<\/strong>. Ezt ut\u00e1na kit\u00f6lthetj\u00fck p\u00e9ld\u00e1ul <strong><span class=\"has-inline-color has-primary-color\"><a href=\"https:\/\/www.manutan.hu\/hu\/mhu\/raklapok#productBeginIndex:0&amp;\" data-type=\"URL\" data-id=\"https:\/\/www.manutan.hu\/hu\/mhu\/raklapok#productBeginIndex:0&amp;\" target=\"_blank\" rel=\"noreferrer noopener\">\u00e9l\u00e9re \u00e1ll\u00edtott k\u00f6z\u00f6ns\u00e9ges raklappal<\/a> <\/span><\/strong>vagy <strong>felf\u00fajhat\u00f3 zs\u00e1kokkal<\/strong>.<\/p>\n\n\n\n<p>Az \u00e1ru t\u00edpus\u00e1t\u00f3l, s\u00faly\u00e1t\u00f3l \u00e9s a t\u00e1rol\u00e1s m\u00f3dj\u00e1t\u00f3l f\u00fcgg\u0151en a rakom\u00e1nyt <strong>f\u00e1val \u00e9s \u00e9kekkel<\/strong> vagy <strong>r\u00f6gz\u00edt\u0151 eszk\u00f6z\u00f6kkel<\/strong> kik\u00f6t\u00f6zve is r\u00f6gz\u00edthetj\u00fck.<\/p>\n\n\n\n<p><strong>A <a href=\"https:\/\/www.manutan.hu\/hu\/mhu\/kotelek-szijak-huzalok-hevederek-es-lancok#productBeginIndex:0&amp;\" data-type=\"URL\" data-id=\"https:\/\/www.manutan.hu\/hu\/mhu\/kotelek-szijak-huzalok-hevederek-es-lancok#productBeginIndex:0&amp;\" target=\"_blank\" rel=\"noreferrer noopener\"><span class=\"has-inline-color has-primary-color\">r\u00f6gz\u00edt\u0151 eszk\u00f6z\u00f6k<\/span><\/a> t\u00edpusai:<\/strong><\/p>\n\n\n\n<ul><li>l\u00e1ncok \u00e9s ac\u00e9lsodronyok<\/li><li>hevederek<\/li><li>p\u00e1ntol\u00f3szalagok<\/li><li>ac\u00e9l huzalok (csak 3 tonna s\u00faly alatt, illetve a huzal \u00e1tm\u00e9r\u0151je legyen legal\u00e1bb 4 mm)<\/li><\/ul>\n\n\n\n<p>Ha az <strong>\u00e1rur\u00f6gz\u00edt\u00e9s egyetlen m\u00f3dja a k\u00f6t\u00f6z\u00e9s<\/strong>, akkor keresztben \u00e9s hosszir\u00e1nyban is meg kell k\u00f6tni. M\u00e9gpedig mindk\u00e9t ir\u00e1nyban legal\u00e1bb k\u00e9tszer. Bizonyosodjunk meg arr\u00f3l, hogy a l\u00e1ncok, k\u00f6telek, hevederek \u00e9s huzalok kell\u0151en meg vannak fesz\u00edtve.<\/p>\n\n\n\n<h3>4. G\u00f6rd\u00fcl\u0151 \u00e1ru<\/h3>\n\n\n\n<p>Henger alak\u00fa t\u00e1rgyakat (pap\u00edrtekercseket, hord\u00f3kat, k\u00e1beldobokat stb.) minden lehets\u00e9ges g\u00f6rd\u00fcl\u00e9si ir\u00e1nyban biztos\u00edtunk. Erre a c\u00e9lra haszn\u00e1lhat\u00f3k a fix falak, oldallapok, rakonc\u00e1k,<span class=\"has-inline-color has-primary-color\"> <a href=\"https:\/\/www.manutan.hu\/SearchDisplay?searchType=12&amp;advancedSearch=&amp;pageSize=28&amp;filterTerm=&amp;searchTermScope=&amp;storeId=11717&amp;pageView=grid&amp;manufacturer=&amp;urlLangId=-1009&amp;sType=SimpleSearch&amp;metaData=&amp;catalogId=11608&amp;searchTerm=f%C3%A9m+%C3%A9k&amp;resultCatEntryType=2&amp;showResultsPage=true&amp;minPrice=&amp;beginIndex=0&amp;top_category=&amp;maxPrice=&amp;langId=-1009&amp;categoryId=5279742#productBeginIndex:0&amp;\" data-type=\"URL\" data-id=\"https:\/\/www.manutan.hu\/SearchDisplay?searchType=12&amp;advancedSearch=&amp;pageSize=28&amp;filterTerm=&amp;searchTermScope=&amp;storeId=11717&amp;pageView=grid&amp;manufacturer=&amp;urlLangId=-1009&amp;sType=SimpleSearch&amp;metaData=&amp;catalogId=11608&amp;searchTerm=f%C3%A9m+%C3%A9k&amp;resultCatEntryType=2&amp;showResultsPage=true&amp;minPrice=&amp;beginIndex=0&amp;top_category=&amp;maxPrice=&amp;langId=-1009&amp;categoryId=5279742#productBeginIndex:0&amp;\" target=\"_blank\" rel=\"noreferrer noopener\">\u00e9kek<\/a><\/span> (csak 7 tonna s\u00falyig), talapzatok vagy rakod\u00f3 kont\u00e9nerek.<\/p>\n\n\n\n<figure class=\"wp-block-gallery columns-3 is-cropped\"><ul class=\"blocks-gallery-grid\"><li class=\"blocks-gallery-item\"><figure><img src=\"https:\/\/www.manutan.hu\/blog\/wp-content\/uploads\/2022\/06\/AIG3220969.jpg\" alt=\"AIG3220969\" data-id=\"1892\" data-full-url=\"https:\/\/www.manutan.hu\/blog\/wp-content\/uploads\/2022\/06\/AIG3220969.jpg\" data-link=\"https:\/\/www.manutan.cz\/magazin\/aig3220969\/\" class=\"wp-image-1892\"\/><figcaption class=\"blocks-gallery-item__caption\"><em><span class=\"has-inline-color has-primary-color\"><a rel=\"noreferrer noopener\" href=\"https:\/\/www.manutan.cz\/cs\/mcz\/vazaci-paska-pp-12-mm-mig3208022\" target=\"_blank\">Polipropil\u00e9n p\u00e1ntol\u00f3szalag<\/a> <\/span>az \u00e1ruk gyors \u00e9s megb\u00edzhat\u00f3 r\u00f6gz\u00edt\u00e9s\u00e9hez. R\u00e1ad\u00e1sul k\u00f6rnyezetbar\u00e1t \u00e9s \u00fajrahasznos\u00edthat\u00f3.<\/em><\/figcaption><\/figure><\/li><li class=\"blocks-gallery-item\"><figure><img src=\"https:\/\/www.manutan.hu\/blog\/wp-content\/uploads\/2022\/06\/AIG3296327.jpg\" alt=\"AIG3296327\" data-id=\"1891\" data-full-url=\"https:\/\/www.manutan.hu\/blog\/wp-content\/uploads\/2022\/06\/AIG3296327.jpg\" data-link=\"https:\/\/www.manutan.cz\/magazin\/aig3296327\/\" class=\"wp-image-1891\"\/><figcaption class=\"blocks-gallery-item__caption\">A <em><span class=\"has-inline-color has-primary-color\"><a href=\"https:\/\/www.manutan.hu\/hu\/mhu\/manutan-fem-ek\" data-type=\"URL\" data-id=\"https:\/\/www.manutan.hu\/hu\/mhu\/manutan-fem-ek\" target=\"_blank\" rel=\"noreferrer noopener\">f\u00e9m \u00e9k<\/a> <\/span>megakad\u00e1lyozza, hogy a j\u00e1rm\u0171vek vagy kerek t\u00e1rgyak szabadon mozogjanak a rakt\u00e9rben.<\/em><\/figcaption><\/figure><\/li><li class=\"blocks-gallery-item\"><figure><img loading=\"lazy\" width=\"517\" height=\"458\" src=\"https:\/\/www.manutan.hu\/blog\/wp-content\/uploads\/2022\/07\/heveder.png\" alt=\"\" data-id=\"2384\" data-full-url=\"https:\/\/www.manutan.hu\/blog\/wp-content\/uploads\/2022\/07\/heveder.png\" data-link=\"https:\/\/www.manutan.hu\/blog\/?attachment_id=2384\" class=\"wp-image-2384\" srcset=\"https:\/\/www.manutan.hu\/blog\/wp-content\/uploads\/2022\/07\/heveder.png 517w, https:\/\/www.manutan.hu\/blog\/wp-content\/uploads\/2022\/07\/heveder-300x266.png 300w\" sizes=\"(max-width: 517px) 100vw, 517px\" \/><figcaption class=\"blocks-gallery-item__caption\">A <a rel=\"noreferrer noopener\" href=\"https:\/\/www.manutan.hu\/hu\/mhu\/egyreszes-rogzito-heveder-manutan-250-kg-ig\" data-type=\"URL\" data-id=\"https:\/\/www.manutan.hu\/hu\/mhu\/egyreszes-rogzito-heveder-manutan-250-kg-ig\" target=\"_blank\"><span class=\"has-inline-color has-primary-color\">r\u00f6gz\u00edt\u0151 heveder<\/span><\/a> 250 kg-os terhel\u00e9sig haszn\u00e1lhat\u00f3 k\u00f6z\u00fati, vas\u00fati \u00e9s haj\u00f3s sz\u00e1ll\u00edt\u00e1s sor\u00e1n is. Megfelel az EN 12195-2 szabv\u00e1nynak.<\/figcaption><\/figure><\/li><\/ul><\/figure>\n\n\n\n<h3>5. R\u00f6nksz\u00e1ll\u00edt\u00e1s<\/h3>\n\n\n\n<p>Ha <strong>k\u00f6tegelt<\/strong> vagy huzallal \u00f6sszek\u00f6t\u00f6tt f\u00e1t sz\u00e1ll\u00edtunk, felrakod\u00e1s el\u0151tt ellen\u0151rizz\u00fck, hogy a k\u00f6tegel\u0151anyag nem s\u00e9r\u00fclt-e. Vigy\u00e1zat \u2013 sem az ac\u00e9lhuzal, sem a m\u0171anyagszalag nem jelent \u00f6nmag\u00e1ban megfelel\u0151 v\u00e9delmet. Mindig r\u00f6gz\u00edts\u00fck a rakom\u00e1nyt a j\u00e1rm\u0171h\u00f6z a fenti r\u00f6gz\u00edt\u00e9si m\u00f3dok seg\u00edts\u00e9g\u00e9vel.<\/p>\n\n\n\n<p><strong>R\u00f6nk\u00f6ket \u00e9s f\u0171r\u00e9sz\u00e1rut <\/strong>tan\u00e1csos l\u00e1ncokkal vagy fesz\u00edt\u0151 hevederekkel \u00f6sszek\u00f6tni (lehet\u0151leg \u00f6nfesz\u00edt\u0151ssel). A r\u00f6nk\u00f6ket hosszir\u00e1nyban vagy keresztir\u00e1nyban rakjuk fel. A <strong>hosszir\u00e1ny\u00fa sz\u00e1ll\u00edt\u00e1s biztons\u00e1gosabb<\/strong>, mert nem \u00e1ll fenn gurul\u00e1svesz\u00e9ly. A t\u00f6bbi rakom\u00e1nyhoz hasonl\u00f3an ezeket is egyenletesen, kiegyens\u00falyozva kell elosztani. A k\u00fcls\u0151 r\u00f6nk\u00f6ket legal\u00e1bb k\u00e9t-k\u00e9t p\u00e1r f\u00fcgg\u0151leges t\u00e1maszt\u00e9kkal r\u00f6gz\u00edts\u00fck. A r\u00f6nk\u00f6k v\u00e9ge legal\u00e1bb 300 mm-rel ny\u00faljon t\u00fal az oldaloszlopokon. Ha az erd\u0151ben rakodt\u00e1k fel a f\u00e1t, <strong>az erdei \u00fat elhagy\u00e1sa ut\u00e1n \u00e9rdemes meg\u00e1llni<\/strong> \u00e9s ellen\u0151rizni, hogy nem mozdult-e el a rakom\u00e1ny.<\/p>\n\n\n\n<h3>6. G\u00e9pek sz\u00e1ll\u00edt\u00e1sa<\/h3>\n\n\n\n<p><strong>Darut, emel\u0151\u00e1llv\u00e1nyt, hidraulikus emel\u0151t, \u00fathengert, targonc\u00e1t vagy egy\u00e9b kerekes vagy l\u00e1nctalpas munkag\u00e9pet<\/strong> csak arra alkalmas j\u00e1rm\u0171vel sz\u00e1ll\u00edtsunk. A gy\u00e1rt\u00f3k \u00e1ltal\u00e1ban t\u00e1j\u00e9koztat\u00e1st ny\u00fajtanak a munkag\u00e9pek sz\u00e1ll\u00edt\u00e1s alatti r\u00f6gz\u00edt\u00e9s\u00e9r\u0151l \u2013 ne habozzunk kapcsolatba l\u00e9pni a keresked\u0151vel, ha k\u00e9rd\u00e9s\u00fcnk van.<\/p>\n\n\n\n<p>A g\u00e9pet a rakod\u00f3fel\u00fcleten l\u00e1ncokkal vagy hevederekkel r\u00f6gz\u00edthetj\u00fck a (gy\u00e1rt\u00f3k \u00e1ltal k\u00f6zvetlen\u00fcl a g\u00e9pen megjel\u00f6lt) <strong>r\u00f6gz\u00edt\u00e9si pontokon<\/strong>. A g\u00e9pet \u00fagy r\u00f6gz\u00edtj\u00fck, hogy megakad\u00e1lyozzuk az el\u0151re-h\u00e1tra \u00e9s az oldalir\u00e1ny\u00fa mozg\u00e1s\u00e1t.\u00a0B\u00e1r a g\u00e9pet mindig <strong>beh\u00fazott r\u00f6gz\u00edt\u0151f\u00e9kkel r\u00f6gz\u00edtj\u00fck<\/strong>, ahol a kerekeket <strong>\u00e9kekkel<\/strong> stabiliz\u00e1ljuk. Ne becs\u00fclj\u00fck al\u00e1 a f\u00e9kek szerep\u00e9t.<\/p>\n\n\n\n<h2>Miel\u0151tt elkezd\u00fcnk felrakodni<\/h2>\n\n\n\n<p>B\u00e1rmilyen \u00e1rut sz\u00e1ll\u00edtsunk, ne feledj\u00fck a <strong>legfontosabb szab\u00e1lyokat<\/strong>:<\/p>\n\n\n\n<ul><li>Sose l\u00e9pj\u00fck t\u00fal a <strong>j\u00e1rm\u0171v\u00fcnk legnagyobb megengedett \u00f6sszt\u00f6meg\u00e9t<\/strong> (\u00e9s sz\u00e1moljunk azzal, hogy a r\u00f6gz\u00edt\u0151l\u00e1ncnak is van s\u00falya).<\/li><li>A <strong>legmagasabb<\/strong> dolgokat tegy\u00fck annyira el\u0151re, amennyire csak lehets\u00e9ges.<\/li><li><strong>Egyenletesen<\/strong> osszuk el a s\u00falyt.<\/li><li>A rakt\u00e9rben l\u00e9v\u0151 t\u00e1rgyak <strong>nem korl\u00e1tozhatj\u00e1k \u00e9s nem vesz\u00e9lyeztethetik a j\u00e1rm\u0171vezet\u0151t<\/strong>, \u00e9s <strong>nem akad\u00e1lyozhatj\u00e1k a kil\u00e1t\u00e1st<\/strong>.<\/li><li>A r\u00f6gz\u00edt\u0151l\u00e1ncokon \u00e9s -k\u00f6teleken nem lehetnek <strong>csom\u00f3k<\/strong>.<\/li><\/ul>\n\n\n\n<p>A <strong>rakom\u00e1ny indul\u00e1s el\u0151tti dokument\u00e1l\u00e1sa<\/strong> bizony\u00edt\u00e9kul szolg\u00e1lhat k\u00e1rig\u00e9ny eset\u00e9n, ha fenn\u00e1ll a rakom\u00e1ny s\u00e9r\u00fcl\u00e9s\u00e9nek kock\u00e1zata.<\/p>\n\n\n\n<p>Ha tehersz\u00e1ll\u00edt\u00e1shoz, rakod\u00e1shoz vagy \u00e1rumozgat\u00e1shoz sz\u00fcks\u00e9ges felszerel\u00e9sre van sz\u00fcks\u00e9ge, keresse bizalommal <a href=\"https:\/\/www.manutan.hu\/hu\/mhu\/kapcsolat\" data-type=\"URL\" data-id=\"https:\/\/www.manutan.hu\/hu\/mhu\/kapcsolat\" target=\"_blank\" rel=\"noreferrer noopener\"><span class=\"has-inline-color has-primary-color\">\u00fcgyf\u00e9lszolg\u00e1latunkat vagy \u00e9rt\u00e9kes\u00edt\u00e9si k\u00e9pvisel\u0151inket.<\/span><\/a><\/p>\n","protected":false},"excerpt":{"rendered":"<p>A szab\u00e1lyok be nem tart\u00e1sa vesz\u00e9lyeztetheti a j\u00e1rm\u0171vezet\u0151t \u00e9s a t\u00f6bbi aut\u00f3st is. Cikk\u00fcnkb\u0151l kider\u00fcl, hogyan kell r\u00f6gz\u00edteni k\u00fcl\u00f6nb\u00f6z\u0151 t\u00edpus\u00fa rakom\u00e1nyokat \u2013 a homokt\u00f3l a kis markol\u00f3ig. <\/p>\n","protected":false},"author":1,"featured_media":2108,"comment_status":"closed","ping_status":"closed","sticky":false,"template":"","format":"standard","meta":[],"categories":[522],"tags":[361,282,360],"jetpack_featured_media_url":"https:\/\/www.manutan.hu\/blog\/wp-content\/uploads\/2022\/06\/pexels-photo-5961982.jpeg","_links":{"self":[{"href":"https:\/\/www.manutan.hu\/blog\/wp-json\/wp\/v2\/posts\/2112"}],"collection":[{"href":"https:\/\/www.manutan.hu\/blog\/wp-json\/wp\/v2\/posts"}],"about":[{"href":"https:\/\/www.manutan.hu\/blog\/wp-json\/wp\/v2\/types\/post"}],"author":[{"embeddable":true,"href":"https:\/\/www.manutan.hu\/blog\/wp-json\/wp\/v2\/users\/1"}],"replies":[{"embeddable":true,"href":"https:\/\/www.manutan.hu\/blog\/wp-json\/wp\/v2\/comments?post=2112"}],"version-history":[{"count":14,"href":"https:\/\/www.manutan.hu\/blog\/wp-json\/wp\/v2\/posts\/2112\/revisions"}],"predecessor-version":[{"id":2650,"href":"https:\/\/www.manutan.hu\/blog\/wp-json\/wp\/v2\/posts\/2112\/revisions\/2650"}],"wp:featuredmedia":[{"embeddable":true,"href":"https:\/\/www.manutan.hu\/blog\/wp-json\/wp\/v2\/media\/2108"}],"wp:attachment":[{"href":"https:\/\/www.manutan.hu\/blog\/wp-json\/wp\/v2\/media?parent=2112"}],"wp:term":[{"taxonomy":"category","embeddable":true,"href":"https:\/\/www.manutan.hu\/blog\/wp-json\/wp\/v2\/categories?post=2112"},{"taxonomy":"post_tag","embeddable":true,"href":"https:\/\/www.manutan.hu\/blog\/wp-json\/wp\/v2\/tags?post=2112"}],"curies":[{"name":"wp","href":"https:\/\/api.w.org\/{rel}","templated":true}]}}