{"id":2083,"date":"2022-07-19T07:27:00","date_gmt":"2022-07-19T05:27:00","guid":{"rendered":"https:\/\/www.manutan.hu\/blog\/?p=2083"},"modified":"2025-04-16T14:35:27","modified_gmt":"2025-04-16T12:35:27","slug":"a-raktari-polcok-megfelelo-cimkezese","status":"publish","type":"post","link":"https:\/\/www.manutan.hu\/blog\/a-raktari-polcok-megfelelo-cimkezese\/","title":{"rendered":"A rakt\u00e1ri polcok megfelel\u0151 c\u00edmk\u00e9z\u00e9se"},"content":{"rendered":"\n<figure class=\"wp-block-image size-large\"><img src=\"https:\/\/www.manutan.hu\/blog\/wp-content\/uploads\/2022\/06\/chuttersnap-BNBA1h-NgdY-unsplash-1.jpg\" alt=\"A rakt\u00e1ri \u00e1llv\u00e1nyok megfelel\u0151 c\u00edmk\u00e9z\u00e9se biztos\u00edtja az ott dolgoz\u00f3k biztons\u00e1g\u00e1t \u00e9s felgyors\u00edtja a munk\u00e1t\" class=\"wp-image-1602\"\/><\/figure>\n\n\n\n<p>Kihaszn\u00e1latlan helyek \u00e9s hosszadalmas \u00e1rugy\u0171jt\u00e9s. Ez a k\u00e9t f\u0151 probl\u00e9ma jellemzi a rosszul szervezett \u00e9s rosszul<span class=\"has-inline-color has-primary-color\"> <a rel=\"noreferrer noopener\" href=\"https:\/\/www.manutan.hu\/hu\/mhu\/raktar#productBeginIndex:0&amp;\" data-type=\"URL\" data-id=\"https:\/\/www.manutan.hu\/hu\/mhu\/raktar#productBeginIndex:0&amp;\" target=\"_blank\">jel\u00f6lt rakt\u00e1rakat<\/a><\/span>. R\u00e1ad\u00e1sul, ha <strong>t\u00falbecs\u00fclj\u00fck a polcok teherb\u00edr\u00e1s\u00e1t<\/strong>, a koll\u00e9g\u00e1ink biztons\u00e1g\u00e1t is vesz\u00e9lyeztethetj\u00fck. Ez\u00e9rt, ha m\u00e9g nem alak\u00edtottunk ki rakt\u00e1ri rendszert, b\u00edzzuk meg a rakt\u00e1rvezet\u0151t, hogy hozzon l\u00e9tre:<\/p>\n\n\n\n<ul><li><strong>egy rakt\u00e1roz\u00e1si tervet <\/strong>a k\u00e9szletmozg\u00e1soknak megfelel\u0151en (p\u00e9ld\u00e1ul \u00fagy, hogy ne legyen legfel\u00fcl a leggyakrabban mozgatott \u00e1ru),<\/li><li>majd \u00e1ll\u00edtsunk fel egy egyszer\u0171 rendszert a rakt\u00e1rhelyek jel\u00f6l\u00e9s\u00e9re, hogy azonnal megtal\u00e1lhat\u00f3 legyen az \u00e1ru.<\/li><\/ul>\n\n\n\n<p>A vil\u00e1gos \u00e9s egy\u00e9rtelm\u0171 rakt\u00e1ri jel\u00f6l\u00e9s kialak\u00edt\u00e1s\u00e1hoz osszuk fel a tereket a k\u00f6vetkez\u0151k szerint:<\/p>\n\n\n\n<ul><li>\u00e9p\u00fcletek,<\/li><li>helyis\u00e9gek,<\/li><li><span class=\"has-inline-color has-primary-color\"><a rel=\"noreferrer noopener\" href=\"https:\/\/www.manutan.hu\/hu\/mhu\/polcos-es-specialis-polcallvanyok#productBeginIndex:0&amp;\" target=\"_blank\" data-type=\"URL\" data-id=\"https:\/\/www.manutan.hu\/hu\/mhu\/polcos-es-specialis-polcallvanyok#productBeginIndex:0&amp;\">\u00e1llv\u00e1nysorok<\/a>,<\/span><\/li><li>rekeszoszlopok,<\/li><li>rekeszek<\/li><li>t\u00e1rol\u00f3 helyek.<\/li><\/ul>\n\n\n\n<p>Gondoljuk \u00e1t azt is, hogy nem lenne-e \u00e9rdemes a rakt\u00e1rt <strong>besz\u00e1ll\u00edt\u00f3k<\/strong> (keresked\u0151), <strong>vev\u0151k<\/strong> (egyedi gy\u00e1rt\u00e1s) vagy <strong>\u00e1rucsoportok<\/strong> szerint felosztani. Ne felejts\u00fck el figyelembe venni a gy\u00e1rt\u00e1si t\u00e9telt (\u00fan. batchet), az eltarthat\u00f3s\u00e1got \u00e9s a k\u00fcl\u00f6nleges t\u00e1rol\u00e1si ig\u00e9nyeket, p\u00e9ld\u00e1ul \u00e9lelmiszerek, gy\u00f3gyszerek vagy \u00e1llati takarm\u00e1nyok eset\u00e9ben.<\/p>\n\n\n\n<p>Helyezz\u00fcnk ki a rakt\u00e1rba a sz\u00e1mok \u00e9s bet\u0171k kombin\u00e1ci\u00f3j\u00e1b\u00f3l \u00f6ssze\u00e1ll\u00edtott jel\u00f6l\u00e9seket, <strong>\u00fan. rekesz-c\u00edmeket<\/strong>. Ez leggyakrabban egy h\u00e1romszint\u0171 jel\u00f6l\u00e9si rendszerben t\u00f6rt\u00e9nik, amely p\u00e9ld\u00e1ul \u00edgy n\u00e9z ki: <strong>A2-04-2<\/strong>. Az &#8220;A&#8221; bet\u0171 a teremre utal, ahol a m\u00e1sodik \u00e1llv\u00e1nysort kell keresni, amelynek ha a negyedik rekeszoszlop\u00e1hoz l\u00e9p\u00fcnk \u00e9s annak a m\u00e1sodik szintj\u00e9n megtal\u00e1ljuk a keresett \u00e1rut.<\/p>\n\n\n\n<blockquote class=\"wp-block-quote\"><p><em>\u2013 A jel\u00f6l\u00e9sek \u00e9s a c\u00edmk\u00e9k els\u0151sorban az \u00e1ttekinthet\u0151s\u00e9get \u00e9s a k\u00f6nny\u0171 t\u00e1j\u00e9koz\u00f3d\u00e1st biztos\u00edtj\u00e1k lelt\u00e1roz\u00e1skor, amikor nem kell a polcokon minden egys\u00e9get \u00e1tsz\u00e1molnunk, hanem csak azt az oszlopot, amely nem illik a t\u00f6bbihez \u2013<\/em> mondja Veronika Je\u017ekov\u00e1, a k\u00fclt\u00e9ri \u00e1rny\u00e9kol\u00e1s gy\u00e1rt\u00e1s\u00e1ra szakosodott<span class=\"has-inline-color has-primary-color\"> <a href=\"https:\/\/www.neva.eu\/\" target=\"_blank\" rel=\"noreferrer noopener\">NEVA<\/a><\/span> beszerz\u00e9si vezet\u0151je.<\/p><\/blockquote>\n\n\n\n<p>Az \u00e1ruk, az \u00e1llv\u00e1nyhelyek, raklapok \u00e9s kont\u00e9nerek vonalk\u00f3dos jel\u00f6l\u00e9s\u00e9re a bev\u00e1lt szabv\u00e1nyokat aj\u00e1nlunk. A ter\u00fcleten vil\u00e1gszerte legelterjedtebb az al\u00e1bbi kett\u0151:<\/p>\n\n\n\n<ul><li><strong>GTIN-13<\/strong> (kor\u00e1bbi nev\u00e9n EAN-13), amellyel leggyakrabban a bolti term\u00e9keken tal\u00e1lkozhatunk,<\/li><li>\u00e9s a <strong>GS1-128<\/strong> (kor\u00e1bbi nev\u00e9n EAN-128), amely a sz\u00e1ll\u00edt\u00f3k \u00e9s a vev\u0151k k\u00f6zti kommunik\u00e1ci\u00f3t biztos\u00edtja.<\/li><\/ul>\n\n\n\n<p>A r\u00e1di\u00f3frekvenci\u00e1s vonalk\u00f3dolvas\u00f3nak \u00e9s a polcokon elhelyezett k\u00f3doknak k\u00f6sz\u00f6nhet\u0151en n\u00e9h\u00e1ny m\u00e1sodperc alatt megtudhatjuk, h\u00e1ny sz\u00e9k\u00fcnk vagy h\u00e1ny csomag pap\u00edrunk van adott t\u00edpusb\u00f3l rakt\u00e1ron. Azok az \u00fczletek, amelyek <strong>\u00f6sszekapcsolt\u00e1k rakt\u00e1rkezel\u00e9si \u00e9s ERP<\/strong> rendszer\u00fcket a web\u00e1ruh\u00e1zzal, gyorsabban tudj\u00e1k eljuttatni a megrendelt \u00e1rut a vev\u0151kh\u00f6z, \u00e9s tudj\u00e1k, mikor mit kell rendelni a besz\u00e1ll\u00edt\u00f3kt\u00f3l, hogy ne legyen k\u00e9szlethi\u00e1nyuk.<\/p>\n\n\n\n<blockquote class=\"wp-block-quote\"><p><em>\u2013 Megk\u00e9rdezt\u00fck az \u00faj koll\u00e9g\u00e1kat a rakt\u00e1rban, hogyan tudnak dolgozni a c\u00edmk\u00e9kkel \u00e9s a vonalk\u00f3dolvas\u00f3kkal. Pozit\u00edv visszajelz\u00e9seket kaptunk. A vonalk\u00f3dolvas\u00f3 azonnal megmutatja a rakt\u00e1rosnak, hol tal\u00e1lja az adott alkatr\u00e9szt. Ami nagy seg\u00edts\u00e9g k\u00e9tezer k\u00fcl\u00f6nb\u00f6z\u0151 t\u00edpus\u00fa alkatr\u00e9sz eset\u00e9ben, amelyek p\u00e9ld\u00e1ul csak sz\u00edn\u00e1rnyalatban vagy m\u00e9retben k\u00fcl\u00f6nb\u00f6znek egym\u00e1st\u00f3l<\/em> \u2013 mondja Veronika Je\u017ekov\u00e1 a NEVA-t\u00f3l.<\/p><\/blockquote>\n\n\n\n<figure class=\"wp-block-image size-large\"><img src=\"https:\/\/www.manutan.hu\/blog\/wp-content\/uploads\/2022\/06\/pexels-tiger-lily-4483941-1.jpg\" alt=\"A rendszer a k\u00f3d alapj\u00e1n megmutatja az \u00e1ru rakt\u00e1ri c\u00edm\u00e9t. A rekeszn\u00e9l az olvas\u00f3 seg\u00edts\u00e9g\u00e9vel ellen\u0151rizz\u00fck, hogy a megfelel\u0151 dolgot fogjuk-e, \u201eleemelj\u00fck a k\u00e9szletr\u0151l\u201d, \u00e9s megtudjuk, mennyi van m\u00e9g bel\u0151le rakt\u00e1ron.\" class=\"wp-image-1603\"\/><figcaption><em>A rendszer a k\u00f3d alapj\u00e1n megmutatja az \u00e1ru rakt\u00e1ri c\u00edm\u00e9t. A rekeszn\u00e9l a vonalk\u00f3dolvas\u00f3 seg\u00edts\u00e9g\u00e9vel ellen\u0151rizz\u00fck, hogy a megfelel\u0151 dolgot fogjuk-e, \u201eleemelj\u00fck a k\u00e9szletr\u0151l\u201d, \u00e9s megtudjuk azt is, mennyi van m\u00e9g bel\u0151le rakt\u00e1ron.<\/em><\/figcaption><\/figure>\n\n\n\n<h2>Az \u00e1llv\u00e1nyok c\u00edmk\u00e9z\u00e9se munka- \u00e9s balesetv\u00e9delmi szempontb\u00f3l<\/h2>\n\n\n\n<p>A rakt\u00e1ri munkav\u00e9delem alapvet\u0151 felt\u00e9teleit a munkav\u00e9delemr\u0151l sz\u00f3l\u00f3 <a rel=\"noreferrer noopener\" href=\"https:\/\/net.jogtar.hu\/jogszabaly?docid=99300093.TV\" data-type=\"URL\" data-id=\"https:\/\/net.jogtar.hu\/jogszabaly?docid=99300093.TV\" target=\"_blank\">1993. \u00e9vi XCIII. t\u00f6rv\u00e9ny<\/a> szab\u00e1lyozza, azonban nagyon l\u00e9nyeges a <a rel=\"noreferrer noopener\" href=\"https:\/\/net.jogtar.hu\/jogszabaly?docid=99800025.EUM\" data-type=\"URL\" data-id=\"https:\/\/net.jogtar.hu\/jogszabaly?docid=99800025.EUM\" target=\"_blank\">25\/1998. (XII. 27.) E\u00fcM<\/a> rendelet ismerete is, amelynek c\u00e9lja a munkav\u00e1llal\u00f3k rakod\u00e1s k\u00f6zbeni eg\u00e9szs\u00e9gv\u00e9delme, az eg\u00e9szs\u00e9gk\u00e1rosod\u00e1sok megel\u0151z\u00e9se, k\u00fcl\u00f6n\u00f6s tekintettel a h\u00e1ts\u00e9r\u00fcl\u00e9sekre. Ir\u00e1nyad\u00f3 tov\u00e1bb\u00e1 a <a rel=\"noreferrer noopener\" href=\"https:\/\/net.jogtar.hu\/jogszabaly?docid=A0200003.SCM\" data-type=\"URL\" data-id=\"https:\/\/net.jogtar.hu\/jogszabaly?docid=A0200003.SCM\" target=\"_blank\">3\/2002. (II. 8.) SzCsM\u2013E\u00fcM<\/a> egy\u00fcttes rendelet is. A szabv\u00e1nyok k\u00f6z\u00fcl a <em><a href=\"http:\/\/www.mszt.hu\/web\/guest\/ingyenes-szabvanylista?p_p_id=msztwebshop_WAR_MsztWAportlet&amp;p_p_lifecycle=1&amp;p_p_state=normal&amp;p_p_mode=view&amp;p_p_col_id=column-1&amp;p_p_col_count=1&amp;_msztwebshop_WAR_MsztWAportlet_ref=147200&amp;_msztwebshop_WAR_MsztWAportlet_javax.portlet.action=search\" data-type=\"URL\" data-id=\"http:\/\/www.mszt.hu\/web\/guest\/ingyenes-szabvanylista?p_p_id=msztwebshop_WAR_MsztWAportlet&amp;p_p_lifecycle=1&amp;p_p_state=normal&amp;p_p_mode=view&amp;p_p_col_id=column-1&amp;p_p_col_count=1&amp;_msztwebshop_WAR_MsztWAportlet_ref=147200&amp;_msztwebshop_WAR_MsztWAportlet_javax.portlet.action=search\" target=\"_blank\" rel=\"noreferrer noopener\">MSZ EN 15635<\/a> <\/em>szabv\u00e1ny ny\u00fajt eligaz\u00edt\u00e1st, mely a helyhez k\u00f6t\u00f6tt ac\u00e9l t\u00e1rol\u00f3rendszerekr\u0151l, t\u00e1rol\u00f3eszk\u00f6z\u00f6kr\u0151l \u00e9s azok karbantart\u00e1s\u00e1r\u00f3l rendelkezik.<\/p>\n\n\n\n<p>Jelen cikk\u00fcnkben t\u00e1rgyalj\u00e1k az munkahelyi eg\u00e9szs\u00e9gv\u00e9delmet \u00e9s a rakt\u00e1r megfelel\u0151 kialak\u00edt\u00e1s\u00e1t, valamint az \u00e1ruk kezel\u00e9s\u00e9t \u00e9s t\u00e1rol\u00e1s\u00e1t. Az \u00e1rukezel\u00e9s r\u00e9szleteit, bele\u00e9rtve a <strong>rakt\u00e1ri utak \u00e9s folyos\u00f3k sz\u00e9less\u00e9g\u00e9nek \u00e9s magass\u00e1g\u00e1nak<\/strong> kialak\u00edt\u00e1s\u00e1t a vonatkoz\u00f3 szabv\u00e1ny tartalmazza.<\/p>\n\n\n\n<p>Balesetv\u00e9delmi szempontb\u00f3l nagyon fontos, hogy a polcokat felc\u00edmk\u00e9zz\u00fck vagy felmatric\u00e1zzuk, hogy l\u00e1that\u00f3 legyen:<\/p>\n\n\n\n<ul><li>az \u00e1llv\u00e1ny egy rekesz\u00e9nek maxim\u00e1lis terhelhet\u0151s\u00e9ge,<\/li><li>a rekeszek sz\u00e1ma egy oszlopban,<\/li><li>valamint a teljes \u00e1llv\u00e1nyoszlop teherb\u00edr\u00e1sa.<\/li><\/ul>\n\n\n\n<p>Miel\u0151tt kiv\u00e1lasztan\u00e1nk egy adott polct\u00edpust, m\u00e9rlegelj\u00fck egy adott m\u00e1rka vagy gy\u00e1rt\u00f3 megb\u00edzhat\u00f3s\u00e1g\u00e1t. K\u00e9rj\u00fck be az \u00e1llv\u00e1ny projektdokument\u00e1ci\u00f3j\u00e1t \u00e9s min\u0151s\u00e9gi tan\u00fas\u00edtv\u00e1ny\u00e1t, valamint <strong>k\u00e9sz\u00edttess\u00fcnk statikai sz\u00e1m\u00edt\u00e1st<\/strong>.<\/p>\n\n\n\n<p><strong>TIPP:<\/strong> Ha nem tudja, hogyan v\u00e1lasszon polc\u00e1llv\u00e1nyt, <a rel=\"noreferrer noopener\" href=\"https:\/\/www.manutan.hu\/hu\/mhu\/kapcsolat\" data-type=\"URL\" data-id=\"https:\/\/www.manutan.hu\/hu\/mhu\/kapcsolat\" target=\"_blank\">forduljon koll\u00e9g\u00e1inkhoz<\/a>, akik a <strong>rakt\u00e1ra adotts\u00e1gai alapj\u00e1n szem\u00e9lyre szabott \u00e1llv\u00e1nyrendszert aj\u00e1nlanak<\/strong>, hogy mindennek meglegyen a helye.<\/p>\n\n\n\n<p><\/p>\n\n\n\n<h3><strong>7 tipp, hogy elker\u00fclj\u00fck a probl\u00e9m\u00e1kat a rakt\u00e1runkban<\/strong><\/h3>\n\n\n\n<ol><li>Az anyagot el\u0151re meghat\u00e1rozott ir\u00e1nyban \u00e9s m\u00f3don t\u00e1roljuk a polcokon. Ha <strong>1,8 m\u00e9tern\u00e9l magasabban is t\u00e1rolunk \u00e1rut, haszn\u00e1ljunk <\/strong><span class=\"has-inline-color has-primary-color\"><a rel=\"noreferrer noopener\" href=\"https:\/\/www.manutan.hu\/hu\/mhu\/letrak-lepcsok-es-fellepok#productBeginIndex:0&amp;\" target=\"_blank\" data-type=\"URL\" data-id=\"https:\/\/www.manutan.hu\/hu\/mhu\/letrak-lepcsok-es-fellepok#productBeginIndex:0&amp;\">l\u00e9tr\u00e1t vagy fell\u00e9p\u0151t<\/a>. <\/span>T\u00e1rol\u00e1skor \u00fcgyelj\u00fcnk az \u00e1rumozgat\u00e1si h\u00e9zagokra.<\/li><li>Azokat az \u00e1llv\u00e1nyokat, amelyek nem felelnek meg az ellen\u0151rz\u00e9si k\u00f6vetelm\u00e9nyeknek, mert p\u00e9ld\u00e1ul <strong>s\u00e9r\u00fcltek, meg kell jel\u00f6lni \u00e9s nem szabad haszn\u00e1lni. <\/strong>A jel\u00f6l\u00e9s figyelmzteti a t\u00f6bbi koll\u00e9g\u00e1t, hogy ne haszn\u00e1lj\u00e1k, nehogy megs\u00e9r\u00fcljenek.<\/li><li><strong>Mindig tartsuk be a munkav\u00e9delmi szab\u00e1lyokat<\/strong>. Ne engedj\u00fck, hogy a dolgoz\u00f3k neh\u00e9z terhet cipeljenek, amihez m\u00e1r<span class=\"has-inline-color has-primary-color\"> <a rel=\"noreferrer noopener\" href=\"https:\/\/www.manutan.hu\/hu\/mhu\/molnarkocsik#productBeginIndex:0&amp;\" target=\"_blank\" data-type=\"URL\" data-id=\"https:\/\/www.manutan.hu\/hu\/mhu\/molnarkocsik#productBeginIndex:0&amp;\">moln\u00e1rkocsit<\/a><\/span> vagy <a rel=\"noreferrer noopener\" href=\"https:\/\/www.manutan.hu\/hu\/mhu\/kezi-targonca#productBeginIndex:0&amp;\" data-type=\"URL\" data-id=\"https:\/\/www.manutan.hu\/hu\/mhu\/kezi-targonca#productBeginIndex:0&amp;\" target=\"_blank\"><span class=\"has-inline-color has-primary-color\">k\u00e9zi targonc\u00e1t<\/span><\/a> kellene haszn\u00e1lniuk.<\/li><li>A balesetek megel\u0151z\u00e9se \u00e9rdek\u00e9ben neh\u00e9z \u00e1rut csak megfelel\u0151 eszk\u00f6zzel mozgassunk a rakt\u00e1rban. Hasonl\u00f3k\u00e9ppen, <strong>ne helyezz\u00fcnk el neh\u00e9z \u00e1rut kiegyens\u00falyozatlan m\u00f3don<\/strong> vagy olyan polcon, amely nem erre alkalmas.<\/li><li>Jel\u00f6lj\u00fck meg a rakt\u00e1rban azt a ter\u00fcletet, ahol a <strong>szabadpolcos \u00e1rut halmozzuk fel<\/strong>. El\u00e9g lesz egy t\u00e1bla vagy c\u00edmke, de ne felejts\u00fck el felt\u00fcntetni a maxim\u00e1lis megengedett terhel\u00e9st kg\/m\u00b2-ben.<\/li><li><strong>A polcok k\u00f6r\u00fcli ter\u00fcletek mindig maradjanak szabadon.<\/strong> A rakt\u00e1rpadl\u00f3t olyan anyaggal burkoljuk, amely b\u00edrja az anyagmozgat\u00f3 eszk\u00f6zeink terhel\u00e9s\u00e9t \u00e9s a t\u00e1rolt \u00e1ru s\u00faly\u00e1t.<\/li><li>Az \u00e1llv\u00e1nyok karbantart\u00e1s\u00e1t \u00e9s jav\u00edt\u00e1s\u00e1t v\u00e9gezz\u00fck a <em>MSZ EN 15635 szabv\u00e1ny<\/em> megfelel\u0151en, hogy <strong>stabilak \u00e9s biztons\u00e1gosak<\/strong> maradjanak. Tudjuk meg a maxim\u00e1lis teherb\u00edr\u00e1sukat is, \u00e9s ne terhelj\u00fck t\u00fal \u0151ket.<\/li><\/ol>\n\n\n\n<h2>Hogyan jel\u00f6lj\u00fck meg az \u00e1llv\u00e1nyokat?<\/h2>\n\n\n\n<p><span class=\"has-inline-color has-primary-color\"><a rel=\"noreferrer noopener\" href=\"https:\/\/www.manutan.hu\/hu\/mhu\/polcos-es-specialis-polcallvanyok#productBeginIndex:0&amp;\" target=\"_blank\" data-type=\"URL\" data-id=\"https:\/\/www.manutan.hu\/hu\/mhu\/polcos-es-specialis-polcallvanyok#productBeginIndex:0&amp;\">Polc\u00e1llv\u00e1nyt<\/a> <\/span>minden nagyobb gar\u00e1zsban vagy kamr\u00e1ban tal\u00e1lunk. Ezek n\u00e9pszer\u0171ek az aut\u00f3szerel\u0151- vagy egy\u00e9b m\u0171helyekben, iratt\u00e1rakban, k\u00fcl\u00f6nf\u00e9le \u00fczletekben vagy rakt\u00e1rakban is, ahol csak darab\u00e1rut t\u00e1rolnak \u00e9s nem raklapos mennyis\u00e9get.<\/p>\n\n\n\n<p>Minden<strong> rekeszc\u00edmke <\/strong>tartalmazza:<\/p>\n\n\n\n<ul><li>a polc t\u00edpus\u00e1nak megjel\u00f6l\u00e9s\u00e9t \u00e9s egy figyelmeztet\u00e9st, hogy milyen felt\u00e9telek mellett tilos haszn\u00e1lni,<\/li><li>a polc maxim\u00e1lis terhelhet\u0151s\u00e9g\u00e9t,<\/li><li>a polcok sz\u00e1m\u00e1t egy oszlopban,<\/li><li>az oszlop maxim\u00e1lis terhelhet\u0151s\u00e9g\u00e9t.<\/li><\/ul>\n\n\n\n<p>A legt\u00f6bb \u00e1llv\u00e1nygy\u00e1rt\u00f3 k\u00e9sz c\u00edmk\u00e9kkel szolg\u00e1l a v\u00e1s\u00e1rl\u00f3i sz\u00e1m\u00e1ra, c\u00e9lszer\u0171 ezeket haszn\u00e1lni. Azonban ha t\u00f6bb besz\u00e1ll\u00edt\u00f3t\u00f3l vett\u00fcnk \u00e1llv\u00e1nyt, jobb, ha <strong>mi magunk egys\u00e9ges\u00edtj\u00fck a c\u00edmk\u00e9ket<\/strong>. <\/p>\n\n\n\n<blockquote class=\"wp-block-quote\"><p><em>\u2013 Mindh\u00e1rom \u00e1llv\u00e1nyt\u00edpust haszn\u00e1ljuk rakt\u00e1rainkban. Vannak polc\u00e1llv\u00e1nyaink az apr\u00f3 alkatr\u00e9szekhez, p\u00e9ld\u00e1ul a red\u0151ny\u00f6kh\u00f6z haszn\u00e1lt k\u00f6t\u0151anyagokhoz \u00e9s v\u00e1lt\u00f3khoz. Vannak raklap\u00e1llv\u00e1nyaink a k\u00fclt\u00e9ri red\u0151ny\u00f6k gy\u00e1rt\u00e1s\u00e1hoz haszn\u00e1lt lamell\u00e1khoz, \u00e9s konzolos \u00e1llv\u00e1nyokon t\u00e1rolunk mindenf\u00e9le profilokat \u00e9s lemezeket, \u2013<\/em> magyar\u00e1zza Veronika Je\u017ekov\u00e1.<\/p><\/blockquote>\n\n\n\n<p>A<span class=\"has-inline-color has-primary-color\"> <a rel=\"noreferrer noopener\" href=\"https:\/\/www.manutan.hu\/hu\/mhu\/polcos-es-specialis-polcallvanyok#productBeginIndex:0&amp;\" target=\"_blank\" data-type=\"URL\" data-id=\"https:\/\/www.manutan.hu\/hu\/mhu\/polcos-es-specialis-polcallvanyok#productBeginIndex:0&amp;\">Manutan<\/a><\/span> h\u00e1rom terhelhet\u0151s\u00e9gi szint\u0171 (alacsony, k\u00f6zepes \u00e9s magas) polcot k\u00edn\u00e1l. P\u00e9ld\u00e1ul:<\/p>\n\n\n\n<figure class=\"wp-block-gallery columns-3 is-cropped\"><ul class=\"blocks-gallery-grid\"><li class=\"blocks-gallery-item\"><figure><img src=\"https:\/\/www.manutan.hu\/blog\/wp-content\/uploads\/2022\/06\/AIG2744910.jpg\" alt=\"AIG2744910\" data-id=\"1604\" data-full-url=\"https:\/\/www.manutan.hu\/blog\/wp-content\/uploads\/2022\/06\/AIG2744910.jpg\" data-link=\"https:\/\/www.manutan.cz\/magazin\/?attachment_id=1604\" class=\"wp-image-1604\"\/><figcaption class=\"blocks-gallery-item__caption\">A<span class=\"has-inline-color has-primary-color\"> <a href=\"https:\/\/www.manutan.hu\/hu\/mhu\/polcallvanyok-alacsony-terhelesre#productBeginIndex:0&amp;\" data-type=\"URL\" data-id=\"https:\/\/www.manutan.hu\/hu\/mhu\/polcallvanyok-alacsony-terhelesre#productBeginIndex:0&amp;\" target=\"_blank\" rel=\"noreferrer noopener\">Manutan Rapid 3<\/a> <\/span>csavar n\u00e9lk\u00fcli f\u00e9m \u00e1llv\u00e1ny polconk\u00e9nt 265 kilogrammig terhelhet\u0151.<\/figcaption><\/figure><\/li><li class=\"blocks-gallery-item\"><figure><img src=\"https:\/\/www.manutan.hu\/blog\/wp-content\/uploads\/2022\/06\/AIG7270395.jpg\" alt=\"AIG7270395\" data-id=\"1606\" data-full-url=\"https:\/\/www.manutan.hu\/blog\/wp-content\/uploads\/2022\/06\/AIG7270395.jpg\" data-link=\"https:\/\/www.manutan.cz\/magazin\/?attachment_id=1606\" class=\"wp-image-1606\"\/><figcaption class=\"blocks-gallery-item__caption\">A <span class=\"has-inline-color has-primary-color\"><a href=\"https:\/\/www.manutan.hu\/hu\/mhu\/polcallvanyok-kozepes-terhelesre#productBeginIndex:0&amp;\" data-type=\"URL\" data-id=\"https:\/\/www.manutan.hu\/hu\/mhu\/polcallvanyok-kozepes-terhelesre#productBeginIndex:0&amp;\" target=\"_blank\" rel=\"noreferrer noopener\">Manutan Rapid 2<\/a> <\/span>\u00e1llv\u00e1ny polcait 340 kilogrammal terhelhetj\u00fck.<\/figcaption><\/figure><\/li><li class=\"blocks-gallery-item\"><figure><img src=\"https:\/\/www.manutan.hu\/blog\/wp-content\/uploads\/2022\/06\/AIG2737526.jpg\" alt=\"AIG2737526\" data-id=\"1605\" data-full-url=\"https:\/\/www.manutan.hu\/blog\/wp-content\/uploads\/2022\/06\/AIG2737526.jpg\" data-link=\"https:\/\/www.manutan.cz\/magazin\/?attachment_id=1605\" class=\"wp-image-1605\"\/><figcaption class=\"blocks-gallery-item__caption\">A strapab\u00edr\u00f3<span class=\"has-inline-color has-primary-color\"> <a href=\"https:\/\/www.manutan.hu\/hu\/mhu\/polcallvanyok-nagy-terhelesre#productBeginIndex:0&amp;\" data-type=\"URL\" data-id=\"https:\/\/www.manutan.hu\/hu\/mhu\/polcallvanyok-nagy-terhelesre#productBeginIndex:0&amp;\" target=\"_blank\" rel=\"noreferrer noopener\">Arawn f\u00e9m \u00e1llv\u00e1ny<\/a><\/span> szintenk\u00e9nt 500 kilogramm terhel\u00e9st is kib\u00edr, \u00e9s ak\u00e1r 2,5 tonna anyagot is elhelyezhet\u00fcnk a teljes szerkezeten<\/figcaption><\/figure><\/li><\/ul><\/figure>\n\n\n\n<h2>Hogyan c\u00edmk\u00e9zz\u00fck fel a raklap\u00e1llv\u00e1nyokat?<\/h2>\n\n\n\n<p>A neh\u00e9z, raklapon l\u00e9v\u0151 \u00e1rut<span class=\"has-inline-color has-primary-color\"> <a href=\"https:\/\/www.manutan.hu\/hu\/mhu\/raklapos-polcallvanyok-es-tarolocellak#productBeginIndex:0&amp;\" data-type=\"URL\" data-id=\"https:\/\/www.manutan.hu\/hu\/mhu\/raklapos-polcallvanyok-es-tarolocellak#productBeginIndex:0&amp;\" target=\"_blank\" rel=\"noreferrer noopener\">raklapt\u00e1rol\u00f3 polc\u00e1llv\u00e1nyon<\/a><\/span> t\u00e1roljuk. A legt\u00f6bb gy\u00e1rt\u00f3 \u00fagy tervez \u00e1llv\u00e1nyt, hogy<strong> ak\u00e1r h\u00e1rom <\/strong><span class=\"has-inline-color has-primary-color\"><a href=\"https:\/\/www.manutan.hu\/SearchDisplay?categoryId=&amp;storeId=11717&amp;catalogId=11608&amp;langId=-1009&amp;sType=SimpleSearch&amp;resultCatEntryType=2&amp;showResultsPage=true&amp;searchSource=Q&amp;pageView=&amp;beginIndex=0&amp;pageSize=28&amp;isSearchDFType=&amp;searchTerm=EUR+raklap#productBeginIndex:0&amp;\" data-type=\"URL\" data-id=\"https:\/\/www.manutan.hu\/SearchDisplay?categoryId=&amp;storeId=11717&amp;catalogId=11608&amp;langId=-1009&amp;sType=SimpleSearch&amp;resultCatEntryType=2&amp;showResultsPage=true&amp;searchSource=Q&amp;pageView=&amp;beginIndex=0&amp;pageSize=28&amp;isSearchDFType=&amp;searchTerm=EUR+raklap#productBeginIndex:0&amp;\" target=\"_blank\" rel=\"noreferrer noopener\">EUR-raklapot<\/a> <\/span>befogadjanak, teh\u00e1t 2,7 m\u00e9ter sz\u00e9less\u00e9gben. A vezet\u0151 gy\u00e1rt\u00f3k 4 m\u00e9ter sz\u00e9less\u00e9get is k\u00edn\u00e1lnak, ahova t\u00f6bb, nem szabv\u00e1nyos m\u00e9ret\u0171 raklap is elf\u00e9r.<\/p>\n\n\n\n<p>A <strong>raklap\u00e1llv\u00e1ny<\/strong> c\u00edmk\u00e9j\u00e9n t\u00fcntess\u00fck fel:<\/p>\n\n\n\n<ul><li>az \u00e1llv\u00e1ny egy egys\u00e9g\u00e9nek (tart\u00f3p\u00e1rj\u00e1nak) maxim\u00e1lis terhelhet\u0151s\u00e9g\u00e9t,<\/li><li>a szintek sz\u00e1m\u00e1t egy oszlopban,<\/li><li>az oszlop maxim\u00e1lis terhelhet\u0151s\u00e9g\u00e9t,<\/li><li>az els\u0151 tart\u00f3p\u00e1r padl\u00f3t\u00f3l sz\u00e1m\u00edtott magass\u00e1g\u00e1t (tart\u00f3magass\u00e1got),<\/li><li>a raklap maxim\u00e1lis t\u00f6meg\u00e9t,<\/li><li>az \u00e1llv\u00e1ny t\u00edpus\u00e1nak megjel\u00f6l\u00e9s\u00e9t \u00e9s egy figyelmeztet\u00e9st, hogy milyen felt\u00e9telek mellett tilos haszn\u00e1lni.<\/li><\/ul>\n\n\n\n<h2>Hogyan c\u00edmk\u00e9zz\u00fck fel a konzolos \u00e1llv\u00e1nyokat?<\/h2>\n\n\n\n<p>A<span class=\"has-inline-color has-primary-color\"> <a href=\"https:\/\/www.manutan.hu\/hu\/mhu\/konzolos-polcallvanyok-es-omlesztett-anyagok-raktarozasa#productBeginIndex:0&amp;\" data-type=\"URL\" data-id=\"https:\/\/www.manutan.hu\/hu\/mhu\/konzolos-polcallvanyok-es-omlesztett-anyagok-raktarozasa#productBeginIndex:0&amp;\" target=\"_blank\" rel=\"noreferrer noopener\">konzolos \u00e1llv\u00e1nyokra<\/a><\/span> targonc\u00e1val vagy k\u00e9zzel is rakodhatunk. Olyan \u00e1ruk t\u00e1rol\u00e1s\u00e1ra alkalmasak, mint:<\/p>\n\n\n\n<ul><li>rudak, cs\u00f6vek, profilok \u00e9s ac\u00e9llemezek,<\/li><li>tet\u0151burkol\u00f3 anyagok, merev sz\u0151nyegek \u00e9s \u00e9p\u00edt\u0151ipari \u00e1thidal\u00f3k,<\/li><li>forg\u00e1cslap, OSB, MDF vagy HDF lapok,<\/li><li>f\u0171r\u00e9sz\u00e1ru (deszka, l\u00e9c, has\u00e1b),<\/li><li>nem szabv\u00e1nyos raklapok \u00e9s egy\u00e9b anyagok.<\/li><\/ul>\n\n\n\n<p>A konzolos \u00e1llv\u00e1nyok m\u00e9ret\u00e9t<strong> tervezz\u00fck meg \u00fagy, hogy igazodjanak az \u00e1ru m\u00e9ret\u00e9hez \u00e9s anyag\u00e1hoz<\/strong>. Csak \u00edgy lehet az utols\u00f3 centim\u00e9terig kihaszn\u00e1lni a rakt\u00e1ri t\u00e1rol\u00f3helyet biztons\u00e1gosan.<\/p>\n\n\n\n<p>A <strong>konzol\u00e1llv\u00e1nyok<\/strong> jel\u00f6l\u00e9se t\u00e9rjen ki a k\u00f6vetkez\u0151kre:<\/p>\n\n\n\n<ul><li>a szintek maxim\u00e1lis sz\u00e1m\u00e1ra,<\/li><li>a konzol megengedett legnagyobb egyenletes terhel\u00e9s\u00e9re,<\/li><li>a megengedett legnagyobb egyoldali oszlopterhel\u00e9sre,<\/li><li>az \u00e1llv\u00e1ny t\u00edpus\u00e1nak megjel\u00f6l\u00e9s\u00e9re \u00e9s egy figyelmeztet\u00e9sre, hogy milyen felt\u00e9telek mellett tilos haszn\u00e1lni.<\/li><\/ul>\n\n\n\n<h2>A balesetek elker\u00fcl\u00e9se \u00e9rdek\u00e9ben rendszeresen ellen\u0151rizz\u00fck az \u00e1llv\u00e1nyokat<\/h2>\n\n\n\n<p>Minden rakt\u00e1ri dolgoz\u00f3 r\u00e9m\u00e1lma, hogy az \u00e1ruk vagy anyag megindul, \u00e9s leesik az \u00e1llv\u00e1nyr\u00f3l. Ez\u00e9rt az anyagot \u00fagy kell az \u00e1llv\u00e1nyra rakodni, hogy a kezel\u00e9s sor\u00e1n ne vesz\u00e9lyeztess\u00fck a koll\u00e9g\u00e1k \u00e9ps\u00e9g\u00e9t.&nbsp;<\/p>\n\n\n\n<p>Ennek megakad\u00e1lyoz\u00e1sa \u00e9rdek\u00e9ben:<\/p>\n\n\n\n<ol><li><strong>\u00dczembe helyez\u00e9s el\u0151tt <\/strong>ellen\u0151rizz\u00fck az \u00e1llv\u00e1nyokat.<\/li><li>A polcok vagy a t\u00fall\u00f3g\u00f3 anyagok nem terhelhetik a v\u00e1laszfalakat vagy egy\u00e9b, arra nem alkalmas \u00e9p\u00fcletr\u00e9szeket.<\/li><li>A hossz\u00fa anyagokat, p\u00e9ld\u00e1ul <strong>rudakat vagy lemezeket konzolos \u00e1llv\u00e1nyon t\u00e1roljuk<\/strong>. Ha a rendelkez\u00e9sre \u00e1ll\u00f3 hely ezt nem teszi lehet\u0151v\u00e9, t\u00e1roljuk \u0151ket f\u00fcgg\u0151legesen, de megfelel\u0151en r\u00f6gz\u00edtve.<\/li><li>Az \u00e1llv\u00e1nyok mozgat\u00e1sa ut\u00e1n mindig v\u00e9gezz\u00fcnk \u00fajabb ellen\u0151rz\u00e9st. Ha ugyanazon a helyen is \u00e1llnak, \u00e9vente legal\u00e1bb egyszer ellen\u0151rizni kell \u0151ket az <strong>MSZ EN 15635 szabv\u00e1ny megfelel\u0151en<\/strong>.&nbsp;<\/li><li><strong>Minden ellen\u0151rz\u00e9sr\u0151l k\u00e9sz\u00edts\u00fcnk jegyz\u0151k\u00f6nyvet.<\/strong> Az ellen\u0151rz\u00e9s mik\u00e9ntj\u00e9vel \u00e9s jegyz\u0151k\u00f6nyv\u00e9vel kapcsolatban k\u00e9rdezz\u00fck a gy\u00e1rt\u00f3t vagy a keresked\u0151t.<\/li><\/ol>\n\n\n\n<blockquote class=\"wp-block-quote\"><p><em>\u2013 A NEVA-n\u00e1l k\u00e9thetente ellen\u0151rizz\u00fck a rakt\u00e1rainkat, ilyenkor az \u00e1llv\u00e1nyc\u00edmk\u00e9ket is v\u00e9letlenszer\u0171en \u00e1tn\u00e9zz\u00fck. Alapos ellen\u0151rz\u00e9st a lelt\u00e1r el\u0151tt, azaz minden \u00e9v november\u00e9ben vagy december\u00e9ben v\u00e9gz\u00fcnk,<\/em> \u2013 teszi hozz\u00e1 Veronika Je\u017ekov\u00e1.<\/p><\/blockquote>\n\n\n\n<p>Ha a polc\u00e1lv\u00e1nyokkal, emel\u0151kocsikkal, raklapokkal \u00e9s rakt\u00e1ri kieg\u00e9sz\u00edt\u0151kkel kapcsolatban k\u00e9rd\u00e9se van, <a href=\"https:\/\/www.manutan.hu\/hu\/mhu\/kapcsolat\" data-type=\"URL\" data-id=\"https:\/\/www.manutan.hu\/hu\/mhu\/kapcsolat\" target=\"_blank\" rel=\"noreferrer noopener\"><span class=\"has-inline-color has-primary-color\">keresse bizalommal koll\u00e9g\u00e1inkat!<\/span><\/a><\/p>\n\n\n\n<p><\/p>\n","protected":false},"excerpt":{"rendered":"<p>Egy j\u00f3l szervezett rakt\u00e1rban, megfelel\u0151en jel\u00f6lt polcokkal gyorsabb \u00e9s hat\u00e9konyabb a munka. A c\u00edmk\u00e9knek k\u00f6sz\u00f6nhet\u0151en minden teret j\u00f3l kihaszn\u00e1lhatunk \u00e9s a rakt\u00e1roson k\u00edv\u00fcl ak\u00e1r a term\u00e9kmenedzser is eligazodhat a rakt\u00e1rban. Cikk\u00fcnkb\u0151l megtudhatja, hogyan kell megjel\u00f6lni a polcokat \u00fagy, hogy \u00e1tl\u00e1that\u00f3 legyen, ne terhelj\u00fck t\u00fal, \u00e9s k\u00f6zben betartsuk a munkav\u00e9delmi el\u0151\u00edr\u00e1sokat is.<\/p>\n","protected":false},"author":1,"featured_media":2078,"comment_status":"closed","ping_status":"closed","sticky":false,"template":"","format":"standard","meta":[],"categories":[528],"tags":[294,329,328,286,327],"jetpack_featured_media_url":"https:\/\/www.manutan.hu\/blog\/wp-content\/uploads\/2022\/06\/chuttersnap-BNBA1h-NgdY-unsplash-1.jpg","_links":{"self":[{"href":"https:\/\/www.manutan.hu\/blog\/wp-json\/wp\/v2\/posts\/2083"}],"collection":[{"href":"https:\/\/www.manutan.hu\/blog\/wp-json\/wp\/v2\/posts"}],"about":[{"href":"https:\/\/www.manutan.hu\/blog\/wp-json\/wp\/v2\/types\/post"}],"author":[{"embeddable":true,"href":"https:\/\/www.manutan.hu\/blog\/wp-json\/wp\/v2\/users\/1"}],"replies":[{"embeddable":true,"href":"https:\/\/www.manutan.hu\/blog\/wp-json\/wp\/v2\/comments?post=2083"}],"version-history":[{"count":22,"href":"https:\/\/www.manutan.hu\/blog\/wp-json\/wp\/v2\/posts\/2083\/revisions"}],"predecessor-version":[{"id":2744,"href":"https:\/\/www.manutan.hu\/blog\/wp-json\/wp\/v2\/posts\/2083\/revisions\/2744"}],"wp:featuredmedia":[{"embeddable":true,"href":"https:\/\/www.manutan.hu\/blog\/wp-json\/wp\/v2\/media\/2078"}],"wp:attachment":[{"href":"https:\/\/www.manutan.hu\/blog\/wp-json\/wp\/v2\/media?parent=2083"}],"wp:term":[{"taxonomy":"category","embeddable":true,"href":"https:\/\/www.manutan.hu\/blog\/wp-json\/wp\/v2\/categories?post=2083"},{"taxonomy":"post_tag","embeddable":true,"href":"https:\/\/www.manutan.hu\/blog\/wp-json\/wp\/v2\/tags?post=2083"}],"curies":[{"name":"wp","href":"https:\/\/api.w.org\/{rel}","templated":true}]}}