{"id":2077,"date":"2022-06-27T13:20:00","date_gmt":"2022-06-27T11:20:00","guid":{"rendered":"https:\/\/www.manutan.hu\/blog\/?p=2077"},"modified":"2025-04-16T14:39:20","modified_gmt":"2025-04-16T12:39:20","slug":"hogyan-valasszunk-tartos-es-kenyelmes-irodai-szeket","status":"publish","type":"post","link":"https:\/\/www.manutan.hu\/blog\/hogyan-valasszunk-tartos-es-kenyelmes-irodai-szeket\/","title":{"rendered":"Hogyan v\u00e1lasszunk tart\u00f3s \u00e9s k\u00e9nyelmes irodai sz\u00e9ket?"},"content":{"rendered":"\n<figure class=\"wp-block-image size-large\"><img loading=\"lazy\" width=\"940\" height=\"528\" src=\"https:\/\/www.manutan.hu\/blog\/wp-content\/uploads\/2021\/07\/jak-vybrat-zidli_edited.jpg\" alt=\"hogyan-valasszunk-szeket_edited\" class=\"wp-image-1490\" srcset=\"https:\/\/www.manutan.hu\/blog\/wp-content\/uploads\/2021\/07\/jak-vybrat-zidli_edited.jpg 940w, https:\/\/www.manutan.hu\/blog\/wp-content\/uploads\/2021\/07\/jak-vybrat-zidli_edited-300x169.jpg 300w, https:\/\/www.manutan.hu\/blog\/wp-content\/uploads\/2021\/07\/jak-vybrat-zidli_edited-768x431.jpg 768w\" sizes=\"(max-width: 940px) 100vw, 940px\" \/><\/figure>\n\n\n\n<p>A megfelel\u0151 sz\u00e9k v\u00e1laszt\u00e1sakor nem mindegy, hogy a koll\u00e9g\u00e1k naponta h\u00e1ny \u00f3r\u00e1t \u00fclnek a sz\u00e9ken. Ez alapj\u00e1n kiv\u00e1laszthatjuk a sz\u00e9k mechanik\u00e1j\u00e1t, \u00e9s eld\u00f6nthetj\u00fck, hogy a t\u00f6bbi alkatr\u00e9sz milyen tulajdons\u00e1gokkal rendelkezzen.<\/p>\n\n\n\n<p>A <strong>mechanika<\/strong> a sz\u00e9k \u00fcl\u0151lapja alatt tal\u00e1lhat\u00f3, itt tudjuk \u00e1ll\u00edtani a sz\u00e9k magass\u00e1g\u00e1t, d\u0151l\u00e9s\u00e9t \u00e9s egy\u00e9b jellemz\u0151it.&nbsp;<\/p>\n\n\n\n<h2>A sz\u00e9k mechanik\u00e1j\u00e1t az \u00fcl\u00e9sid\u0151nek megfelel\u0151en v\u00e1lasszuk meg<\/h2>\n\n\n\n<p>Ha eg\u00e9szs\u00e9g\u00fcgyi panasszal nem rendelkez\u0151 koll\u00e9g\u00e1k sz\u00e1m\u00e1ra v\u00e1lasztunk sz\u00e9ket, aki <strong>napi 4 \u00f3r\u00e1n\u00e1l<\/strong> kevesebbet t\u00f6lt a sz\u00e9ken,<strong> b\u00e1rmely mechanik\u00e1val rendelkez\u0151 sz\u00e9ket v\u00e1laszthat<\/strong>juk sz\u00e1m\u00e1ra<strong>. <\/strong>Azoknak a koll\u00e9g\u00e1knak, akik h\u00e1tf\u00e1j\u00e1ssal vagy egy\u00e9b eg\u00e9szs\u00e9g\u00fcgyi probl\u00e9m\u00e1val k\u00fczdenek, v\u00e1lasszunk<span class=\"has-inline-color has-primary-color\"> <a rel=\"noreferrer noopener\" href=\"https:\/\/www.manutan.hu\/hu\/mhu\/ergonomikus-irodai-szekek#productBeginIndex:0&amp;\" data-type=\"URL\" data-id=\"https:\/\/www.manutan.hu\/hu\/mhu\/ergonomikus-irodai-szekek#productBeginIndex:0&amp;\" target=\"_blank\">ergonomikus irodai sz\u00e9ket<\/a><\/span>.\u00a0<\/p>\n\n\n\n<p>A legt\u00f6bb dolgoz\u00f3 napi t\u00f6bb mint 4 \u00f3r\u00e1t \u00fcl sz\u00e9ken, \u00edgy ebben az esetben<strong> <\/strong>v\u00e1lasszunk sz\u00e1mukra <strong>szinkron-, aszinkron- vagy hintamechanik\u00e1t<\/strong>. Ha a koll\u00e9ga gyakrabban \u00e1ll fel, nem \u00fcl huzamosabb ideig egy testhelyzetben, megfelelhet egy \u00e1lland\u00f3 \u00e9rintkez\u00e9s\u0171 mechanika is. <strong>12 \u00f3r\u00e1n\u00e1l hosszabb<\/strong> \u00fcl\u00e9shez \u00e9s folyamatos haszn\u00e1lathoz a <strong>szinkronmechanika<\/strong> a megfelel\u0151.<\/p>\n\n\n\n<h3>\u00c1lland\u00f3 \u00e9rintkez\u00e9s\u0171 mechanika<\/h3>\n\n\n\n<p>Ha a f\u0151 krit\u00e9rium sz\u00e1munkra az <strong>alacsony v\u00e9tel\u00e1r<\/strong>, \u00e9s nem t\u00e1masztunk a sz\u00e9kkel szemben egy\u00e9b elv\u00e1r\u00e1sokat, akkor val\u00f3sz\u00edn\u0171leg ezt a v\u00e1ltozatot fogjuk el\u0151nyben r\u00e9szes\u00edteni.&nbsp;<\/p>\n\n\n\n<ul><li>\u00c1ll\u00edthat\u00f3 a h\u00e1tt\u00e1mla <strong>d\u0151l\u00e9ssz\u00f6ge az \u00fcl\u0151laphoz k\u00e9pest. <\/strong>Ha kibiztos\u00edtjuk a h\u00e1tt\u00e1ml\u00e1t, az mindig a h\u00e1tunk m\u00f6g\u00f6tt lesz.<\/li><li>\u00c1ltal\u00e1ban az \u00fcl\u00e9smagass\u00e1g \u00e9s a h\u00e1tt\u00e1mla magass\u00e1ga is be\u00e1ll\u00edthat\u00f3.<\/li><\/ul>\n\n\n\n<div class=\"wp-block-group\"><div class=\"wp-block-group__inner-container\">\n<figure class=\"wp-block-gallery columns-3 is-cropped\"><ul class=\"blocks-gallery-grid\"><li class=\"blocks-gallery-item\"><figure><img src=\"https:\/\/www.manutan.hu\/blog\/wp-content\/uploads\/2022\/06\/Kancelarska-zidle-Taktik.jpg\" alt=\"Taktik irodai sz\u00e9k\" data-id=\"1571\" data-full-url=\"https:\/\/www.manutan.hu\/blog\/wp-content\/uploads\/2022\/06\/Kancelarska-zidle-Taktik.jpg\" data-link=\"https:\/\/www.manutan.cz\/magazin\/jak-vybrat-kancelarskou-zidli\/kancelarska-zidle-taktik\/\" class=\"wp-image-1571\"\/><figcaption class=\"blocks-gallery-item__caption\"><span class=\"has-inline-color has-primary-color\"><a href=\"https:\/\/www.manutan.hu\/hu\/mhu\/orlando-irodai-szekek\" data-type=\"URL\" data-id=\"https:\/\/www.manutan.hu\/hu\/mhu\/orlando-irodai-szekek\" target=\"_blank\" rel=\"noreferrer noopener\">K\u00e1rpitozott sz\u00e9k<\/a> <\/span>\u00e1ll\u00edthat\u00f3 \u00fcl\u0151lap-, h\u00e1tt\u00e1mla- \u00e9s kart\u00e1mlamagass\u00e1ggal. A h\u00e1tt\u00e1mla d\u0151l\u00e9ssz\u00f6ge alkalmazkodik az \u00fcl\u0151 szem\u00e9ly mozg\u00e1s\u00e1hoz.<\/figcaption><\/figure><\/li><li class=\"blocks-gallery-item\"><figure><img src=\"https:\/\/www.manutan.hu\/blog\/wp-content\/uploads\/2022\/06\/Kancelarska-zidle-Sitness-10.jpg\" alt=\"Sitness 10 irodai sz\u00e9k\" data-id=\"1572\" data-full-url=\"https:\/\/www.manutan.hu\/blog\/wp-content\/uploads\/2022\/06\/Kancelarska-zidle-Sitness-10.jpg\" data-link=\"https:\/\/www.manutan.cz\/magazin\/jak-vybrat-kancelarskou-zidli\/kancelarska-zidle-sitness-10\/\" class=\"wp-image-1572\"\/><figcaption class=\"blocks-gallery-item__caption\"><span class=\"has-inline-color has-primary-color\"><a href=\"https:\/\/www.manutan.hu\/hu\/mhu\/yoki-irodai-szek\" data-type=\"URL\" data-id=\"https:\/\/www.manutan.hu\/hu\/mhu\/yoki-irodai-szek\" target=\"_blank\" rel=\"noreferrer noopener\">A h\u00e1t g\u00f6rb\u00fclet\u00e9hez igazod\u00f3 h\u00e1tt\u00e1ml\u00e1j\u00fa sz\u00e9k<\/a> <\/span>be\u00e9p\u00edtett der\u00e9kt\u00e1masszal. A gerincet a mozgathat\u00f3 \u00fcl\u0151lap is egyens\u00falyban tartja.<\/figcaption><\/figure><\/li><li class=\"blocks-gallery-item\"><figure><img src=\"https:\/\/www.manutan.hu\/blog\/wp-content\/uploads\/2022\/06\/Kancelarska-zidle-Ben.png\" alt=\"Ben irodai sz\u00e9k\" data-id=\"1578\" data-full-url=\"https:\/\/www.manutan.hu\/blog\/wp-content\/uploads\/2022\/06\/Kancelarska-zidle-Ben.png\" data-link=\"https:\/\/www.manutan.cz\/magazin\/kancelarska-zidle-ben\/\" class=\"wp-image-1578\"\/><figcaption class=\"blocks-gallery-item__caption\"><span class=\"has-inline-color has-primary-color\"> <a href=\"https:\/\/www.manutan.hu\/hu\/mhu\/ben-irodai-szek\" data-type=\"URL\" data-id=\"https:\/\/www.manutan.hu\/hu\/mhu\/ben-irodai-szek\" target=\"_blank\" rel=\"noreferrer noopener\">Ergonomikusan kialak\u00edtott h\u00e1tt\u00e1ml\u00e1j\u00fa \u00e9s \u00fcl\u0151lap\u00fa sz\u00e9k<\/a><\/span>. \u00c1ll\u00edthat\u00f3 az \u00fcl\u00e9s \u00e9s a h\u00e1tt\u00e1mla magass\u00e1ga is.<\/figcaption><\/figure><\/li><\/ul><\/figure>\n\n\n\n<p><\/p>\n<\/div><\/div>\n\n\n\n<h3>Hintamechanika<\/h3>\n\n\n\n<p>Azok a sz\u00e9kek \u00e9s fotelek rendelkeznek ilyen mechanik\u00e1val, amelyekn\u00e9l a <strong>h\u00e1tt\u00e1mla \u00e9s az \u00fcl\u0151lap egy egys\u00e9get alkot<\/strong>. A h\u00e1tt\u00e1mla d\u0151l\u00e9ssz\u00f6ge (a h\u00e1tt\u00e1mla \u00e9s az \u00fcl\u0151lap k\u00f6z\u00f6tti sz\u00f6g) ez\u00e9rt nem \u00e1ll\u00edthat\u00f3.<\/p>\n\n\n\n<ul><li>Amikor a sz\u00e9k hint\u00e1zik, <strong>r\u00f6gz\u00edthetj\u00fck az \u00fcl\u00e9shez megfelel\u0151 d\u0151l\u00e9ssz\u00f6get<\/strong>.<\/li><li>A <strong>hintamechanika ellen\u00e1ll\u00e1s\u00e1t<\/strong> a s\u00falyunknak megfelel\u0151en \u00e1ll\u00edthatjuk be. Nagyobb tests\u00faly eset\u00e9n h\u00fazzuk meg a csavart er\u0151sebben, nehogy h\u00e1trabillenj\u00fcnk. Ha pedig kisebb a s\u00falyunk, akkor laz\u00edtsuk meg a csavart, hogy ne billenjen t\u00fal nehezen.<\/li><li>\u00c1ll\u00edthat\u00f3 <strong>\u00fcl\u00e9smagass\u00e1g <\/strong>jellemzi.<\/li><\/ul>\n\n\n\n<h3>Aszinkron mechanika<\/h3>\n\n\n\n<p>Ezek a sz\u00e9kek \u00e1ltal\u00e1ban 3 karral rendelkeznek, amelyekkel a h\u00e1tt\u00e1mla \u00e9s az \u00fcl\u0151lap d\u0151l\u00e9ssz\u00f6ge, valamint az \u00fcl\u00e9smagass\u00e1g \u00e1ll\u00edthat\u00f3.<\/p>\n\n\n\n<ul><li>A h\u00e1tt\u00e1mla \u00e9s az \u00fcl\u0151lap d\u0151l\u00e9ssz\u00f6g\u00e9t <strong>egym\u00e1st\u00f3l f\u00fcggetlen\u00fcl<\/strong> \u00e1ll\u00edthatjuk.&nbsp;<\/li><li>Egyes t\u00edpusokn\u00e1l be\u00e1ll\u00edthat\u00f3 a h\u00e1tt\u00e1mla ellen\u00e1ll\u00e1sa, ami vagy a h\u00e1tunk el\u0151re-h\u00e1tra mozgat\u00e1s\u00e1t k\u00f6veti, vagy tetsz\u0151leges poz\u00edci\u00f3ban r\u00f6gz\u00edthet\u0151.<\/li><\/ul>\n\n\n\n<h3>Szinkron mechanika<\/h3>\n\n\n\n<p>Ezen irodai sz\u00e9keket felt\u00e9telezhet\u0151en felv\u00e1ltva fogj\u00e1k haszn\u00e1lni, p\u00e9ld\u00e1ul ellen\u0151rz\u0151 pontokon, biztons\u00e1gi szolg\u00e1lat irod\u00e1j\u00e1ban vagy \u00fcgyf\u00e9lszolg\u00e1laton. Az \u00fagynevezett <strong>diszp\u00e9csersz\u00e9kek<\/strong> kateg\u00f3ri\u00e1j\u00e1ba tartoznak, amelyek megbirk\u00f3znak a hossz\u00fa munkamenet sor\u00e1n kapott terhel\u00e9ssel.<\/p>\n\n\n\n<ul><li>A <strong>h\u00e1tt\u00e1mla \u00e9s az \u00fcl\u0151lap d\u0151l\u00e9ssz\u00f6ge egy\u00fctt v\u00e1ltozik<\/strong>, \u00edgy biztos\u00edtva a megfelel\u0151 tart\u00e1st. Helyzet\u00fck t\u00f6bb poz\u00edci\u00f3ban r\u00f6gz\u00edthet\u0151.&nbsp;<\/li><li>\u00c1ll\u00edthat\u00f3 az <strong>\u00fcl\u00e9smagass\u00e1g \u00e9s a h\u00e1tt\u00e1mla ellen\u00e1ll\u00e1sa<\/strong> is.<\/li><li>\u00c1ltal\u00e1ban <strong>meger\u0151s\u00edtett szerkezet\u0171ek<\/strong>, ahogy egyes modellek hintaszerkezete is az.<\/li><\/ul>\n\n\n\n<h2>A sz\u00e9khuzat kiv\u00e1laszt\u00e1sakor vegy\u00fck figyelembe a k\u00e9nyelmet \u00e9s az ig\u00e9nybev\u00e9telt is<\/h2>\n\n\n\n<p>A <strong>h\u00e1l\u00f3<\/strong> akkor j\u00f3 v\u00e1laszt\u00e1s, ha a <strong>szell\u0151z\u00e9s<\/strong> fontos szempont sz\u00e1munkra, pl. l\u00e9gkondicion\u00e1l\u00e1s n\u00e9lk\u00fcli helyis\u00e9gekben. A h\u00e1l\u00f3s huzat cs\u00f6kkenti a b\u0151rirrit\u00e1ci\u00f3t \u00e9s a hossz\u00fa \u00fcl\u00e9ssel j\u00e1r\u00f3 betegs\u00e9gek el\u0151fordul\u00e1s\u00e1t.<\/p>\n\n\n\n<p>Ha szeretn\u00e9nk, hogy koll\u00e9g\u00e1ink melegben legyenek, v\u00e1lasszunk megfelel\u0151 <strong>k\u00e1rpitot<\/strong>. Ez hidegebb helyeken hasznos els\u0151sorban, p\u00e9ld\u00e1ul port\u00e1n vagy huzatosabb irod\u00e1ban. A napi 12 \u00f3r\u00e1n\u00e1l r\u00f6videbb ideig haszn\u00e1lt sz\u00e9kekn\u00e9l elegend\u0151 a szok\u00e1sos k\u00e1rpit.<strong> <\/strong>Ha folyamatos ig\u00e9nybev\u00e9telre keres\u00fcnk sz\u00e9ket, v\u00e1lasszunk olyan modellt, amely <strong>megn\u00f6velt \u00e9lettartam\u00fa, t\u0171z\u00e1ll\u00f3s\u00e1gi szempontb\u00f3l tesztelt<\/strong> huzattal, vagy levehet\u0151, moshat\u00f3 huzattal rendelkezik.&nbsp;&nbsp;<\/p>\n\n\n\n<p>A <strong>b\u0151rhuzat <\/strong>egyben eszt\u00e9tikus kieg\u00e9sz\u00edt\u0151 is, r\u00e1ad\u00e1sul a val\u00f3di b\u0151rnek <strong>alacsony a karbantart\u00e1si ig\u00e9nye<\/strong> is. A m\u0171b\u0151r olcs\u00f3bb, de r\u00f6videbb \u00e9lettartammal sz\u00e1molhatunk.<\/p>\n\n\n\n<figure class=\"wp-block-gallery columns-2 is-cropped\"><ul class=\"blocks-gallery-grid\"><li class=\"blocks-gallery-item\"><figure><img src=\"https:\/\/www.manutan.hu\/blog\/wp-content\/uploads\/2022\/06\/Kancelarska-zidle-Oklahoma.jpg\" alt=\"Oklahoma irodai sz\u00e9k\" data-id=\"1576\" data-full-url=\"https:\/\/www.manutan.hu\/blog\/wp-content\/uploads\/2022\/06\/Kancelarska-zidle-Oklahoma.jpg\" data-link=\"https:\/\/www.manutan.cz\/magazin\/kancelarska-zidle-oklahoma\/\" class=\"wp-image-1576\"\/><figcaption class=\"blocks-gallery-item__caption\"><span class=\"has-inline-color has-primary-color\"> <a href=\"https:\/\/www.manutan.hu\/hu\/mhu\/jenny-irodai-szek\" data-type=\"URL\" data-id=\"https:\/\/www.manutan.hu\/hu\/mhu\/jenny-irodai-szek\" target=\"_blank\" rel=\"noreferrer noopener\">H\u00e1l\u00f3s h\u00e1tt\u00e1ml\u00e1j\u00fa sz\u00e9k<\/a><\/span>, der\u00e9kt\u00e1masszal \u00e9s \u00e1ll\u00edthat\u00f3 fejt\u00e1ml\u00e1val.<\/figcaption><\/figure><\/li><li class=\"blocks-gallery-item\"><figure><img src=\"https:\/\/www.manutan.hu\/blog\/wp-content\/uploads\/2022\/06\/Kancelarska-kresla-Nella-Alu.jpg\" alt=\"Nella Alu irodai sz\u00e9kek\" data-id=\"1574\" data-full-url=\"https:\/\/www.manutan.hu\/blog\/wp-content\/uploads\/2022\/06\/Kancelarska-kresla-Nella-Alu.jpg\" data-link=\"https:\/\/www.manutan.cz\/magazin\/kancelarska-kresla-nella-alu\/\" class=\"wp-image-1574\"\/><figcaption class=\"blocks-gallery-item__caption\"><span class=\"has-inline-color has-primary-color\"><a href=\"https:\/\/www.manutan.hu\/hu\/mhu\/nella-alu-irodai-fotelek\"> M\u0171b\u0151r karossz\u00e9k<\/a><\/span> der\u00e9kt\u00e1masszal, magass\u00e1g\u00e1ban \u00e9s oldalir\u00e1nyban is \u00e1ll\u00edthat\u00f3 karf\u00e1val.<\/figcaption><\/figure><\/li><\/ul><\/figure>\n\n\n\n<h2>A fejt\u00e1mla el\u0151seg\u00edti a megfelel\u0151 \u00fcl\u0151helyzetet<\/h2>\n\n\n\n<p>Annak, aki hossz\u00fa id\u0151n \u00e1t n\u00e9zi a k\u00e9perny\u0151t, <strong>fejt\u00e1ml\u00e1ra<\/strong> van sz\u00fcks\u00e9ge. Ha a sz\u00e9k rendelkezik fejt\u00e1ml\u00e1val, akkor \u00e1ll\u00edthat\u00f3nak kell lennie. \u00cdgy mindenki a magass\u00e1g\u00e1hoz igaz\u00edthatja, \u00e9s \u00fagy \u00e1ll\u00edthatja be a d\u0151l\u00e9ssz\u00f6g\u00e9t, hogy a fejet al\u00e1t\u00e1massza, a nyaki gerinc pedig pihenhessen.&nbsp;<\/p>\n\n\n\n<p>A karoknak a k\u00f6ny\u00f6kt\u0151l a csukl\u00f3ig v\u00edzszintes helyzetben kell lenni\u00fck a billenty\u0171zettel. Ebben seg\u00edtenek az<strong> \u00e1ll\u00edthat\u00f3 magass\u00e1g\u00fa kart\u00e1maszok<\/strong>. Javasolt olyan sz\u00e9ket v\u00e1lasztani, amelynek karf\u00e1i az \u00fcl\u0151lap el\u00fcls\u0151 \u00e9l\u00e9t\u0151l n\u00e9h\u00e1ny centim\u00e9terrel h\u00e1tr\u00e9bb helyezkednek el, hogy ne akad\u00e1lyozz\u00e1k meg a dolgoz\u00f3t abban, hogy k\u00f6zelebb h\u00fazza a sz\u00e9k\u00e9t az asztalhoz. Az <strong>oldalra forgathat\u00f3 kart\u00e1masz<\/strong> seg\u00edthet cs\u00f6kkenteni az \u00fcl\u00e9s k\u00f6zbeni testtart\u00e1sb\u00f3l ered\u0151 fesz\u00fclts\u00e9get.<\/p>\n\n\n\n<p>Az \u00e1ll\u00edthat\u00f3 <strong>der\u00e9kt\u00e1masz<\/strong> jobb tart\u00e1st biztos\u00edt az \u00e1gy\u00e9ki gerincnek. Ennek k\u00f6sz\u00f6nhet\u0151en a h\u00e1tt\u00e1mla jobban alkalmazkodik a h\u00e1t \u00edv\u00e9hez.&nbsp;Akkor \u00fcl\u00fcnk megfelel\u0151en, ha a talpunk v\u00edzszintesen \u00e1ll a talajon. K\u00fcl\u00f6n\u00f6sen alacsonyabb embereknek vagy magassark\u00fat visel\u0151 n\u0151knek seg\u00edts\u00e9g a <strong>l\u00e1bt\u00e1masz<\/strong>.<\/p>\n\n\n\n<h2>Linoleumra m\u00e1s ker\u00e9k val\u00f3, mint a sz\u0151nyegre<\/h2>\n\n\n\n<p>A g\u00f6rg\u0151k kiv\u00e1laszt\u00e1sakor 4 alapv\u00e1ltozat \u00e1ll rendelkez\u00e9sre:<\/p>\n\n\n\n<ul><li><strong>kem\u00e9ny ker\u00e9k<\/strong> puha fel\u00fcletre, p\u00e9ld\u00e1ul sz\u0151nyegre,<\/li><li><strong>puha ker\u00e9k <\/strong>kem\u00e9ny fel\u00fcletre (j\u00e1r\u00f3lap, fa vagy lamin\u00e1lt padl\u00f3, linoleum, PVC, marmoleum stb.),<\/li><li><strong>univerz\u00e1lis ker\u00e9k<\/strong> kem\u00e9ny \u00e9llel \u00e9s puha k\u00f6z\u00e9ps\u0151 r\u00e9sszel mindk\u00e9t fel\u00fclett\u00edpushoz,<\/li><li>\u00fagynevezett <strong>tappancs<\/strong>, amely megakad\u00e1lyozza a sz\u00e9k mozg\u00e1s\u00e1t \u00e9s a sz\u00e9ken val\u00f3 hint\u00e1z\u00e1st.<\/li><\/ul>\n\n\n\n<p>Egyes padl\u00f3t\u00edpusok (pl. az lamin\u00e1lt padl\u00f3k) id\u0151vel m\u00e9g akkor is elkopnak, ha megfelel\u0151 t\u00edpus\u00fa g\u00f6rg\u0151t v\u00e1lasztunk. Ezt egy<span class=\"has-inline-color has-primary-color\"> <a href=\"https:\/\/www.manutan.hu\/SearchDisplay?categoryId=&amp;storeId=11717&amp;catalogId=11608&amp;langId=-1009&amp;sType=SimpleSearch&amp;resultCatEntryType=2&amp;showResultsPage=true&amp;searchSource=Q&amp;pageView=&amp;beginIndex=0&amp;pageSize=28&amp;isSearchDFType=&amp;searchTerm=sz%C3%A9kal%C3%A1t%C3%A9t#productBeginIndex:0&amp;\" data-type=\"URL\" data-id=\"https:\/\/www.manutan.hu\/SearchDisplay?categoryId=&amp;storeId=11717&amp;catalogId=11608&amp;langId=-1009&amp;sType=SimpleSearch&amp;resultCatEntryType=2&amp;showResultsPage=true&amp;searchSource=Q&amp;pageView=&amp;beginIndex=0&amp;pageSize=28&amp;isSearchDFType=&amp;searchTerm=sz%C3%A9kal%C3%A1t%C3%A9t#productBeginIndex:0&amp;\" target=\"_blank\" rel=\"noreferrer noopener\">m\u0171anyag (polikarbon\u00e1t) al\u00e1t\u00e9ttel<\/a><\/span> akad\u00e1lyozhatjuk meg. V\u00e1laszthatunk antisztatikus v\u00e1ltozatot is, amely megakad\u00e1lyozza a statikus kis\u00fcl\u00e9seket.<\/p>\n\n\n\n<h2>Ne feledkezz\u00fcnk meg a sz\u00e9k terhelhet\u0151s\u00e9g\u00e9r\u0151l \u00e9s m\u00e9reteir\u0151l<\/h2>\n\n\n\n<p>Alapesetben az irodai sz\u00e9kek teherb\u00edr\u00e1sa <strong>70 \u00e9s 180 kg<\/strong> k\u00f6z\u00f6tt mozog. A v\u00e1laszt\u00e1sn\u00e1l vegy\u00fck figyelembe a sz\u00e9k m\u00e9reteit is, hogy a dolgoz\u00f3 elf\u00e9rjen benne. Ezzel elker\u00fclhet\u0151k a nem rendeltet\u00e9sszer\u0171 haszn\u00e1latb\u00f3l ered\u0151 k\u00e1rok, amelyeket nem reklam\u00e1lhatunk meg.<\/p>\n\n\n\n<p>Ha t\u00f6bb modell is megtetszett \u00d6nnek a Manutan web\u00e1ruh\u00e1zban, de szeretn\u00e9, hogy koll\u00e9g\u00e1i is kipr\u00f3b\u00e1lj\u00e1k a sz\u00e9ket (pl egy teljes iroda berendez\u00e9se kapcs\u00e1n), akkor vegye ig\u00e9nybe a<span class=\"has-inline-color has-primary-color\"> kiemelt partnereink r\u00e9szre kialak\u00edtott <a rel=\"noreferrer noopener\" href=\"https:\/\/www.manutan.hu\/hu\/mhu\/probaszek-ingyen\" target=\"_blank\" data-type=\"URL\" data-id=\"https:\/\/www.manutan.hu\/hu\/mhu\/probaszek-ingyen\">Pr\u00f3basz\u00e9k<\/a><\/span> szolg\u00e1ltat\u00e1sunkat. 3 f\u00e9le sz\u00e9ket rendelhet, \u00e9s 14 napon bel\u00fcl eld\u00f6ntheti, melyiket tartja meg.\u00a0R\u00e9szletek\u00e9rt keresse koll\u00e9g\u00e1inkat.<\/p>\n","protected":false},"excerpt":{"rendered":"<p>A beszerz\u0151 feladata, hogy olyan sz\u00e9ket v\u00e1lasszon, amely b\u00edrja a terhel\u00e9st \u00e9s biztos\u00edtja a k\u00e9nyelmes \u00e9s helyes testtart\u00e1st. A v\u00e1laszt\u00e1sban seg\u00edt cikk\u00fcnk.<\/p>\n","protected":false},"author":1,"featured_media":712,"comment_status":"closed","ping_status":"closed","sticky":false,"template":"","format":"standard","meta":[],"categories":[527],"tags":[218,356,325],"jetpack_featured_media_url":"https:\/\/www.manutan.hu\/blog\/wp-content\/uploads\/2021\/02\/Manutan_stoly-3.jpg","_links":{"self":[{"href":"https:\/\/www.manutan.hu\/blog\/wp-json\/wp\/v2\/posts\/2077"}],"collection":[{"href":"https:\/\/www.manutan.hu\/blog\/wp-json\/wp\/v2\/posts"}],"about":[{"href":"https:\/\/www.manutan.hu\/blog\/wp-json\/wp\/v2\/types\/post"}],"author":[{"embeddable":true,"href":"https:\/\/www.manutan.hu\/blog\/wp-json\/wp\/v2\/users\/1"}],"replies":[{"embeddable":true,"href":"https:\/\/www.manutan.hu\/blog\/wp-json\/wp\/v2\/comments?post=2077"}],"version-history":[{"count":8,"href":"https:\/\/www.manutan.hu\/blog\/wp-json\/wp\/v2\/posts\/2077\/revisions"}],"predecessor-version":[{"id":2663,"href":"https:\/\/www.manutan.hu\/blog\/wp-json\/wp\/v2\/posts\/2077\/revisions\/2663"}],"wp:featuredmedia":[{"embeddable":true,"href":"https:\/\/www.manutan.hu\/blog\/wp-json\/wp\/v2\/media\/712"}],"wp:attachment":[{"href":"https:\/\/www.manutan.hu\/blog\/wp-json\/wp\/v2\/media?parent=2077"}],"wp:term":[{"taxonomy":"category","embeddable":true,"href":"https:\/\/www.manutan.hu\/blog\/wp-json\/wp\/v2\/categories?post=2077"},{"taxonomy":"post_tag","embeddable":true,"href":"https:\/\/www.manutan.hu\/blog\/wp-json\/wp\/v2\/tags?post=2077"}],"curies":[{"name":"wp","href":"https:\/\/api.w.org\/{rel}","templated":true}]}}