{"id":2061,"date":"2022-07-21T11:26:00","date_gmt":"2022-07-21T09:26:00","guid":{"rendered":"https:\/\/www.manutan.hu\/blog\/?p=2061"},"modified":"2025-04-16T14:34:33","modified_gmt":"2025-04-16T12:34:33","slug":"fenyvisszavero-ruhazat-megfelelo-szin-anyag-es-meret-valasztasa","status":"publish","type":"post","link":"https:\/\/www.manutan.hu\/blog\/fenyvisszavero-ruhazat-megfelelo-szin-anyag-es-meret-valasztasa\/","title":{"rendered":"F\u00e9nyvisszaver\u0151 ruh\u00e1zat: megfelel\u0151 sz\u00edn, anyag \u00e9s m\u00e9ret v\u00e1laszt\u00e1sa"},"content":{"rendered":"\n<figure class=\"wp-block-image size-large\"><img src=\"https:\/\/www.manutan.hu\/blog\/wp-content\/uploads\/2022\/06\/road-construction-192894_1920-1.jpg\" alt=\"road-construction-192894_1920\" class=\"wp-image-1557\"\/><\/figure>\n\n\n\n<p>Aki rendszeresen k\u00f6zlekedik aut\u00f3val, tal\u00e1n tapasztalta m\u00e1r, milyen sokkol\u00f3 tud lenni, amikor a semmib\u0151l jelenik meg el\u0151tt\u00fcnk egy addig l\u00e1thatatlan gyalogos, ker\u00e9kp\u00e1ros vagy kivil\u00e1g\u00edtatlan aut\u00f3. A pupill\u00e1nk maxim\u00e1lisan kit\u00e1gul rossz l\u00e1t\u00e1si viszonyok k\u00f6z\u00f6tt, de sajnos ez sem el\u00e9g. Korl\u00e1tozott l\u00e1t\u00e1si viszonyok eset\u00e9n cs\u00f6kken a sz\u00edn\u00e9rz\u00e9kel\u00e9s\u00fcnk is. Ez\u00e9rt vesz\u00e9lyesek az ilyen k\u00f6zleked\u00e9si helyzetek.<\/p>\n\n\n\n<p>A vil\u00e1g\u00edt\u00e1s mellett megold\u00e1st jelent a f\u00e9nyvisszaver\u0151 ruh\u00e1zat is \u2013 ak\u00e1r ker\u00e9kp\u00e1ron, ak\u00e1r munk\u00e1ban vagyunk.&nbsp;<\/p>\n\n\n\n<p>A f\u00e9nyvisszaver\u0151 ruh\u00e1k <strong>h\u00e1romf\u00e9le<\/strong> l\u00e1that\u00f3s\u00e1got jav\u00edt\u00f3 anyagb\u00f3l k\u00e9sz\u00fclhetnek:<\/p>\n\n\n\n<ul><li>fluoreszk\u00e1l\u00f3<\/li><li>f\u00e9nyvisszaver\u0151<\/li><li>\u00e9s foszforeszk\u00e1l\u00f3.<\/li><\/ul>\n\n\n\n<p>A <strong>fluoreszk\u00e1l\u00f3 anyagok<\/strong> k\u00fcl\u00f6n\u00f6sen <strong>nappal vagy sz\u00fcrk\u00fcletben<\/strong> j\u00e1rulnak hozz\u00e1 az ember l\u00e1that\u00f3s\u00e1g\u00e1hoz, de \u00e9jszaka nem seg\u00edtenek. K\u00e9pzelj\u00fck csak el a tipikus narancss\u00e1rga f\u00e9nyvisszaver\u0151 mell\u00e9nyt, amelyet az \u00fat\u00e9p\u00edt\u0151 munk\u00e1sok viselnek. Ez a s\u00e1rga sz\u00edn a fluoreszk\u00e1l\u00f3 anyag.<\/p>\n\n\n\n<p>A klasszikus fluoreszk\u00e1l\u00f3 anyagb\u00f3l k\u00e9sz\u00fclt ruhadarabot <strong>f\u00e9nyvisszaver\u0151 elemek<\/strong> eg\u00e9sz\u00edtik ki. Ezek jellemz\u0151en az ujjakra, nadr\u00e1gsz\u00e1rakra \u00e9s a testre varrt <strong>ez\u00fcst vagy sz\u00fcrke sz\u00edn\u0171 szalagok<\/strong>. Azt biztos\u00edtj\u00e1k, hogy a dolgoz\u00f3 s\u00f6t\u00e9tben is j\u00f3l l\u00e1that\u00f3 legyen, amikor megvil\u00e1g\u00edtja egy f\u00e9nysz\u00f3r\u00f3.<\/p>\n\n\n\n<p>A <strong>foszforeszk\u00e1l\u00f3<\/strong> <strong>anyagok<\/strong> a legkev\u00e9sb\u00e9 gyakoriak. Ezeket is szalagk\u00e9nt k\u00e9pzelhetj\u00fck el, amelyek azonban megvil\u00e1g\u00edt\u00e1s ut\u00e1n vil\u00e1g\u00edtanak. \u2013 <em>Amikor a vil\u00e1g\u00edt\u00e1s hirtelen kialszik, a koll\u00e9ga l\u00e1that\u00f3 marad, mert a megvil\u00e1g\u00edtott foszforeszk\u00e1l\u00f3 elemek vil\u00e1g\u00edtanak a s\u00f6t\u00e9tben. Haszn\u00e1lata p\u00e9ld\u00e1ul \u00e9p\u00edtkez\u00e9sen hasznos, ahol \u00e1ramsz\u00fcnet alatt is \u00e9szre lehet venni az embereket \u2013<\/em> ismerteti Tom\u00e1\u0161 Pulko, aki a Manutann\u00e1l a <span class=\"has-inline-color has-primary-color\"><a href=\"https:\/\/www.manutan.hu\/hu\/mhu\/fenyvisszavero-ruhazat#productBeginIndex:0&amp;\" data-type=\"URL\" data-id=\"https:\/\/www.manutan.hu\/hu\/mhu\/fenyvisszavero-ruhazat#productBeginIndex:0&amp;\" target=\"_blank\" rel=\"noreferrer noopener\">f\u00e9nyvisszaver\u0151 ruh\u00e1zattal<\/a> <\/span>foglalkozik.<\/p>\n\n\n\n<figure class=\"wp-block-gallery columns-3 is-cropped\"><ul class=\"blocks-gallery-grid\"><li class=\"blocks-gallery-item\"><figure><img loading=\"lazy\" width=\"666\" height=\"663\" src=\"https:\/\/www.manutan.hu\/blog\/wp-content\/uploads\/2021\/03\/Reflexni-kalhoty-RIS-Hi-Vis.jpg\" alt=\"RIS Hi-Vis f\u00e9nyvisszaver\u0151 nadr\u00e1g\" data-id=\"927\" data-full-url=\"https:\/\/www.manutan.hu\/blog\/wp-content\/uploads\/2021\/03\/Reflexni-kalhoty-RIS-Hi-Vis.jpg\" data-link=\"https:\/\/www.manutan.cz\/magazin\/reflexni-kalhoty-ris-hi-vis\/\" class=\"wp-image-927\" srcset=\"https:\/\/www.manutan.hu\/blog\/wp-content\/uploads\/2021\/03\/Reflexni-kalhoty-RIS-Hi-Vis.jpg 666w, https:\/\/www.manutan.hu\/blog\/wp-content\/uploads\/2021\/03\/Reflexni-kalhoty-RIS-Hi-Vis-300x300.jpg 300w, https:\/\/www.manutan.hu\/blog\/wp-content\/uploads\/2021\/03\/Reflexni-kalhoty-RIS-Hi-Vis-150x150.jpg 150w\" sizes=\"(max-width: 666px) 100vw, 666px\" \/><figcaption class=\"blocks-gallery-item__caption\">A <span class=\"has-inline-color has-primary-color\"><a href=\"https:\/\/www.manutan.hu\/SearchDisplay?categoryId=&amp;storeId=11717&amp;catalogId=11608&amp;langId=-1009&amp;sType=SimpleSearch&amp;resultCatEntryType=2&amp;showResultsPage=true&amp;searchSource=Q&amp;pageView=&amp;beginIndex=0&amp;pageSize=28&amp;isSearchDFType=&amp;searchTerm=fluoreszk%C3%A1l%C3%B3+nadr%C3%A1g#productBeginIndex:0&amp;\" data-type=\"URL\" data-id=\"https:\/\/www.manutan.hu\/SearchDisplay?categoryId=&amp;storeId=11717&amp;catalogId=11608&amp;langId=-1009&amp;sType=SimpleSearch&amp;resultCatEntryType=2&amp;showResultsPage=true&amp;searchSource=Q&amp;pageView=&amp;beginIndex=0&amp;pageSize=28&amp;isSearchDFType=&amp;searchTerm=fluoreszk%C3%A1l%C3%B3+nadr%C3%A1g#productBeginIndex:0&amp;\" target=\"_blank\" rel=\"noreferrer noopener\">narancss\u00e1rga fluoreszk\u00e1l\u00f3 anyagb\u00f3l<\/a> <\/span>k\u00e9sz\u00fclt nadr\u00e1g norm\u00e1l nappali f\u00e9nyben biztos\u00edtja az emberek megfelel\u0151 l\u00e1that\u00f3s\u00e1g\u00e1t.<\/figcaption><\/figure><\/li><li class=\"blocks-gallery-item\"><figure><img loading=\"lazy\" width=\"702\" height=\"703\" src=\"https:\/\/www.manutan.hu\/blog\/wp-content\/uploads\/2021\/03\/Reflexni-nepromokava-bunda-bomber-Hi-Vis.jpg\" alt=\"Hi-Vis f\u00e9nyvisszaver\u0151 v\u00edz\u00e1ll\u00f3 bomber dzseki\" data-id=\"928\" data-full-url=\"https:\/\/www.manutan.hu\/blog\/wp-content\/uploads\/2021\/03\/Reflexni-nepromokava-bunda-bomber-Hi-Vis.jpg\" data-link=\"https:\/\/www.manutan.cz\/magazin\/reflexni-nepromokava-bunda-bomber-hi-vis\/\" class=\"wp-image-928\" srcset=\"https:\/\/www.manutan.hu\/blog\/wp-content\/uploads\/2021\/03\/Reflexni-nepromokava-bunda-bomber-Hi-Vis.jpg 702w, https:\/\/www.manutan.hu\/blog\/wp-content\/uploads\/2021\/03\/Reflexni-nepromokava-bunda-bomber-Hi-Vis-300x300.jpg 300w, https:\/\/www.manutan.hu\/blog\/wp-content\/uploads\/2021\/03\/Reflexni-nepromokava-bunda-bomber-Hi-Vis-150x150.jpg 150w\" sizes=\"(max-width: 702px) 100vw, 702px\" \/><figcaption class=\"blocks-gallery-item__caption\">Ebben a<span class=\"has-inline-color has-primary-color\"> <a href=\"https:\/\/www.manutan.hu\/hu\/mhu\/hi-vis-lelegzo-dzseki-sarga\" data-type=\"URL\" data-id=\"https:\/\/www.manutan.hu\/hu\/mhu\/hi-vis-lelegzo-dzseki-sarga\" target=\"_blank\" rel=\"noreferrer noopener\">dzsekiben a dolgoz\u00f3k m\u00e9g s\u00f6t\u00e9tben is l\u00e1that\u00f3ak maradnak<\/a><\/span>. A s\u0171r\u0171n elhelyezett f\u00e9nyvisszaver\u0151 ez\u00fcst szalagok kit\u0171n\u0151en visszaverik a f\u00e9nyt.<\/figcaption><\/figure><\/li><li class=\"blocks-gallery-item\"><figure><img loading=\"lazy\" width=\"1200\" height=\"1200\" src=\"https:\/\/www.manutan.hu\/blog\/wp-content\/uploads\/2021\/03\/Reflexni-vesta-Glowtex-Executive-Hi-Vis.jpg\" alt=\"Glowtex Executive Hi-Vis f\u00e9nyvisszaver\u0151 mell\u00e9ny\" data-id=\"929\" data-full-url=\"https:\/\/www.manutan.cz\/magazin\/wp-content\/uploads\/2021\/03\/Reflexni-vesta-Glowtex-Executive-Hi-Vis.jpg\" data-link=\"https:\/\/www.manutan.cz\/magazin\/reflexni-vesta-glowtex-executive-hi-vis\/\" class=\"wp-image-929\" srcset=\"https:\/\/www.manutan.hu\/blog\/wp-content\/uploads\/2021\/03\/Reflexni-vesta-Glowtex-Executive-Hi-Vis.jpg 1200w, https:\/\/www.manutan.hu\/blog\/wp-content\/uploads\/2021\/03\/Reflexni-vesta-Glowtex-Executive-Hi-Vis-300x300.jpg 300w, https:\/\/www.manutan.hu\/blog\/wp-content\/uploads\/2021\/03\/Reflexni-vesta-Glowtex-Executive-Hi-Vis-1024x1024.jpg 1024w, https:\/\/www.manutan.hu\/blog\/wp-content\/uploads\/2021\/03\/Reflexni-vesta-Glowtex-Executive-Hi-Vis-150x150.jpg 150w, https:\/\/www.manutan.hu\/blog\/wp-content\/uploads\/2021\/03\/Reflexni-vesta-Glowtex-Executive-Hi-Vis-768x768.jpg 768w\" sizes=\"(max-width: 1200px) 100vw, 1200px\" \/><figcaption class=\"blocks-gallery-item__caption\"><span class=\"has-inline-color has-primary-color\"><a href=\"https:\/\/www.manutan.hu\/hu\/mhu\/glowtex-vezetoi-melleny-ezee-zippzarral-sarga\" data-type=\"URL\" data-id=\"https:\/\/www.manutan.hu\/hu\/mhu\/glowtex-vezetoi-melleny-ezee-zippzarral-sarga\" target=\"_blank\" rel=\"noreferrer noopener\">A mell\u00e9ny feh\u00e9r p\u00e1ntjai foszforeszk\u00e1l\u00f3 anyagb\u00f3l k\u00e9sz\u00fcltek<\/a>.<\/span> Teh\u00e1t a mell\u00e9ny  \u00e1ramsz\u00fcnet eset\u00e9n is l\u00e1that\u00f3 marad. <\/figcaption><\/figure><\/li><\/ul><\/figure>\n\n\n\n<p><\/p>\n\n\n\n<h2>A sz\u00ednek jelent\u0151s\u00e9ge<\/h2>\n\n\n\n<p>A fluoreszk\u00e1l\u00f3 anyagokat \u00e1ltal\u00e1ban <strong>s\u00e1rga vagy<\/strong> <strong>narancss\u00e1rga<\/strong> sz\u00ednben \u00e1ll\u00edtj\u00e1k el\u0151, de n\u00e9ha z\u00f6lddel vagy pirossal is tal\u00e1lkozhatunk. &nbsp;<\/p>\n\n\n\n<p>\u2013 <em>A legtipikusabb sz\u00ednek a narancs \u00e9s a s\u00e1rga. A g\u00e9pj\u00e1rm\u0171vekben k\u00f6telez\u0151 l\u00e1that\u00f3s\u00e1gi mell\u00e9ny sz\u00edn\u00e9t a t\u00f6rv\u00e9ny nem hat\u00e1rozza meg, vagyis mindegy, milyet haszn\u00e1lunk. Biztosan ismer\u0151s, hogy a ment\u0151s\u00f6k s\u00e1rga sz\u00ednt haszn\u00e1lnak. A sz\u00edneket haszn\u00e1lhatja arra is, hogy a koll\u00e9g\u00e1k k\u00f6nnyen meg tudj\u00e1k k\u00fcl\u00f6nb\u00f6ztetni a k\u00fcl\u00f6nb\u00f6z\u0151 r\u00e9szlegeken, munkak\u00f6r\u00f6kben dolgoz\u00f3kat.<\/em> \u2013 mondja Tom\u00e1\u0161 Pulko.<\/p>\n\n\n\n<h2>Mi alapj\u00e1n v\u00e1s\u00e1roljunk: t\u00e1j\u00e9koz\u00f3djunk a ruh\u00e1k oszt\u00e1ly szerinti besorol\u00e1s\u00e1r\u00f3l<\/h2>\n\n\n\n<p>A f\u00e9nyvisszaver\u0151 ruh\u00e1zatra szigor\u00fa krit\u00e9riumok vonatkoznak. A MSZ EN ISO 20471 szabv\u00e1ny az anyagok kombin\u00e1ci\u00f3ja \u00e9s a f\u00e9nyvisszaver\u0151 elemek elhelyez\u00e9se alapj\u00e1n <strong>3 oszt\u00e1lyba<\/strong> sorolja \u0151ket:<\/p>\n\n\n\n<ul><li><strong>1-es oszt\u00e1ly<\/strong>: A legalacsonyabb l\u00e1that\u00f3s\u00e1gi fok\u00fa ruh\u00e1k. Hivat\u00e1sos sof\u0151r\u00f6k vagy fut\u00e1rok r\u00e9sz\u00e9re aj\u00e1nlottak. A f\u00e9nyvisszaver\u0151 elemek legal\u00e1bb 0,10 m<sup>2<\/sup> fel\u00fcletet foglalnak el a ruhadarabon (azaz 2 m\u00e9ter 5 cm sz\u00e9les szalagot). Fluoreszcens anyagb\u00f3l legal\u00e1bb 0,14 m<sup>2<\/sup> tal\u00e1lhat\u00f3 a ruh\u00e1zaton.<\/li><\/ul>\n\n\n\n<ul><li><strong>2-es oszt\u00e1ly<\/strong>: K\u00f6zepes l\u00e1that\u00f3s\u00e1gi fokozat. Ezeket a ruh\u00e1kat jellemz\u0151en ment\u0151s\u00f6k, f\u00f6ldm\u00e9r\u0151k vagy kuk\u00e1sok viselik. A f\u00e9nyvisszaver\u0151 elemek legal\u00e1bb 0,13 m<sup>2<\/sup> ter\u00fcletet foglalnak el a ruh\u00e1n (azaz 2,6 m\u00e9ter 5 cm sz\u00e9les szalagot). A fluoreszk\u00e1l\u00f3 anyag legal\u00e1bb 0,50 m<sup>2<\/sup> fel\u00fcletet foglal el.<\/li><\/ul>\n\n\n\n<ul><li><strong>3-as oszt\u00e1ly<\/strong>: Legmagasabb l\u00e1that\u00f3s\u00e1gi fok. K\u00f6telez\u0151 viselet minden k\u00f6z\u00faton \u00e9s aut\u00f3p\u00e1ly\u00e1n zajl\u00f3 \u00fat\u00e9p\u00edt\u00e9sen, a k\u00f6zm\u0171veken vagy rep\u00fcl\u0151tereken, rep\u00fcl\u0151g\u00e9pek k\u00f6z\u00f6tt dolgoz\u00f3nak. A f\u00e9nyvisszaver\u0151 elemek minim\u00e1lis fel\u00fclete 0,20 m<sup>2<\/sup> (azaz 4 m\u00e9ter 5 cm sz\u00e9les szalag). A fluoreszk\u00e1l\u00f3 anyag legal\u00e1bb 0,80 m<sup>2<\/sup> fel\u00fcletet foglal el.<\/li><\/ul>\n\n\n\n<p>A szabv\u00e1ny k\u00f6vetelm\u00e9nyeket \u00edr el\u0151 a k\u00f6vetkez\u0151kre is:<\/p>\n\n\n\n<ul><li><strong>a ruh\u00e1zaton haszn\u00e1lt fluoreszk\u00e1l\u00f3 anyagok<\/strong> minim\u00e1lis ter\u00fclete,<\/li><li>valamint a f\u00e9nyvisszaver\u0151 szalagok <strong>m\u00e9rete \u00e9s helye<\/strong> tekintet\u00e9ben.<\/li><\/ul>\n\n\n\n<div class=\"wp-block-image\"><figure class=\"aligncenter size-full\"><img loading=\"lazy\" width=\"640\" height=\"457\" src=\"https:\/\/www.manutan.hu\/blog\/wp-content\/uploads\/2022\/07\/repuloter_lathatosag.jpg.jpg\" alt=\"\" class=\"wp-image-2601\" srcset=\"https:\/\/www.manutan.hu\/blog\/wp-content\/uploads\/2022\/07\/repuloter_lathatosag.jpg.jpg 640w, https:\/\/www.manutan.hu\/blog\/wp-content\/uploads\/2022\/07\/repuloter_lathatosag.jpg-300x214.jpg 300w\" sizes=\"(max-width: 640px) 100vw, 640px\" \/><figcaption><em>A rep\u00fcl\u0151g\u00e9pek k\u00f6z\u00f6tti munkav\u00e9gz\u00e9sre a legmagasabb fok\u00fa l\u00e1that\u00f3s\u00e1gi k\u00f6vetelm\u00e9ny \u00e9rv\u00e9nyes, ez\u00e9rt a dolgoz\u00f3knak a 3-as kateg\u00f3ria szerinti \u00f6lt\u00f6zetet kell viselni\u00fck.<\/em><\/figcaption><\/figure><\/div>\n\n\n\n<h2>K\u00e9nyelem t\u00e9len ny\u00e1ron: hogyan v\u00e1lasszunk eg\u00e9sz \u00e9vben kellemes anyagot?<\/h2>\n\n\n\n<p>Lehet, hogy a koll\u00e9g\u00e1k <strong>minden nap f\u00e9nyvisszaver\u0151 ruh\u00e1t viselnek a munkahely\u00fck\u00f6n<\/strong> \u2013 ak\u00e1r 30 fok van \u00e1rny\u00e9kban, ak\u00e1r esik az es\u0151, vagy -15 fokot mutat a h\u0151m\u00e9r\u0151. <span class=\"has-inline-color has-primary-color\"><a href=\"https:\/\/www.manutan.hu\/hu\/mhu\/fenyvisszavero-ruhazat#productBeginIndex:0&amp;\" data-type=\"URL\" data-id=\"https:\/\/www.manutan.hu\/hu\/mhu\/fenyvisszavero-ruhazat#productBeginIndex:0&amp;\" target=\"_blank\" rel=\"noreferrer noopener\">Ez\u00e9rt a f\u00e9nyvisszaver\u0151 ruh\u00e1zatnak:<\/a> <\/span><\/p>\n\n\n\n<ul><li>t\u00e9len meleg\u00edtenie kell,<\/li><li>melegben pedig h\u0171tenie \u00e9s szell\u0151znie,<\/li><li>illetve v\u00e9denie kell az es\u0151t\u0151l \u00e9s a h\u00f3t\u00f3l is.<\/li><\/ul>\n\n\n\n<p>Ide\u00e1lis esetben a f\u00e9nyvisszaver\u0151 ruh\u00e1zat t\u00f6bbfunkci\u00f3s.<\/p>\n\n\n\n<h2>V\u00e1s\u00e1rl\u00e1s internetr\u0151l, ruhapr\u00f3ba n\u00e9lk\u00fcl: a m\u00e9rett\u00e1bl\u00e1zatok seg\u00edtenek<\/h2>\n\n\n\n<p>A f\u00e9nyvisszaver\u0151 ruh\u00e1zat online v\u00e1s\u00e1rl\u00e1sa nem jelent s\u00f6t\u00e9tben tapogat\u00f3z\u00e1st, m\u00e9g akkor is, ha t\u00f6bb tucat vagy t\u00f6bb sz\u00e1z ember sz\u00e1m\u00e1ra v\u00e1s\u00e1rlunk. Haszn\u00e1ljuk a gy\u00e1rt\u00f3k \u00e1ltal k\u00f6z\u00f6lt <strong>m\u00e9rett\u00e1bl\u00e1zatokat<\/strong>. K\u00e9rj\u00fck meg a koll\u00e9g\u00e1kat, hogy m\u00e9rj\u00e9k meg magukat \u00e9s <strong>v\u00e1lassz\u00e1k ki a t\u00e1bl\u00e1zatb\u00f3l a megfelel\u0151 m\u00e9retet<\/strong>. \u00cdgy elker\u00fclhet\u0151, hogy vissza kelljen k\u00fcldeni \u00e9s \u00fajb\u00f3l meg kelljen rendelni a ruh\u00e1t.<\/p>\n\n\n\n<p><strong>TIPP<\/strong>: A m\u00e9r\u00e9shez a hagyom\u00e1nyos szab\u00f3centi az ide\u00e1lis. Ha a koll\u00e9ga nem tud d\u00f6nteni, hogy a kisebb vagy a nagyobb m\u00e9retet rendelje, akkor a nagyobbat javasoljuk, hogy k\u00e9nyelmesen \u00e9rezze mag\u00e1t.&nbsp;<\/p>\n\n\n\n<figure class=\"wp-block-image size-large is-style-default\"><img loading=\"lazy\" width=\"1024\" height=\"422\" src=\"https:\/\/www.manutan.hu\/blog\/wp-content\/uploads\/2022\/07\/merettablazat-1024x422.png\" alt=\"\" class=\"wp-image-2602\" srcset=\"https:\/\/www.manutan.hu\/blog\/wp-content\/uploads\/2022\/07\/merettablazat-1024x422.png 1024w, https:\/\/www.manutan.hu\/blog\/wp-content\/uploads\/2022\/07\/merettablazat-300x124.png 300w, https:\/\/www.manutan.hu\/blog\/wp-content\/uploads\/2022\/07\/merettablazat-768x316.png 768w, https:\/\/www.manutan.hu\/blog\/wp-content\/uploads\/2022\/07\/merettablazat.png 1206w\" sizes=\"(max-width: 1024px) 100vw, 1024px\" \/><figcaption>A munkaruh\u00e1zat gy\u00e1rt\u00f3k f\u00e9rfi \u00e9s n\u0151i m\u00e9rett\u00e1bl\u00e1zatot is k\u00f6z\u00f6lnek, \u00edgy a v\u00e1laszt\u00e1s igaz\u00e1n egyszer\u0171. A t\u00e1bl\u00e1zatok megtal\u00e1lhat\u00f3k a Manutan web\u00e1ruh\u00e1z\u00e1ban.<\/figcaption><\/figure>\n\n\n\n<h2>K\u00e9nyelem \u00e9s sz\u00e9les v\u00e1laszt\u00e9k. Ezek a legf\u0151bb param\u00e9terek v\u00e1s\u00e1rl\u00e1skor<\/h2>\n\n\n\n<p>A Manutann\u00e1l t\u00f6bb sz\u00e1z <span class=\"has-inline-color has-primary-color\"><a href=\"https:\/\/www.manutan.hu\/SearchDisplay?searchType=12&amp;advancedSearch=&amp;pageSize=28&amp;filterTerm=&amp;searchTermScope=&amp;storeId=11717&amp;pageView=grid&amp;manufacturer=&amp;urlLangId=-1009&amp;sType=SimpleSearch&amp;metaData=&amp;catalogId=11608&amp;searchTerm=portwest&amp;resultCatEntryType=2&amp;showResultsPage=true&amp;minPrice=&amp;beginIndex=0&amp;top_category=&amp;maxPrice=&amp;langId=-1009&amp;categoryId=5028825#productBeginIndex:0&amp;\" data-type=\"URL\" data-id=\"https:\/\/www.manutan.hu\/SearchDisplay?searchType=12&amp;advancedSearch=&amp;pageSize=28&amp;filterTerm=&amp;searchTermScope=&amp;storeId=11717&amp;pageView=grid&amp;manufacturer=&amp;urlLangId=-1009&amp;sType=SimpleSearch&amp;metaData=&amp;catalogId=11608&amp;searchTerm=portwest&amp;resultCatEntryType=2&amp;showResultsPage=true&amp;minPrice=&amp;beginIndex=0&amp;top_category=&amp;maxPrice=&amp;langId=-1009&amp;categoryId=5028825#productBeginIndex:0&amp;\" target=\"_blank\" rel=\"noreferrer noopener\">Portwest<\/a><\/span> modell k\u00f6z\u00fcl lehet v\u00e1lasztani.<\/p>\n\n\n\n<p>\u2013 <em>A Portwest ruh\u00e1zat j\u00f3 szab\u00e1s\u00fa, \u00e9s eg\u00e9sz \u00e9vben viselhet\u0151. Nagyon j\u00f3 visszajelz\u00e9seket kaptam az \u00fcgyfelekt\u0151l a ruh\u00e1k melegs\u00e9g\u00e9r\u0151l \u00e9s szell\u0151z\u00e9s\u00e9r\u0151l. A dolgoz\u00f3k j\u00f3l \u00e9rzik magukat a Portwest ruh\u00e1zatban, ez\u00e9rt a v\u00e1llalatok ism\u00e9telten ezt a m\u00e1rk\u00e1t v\u00e1lasztj\u00e1k. Ha napi nyolc vagy t\u00f6bb \u00f3r\u00e1n \u00e1t kell f\u00e9nyvisszaver\u0151 ruh\u00e1zatot viseln\u00fcnk, hamar megtapasztalj\u00e1k a ruha min\u0151s\u00e9g\u00e9t.<\/em> \u2013 mondja Michal Sk\u0159i\u0161ovsk\u00fd, a Manutan term\u00e9kigazgat\u00f3ja.&nbsp;<\/p>\n\n\n\n<h2 class=\"has-text-align-left\"><span class=\"has-inline-color has-primary-color\"><a href=\"https:\/\/www.manutan.hu\/hu\/mhu\/fenyvisszavero-ruhazat#productBeginIndex:0&amp;\" data-type=\"URL\" data-id=\"https:\/\/www.manutan.hu\/hu\/mhu\/fenyvisszavero-ruhazat#productBeginIndex:0&amp;\" target=\"_blank\" rel=\"noreferrer noopener\">Munkahelyi f\u00e9nyvisszaver\u0151 ruh\u00e1zat v\u00e1s\u00e1rl\u00e1sa &gt;&gt;<\/a> <\/span><\/h2>\n\n\n\n<p><\/p>\n","protected":false},"excerpt":{"rendered":"<p>A j\u00f3 l\u00e1that\u00f3s\u00e1g seg\u00edt a balesetek \u00e9s s\u00e9r\u00fcl\u00e9sek megel\u0151z\u00e9s\u00e9ben. Hogyan v\u00e1lasszunk ny\u00e1ri \u00e9s t\u00e9li f\u00e9nyvisszaver\u0151 ruh\u00e1zatot? \u00d6ssze\u00edrtuk a szempontokat.<\/p>\n","protected":false},"author":1,"featured_media":2060,"comment_status":"closed","ping_status":"closed","sticky":false,"template":"","format":"standard","meta":[],"categories":[528,522],"tags":[296,369,294],"jetpack_featured_media_url":"https:\/\/www.manutan.hu\/blog\/wp-content\/uploads\/2022\/06\/road-construction-192894_1920-1.jpg","_links":{"self":[{"href":"https:\/\/www.manutan.hu\/blog\/wp-json\/wp\/v2\/posts\/2061"}],"collection":[{"href":"https:\/\/www.manutan.hu\/blog\/wp-json\/wp\/v2\/posts"}],"about":[{"href":"https:\/\/www.manutan.hu\/blog\/wp-json\/wp\/v2\/types\/post"}],"author":[{"embeddable":true,"href":"https:\/\/www.manutan.hu\/blog\/wp-json\/wp\/v2\/users\/1"}],"replies":[{"embeddable":true,"href":"https:\/\/www.manutan.hu\/blog\/wp-json\/wp\/v2\/comments?post=2061"}],"version-history":[{"count":13,"href":"https:\/\/www.manutan.hu\/blog\/wp-json\/wp\/v2\/posts\/2061\/revisions"}],"predecessor-version":[{"id":2683,"href":"https:\/\/www.manutan.hu\/blog\/wp-json\/wp\/v2\/posts\/2061\/revisions\/2683"}],"wp:featuredmedia":[{"embeddable":true,"href":"https:\/\/www.manutan.hu\/blog\/wp-json\/wp\/v2\/media\/2060"}],"wp:attachment":[{"href":"https:\/\/www.manutan.hu\/blog\/wp-json\/wp\/v2\/media?parent=2061"}],"wp:term":[{"taxonomy":"category","embeddable":true,"href":"https:\/\/www.manutan.hu\/blog\/wp-json\/wp\/v2\/categories?post=2061"},{"taxonomy":"post_tag","embeddable":true,"href":"https:\/\/www.manutan.hu\/blog\/wp-json\/wp\/v2\/tags?post=2061"}],"curies":[{"name":"wp","href":"https:\/\/api.w.org\/{rel}","templated":true}]}}