{"id":1083,"date":"2021-05-16T13:29:18","date_gmt":"2021-05-16T11:29:18","guid":{"rendered":"https:\/\/www.manutan.cz\/magazin\/?p=1083"},"modified":"2025-04-16T14:58:31","modified_gmt":"2025-04-16T12:58:31","slug":"de-hogyan-tamogathatja-az-innovaciot-a-beszerzesi-osztaly","status":"publish","type":"post","link":"https:\/\/www.manutan.hu\/blog\/de-hogyan-tamogathatja-az-innovaciot-a-beszerzesi-osztaly\/","title":{"rendered":"De hogyan t\u00e1mogathatja az innov\u00e1ci\u00f3t a beszerz\u00e9si oszt\u00e1ly?"},"content":{"rendered":"\n<figure class=\"wp-block-image\"><img loading=\"lazy\" width=\"1110\" height=\"555\" src=\"https:\/\/manutanblog.hu\/wp-content\/uploads\/2021\/05\/booost.jpg\" alt=\"\" class=\"wp-image-1087\" srcset=\"https:\/\/www.manutan.hu\/blog\/wp-content\/uploads\/2021\/05\/booost.jpg 1110w, https:\/\/www.manutan.hu\/blog\/wp-content\/uploads\/2021\/05\/booost-300x150.jpg 300w, https:\/\/www.manutan.hu\/blog\/wp-content\/uploads\/2021\/05\/booost-1024x512.jpg 1024w, https:\/\/www.manutan.hu\/blog\/wp-content\/uploads\/2021\/05\/booost-768x384.jpg 768w\" sizes=\"(max-width: 1110px) 100vw, 1110px\" \/><\/figure>\n\n\n\n<p>A beszerz\u00e9si oszt\u00e1ly a szok\u00e1sos c\u00e9lokon k\u00edv\u00fcl, mint p\u00e9ld\u00e1ul a k\u00f6lts\u00e9ghat\u00e9konys\u00e1g \u00e9s a kock\u00e1zatcs\u00f6kkent\u00e9s, most a digitaliz\u00e1ci\u00f3nak k\u00f6sz\u00f6nhet\u0151en az \u00e9rt\u00e9kteremt\u00e9sre is odafigyelhet. Ennek egyik m\u00f3dja az innov\u00e1ci\u00f3 t\u00e1mogat\u00e1sa, amit h\u00e1rom pontban foglal \u00f6ssze az Universit\u00e9 Grenoble Alpes egyetem v\u00e1s\u00e1rl\u00e1smenedzsment-professzora \u00e9s a CERAG kutat\u00f3munkat\u00e1rsa, Natacha Tr\u00e9han:<\/p>\n\n\n\n<ul><li>Az innov\u00e1ci\u00f3 azonos\u00edt\u00e1sa a platformokon<\/li><li>Az innov\u00e1ci\u00f3 t\u00e1mogat\u00e1sa a besz\u00e1ll\u00edt\u00f3k k\u00f6r\u00e9ben<\/li><li>A v\u00e1llalatok inform\u00e1ci\u00f3felvev\u0151-k\u00e9pess\u00e9g\u00e9nek jav\u00edt\u00e1sa<\/li><\/ul>\n\n\n\n<h2>Az innov\u00e1ci\u00f3 azonos\u00edt\u00e1sa a platformokon<\/h2>\n\n\n\n<p><strong>Az innov\u00e1ci\u00f3 ma m\u00e1r els\u0151sorban digit\u00e1lis platformokon zajlik,<\/strong> amelyek c\u00e9lja a beszerz\u00e9si oszt\u00e1lyok \u00e9s a k\u00fcl\u00f6nf\u00e9le forr\u00e1sok t\u00e1mogat\u00e1sa, \u00e9s a nyitott h\u00e1l\u00f3zatok kialak\u00edt\u00e1s\u00e1nak seg\u00edt\u00e9se.<\/p>\n\n\n\n<p>Sz\u00e1mos platform l\u00e9tezik:<\/p>\n\n\n\n<ul><li>Nyitott platformok az innov\u00e1ci\u00f3 sz\u00e1m\u00e1ra: Felsz\u00f3l\u00edtj\u00e1k a harmadik feleket (szakembereket, start-upokat, laborat\u00f3riumokat stb.) a bels\u0151 probl\u00e9m\u00e1k megold\u00e1s\u00e1ra.<\/li><li>Platformok hackathon form\u00e1j\u00e1ban: Felsz\u00f3l\u00edtj\u00e1k az egyes r\u00e9sztvev\u0151ket, hogy rekordid\u0151 alatt tal\u00e1ljanak ki digit\u00e1lis megold\u00e1sokat.<\/li><li>Platformok a f\u00fcggetlen besz\u00e1ll\u00edt\u00f3knak: Sz\u00e1mos tehets\u00e9ges, a saj\u00e1t ter\u00fclet\u00fckre szakosodott szem\u00e9lyt t\u00f6m\u00f6r\u00edtenek.<\/li><\/ul>\n\n\n\n<p>Az egyes beszerz\u00e9si oszt\u00e1lyok feladata, hogy meghat\u00e1rozz\u00e1k az ig\u00e9nyeiknek legink\u00e1bb megfelel\u0151 innov\u00e1ci\u00f3s forr\u00e1sokat, \u00e9s \u00e1polj\u00e1k az ilyen t\u00edpus\u00fa h\u00e1l\u00f3zatokat.<\/p>\n\n\n\n<h2>Az innov\u00e1ci\u00f3 t\u00e1mogat\u00e1sa a besz\u00e1ll\u00edt\u00f3k k\u00f6r\u00e9ben<\/h2>\n\n\n\n<p>A vev\u0151k \u00e9s a besz\u00e1ll\u00edt\u00f3k k\u00f6z\u00f6tti viszonyok az \u00e9vek sor\u00e1n tov\u00e1bbfejl\u0151dtek, \u00e9s az er\u0151viszonyok fokozatosan eltol\u00f3dtak. Ez\u00e9rt a beszerz\u00e9si oszt\u00e1lyoknak is \u00f6szt\u00f6n\u00f6zni\u00fck kell az innov\u00e1ci\u00f3s besz\u00e1ll\u00edt\u00f3kat arra, hogy egy\u00fcttm\u0171k\u00f6djenek a v\u00e1llalatukkal.<\/p>\n\n\n\n<p><strong>A besz\u00e1ll\u00edt\u00f3kkal fenn\u00e1ll\u00f3 kapcsolatok kezel\u00e9se helyett ink\u00e1bb a besz\u00e1ll\u00edt\u00f3k motiv\u00e1ci\u00f3ja a c\u00e9l.<\/strong> Ehhez az kell, hogy a beszerz\u00e9si oszt\u00e1ly biztos\u00edtsa a folyamatos egy\u00fcttm\u0171k\u00f6d\u00e9st a k\u00f6vetkez\u0151 bev\u00e1lt elj\u00e1r\u00e1sok alapj\u00e1n:<\/p>\n\n\n\n<ul><li>Nevezze meg a \u201ekulcsfontoss\u00e1g\u00fa besz\u00e1ll\u00edt\u00f3k koordin\u00e1tor\u00e1t\u201d, aki komplex \u00e1ttekint\u00e9ssel rendelkezik az adott besz\u00e1ll\u00edt\u00f3val kapcsolatos minden r\u00e9szletr\u0151l (el\u0151zm\u00e9nyek, probl\u00e9m\u00e1k, interakci\u00f3 stb.).<\/li><li>Az interakci\u00f3 megk\u00f6nny\u00edt\u00e9s\u00e9hez haszn\u00e1lja az egy\u00fcttm\u0171k\u00f6d\u00e9si eszk\u00f6z\u00f6ket, a bels\u0151 k\u00f6z\u00f6ss\u00e9gi h\u00e1l\u00f3kat, vagy ak\u00e1r besz\u00e1ll\u00edt\u00f3i port\u00e1lokat is.<\/li><li>Ker\u00fclje az ism\u00e9telt visszat\u00e9r\u00e9seket, az ellentmond\u00e1sokat \u00e9s az utols\u00f3 pillanatban tett m\u00f3dos\u00edt\u00e1sokat stb.<\/li><\/ul>\n\n\n\n<h2>A v\u00e1llalatok inform\u00e1ci\u00f3felvev\u0151-k\u00e9pess\u00e9g\u00e9nek jav\u00edt\u00e1sa<\/h2>\n\n\n\n<p>A szervezet inform\u00e1ci\u00f3befogad\u00e1sa a k\u00f6vetkez\u0151t jelenti:<strong> az \u00faj inform\u00e1ci\u00f3k \u00e9rt\u00e9k\u00e9nek felismer\u00e9se, meg\u00e9rt\u00e9se \u00e9s potenci\u00e1lis \u00e9rt\u00e9kforr\u00e1ss\u00e1 alak\u00edt\u00e1sa.<\/strong> A beszerz\u00e9si oszt\u00e1lyok, mint az ell\u00e1t\u00e1si piac f\u0151 kapcsolattart\u00f3i, kulcsszerepet j\u00e1tszanak ezen a ter\u00fcleten.<\/p>\n\n\n\n<p>A v\u00e1llalat kapacit\u00e1sa az inform\u00e1ci\u00f3befogad\u00e1sra azonban t\u00f6bb t\u00e9nyez\u0151 f\u00fcggv\u00e9nye:<\/p>\n\n\n\n<ul><li>F\u00fcgg a vev\u0151k ismereteinek m\u00e9rt\u00e9k\u00e9t\u0151l mind a saj\u00e1t szakter\u00fclet\u00fck, mind a v\u00e1llalat m\u00e1s r\u00e9szlegei, a piac stb. tekintet\u00e9ben.<\/li><li>F\u00fcgg a motiv\u00e1ci\u00f3s szintj\u00fckt\u0151l, amely n\u00f6velhet\u0151 az el\u00e9rhet\u0151 megold\u00e1sokkal \u00e9s forr\u00e1sokkal.<\/li><li>\u00c9s f\u00fcgg a v\u00e1llalati strukt\u00far\u00e1t\u00f3l is, vagyis att\u00f3l, hogy az \u00faj inform\u00e1ci\u00f3kat mennyire k\u00e9pes megosztani a k\u00fcl\u00f6nb\u00f6z\u0151 oszt\u00e1lyokkal \u00e9s a dolgoz\u00f3kkal. Ebben ism\u00e9t a digit\u00e1lis eszk\u00f6z\u00f6k j\u00e1tssz\u00e1k a kulcsszerepet.<\/li><\/ul>\n\n\n\n<p><strong>A digitaliz\u00e1ci\u00f3 minden kor\u00e1bbin\u00e1l fontosabb innov\u00e1ci\u00f3. A k\u00fcl\u00f6nb\u00f6z\u0151 digit\u00e1lis megold\u00e1sok v\u00e9gs\u0151 soron lehet\u0151v\u00e9 teszik a beszerz\u00e9si oszt\u00e1lynak az innov\u00e1ci\u00f3 t\u00e1mogat\u00e1s\u00e1t, legyen sz\u00f3 az innov\u00e1ci\u00f3 k\u00fcls\u0151 azonos\u00edt\u00e1s\u00e1r\u00f3l, a kulcsfontoss\u00e1g\u00fa besz\u00e1ll\u00edt\u00f3kr\u00f3l vagy a v\u00e1llalat k\u00e9pess\u00e9g\u00e9nek jav\u00edt\u00e1s\u00e1r\u00f3l az \u00faj inform\u00e1ci\u00f3k befogad\u00e1s\u00e1ra \u00e9s \u00e1t\u00fcltet\u00e9s\u00e9re. Mindez v\u00e9g\u00fcl hozz\u00e1j\u00e1rul az \u00e9rt\u00e9kteremt\u00e9shez, valamint a v\u00e1llalat eredm\u00e9nyeihez.<\/strong><\/p>\n\n\n\n<p><\/p>\n","protected":false},"excerpt":{"rendered":"<p>A beszerz\u00e9si oszt\u00e1lyok feladata, hogy meghat\u00e1rozz\u00e1k az ig\u00e9nyeiknek legink\u00e1bb megfelel\u0151 innov\u00e1ci\u00f3s forr\u00e1sokat. Ennek \u00e1ttekint\u00e9s\u00e9ben seg\u00edt cikk\u00fcnk. <\/p>\n","protected":false},"author":1,"featured_media":1087,"comment_status":"closed","ping_status":"closed","sticky":false,"template":"","format":"standard","meta":[],"categories":[522],"tags":[246,244],"jetpack_featured_media_url":"https:\/\/www.manutan.hu\/blog\/wp-content\/uploads\/2021\/05\/booost.jpg","_links":{"self":[{"href":"https:\/\/www.manutan.hu\/blog\/wp-json\/wp\/v2\/posts\/1083"}],"collection":[{"href":"https:\/\/www.manutan.hu\/blog\/wp-json\/wp\/v2\/posts"}],"about":[{"href":"https:\/\/www.manutan.hu\/blog\/wp-json\/wp\/v2\/types\/post"}],"author":[{"embeddable":true,"href":"https:\/\/www.manutan.hu\/blog\/wp-json\/wp\/v2\/users\/1"}],"replies":[{"embeddable":true,"href":"https:\/\/www.manutan.hu\/blog\/wp-json\/wp\/v2\/comments?post=1083"}],"version-history":[{"count":12,"href":"https:\/\/www.manutan.hu\/blog\/wp-json\/wp\/v2\/posts\/1083\/revisions"}],"predecessor-version":[{"id":1869,"href":"https:\/\/www.manutan.hu\/blog\/wp-json\/wp\/v2\/posts\/1083\/revisions\/1869"}],"wp:featuredmedia":[{"embeddable":true,"href":"https:\/\/www.manutan.hu\/blog\/wp-json\/wp\/v2\/media\/1087"}],"wp:attachment":[{"href":"https:\/\/www.manutan.hu\/blog\/wp-json\/wp\/v2\/media?parent=1083"}],"wp:term":[{"taxonomy":"category","embeddable":true,"href":"https:\/\/www.manutan.hu\/blog\/wp-json\/wp\/v2\/categories?post=1083"},{"taxonomy":"post_tag","embeddable":true,"href":"https:\/\/www.manutan.hu\/blog\/wp-json\/wp\/v2\/tags?post=1083"}],"curies":[{"name":"wp","href":"https:\/\/api.w.org\/{rel}","templated":true}]}}